{"id":58568,"date":"2015-07-22T08:12:05","date_gmt":"2015-07-22T11:12:05","guid":{"rendered":"http:\/\/www.notibras.com\/site\/?p=58568"},"modified":"2015-07-22T09:14:36","modified_gmt":"2015-07-22T12:14:36","slug":"eunicio-contraria-cunha-nao-podemos-tirar-dilma-para-temer-assumir","status":"publish","type":"post","link":"https:\/\/www.notibras.com\/site\/eunicio-contraria-cunha-nao-podemos-tirar-dilma-para-temer-assumir\/","title":{"rendered":"Eun\u00edcio contraria Cunha. &#8216;N\u00e3o se pode tirar Dilma para que Temer assuma&#8217;"},"content":{"rendered":"<p>O l\u00edder do PMDB no Senado, Eun\u00edcio Oliveira (CE), afirmou nesta ter\u00e7a-feira, 21, que a legenda n\u00e3o pode defender a sa\u00edda da presidente Dilma Rousseff como forma de assumir o Pal\u00e1cio do Planalto com o vice Michel Temer. Ele disse que o partido n\u00e3o \u00e9 &#8220;oportunista&#8221; nesse momento de crise pol\u00edtica e econ\u00f4mica e defende a chegada ao Planalto pela via do voto.<\/p>\n<p>&#8220;O fato de termos a presidente que perdeu popularidade n\u00e3o \u00e9 pressuposto para impeachment&#8221;, afirmou ele, em entrevista ao Broadcast Pol\u00edtico, servi\u00e7o em tempo real da Ag\u00eancia Estado. Segundo Eun\u00edcio, Dilma n\u00e3o perdeu a sua base e h\u00e1 diverg\u00eancias em quest\u00f5es pontuais, nas quais muitos parlamentares n\u00e3o votam com o governo.<\/p>\n<p>&#8220;O PMDB n\u00e3o pode, no momento de crise &#8211; porque temos a vice-presid\u00eancia da Rep\u00fablica e que poder\u00edamos assumir &#8211; defender a sa\u00edda da presidente. N\u00e3o \u00e9 o que n\u00f3s queremos. O que n\u00f3s queremos \u00e9 que o PMDB assuma a Presid\u00eancia da Rep\u00fablica pelo voto do povo brasileiro.&#8221;<\/p>\n<p>Na contram\u00e3o do discurso do presidente da C\u00e2mara, Eduardo Cunha (PMDB-RJ), que defende o rompimento imediato do PMDB com o governo, Eun\u00edcio disse que n\u00e3o \u00e9 o momento para deixar de apoiar o Executivo. Para ele, \u00e9 preciso, agora, unir for\u00e7as a fim de buscar sa\u00eddas para o Pa\u00eds.<\/p>\n","protected":false},"excerpt":{"rendered":"<p>O l\u00edder do PMDB no Senado, Eun\u00edcio Oliveira (CE), afirmou nesta ter\u00e7a-feira, 21, que a legenda n\u00e3o pode defender a sa\u00edda da presidente Dilma Rousseff como forma de assumir o Pal\u00e1cio do Planalto com o vice Michel Temer. Ele disse que o partido n\u00e3o \u00e9 &#8220;oportunista&#8221; nesse momento de crise pol\u00edtica e econ\u00f4mica e defende [&hellip;]<\/p>\n","protected":false},"author":2,"featured_media":58569,"comment_status":"open","ping_status":"closed","sticky":false,"template":"","format":"standard","meta":{"_acf_changed":false,"footnotes":""},"categories":[16],"tags":[],"class_list":["post-58568","post","type-post","status-publish","format-standard","has-post-thumbnail","hentry","category-brasil"],"acf":[],"yoast_head":"<!-- This site is optimized with the Yoast SEO plugin v27.2 - https:\/\/yoast.com\/product\/yoast-seo-wordpress\/ -->\n<title>Eun\u00edcio contraria Cunha. &#039;N\u00e3o se pode tirar Dilma para que Temer assuma&#039; - Notibras<\/title>\n<meta name=\"robots\" content=\"index, follow, max-snippet:-1, max-image-preview:large, max-video-preview:-1\" \/>\n<link rel=\"canonical\" href=\"https:\/\/www.notibras.com\/site\/eunicio-contraria-cunha-nao-podemos-tirar-dilma-para-temer-assumir\/\" \/>\n<meta property=\"og:locale\" content=\"pt_BR\" \/>\n<meta property=\"og:type\" content=\"article\" \/>\n<meta property=\"og:title\" content=\"Eun\u00edcio contraria Cunha. &#039;N\u00e3o se pode tirar Dilma para que Temer assuma&#039; - Notibras\" \/>\n<meta property=\"og:description\" content=\"O l\u00edder do PMDB no Senado, Eun\u00edcio Oliveira (CE), afirmou nesta ter\u00e7a-feira, 21, que a legenda n\u00e3o pode defender a sa\u00edda da presidente Dilma Rousseff como forma de assumir o Pal\u00e1cio do Planalto com o vice Michel Temer. Ele disse que o partido n\u00e3o \u00e9 &#8220;oportunista&#8221; nesse momento de crise pol\u00edtica e econ\u00f4mica e defende [&hellip;]\" \/>\n<meta property=\"og:url\" content=\"https:\/\/www.notibras.com\/site\/eunicio-contraria-cunha-nao-podemos-tirar-dilma-para-temer-assumir\/\" \/>\n<meta property=\"og:site_name\" content=\"Notibras\" \/>\n<meta property=\"article:publisher\" content=\"https:\/\/www.facebook.com\/notibras\/\" \/>\n<meta property=\"article:published_time\" content=\"2015-07-22T11:12:05+00:00\" \/>\n<meta property=\"article:modified_time\" content=\"2015-07-22T12:14:36+00:00\" \/>\n<meta property=\"og:image\" content=\"https:\/\/www.notibras.com\/site\/wp-content\/uploads\/2015\/07\/eunicio.jpeg\" \/>\n\t<meta property=\"og:image:width\" content=\"340\" \/>\n\t<meta property=\"og:image:height\" content=\"282\" \/>\n\t<meta property=\"og:image:type\" content=\"image\/jpeg\" \/>\n<meta name=\"author\" content=\"Reda\u00e7\u00e3o\" \/>\n<meta name=\"twitter:card\" content=\"summary_large_image\" \/>\n<meta name=\"twitter:creator\" content=\"@Notibras\" \/>\n<meta name=\"twitter:site\" content=\"@Notibras\" \/>\n<meta name=\"twitter:label1\" content=\"Escrito por\" \/>\n\t<meta name=\"twitter:data1\" content=\"Reda\u00e7\u00e3o\" \/>\n\t<meta name=\"twitter:label2\" content=\"Est. tempo de leitura\" \/>\n\t<meta name=\"twitter:data2\" content=\"1 minuto\" \/>\n<script type=\"application\/ld+json\" class=\"yoast-schema-graph\">{\"@context\":\"https:\/\/schema.org\",\"@graph\":[{\"@type\":\"Article\",\"@id\":\"https:\/\/www.notibras.com\/site\/eunicio-contraria-cunha-nao-podemos-tirar-dilma-para-temer-assumir\/#article\",\"isPartOf\":{\"@id\":\"https:\/\/www.notibras.com\/site\/eunicio-contraria-cunha-nao-podemos-tirar-dilma-para-temer-assumir\/\"},\"author\":{\"name\":\"Reda\u00e7\u00e3o\",\"@id\":\"https:\/\/www.notibras.com\/site\/#\/schema\/person\/36ab0979449956132d3e5b517ea76ac8\"},\"headline\":\"Eun\u00edcio contraria Cunha. &#8216;N\u00e3o se pode tirar Dilma para que Temer assuma&#8217;\",\"datePublished\":\"2015-07-22T11:12:05+00:00\",\"dateModified\":\"2015-07-22T12:14:36+00:00\",\"mainEntityOfPage\":{\"@id\":\"https:\/\/www.notibras.com\/site\/eunicio-contraria-cunha-nao-podemos-tirar-dilma-para-temer-assumir\/\"},\"wordCount\":254,\"commentCount\":0,\"publisher\":{\"@id\":\"https:\/\/www.notibras.com\/site\/#organization\"},\"image\":{\"@id\":\"https:\/\/www.notibras.com\/site\/eunicio-contraria-cunha-nao-podemos-tirar-dilma-para-temer-assumir\/#primaryimage\"},\"thumbnailUrl\":\"https:\/\/www.notibras.com\/site\/wp-content\/uploads\/2015\/07\/eunicio.jpeg\",\"articleSection\":[\"Brasil\"],\"inLanguage\":\"pt-BR\",\"potentialAction\":[{\"@type\":\"CommentAction\",\"name\":\"Comment\",\"target\":[\"https:\/\/www.notibras.com\/site\/eunicio-contraria-cunha-nao-podemos-tirar-dilma-para-temer-assumir\/#respond\"]}]},{\"@type\":\"WebPage\",\"@id\":\"https:\/\/www.notibras.com\/site\/eunicio-contraria-cunha-nao-podemos-tirar-dilma-para-temer-assumir\/\",\"url\":\"https:\/\/www.notibras.com\/site\/eunicio-contraria-cunha-nao-podemos-tirar-dilma-para-temer-assumir\/\",\"name\":\"Eun\u00edcio contraria Cunha. 'N\u00e3o se pode tirar Dilma para que Temer assuma' - Notibras\",\"isPartOf\":{\"@id\":\"https:\/\/www.notibras.com\/site\/#website\"},\"primaryImageOfPage\":{\"@id\":\"https:\/\/www.notibras.com\/site\/eunicio-contraria-cunha-nao-podemos-tirar-dilma-para-temer-assumir\/#primaryimage\"},\"image\":{\"@id\":\"https:\/\/www.notibras.com\/site\/eunicio-contraria-cunha-nao-podemos-tirar-dilma-para-temer-assumir\/#primaryimage\"},\"thumbnailUrl\":\"https:\/\/www.notibras.com\/site\/wp-content\/uploads\/2015\/07\/eunicio.jpeg\",\"datePublished\":\"2015-07-22T11:12:05+00:00\",\"dateModified\":\"2015-07-22T12:14:36+00:00\",\"breadcrumb\":{\"@id\":\"https:\/\/www.notibras.com\/site\/eunicio-contraria-cunha-nao-podemos-tirar-dilma-para-temer-assumir\/#breadcrumb\"},\"inLanguage\":\"pt-BR\",\"potentialAction\":[{\"@type\":\"ReadAction\",\"target\":[\"https:\/\/www.notibras.com\/site\/eunicio-contraria-cunha-nao-podemos-tirar-dilma-para-temer-assumir\/\"]}]},{\"@type\":\"ImageObject\",\"inLanguage\":\"pt-BR\",\"@id\":\"https:\/\/www.notibras.com\/site\/eunicio-contraria-cunha-nao-podemos-tirar-dilma-para-temer-assumir\/#primaryimage\",\"url\":\"https:\/\/www.notibras.com\/site\/wp-content\/uploads\/2015\/07\/eunicio.jpeg\",\"contentUrl\":\"https:\/\/www.notibras.com\/site\/wp-content\/uploads\/2015\/07\/eunicio.jpeg\",\"width\":340,\"height\":282},{\"@type\":\"BreadcrumbList\",\"@id\":\"https:\/\/www.notibras.com\/site\/eunicio-contraria-cunha-nao-podemos-tirar-dilma-para-temer-assumir\/#breadcrumb\",\"itemListElement\":[{\"@type\":\"ListItem\",\"position\":1,\"name\":\"In\u00edcio\",\"item\":\"https:\/\/www.notibras.com\/site\/\"},{\"@type\":\"ListItem\",\"position\":2,\"name\":\"Eun\u00edcio contraria Cunha. &#8216;N\u00e3o se pode tirar Dilma para que Temer assuma&#8217;\"}]},{\"@type\":\"WebSite\",\"@id\":\"https:\/\/www.notibras.com\/site\/#website\",\"url\":\"https:\/\/www.notibras.com\/site\/\",\"name\":\"Notibras\",\"description\":\"Not\u00edcias de Bras\u00edlia, do Brasil e do Mundo\",\"publisher\":{\"@id\":\"https:\/\/www.notibras.com\/site\/#organization\"},\"potentialAction\":[{\"@type\":\"SearchAction\",\"target\":{\"@type\":\"EntryPoint\",\"urlTemplate\":\"https:\/\/www.notibras.com\/site\/?s={search_term_string}\"},\"query-input\":{\"@type\":\"PropertyValueSpecification\",\"valueRequired\":true,\"valueName\":\"search_term_string\"}}],\"inLanguage\":\"pt-BR\"},{\"@type\":\"Organization\",\"@id\":\"https:\/\/www.notibras.com\/site\/#organization\",\"name\":\"Grupo Notibras de Comunica\u00e7\u00e3o\",\"url\":\"https:\/\/www.notibras.com\/site\/\",\"logo\":{\"@type\":\"ImageObject\",\"inLanguage\":\"pt-BR\",\"@id\":\"https:\/\/www.notibras.com\/site\/#\/schema\/logo\/image\/\",\"url\":\"https:\/\/www.notibras.com\/site\/wp-content\/uploads\/2023\/01\/notibras23.png\",\"contentUrl\":\"https:\/\/www.notibras.com\/site\/wp-content\/uploads\/2023\/01\/notibras23.png\",\"width\":350,\"height\":87,\"caption\":\"Grupo Notibras de Comunica\u00e7\u00e3o\"},\"image\":{\"@id\":\"https:\/\/www.notibras.com\/site\/#\/schema\/logo\/image\/\"},\"sameAs\":[\"https:\/\/www.facebook.com\/notibras\/\",\"https:\/\/x.com\/Notibras\",\"https:\/\/www.instagram.com\/notibras\/\"]},{\"@type\":\"Person\",\"@id\":\"https:\/\/www.notibras.com\/site\/#\/schema\/person\/36ab0979449956132d3e5b517ea76ac8\",\"name\":\"Reda\u00e7\u00e3o\",\"image\":{\"@type\":\"ImageObject\",\"inLanguage\":\"pt-BR\",\"@id\":\"https:\/\/secure.gravatar.com\/avatar\/e0a867bdedb85fd243eadf09663511f96fc81e0720a4a42581f334ad4303aa6b?s=96&d=mm&r=g\",\"url\":\"https:\/\/secure.gravatar.com\/avatar\/e0a867bdedb85fd243eadf09663511f96fc81e0720a4a42581f334ad4303aa6b?s=96&d=mm&r=g\",\"contentUrl\":\"https:\/\/secure.gravatar.com\/avatar\/e0a867bdedb85fd243eadf09663511f96fc81e0720a4a42581f334ad4303aa6b?s=96&d=mm&r=g\",\"caption\":\"Reda\u00e7\u00e3o\"}}]}<\/script>\n<!-- \/ Yoast SEO plugin. -->","yoast_head_json":{"title":"Eun\u00edcio contraria Cunha. 'N\u00e3o se pode tirar Dilma para que Temer assuma' - Notibras","robots":{"index":"index","follow":"follow","max-snippet":"max-snippet:-1","max-image-preview":"max-image-preview:large","max-video-preview":"max-video-preview:-1"},"canonical":"https:\/\/www.notibras.com\/site\/eunicio-contraria-cunha-nao-podemos-tirar-dilma-para-temer-assumir\/","og_locale":"pt_BR","og_type":"article","og_title":"Eun\u00edcio contraria Cunha. 'N\u00e3o se pode tirar Dilma para que Temer assuma' - Notibras","og_description":"O l\u00edder do PMDB no Senado, Eun\u00edcio Oliveira (CE), afirmou nesta ter\u00e7a-feira, 21, que a legenda n\u00e3o pode defender a sa\u00edda da presidente Dilma Rousseff como forma de assumir o Pal\u00e1cio do Planalto com o vice Michel Temer. Ele disse que o partido n\u00e3o \u00e9 &#8220;oportunista&#8221; nesse momento de crise pol\u00edtica e econ\u00f4mica e defende [&hellip;]","og_url":"https:\/\/www.notibras.com\/site\/eunicio-contraria-cunha-nao-podemos-tirar-dilma-para-temer-assumir\/","og_site_name":"Notibras","article_publisher":"https:\/\/www.facebook.com\/notibras\/","article_published_time":"2015-07-22T11:12:05+00:00","article_modified_time":"2015-07-22T12:14:36+00:00","og_image":[{"width":340,"height":282,"url":"https:\/\/www.notibras.com\/site\/wp-content\/uploads\/2015\/07\/eunicio.jpeg","type":"image\/jpeg"}],"author":"Reda\u00e7\u00e3o","twitter_card":"summary_large_image","twitter_creator":"@Notibras","twitter_site":"@Notibras","twitter_misc":{"Escrito por":"Reda\u00e7\u00e3o","Est. tempo de leitura":"1 minuto"},"schema":{"@context":"https:\/\/schema.org","@graph":[{"@type":"Article","@id":"https:\/\/www.notibras.com\/site\/eunicio-contraria-cunha-nao-podemos-tirar-dilma-para-temer-assumir\/#article","isPartOf":{"@id":"https:\/\/www.notibras.com\/site\/eunicio-contraria-cunha-nao-podemos-tirar-dilma-para-temer-assumir\/"},"author":{"name":"Reda\u00e7\u00e3o","@id":"https:\/\/www.notibras.com\/site\/#\/schema\/person\/36ab0979449956132d3e5b517ea76ac8"},"headline":"Eun\u00edcio contraria Cunha. &#8216;N\u00e3o se pode tirar Dilma para que Temer assuma&#8217;","datePublished":"2015-07-22T11:12:05+00:00","dateModified":"2015-07-22T12:14:36+00:00","mainEntityOfPage":{"@id":"https:\/\/www.notibras.com\/site\/eunicio-contraria-cunha-nao-podemos-tirar-dilma-para-temer-assumir\/"},"wordCount":254,"commentCount":0,"publisher":{"@id":"https:\/\/www.notibras.com\/site\/#organization"},"image":{"@id":"https:\/\/www.notibras.com\/site\/eunicio-contraria-cunha-nao-podemos-tirar-dilma-para-temer-assumir\/#primaryimage"},"thumbnailUrl":"https:\/\/www.notibras.com\/site\/wp-content\/uploads\/2015\/07\/eunicio.jpeg","articleSection":["Brasil"],"inLanguage":"pt-BR","potentialAction":[{"@type":"CommentAction","name":"Comment","target":["https:\/\/www.notibras.com\/site\/eunicio-contraria-cunha-nao-podemos-tirar-dilma-para-temer-assumir\/#respond"]}]},{"@type":"WebPage","@id":"https:\/\/www.notibras.com\/site\/eunicio-contraria-cunha-nao-podemos-tirar-dilma-para-temer-assumir\/","url":"https:\/\/www.notibras.com\/site\/eunicio-contraria-cunha-nao-podemos-tirar-dilma-para-temer-assumir\/","name":"Eun\u00edcio contraria Cunha. 'N\u00e3o se pode tirar Dilma para que Temer assuma' - Notibras","isPartOf":{"@id":"https:\/\/www.notibras.com\/site\/#website"},"primaryImageOfPage":{"@id":"https:\/\/www.notibras.com\/site\/eunicio-contraria-cunha-nao-podemos-tirar-dilma-para-temer-assumir\/#primaryimage"},"image":{"@id":"https:\/\/www.notibras.com\/site\/eunicio-contraria-cunha-nao-podemos-tirar-dilma-para-temer-assumir\/#primaryimage"},"thumbnailUrl":"https:\/\/www.notibras.com\/site\/wp-content\/uploads\/2015\/07\/eunicio.jpeg","datePublished":"2015-07-22T11:12:05+00:00","dateModified":"2015-07-22T12:14:36+00:00","breadcrumb":{"@id":"https:\/\/www.notibras.com\/site\/eunicio-contraria-cunha-nao-podemos-tirar-dilma-para-temer-assumir\/#breadcrumb"},"inLanguage":"pt-BR","potentialAction":[{"@type":"ReadAction","target":["https:\/\/www.notibras.com\/site\/eunicio-contraria-cunha-nao-podemos-tirar-dilma-para-temer-assumir\/"]}]},{"@type":"ImageObject","inLanguage":"pt-BR","@id":"https:\/\/www.notibras.com\/site\/eunicio-contraria-cunha-nao-podemos-tirar-dilma-para-temer-assumir\/#primaryimage","url":"https:\/\/www.notibras.com\/site\/wp-content\/uploads\/2015\/07\/eunicio.jpeg","contentUrl":"https:\/\/www.notibras.com\/site\/wp-content\/uploads\/2015\/07\/eunicio.jpeg","width":340,"height":282},{"@type":"BreadcrumbList","@id":"https:\/\/www.notibras.com\/site\/eunicio-contraria-cunha-nao-podemos-tirar-dilma-para-temer-assumir\/#breadcrumb","itemListElement":[{"@type":"ListItem","position":1,"name":"In\u00edcio","item":"https:\/\/www.notibras.com\/site\/"},{"@type":"ListItem","position":2,"name":"Eun\u00edcio contraria Cunha. &#8216;N\u00e3o se pode tirar Dilma para que Temer assuma&#8217;"}]},{"@type":"WebSite","@id":"https:\/\/www.notibras.com\/site\/#website","url":"https:\/\/www.notibras.com\/site\/","name":"Notibras","description":"Not\u00edcias de Bras\u00edlia, do Brasil e do Mundo","publisher":{"@id":"https:\/\/www.notibras.com\/site\/#organization"},"potentialAction":[{"@type":"SearchAction","target":{"@type":"EntryPoint","urlTemplate":"https:\/\/www.notibras.com\/site\/?s={search_term_string}"},"query-input":{"@type":"PropertyValueSpecification","valueRequired":true,"valueName":"search_term_string"}}],"inLanguage":"pt-BR"},{"@type":"Organization","@id":"https:\/\/www.notibras.com\/site\/#organization","name":"Grupo Notibras de Comunica\u00e7\u00e3o","url":"https:\/\/www.notibras.com\/site\/","logo":{"@type":"ImageObject","inLanguage":"pt-BR","@id":"https:\/\/www.notibras.com\/site\/#\/schema\/logo\/image\/","url":"https:\/\/www.notibras.com\/site\/wp-content\/uploads\/2023\/01\/notibras23.png","contentUrl":"https:\/\/www.notibras.com\/site\/wp-content\/uploads\/2023\/01\/notibras23.png","width":350,"height":87,"caption":"Grupo Notibras de Comunica\u00e7\u00e3o"},"image":{"@id":"https:\/\/www.notibras.com\/site\/#\/schema\/logo\/image\/"},"sameAs":["https:\/\/www.facebook.com\/notibras\/","https:\/\/x.com\/Notibras","https:\/\/www.instagram.com\/notibras\/"]},{"@type":"Person","@id":"https:\/\/www.notibras.com\/site\/#\/schema\/person\/36ab0979449956132d3e5b517ea76ac8","name":"Reda\u00e7\u00e3o","image":{"@type":"ImageObject","inLanguage":"pt-BR","@id":"https:\/\/secure.gravatar.com\/avatar\/e0a867bdedb85fd243eadf09663511f96fc81e0720a4a42581f334ad4303aa6b?s=96&d=mm&r=g","url":"https:\/\/secure.gravatar.com\/avatar\/e0a867bdedb85fd243eadf09663511f96fc81e0720a4a42581f334ad4303aa6b?s=96&d=mm&r=g","contentUrl":"https:\/\/secure.gravatar.com\/avatar\/e0a867bdedb85fd243eadf09663511f96fc81e0720a4a42581f334ad4303aa6b?s=96&d=mm&r=g","caption":"Reda\u00e7\u00e3o"}}]}},"amp_enabled":true,"_links":{"self":[{"href":"https:\/\/www.notibras.com\/site\/wp-json\/wp\/v2\/posts\/58568","targetHints":{"allow":["GET"]}}],"collection":[{"href":"https:\/\/www.notibras.com\/site\/wp-json\/wp\/v2\/posts"}],"about":[{"href":"https:\/\/www.notibras.com\/site\/wp-json\/wp\/v2\/types\/post"}],"author":[{"embeddable":true,"href":"https:\/\/www.notibras.com\/site\/wp-json\/wp\/v2\/users\/2"}],"replies":[{"embeddable":true,"href":"https:\/\/www.notibras.com\/site\/wp-json\/wp\/v2\/comments?post=58568"}],"version-history":[{"count":0,"href":"https:\/\/www.notibras.com\/site\/wp-json\/wp\/v2\/posts\/58568\/revisions"}],"wp:featuredmedia":[{"embeddable":true,"href":"https:\/\/www.notibras.com\/site\/wp-json\/wp\/v2\/media\/58569"}],"wp:attachment":[{"href":"https:\/\/www.notibras.com\/site\/wp-json\/wp\/v2\/media?parent=58568"}],"wp:term":[{"taxonomy":"category","embeddable":true,"href":"https:\/\/www.notibras.com\/site\/wp-json\/wp\/v2\/categories?post=58568"},{"taxonomy":"post_tag","embeddable":true,"href":"https:\/\/www.notibras.com\/site\/wp-json\/wp\/v2\/tags?post=58568"}],"curies":[{"name":"wp","href":"https:\/\/api.w.org\/{rel}","templated":true}]}}