{"id":58587,"date":"2015-07-22T12:38:31","date_gmt":"2015-07-22T15:38:31","guid":{"rendered":"http:\/\/www.notibras.com\/site\/?p=58587"},"modified":"2015-07-22T16:36:00","modified_gmt":"2015-07-22T19:36:00","slug":"previa-do-ipca-15-acumula-taxa-de-925-para-inflacao-em-12-meses","status":"publish","type":"post","link":"https:\/\/www.notibras.com\/site\/previa-do-ipca-15-acumula-taxa-de-925-para-inflacao-em-12-meses\/","title":{"rendered":"Pr\u00e9via do IPCA-15 tem taxa de 9,25% para a infla\u00e7\u00e3o em 12 meses"},"content":{"rendered":"<p>A pr\u00e9via da infla\u00e7\u00e3o oficial medida pelo \u00cdndice Nacional de Pre\u00e7os ao Consumidor Amplo 15 (IPCA-15) ficou em 0,59% em julho, desacelerando 0,40 ponto percentual em rela\u00e7\u00e3o ao m\u00eas anterior. Em junho, o \u00edndice foi 0,99%.<\/p>\n<p>O IPCA-15 dos primeiros sete meses do ano fechou com alta acumulada de 6,9%. A infla\u00e7\u00e3o dos \u00faltimos doze meses totaliza alta de 9,25%.<\/p>\n<blockquote><p>Os dados do IPCA-15 foram divulgados\u00a0nesta quarta\u00a0(22), pelo Instituto Brasileiro de Geografia e Estat\u00edstica (IBGE). A taxa de julho deste ano foi a mais elevada desde julho de 2008, quando atingiu 0,63%.<\/p><\/blockquote>\n<p>O acumulado do ano ficou acima dos 4,17% do mesmo per\u00edodo do ano anterior. J\u00e1 o \u00edndice de 9,25%, referente ao acumulado dos \u00faltimos 12 meses, superou a taxa de 8,8% do per\u00edodo anterior.<\/p>\n<p>O \u00edndice foi o mais elevado em 12 meses desde dezembro de 2003, quando atingiu 9,86%.<\/p>\n<p><strong>Nielmar de Oliveira, ABr<\/strong><\/p>\n","protected":false},"excerpt":{"rendered":"<p>A pr\u00e9via da infla\u00e7\u00e3o oficial medida pelo \u00cdndice Nacional de Pre\u00e7os ao Consumidor Amplo 15 (IPCA-15) ficou em 0,59% em julho, desacelerando 0,40 ponto percentual em rela\u00e7\u00e3o ao m\u00eas anterior. Em junho, o \u00edndice foi 0,99%. O IPCA-15 dos primeiros sete meses do ano fechou com alta acumulada de 6,9%. A infla\u00e7\u00e3o dos \u00faltimos doze [&hellip;]<\/p>\n","protected":false},"author":2,"featured_media":58588,"comment_status":"open","ping_status":"closed","sticky":false,"template":"","format":"standard","meta":{"_acf_changed":false,"footnotes":""},"categories":[16],"tags":[],"class_list":["post-58587","post","type-post","status-publish","format-standard","has-post-thumbnail","hentry","category-brasil"],"acf":[],"yoast_head":"<!-- This site is optimized with the Yoast SEO plugin v27.2 - https:\/\/yoast.com\/product\/yoast-seo-wordpress\/ -->\n<title>Pr\u00e9via do IPCA-15 tem taxa de 9,25% para a infla\u00e7\u00e3o em 12 meses - Notibras<\/title>\n<meta name=\"robots\" content=\"index, follow, max-snippet:-1, max-image-preview:large, max-video-preview:-1\" \/>\n<link rel=\"canonical\" href=\"https:\/\/www.notibras.com\/site\/previa-do-ipca-15-acumula-taxa-de-925-para-inflacao-em-12-meses\/\" \/>\n<meta property=\"og:locale\" content=\"pt_BR\" \/>\n<meta property=\"og:type\" content=\"article\" \/>\n<meta property=\"og:title\" content=\"Pr\u00e9via do IPCA-15 tem taxa de 9,25% para a infla\u00e7\u00e3o em 12 meses - Notibras\" \/>\n<meta property=\"og:description\" content=\"A pr\u00e9via da infla\u00e7\u00e3o oficial medida pelo \u00cdndice Nacional de Pre\u00e7os ao Consumidor Amplo 15 (IPCA-15) ficou em 0,59% em julho, desacelerando 0,40 ponto percentual em rela\u00e7\u00e3o ao m\u00eas anterior. Em junho, o \u00edndice foi 0,99%. O IPCA-15 dos primeiros sete meses do ano fechou com alta acumulada de 6,9%. A infla\u00e7\u00e3o dos \u00faltimos doze [&hellip;]\" \/>\n<meta property=\"og:url\" content=\"https:\/\/www.notibras.com\/site\/previa-do-ipca-15-acumula-taxa-de-925-para-inflacao-em-12-meses\/\" \/>\n<meta property=\"og:site_name\" content=\"Notibras\" \/>\n<meta property=\"article:publisher\" content=\"https:\/\/www.facebook.com\/notibras\/\" \/>\n<meta property=\"article:published_time\" content=\"2015-07-22T15:38:31+00:00\" \/>\n<meta property=\"article:modified_time\" content=\"2015-07-22T19:36:00+00:00\" \/>\n<meta property=\"og:image\" content=\"https:\/\/www.notibras.com\/site\/wp-content\/uploads\/2015\/07\/Inflao.jpg\" \/>\n\t<meta property=\"og:image:width\" content=\"619\" \/>\n\t<meta property=\"og:image:height\" content=\"464\" \/>\n\t<meta property=\"og:image:type\" content=\"image\/jpeg\" \/>\n<meta name=\"author\" content=\"Reda\u00e7\u00e3o\" \/>\n<meta name=\"twitter:card\" content=\"summary_large_image\" \/>\n<meta name=\"twitter:creator\" content=\"@Notibras\" \/>\n<meta name=\"twitter:site\" content=\"@Notibras\" \/>\n<meta name=\"twitter:label1\" content=\"Escrito por\" \/>\n\t<meta name=\"twitter:data1\" content=\"Reda\u00e7\u00e3o\" \/>\n\t<meta name=\"twitter:label2\" content=\"Est. tempo de leitura\" \/>\n\t<meta name=\"twitter:data2\" content=\"1 minuto\" \/>\n<script type=\"application\/ld+json\" class=\"yoast-schema-graph\">{\"@context\":\"https:\/\/schema.org\",\"@graph\":[{\"@type\":\"Article\",\"@id\":\"https:\/\/www.notibras.com\/site\/previa-do-ipca-15-acumula-taxa-de-925-para-inflacao-em-12-meses\/#article\",\"isPartOf\":{\"@id\":\"https:\/\/www.notibras.com\/site\/previa-do-ipca-15-acumula-taxa-de-925-para-inflacao-em-12-meses\/\"},\"author\":{\"name\":\"Reda\u00e7\u00e3o\",\"@id\":\"https:\/\/www.notibras.com\/site\/#\/schema\/person\/36ab0979449956132d3e5b517ea76ac8\"},\"headline\":\"Pr\u00e9via do IPCA-15 tem taxa de 9,25% para a infla\u00e7\u00e3o em 12 meses\",\"datePublished\":\"2015-07-22T15:38:31+00:00\",\"dateModified\":\"2015-07-22T19:36:00+00:00\",\"mainEntityOfPage\":{\"@id\":\"https:\/\/www.notibras.com\/site\/previa-do-ipca-15-acumula-taxa-de-925-para-inflacao-em-12-meses\/\"},\"wordCount\":154,\"commentCount\":0,\"publisher\":{\"@id\":\"https:\/\/www.notibras.com\/site\/#organization\"},\"image\":{\"@id\":\"https:\/\/www.notibras.com\/site\/previa-do-ipca-15-acumula-taxa-de-925-para-inflacao-em-12-meses\/#primaryimage\"},\"thumbnailUrl\":\"https:\/\/www.notibras.com\/site\/wp-content\/uploads\/2015\/07\/Inflao.jpg\",\"articleSection\":[\"Brasil\"],\"inLanguage\":\"pt-BR\",\"potentialAction\":[{\"@type\":\"CommentAction\",\"name\":\"Comment\",\"target\":[\"https:\/\/www.notibras.com\/site\/previa-do-ipca-15-acumula-taxa-de-925-para-inflacao-em-12-meses\/#respond\"]}]},{\"@type\":\"WebPage\",\"@id\":\"https:\/\/www.notibras.com\/site\/previa-do-ipca-15-acumula-taxa-de-925-para-inflacao-em-12-meses\/\",\"url\":\"https:\/\/www.notibras.com\/site\/previa-do-ipca-15-acumula-taxa-de-925-para-inflacao-em-12-meses\/\",\"name\":\"Pr\u00e9via do IPCA-15 tem taxa de 9,25% para a infla\u00e7\u00e3o em 12 meses - Notibras\",\"isPartOf\":{\"@id\":\"https:\/\/www.notibras.com\/site\/#website\"},\"primaryImageOfPage\":{\"@id\":\"https:\/\/www.notibras.com\/site\/previa-do-ipca-15-acumula-taxa-de-925-para-inflacao-em-12-meses\/#primaryimage\"},\"image\":{\"@id\":\"https:\/\/www.notibras.com\/site\/previa-do-ipca-15-acumula-taxa-de-925-para-inflacao-em-12-meses\/#primaryimage\"},\"thumbnailUrl\":\"https:\/\/www.notibras.com\/site\/wp-content\/uploads\/2015\/07\/Inflao.jpg\",\"datePublished\":\"2015-07-22T15:38:31+00:00\",\"dateModified\":\"2015-07-22T19:36:00+00:00\",\"breadcrumb\":{\"@id\":\"https:\/\/www.notibras.com\/site\/previa-do-ipca-15-acumula-taxa-de-925-para-inflacao-em-12-meses\/#breadcrumb\"},\"inLanguage\":\"pt-BR\",\"potentialAction\":[{\"@type\":\"ReadAction\",\"target\":[\"https:\/\/www.notibras.com\/site\/previa-do-ipca-15-acumula-taxa-de-925-para-inflacao-em-12-meses\/\"]}]},{\"@type\":\"ImageObject\",\"inLanguage\":\"pt-BR\",\"@id\":\"https:\/\/www.notibras.com\/site\/previa-do-ipca-15-acumula-taxa-de-925-para-inflacao-em-12-meses\/#primaryimage\",\"url\":\"https:\/\/www.notibras.com\/site\/wp-content\/uploads\/2015\/07\/Inflao.jpg\",\"contentUrl\":\"https:\/\/www.notibras.com\/site\/wp-content\/uploads\/2015\/07\/Inflao.jpg\",\"width\":619,\"height\":464},{\"@type\":\"BreadcrumbList\",\"@id\":\"https:\/\/www.notibras.com\/site\/previa-do-ipca-15-acumula-taxa-de-925-para-inflacao-em-12-meses\/#breadcrumb\",\"itemListElement\":[{\"@type\":\"ListItem\",\"position\":1,\"name\":\"In\u00edcio\",\"item\":\"https:\/\/www.notibras.com\/site\/\"},{\"@type\":\"ListItem\",\"position\":2,\"name\":\"Pr\u00e9via do IPCA-15 tem taxa de 9,25% para a infla\u00e7\u00e3o em 12 meses\"}]},{\"@type\":\"WebSite\",\"@id\":\"https:\/\/www.notibras.com\/site\/#website\",\"url\":\"https:\/\/www.notibras.com\/site\/\",\"name\":\"Notibras\",\"description\":\"Not\u00edcias de Bras\u00edlia, do Brasil e do Mundo\",\"publisher\":{\"@id\":\"https:\/\/www.notibras.com\/site\/#organization\"},\"potentialAction\":[{\"@type\":\"SearchAction\",\"target\":{\"@type\":\"EntryPoint\",\"urlTemplate\":\"https:\/\/www.notibras.com\/site\/?s={search_term_string}\"},\"query-input\":{\"@type\":\"PropertyValueSpecification\",\"valueRequired\":true,\"valueName\":\"search_term_string\"}}],\"inLanguage\":\"pt-BR\"},{\"@type\":\"Organization\",\"@id\":\"https:\/\/www.notibras.com\/site\/#organization\",\"name\":\"Grupo Notibras de Comunica\u00e7\u00e3o\",\"url\":\"https:\/\/www.notibras.com\/site\/\",\"logo\":{\"@type\":\"ImageObject\",\"inLanguage\":\"pt-BR\",\"@id\":\"https:\/\/www.notibras.com\/site\/#\/schema\/logo\/image\/\",\"url\":\"https:\/\/www.notibras.com\/site\/wp-content\/uploads\/2023\/01\/notibras23.png\",\"contentUrl\":\"https:\/\/www.notibras.com\/site\/wp-content\/uploads\/2023\/01\/notibras23.png\",\"width\":350,\"height\":87,\"caption\":\"Grupo Notibras de Comunica\u00e7\u00e3o\"},\"image\":{\"@id\":\"https:\/\/www.notibras.com\/site\/#\/schema\/logo\/image\/\"},\"sameAs\":[\"https:\/\/www.facebook.com\/notibras\/\",\"https:\/\/x.com\/Notibras\",\"https:\/\/www.instagram.com\/notibras\/\"]},{\"@type\":\"Person\",\"@id\":\"https:\/\/www.notibras.com\/site\/#\/schema\/person\/36ab0979449956132d3e5b517ea76ac8\",\"name\":\"Reda\u00e7\u00e3o\",\"image\":{\"@type\":\"ImageObject\",\"inLanguage\":\"pt-BR\",\"@id\":\"https:\/\/secure.gravatar.com\/avatar\/e0a867bdedb85fd243eadf09663511f96fc81e0720a4a42581f334ad4303aa6b?s=96&d=mm&r=g\",\"url\":\"https:\/\/secure.gravatar.com\/avatar\/e0a867bdedb85fd243eadf09663511f96fc81e0720a4a42581f334ad4303aa6b?s=96&d=mm&r=g\",\"contentUrl\":\"https:\/\/secure.gravatar.com\/avatar\/e0a867bdedb85fd243eadf09663511f96fc81e0720a4a42581f334ad4303aa6b?s=96&d=mm&r=g\",\"caption\":\"Reda\u00e7\u00e3o\"}}]}<\/script>\n<!-- \/ Yoast SEO plugin. -->","yoast_head_json":{"title":"Pr\u00e9via do IPCA-15 tem taxa de 9,25% para a infla\u00e7\u00e3o em 12 meses - Notibras","robots":{"index":"index","follow":"follow","max-snippet":"max-snippet:-1","max-image-preview":"max-image-preview:large","max-video-preview":"max-video-preview:-1"},"canonical":"https:\/\/www.notibras.com\/site\/previa-do-ipca-15-acumula-taxa-de-925-para-inflacao-em-12-meses\/","og_locale":"pt_BR","og_type":"article","og_title":"Pr\u00e9via do IPCA-15 tem taxa de 9,25% para a infla\u00e7\u00e3o em 12 meses - Notibras","og_description":"A pr\u00e9via da infla\u00e7\u00e3o oficial medida pelo \u00cdndice Nacional de Pre\u00e7os ao Consumidor Amplo 15 (IPCA-15) ficou em 0,59% em julho, desacelerando 0,40 ponto percentual em rela\u00e7\u00e3o ao m\u00eas anterior. Em junho, o \u00edndice foi 0,99%. O IPCA-15 dos primeiros sete meses do ano fechou com alta acumulada de 6,9%. A infla\u00e7\u00e3o dos \u00faltimos doze [&hellip;]","og_url":"https:\/\/www.notibras.com\/site\/previa-do-ipca-15-acumula-taxa-de-925-para-inflacao-em-12-meses\/","og_site_name":"Notibras","article_publisher":"https:\/\/www.facebook.com\/notibras\/","article_published_time":"2015-07-22T15:38:31+00:00","article_modified_time":"2015-07-22T19:36:00+00:00","og_image":[{"width":619,"height":464,"url":"https:\/\/www.notibras.com\/site\/wp-content\/uploads\/2015\/07\/Inflao.jpg","type":"image\/jpeg"}],"author":"Reda\u00e7\u00e3o","twitter_card":"summary_large_image","twitter_creator":"@Notibras","twitter_site":"@Notibras","twitter_misc":{"Escrito por":"Reda\u00e7\u00e3o","Est. tempo de leitura":"1 minuto"},"schema":{"@context":"https:\/\/schema.org","@graph":[{"@type":"Article","@id":"https:\/\/www.notibras.com\/site\/previa-do-ipca-15-acumula-taxa-de-925-para-inflacao-em-12-meses\/#article","isPartOf":{"@id":"https:\/\/www.notibras.com\/site\/previa-do-ipca-15-acumula-taxa-de-925-para-inflacao-em-12-meses\/"},"author":{"name":"Reda\u00e7\u00e3o","@id":"https:\/\/www.notibras.com\/site\/#\/schema\/person\/36ab0979449956132d3e5b517ea76ac8"},"headline":"Pr\u00e9via do IPCA-15 tem taxa de 9,25% para a infla\u00e7\u00e3o em 12 meses","datePublished":"2015-07-22T15:38:31+00:00","dateModified":"2015-07-22T19:36:00+00:00","mainEntityOfPage":{"@id":"https:\/\/www.notibras.com\/site\/previa-do-ipca-15-acumula-taxa-de-925-para-inflacao-em-12-meses\/"},"wordCount":154,"commentCount":0,"publisher":{"@id":"https:\/\/www.notibras.com\/site\/#organization"},"image":{"@id":"https:\/\/www.notibras.com\/site\/previa-do-ipca-15-acumula-taxa-de-925-para-inflacao-em-12-meses\/#primaryimage"},"thumbnailUrl":"https:\/\/www.notibras.com\/site\/wp-content\/uploads\/2015\/07\/Inflao.jpg","articleSection":["Brasil"],"inLanguage":"pt-BR","potentialAction":[{"@type":"CommentAction","name":"Comment","target":["https:\/\/www.notibras.com\/site\/previa-do-ipca-15-acumula-taxa-de-925-para-inflacao-em-12-meses\/#respond"]}]},{"@type":"WebPage","@id":"https:\/\/www.notibras.com\/site\/previa-do-ipca-15-acumula-taxa-de-925-para-inflacao-em-12-meses\/","url":"https:\/\/www.notibras.com\/site\/previa-do-ipca-15-acumula-taxa-de-925-para-inflacao-em-12-meses\/","name":"Pr\u00e9via do IPCA-15 tem taxa de 9,25% para a infla\u00e7\u00e3o em 12 meses - Notibras","isPartOf":{"@id":"https:\/\/www.notibras.com\/site\/#website"},"primaryImageOfPage":{"@id":"https:\/\/www.notibras.com\/site\/previa-do-ipca-15-acumula-taxa-de-925-para-inflacao-em-12-meses\/#primaryimage"},"image":{"@id":"https:\/\/www.notibras.com\/site\/previa-do-ipca-15-acumula-taxa-de-925-para-inflacao-em-12-meses\/#primaryimage"},"thumbnailUrl":"https:\/\/www.notibras.com\/site\/wp-content\/uploads\/2015\/07\/Inflao.jpg","datePublished":"2015-07-22T15:38:31+00:00","dateModified":"2015-07-22T19:36:00+00:00","breadcrumb":{"@id":"https:\/\/www.notibras.com\/site\/previa-do-ipca-15-acumula-taxa-de-925-para-inflacao-em-12-meses\/#breadcrumb"},"inLanguage":"pt-BR","potentialAction":[{"@type":"ReadAction","target":["https:\/\/www.notibras.com\/site\/previa-do-ipca-15-acumula-taxa-de-925-para-inflacao-em-12-meses\/"]}]},{"@type":"ImageObject","inLanguage":"pt-BR","@id":"https:\/\/www.notibras.com\/site\/previa-do-ipca-15-acumula-taxa-de-925-para-inflacao-em-12-meses\/#primaryimage","url":"https:\/\/www.notibras.com\/site\/wp-content\/uploads\/2015\/07\/Inflao.jpg","contentUrl":"https:\/\/www.notibras.com\/site\/wp-content\/uploads\/2015\/07\/Inflao.jpg","width":619,"height":464},{"@type":"BreadcrumbList","@id":"https:\/\/www.notibras.com\/site\/previa-do-ipca-15-acumula-taxa-de-925-para-inflacao-em-12-meses\/#breadcrumb","itemListElement":[{"@type":"ListItem","position":1,"name":"In\u00edcio","item":"https:\/\/www.notibras.com\/site\/"},{"@type":"ListItem","position":2,"name":"Pr\u00e9via do IPCA-15 tem taxa de 9,25% para a infla\u00e7\u00e3o em 12 meses"}]},{"@type":"WebSite","@id":"https:\/\/www.notibras.com\/site\/#website","url":"https:\/\/www.notibras.com\/site\/","name":"Notibras","description":"Not\u00edcias de Bras\u00edlia, do Brasil e do Mundo","publisher":{"@id":"https:\/\/www.notibras.com\/site\/#organization"},"potentialAction":[{"@type":"SearchAction","target":{"@type":"EntryPoint","urlTemplate":"https:\/\/www.notibras.com\/site\/?s={search_term_string}"},"query-input":{"@type":"PropertyValueSpecification","valueRequired":true,"valueName":"search_term_string"}}],"inLanguage":"pt-BR"},{"@type":"Organization","@id":"https:\/\/www.notibras.com\/site\/#organization","name":"Grupo Notibras de Comunica\u00e7\u00e3o","url":"https:\/\/www.notibras.com\/site\/","logo":{"@type":"ImageObject","inLanguage":"pt-BR","@id":"https:\/\/www.notibras.com\/site\/#\/schema\/logo\/image\/","url":"https:\/\/www.notibras.com\/site\/wp-content\/uploads\/2023\/01\/notibras23.png","contentUrl":"https:\/\/www.notibras.com\/site\/wp-content\/uploads\/2023\/01\/notibras23.png","width":350,"height":87,"caption":"Grupo Notibras de Comunica\u00e7\u00e3o"},"image":{"@id":"https:\/\/www.notibras.com\/site\/#\/schema\/logo\/image\/"},"sameAs":["https:\/\/www.facebook.com\/notibras\/","https:\/\/x.com\/Notibras","https:\/\/www.instagram.com\/notibras\/"]},{"@type":"Person","@id":"https:\/\/www.notibras.com\/site\/#\/schema\/person\/36ab0979449956132d3e5b517ea76ac8","name":"Reda\u00e7\u00e3o","image":{"@type":"ImageObject","inLanguage":"pt-BR","@id":"https:\/\/secure.gravatar.com\/avatar\/e0a867bdedb85fd243eadf09663511f96fc81e0720a4a42581f334ad4303aa6b?s=96&d=mm&r=g","url":"https:\/\/secure.gravatar.com\/avatar\/e0a867bdedb85fd243eadf09663511f96fc81e0720a4a42581f334ad4303aa6b?s=96&d=mm&r=g","contentUrl":"https:\/\/secure.gravatar.com\/avatar\/e0a867bdedb85fd243eadf09663511f96fc81e0720a4a42581f334ad4303aa6b?s=96&d=mm&r=g","caption":"Reda\u00e7\u00e3o"}}]}},"amp_enabled":true,"_links":{"self":[{"href":"https:\/\/www.notibras.com\/site\/wp-json\/wp\/v2\/posts\/58587","targetHints":{"allow":["GET"]}}],"collection":[{"href":"https:\/\/www.notibras.com\/site\/wp-json\/wp\/v2\/posts"}],"about":[{"href":"https:\/\/www.notibras.com\/site\/wp-json\/wp\/v2\/types\/post"}],"author":[{"embeddable":true,"href":"https:\/\/www.notibras.com\/site\/wp-json\/wp\/v2\/users\/2"}],"replies":[{"embeddable":true,"href":"https:\/\/www.notibras.com\/site\/wp-json\/wp\/v2\/comments?post=58587"}],"version-history":[{"count":0,"href":"https:\/\/www.notibras.com\/site\/wp-json\/wp\/v2\/posts\/58587\/revisions"}],"wp:featuredmedia":[{"embeddable":true,"href":"https:\/\/www.notibras.com\/site\/wp-json\/wp\/v2\/media\/58588"}],"wp:attachment":[{"href":"https:\/\/www.notibras.com\/site\/wp-json\/wp\/v2\/media?parent=58587"}],"wp:term":[{"taxonomy":"category","embeddable":true,"href":"https:\/\/www.notibras.com\/site\/wp-json\/wp\/v2\/categories?post=58587"},{"taxonomy":"post_tag","embeddable":true,"href":"https:\/\/www.notibras.com\/site\/wp-json\/wp\/v2\/tags?post=58587"}],"curies":[{"name":"wp","href":"https:\/\/api.w.org\/{rel}","templated":true}]}}