{"id":58624,"date":"2015-07-22T18:24:59","date_gmt":"2015-07-22T21:24:59","guid":{"rendered":"http:\/\/www.notibras.com\/site\/?p=58624"},"modified":"2015-07-22T18:26:56","modified_gmt":"2015-07-22T21:26:56","slug":"locadores-caem-na-real-alugueis-despencam-em-sao-paulo","status":"publish","type":"post","link":"https:\/\/www.notibras.com\/site\/locadores-caem-na-real-alugueis-despencam-em-sao-paulo\/","title":{"rendered":"Locadores &#8216;caem na real &#8216; e o valor dos alugueis despenca em S\u00e3o Paulo"},"content":{"rendered":"<p>Novos contratos de loca\u00e7\u00e3o de im\u00f3veis residenciais na capital paulista est\u00e3o mais baratos do que h\u00e1 um ano, revela pesquisa do Sindicato da Habita\u00e7\u00e3o de S\u00e3o Paulo (Secovi-SP).<\/p>\n<p>\u00c9 a primeira vez que o \u00edndice fica negativo desde 2005, quando teve in\u00edcio o levantamento. Em junho, o valor dos contratos assinados caiu 1% no acumulado de 12 meses. Em rela\u00e7\u00e3o a maio, tamb\u00e9m houve queda de 0,9%.<\/p>\n<p>\u201cO mercado imobili\u00e1rio caiu na realidade da loca\u00e7\u00e3o\u201d, afirmou o diretor de Gest\u00e3o Patrimonial e Loca\u00e7\u00e3o do sindicato, Mark Turnbull.<\/p>\n<blockquote><p>A infla\u00e7\u00e3o medida pelo \u00cdndice Geral de Pre\u00e7os \u2013 Mercado (IGP-M), que \u00e9 usada para reajustar 95% dos contratos, por sua vez, registra alta de 5,6% nos \u00faltimos 12 meses. Para Turnbull, o distanciamento entre o \u00edndice e o valor de mercado deve-se a maiores negocia\u00e7\u00f5es entre propriet\u00e1rios e inquilinos.<\/p><\/blockquote>\n<p>\u201cDo lado do propriet\u00e1rio, que tinha a ideia de anos anteriores, com valores subindo, achando que teria valores cada vez maiores, [isso] n\u00e3o ocorreu, pela situa\u00e7\u00e3o macroecon\u00f4mica. Ele come\u00e7ou a cair na realidade, a ser mais flex\u00edvel e realista\u201d, acrescentou.<\/p>\n<blockquote><p>Na opini\u00e3o de Turnbull, a situa\u00e7\u00e3o atual \u00e9 mais favor\u00e1vel ao inquilino, mas tamb\u00e9m n\u00e3o est\u00e1 t\u00e3o ruim para os propriet\u00e1rios. Eles est\u00e3o conscientes de que, se quiserem ter renda, ter\u00e3o que baixar o pre\u00e7o de loca\u00e7\u00e3o e garantir renda menor do que vinham tendo, disse o diretor do Secovi-SP. De acordo com ele, mesmo alugando por valor mais baixo do que o esperado, o propriet\u00e1rio fica desobrigado de despesas como Imposto sobre Propriedade Territorial Urbana (IPTU) e condom\u00ednio, que ficam a cargo do inquilino. \u201cO Importante \u00e9 manter fluxo positivo mensal.\u201d<\/p><\/blockquote>\n<p>Segundo Turnbull, a tend\u00eancia de queda para loca\u00e7\u00e3o de im\u00f3veis na cidade de S\u00e3o Paulo deve continuar. Ele acredita ainda que a redu\u00e7\u00e3o de cr\u00e9dito para financiamento imobili\u00e1rio e o aumento das exig\u00eancias pelos bancos devem contribuir para que a demanda pelo aluguel permane\u00e7a.<\/p>\n<p>A pesquisa mostra ainda que 47,5% dos contratos foram fechados com fiador, seguido por dep\u00f3sito (33,5%) e seguro-fian\u00e7a (19%). As unidades com um quarto foram alugadas mais rapidamente: 19,1 dias para casas com um dormit\u00f3rio e 25,8 dias para apartamentos na mesma condi\u00e7\u00e3o. As unidades com tr\u00eas quartos, por outro lado, demoraram entre 47 e 52 dias para serem alugadas.<\/p>\n","protected":false},"excerpt":{"rendered":"<p>Novos contratos de loca\u00e7\u00e3o de im\u00f3veis residenciais na capital paulista est\u00e3o mais baratos do que h\u00e1 um ano, revela pesquisa do Sindicato da Habita\u00e7\u00e3o de S\u00e3o Paulo (Secovi-SP). \u00c9 a primeira vez que o \u00edndice fica negativo desde 2005, quando teve in\u00edcio o levantamento. Em junho, o valor dos contratos assinados caiu 1% no acumulado [&hellip;]<\/p>\n","protected":false},"author":2,"featured_media":58625,"comment_status":"open","ping_status":"closed","sticky":false,"template":"","format":"standard","meta":{"_acf_changed":false,"footnotes":""},"categories":[16],"tags":[],"class_list":["post-58624","post","type-post","status-publish","format-standard","has-post-thumbnail","hentry","category-brasil"],"acf":[],"yoast_head":"<!-- This site is optimized with the Yoast SEO plugin v27.2 - https:\/\/yoast.com\/product\/yoast-seo-wordpress\/ -->\n<title>Locadores &#039;caem na real &#039; e o valor dos alugueis despenca em S\u00e3o Paulo - Notibras<\/title>\n<meta name=\"robots\" content=\"index, follow, max-snippet:-1, max-image-preview:large, max-video-preview:-1\" \/>\n<link rel=\"canonical\" href=\"https:\/\/www.notibras.com\/site\/locadores-caem-na-real-alugueis-despencam-em-sao-paulo\/\" \/>\n<meta property=\"og:locale\" content=\"pt_BR\" \/>\n<meta property=\"og:type\" content=\"article\" \/>\n<meta property=\"og:title\" content=\"Locadores &#039;caem na real &#039; e o valor dos alugueis despenca em S\u00e3o Paulo - Notibras\" \/>\n<meta property=\"og:description\" content=\"Novos contratos de loca\u00e7\u00e3o de im\u00f3veis residenciais na capital paulista est\u00e3o mais baratos do que h\u00e1 um ano, revela pesquisa do Sindicato da Habita\u00e7\u00e3o de S\u00e3o Paulo (Secovi-SP). \u00c9 a primeira vez que o \u00edndice fica negativo desde 2005, quando teve in\u00edcio o levantamento. Em junho, o valor dos contratos assinados caiu 1% no acumulado [&hellip;]\" \/>\n<meta property=\"og:url\" content=\"https:\/\/www.notibras.com\/site\/locadores-caem-na-real-alugueis-despencam-em-sao-paulo\/\" \/>\n<meta property=\"og:site_name\" content=\"Notibras\" \/>\n<meta property=\"article:publisher\" content=\"https:\/\/www.facebook.com\/notibras\/\" \/>\n<meta property=\"article:published_time\" content=\"2015-07-22T21:24:59+00:00\" \/>\n<meta property=\"article:modified_time\" content=\"2015-07-22T21:26:56+00:00\" \/>\n<meta property=\"og:image\" content=\"https:\/\/www.notibras.com\/site\/wp-content\/uploads\/2015\/07\/173752_ext_arquivo.jpg\" \/>\n\t<meta property=\"og:image:width\" content=\"600\" \/>\n\t<meta property=\"og:image:height\" content=\"400\" \/>\n\t<meta property=\"og:image:type\" content=\"image\/jpeg\" \/>\n<meta name=\"author\" content=\"Reda\u00e7\u00e3o\" \/>\n<meta name=\"twitter:card\" content=\"summary_large_image\" \/>\n<meta name=\"twitter:creator\" content=\"@Notibras\" \/>\n<meta name=\"twitter:site\" content=\"@Notibras\" \/>\n<meta name=\"twitter:label1\" content=\"Escrito por\" \/>\n\t<meta name=\"twitter:data1\" content=\"Reda\u00e7\u00e3o\" \/>\n\t<meta name=\"twitter:label2\" content=\"Est. tempo de leitura\" \/>\n\t<meta name=\"twitter:data2\" content=\"2 minutos\" \/>\n<script type=\"application\/ld+json\" class=\"yoast-schema-graph\">{\"@context\":\"https:\/\/schema.org\",\"@graph\":[{\"@type\":\"Article\",\"@id\":\"https:\/\/www.notibras.com\/site\/locadores-caem-na-real-alugueis-despencam-em-sao-paulo\/#article\",\"isPartOf\":{\"@id\":\"https:\/\/www.notibras.com\/site\/locadores-caem-na-real-alugueis-despencam-em-sao-paulo\/\"},\"author\":{\"name\":\"Reda\u00e7\u00e3o\",\"@id\":\"https:\/\/www.notibras.com\/site\/#\/schema\/person\/36ab0979449956132d3e5b517ea76ac8\"},\"headline\":\"Locadores &#8216;caem na real &#8216; e o valor dos alugueis despenca em S\u00e3o Paulo\",\"datePublished\":\"2015-07-22T21:24:59+00:00\",\"dateModified\":\"2015-07-22T21:26:56+00:00\",\"mainEntityOfPage\":{\"@id\":\"https:\/\/www.notibras.com\/site\/locadores-caem-na-real-alugueis-despencam-em-sao-paulo\/\"},\"wordCount\":418,\"commentCount\":0,\"publisher\":{\"@id\":\"https:\/\/www.notibras.com\/site\/#organization\"},\"image\":{\"@id\":\"https:\/\/www.notibras.com\/site\/locadores-caem-na-real-alugueis-despencam-em-sao-paulo\/#primaryimage\"},\"thumbnailUrl\":\"https:\/\/www.notibras.com\/site\/wp-content\/uploads\/2015\/07\/173752_ext_arquivo.jpg\",\"articleSection\":[\"Brasil\"],\"inLanguage\":\"pt-BR\",\"potentialAction\":[{\"@type\":\"CommentAction\",\"name\":\"Comment\",\"target\":[\"https:\/\/www.notibras.com\/site\/locadores-caem-na-real-alugueis-despencam-em-sao-paulo\/#respond\"]}]},{\"@type\":\"WebPage\",\"@id\":\"https:\/\/www.notibras.com\/site\/locadores-caem-na-real-alugueis-despencam-em-sao-paulo\/\",\"url\":\"https:\/\/www.notibras.com\/site\/locadores-caem-na-real-alugueis-despencam-em-sao-paulo\/\",\"name\":\"Locadores 'caem na real ' e o valor dos alugueis despenca em S\u00e3o Paulo - Notibras\",\"isPartOf\":{\"@id\":\"https:\/\/www.notibras.com\/site\/#website\"},\"primaryImageOfPage\":{\"@id\":\"https:\/\/www.notibras.com\/site\/locadores-caem-na-real-alugueis-despencam-em-sao-paulo\/#primaryimage\"},\"image\":{\"@id\":\"https:\/\/www.notibras.com\/site\/locadores-caem-na-real-alugueis-despencam-em-sao-paulo\/#primaryimage\"},\"thumbnailUrl\":\"https:\/\/www.notibras.com\/site\/wp-content\/uploads\/2015\/07\/173752_ext_arquivo.jpg\",\"datePublished\":\"2015-07-22T21:24:59+00:00\",\"dateModified\":\"2015-07-22T21:26:56+00:00\",\"breadcrumb\":{\"@id\":\"https:\/\/www.notibras.com\/site\/locadores-caem-na-real-alugueis-despencam-em-sao-paulo\/#breadcrumb\"},\"inLanguage\":\"pt-BR\",\"potentialAction\":[{\"@type\":\"ReadAction\",\"target\":[\"https:\/\/www.notibras.com\/site\/locadores-caem-na-real-alugueis-despencam-em-sao-paulo\/\"]}]},{\"@type\":\"ImageObject\",\"inLanguage\":\"pt-BR\",\"@id\":\"https:\/\/www.notibras.com\/site\/locadores-caem-na-real-alugueis-despencam-em-sao-paulo\/#primaryimage\",\"url\":\"https:\/\/www.notibras.com\/site\/wp-content\/uploads\/2015\/07\/173752_ext_arquivo.jpg\",\"contentUrl\":\"https:\/\/www.notibras.com\/site\/wp-content\/uploads\/2015\/07\/173752_ext_arquivo.jpg\",\"width\":600,\"height\":400},{\"@type\":\"BreadcrumbList\",\"@id\":\"https:\/\/www.notibras.com\/site\/locadores-caem-na-real-alugueis-despencam-em-sao-paulo\/#breadcrumb\",\"itemListElement\":[{\"@type\":\"ListItem\",\"position\":1,\"name\":\"In\u00edcio\",\"item\":\"https:\/\/www.notibras.com\/site\/\"},{\"@type\":\"ListItem\",\"position\":2,\"name\":\"Locadores &#8216;caem na real &#8216; e o valor dos alugueis despenca em S\u00e3o Paulo\"}]},{\"@type\":\"WebSite\",\"@id\":\"https:\/\/www.notibras.com\/site\/#website\",\"url\":\"https:\/\/www.notibras.com\/site\/\",\"name\":\"Notibras\",\"description\":\"Not\u00edcias de Bras\u00edlia, do Brasil e do Mundo\",\"publisher\":{\"@id\":\"https:\/\/www.notibras.com\/site\/#organization\"},\"potentialAction\":[{\"@type\":\"SearchAction\",\"target\":{\"@type\":\"EntryPoint\",\"urlTemplate\":\"https:\/\/www.notibras.com\/site\/?s={search_term_string}\"},\"query-input\":{\"@type\":\"PropertyValueSpecification\",\"valueRequired\":true,\"valueName\":\"search_term_string\"}}],\"inLanguage\":\"pt-BR\"},{\"@type\":\"Organization\",\"@id\":\"https:\/\/www.notibras.com\/site\/#organization\",\"name\":\"Grupo Notibras de Comunica\u00e7\u00e3o\",\"url\":\"https:\/\/www.notibras.com\/site\/\",\"logo\":{\"@type\":\"ImageObject\",\"inLanguage\":\"pt-BR\",\"@id\":\"https:\/\/www.notibras.com\/site\/#\/schema\/logo\/image\/\",\"url\":\"https:\/\/www.notibras.com\/site\/wp-content\/uploads\/2023\/01\/notibras23.png\",\"contentUrl\":\"https:\/\/www.notibras.com\/site\/wp-content\/uploads\/2023\/01\/notibras23.png\",\"width\":350,\"height\":87,\"caption\":\"Grupo Notibras de Comunica\u00e7\u00e3o\"},\"image\":{\"@id\":\"https:\/\/www.notibras.com\/site\/#\/schema\/logo\/image\/\"},\"sameAs\":[\"https:\/\/www.facebook.com\/notibras\/\",\"https:\/\/x.com\/Notibras\",\"https:\/\/www.instagram.com\/notibras\/\"]},{\"@type\":\"Person\",\"@id\":\"https:\/\/www.notibras.com\/site\/#\/schema\/person\/36ab0979449956132d3e5b517ea76ac8\",\"name\":\"Reda\u00e7\u00e3o\",\"image\":{\"@type\":\"ImageObject\",\"inLanguage\":\"pt-BR\",\"@id\":\"https:\/\/secure.gravatar.com\/avatar\/e0a867bdedb85fd243eadf09663511f96fc81e0720a4a42581f334ad4303aa6b?s=96&d=mm&r=g\",\"url\":\"https:\/\/secure.gravatar.com\/avatar\/e0a867bdedb85fd243eadf09663511f96fc81e0720a4a42581f334ad4303aa6b?s=96&d=mm&r=g\",\"contentUrl\":\"https:\/\/secure.gravatar.com\/avatar\/e0a867bdedb85fd243eadf09663511f96fc81e0720a4a42581f334ad4303aa6b?s=96&d=mm&r=g\",\"caption\":\"Reda\u00e7\u00e3o\"}}]}<\/script>\n<!-- \/ Yoast SEO plugin. -->","yoast_head_json":{"title":"Locadores 'caem na real ' e o valor dos alugueis despenca em S\u00e3o Paulo - Notibras","robots":{"index":"index","follow":"follow","max-snippet":"max-snippet:-1","max-image-preview":"max-image-preview:large","max-video-preview":"max-video-preview:-1"},"canonical":"https:\/\/www.notibras.com\/site\/locadores-caem-na-real-alugueis-despencam-em-sao-paulo\/","og_locale":"pt_BR","og_type":"article","og_title":"Locadores 'caem na real ' e o valor dos alugueis despenca em S\u00e3o Paulo - Notibras","og_description":"Novos contratos de loca\u00e7\u00e3o de im\u00f3veis residenciais na capital paulista est\u00e3o mais baratos do que h\u00e1 um ano, revela pesquisa do Sindicato da Habita\u00e7\u00e3o de S\u00e3o Paulo (Secovi-SP). \u00c9 a primeira vez que o \u00edndice fica negativo desde 2005, quando teve in\u00edcio o levantamento. Em junho, o valor dos contratos assinados caiu 1% no acumulado [&hellip;]","og_url":"https:\/\/www.notibras.com\/site\/locadores-caem-na-real-alugueis-despencam-em-sao-paulo\/","og_site_name":"Notibras","article_publisher":"https:\/\/www.facebook.com\/notibras\/","article_published_time":"2015-07-22T21:24:59+00:00","article_modified_time":"2015-07-22T21:26:56+00:00","og_image":[{"width":600,"height":400,"url":"https:\/\/www.notibras.com\/site\/wp-content\/uploads\/2015\/07\/173752_ext_arquivo.jpg","type":"image\/jpeg"}],"author":"Reda\u00e7\u00e3o","twitter_card":"summary_large_image","twitter_creator":"@Notibras","twitter_site":"@Notibras","twitter_misc":{"Escrito por":"Reda\u00e7\u00e3o","Est. tempo de leitura":"2 minutos"},"schema":{"@context":"https:\/\/schema.org","@graph":[{"@type":"Article","@id":"https:\/\/www.notibras.com\/site\/locadores-caem-na-real-alugueis-despencam-em-sao-paulo\/#article","isPartOf":{"@id":"https:\/\/www.notibras.com\/site\/locadores-caem-na-real-alugueis-despencam-em-sao-paulo\/"},"author":{"name":"Reda\u00e7\u00e3o","@id":"https:\/\/www.notibras.com\/site\/#\/schema\/person\/36ab0979449956132d3e5b517ea76ac8"},"headline":"Locadores &#8216;caem na real &#8216; e o valor dos alugueis despenca em S\u00e3o Paulo","datePublished":"2015-07-22T21:24:59+00:00","dateModified":"2015-07-22T21:26:56+00:00","mainEntityOfPage":{"@id":"https:\/\/www.notibras.com\/site\/locadores-caem-na-real-alugueis-despencam-em-sao-paulo\/"},"wordCount":418,"commentCount":0,"publisher":{"@id":"https:\/\/www.notibras.com\/site\/#organization"},"image":{"@id":"https:\/\/www.notibras.com\/site\/locadores-caem-na-real-alugueis-despencam-em-sao-paulo\/#primaryimage"},"thumbnailUrl":"https:\/\/www.notibras.com\/site\/wp-content\/uploads\/2015\/07\/173752_ext_arquivo.jpg","articleSection":["Brasil"],"inLanguage":"pt-BR","potentialAction":[{"@type":"CommentAction","name":"Comment","target":["https:\/\/www.notibras.com\/site\/locadores-caem-na-real-alugueis-despencam-em-sao-paulo\/#respond"]}]},{"@type":"WebPage","@id":"https:\/\/www.notibras.com\/site\/locadores-caem-na-real-alugueis-despencam-em-sao-paulo\/","url":"https:\/\/www.notibras.com\/site\/locadores-caem-na-real-alugueis-despencam-em-sao-paulo\/","name":"Locadores 'caem na real ' e o valor dos alugueis despenca em S\u00e3o Paulo - Notibras","isPartOf":{"@id":"https:\/\/www.notibras.com\/site\/#website"},"primaryImageOfPage":{"@id":"https:\/\/www.notibras.com\/site\/locadores-caem-na-real-alugueis-despencam-em-sao-paulo\/#primaryimage"},"image":{"@id":"https:\/\/www.notibras.com\/site\/locadores-caem-na-real-alugueis-despencam-em-sao-paulo\/#primaryimage"},"thumbnailUrl":"https:\/\/www.notibras.com\/site\/wp-content\/uploads\/2015\/07\/173752_ext_arquivo.jpg","datePublished":"2015-07-22T21:24:59+00:00","dateModified":"2015-07-22T21:26:56+00:00","breadcrumb":{"@id":"https:\/\/www.notibras.com\/site\/locadores-caem-na-real-alugueis-despencam-em-sao-paulo\/#breadcrumb"},"inLanguage":"pt-BR","potentialAction":[{"@type":"ReadAction","target":["https:\/\/www.notibras.com\/site\/locadores-caem-na-real-alugueis-despencam-em-sao-paulo\/"]}]},{"@type":"ImageObject","inLanguage":"pt-BR","@id":"https:\/\/www.notibras.com\/site\/locadores-caem-na-real-alugueis-despencam-em-sao-paulo\/#primaryimage","url":"https:\/\/www.notibras.com\/site\/wp-content\/uploads\/2015\/07\/173752_ext_arquivo.jpg","contentUrl":"https:\/\/www.notibras.com\/site\/wp-content\/uploads\/2015\/07\/173752_ext_arquivo.jpg","width":600,"height":400},{"@type":"BreadcrumbList","@id":"https:\/\/www.notibras.com\/site\/locadores-caem-na-real-alugueis-despencam-em-sao-paulo\/#breadcrumb","itemListElement":[{"@type":"ListItem","position":1,"name":"In\u00edcio","item":"https:\/\/www.notibras.com\/site\/"},{"@type":"ListItem","position":2,"name":"Locadores &#8216;caem na real &#8216; e o valor dos alugueis despenca em S\u00e3o Paulo"}]},{"@type":"WebSite","@id":"https:\/\/www.notibras.com\/site\/#website","url":"https:\/\/www.notibras.com\/site\/","name":"Notibras","description":"Not\u00edcias de Bras\u00edlia, do Brasil e do Mundo","publisher":{"@id":"https:\/\/www.notibras.com\/site\/#organization"},"potentialAction":[{"@type":"SearchAction","target":{"@type":"EntryPoint","urlTemplate":"https:\/\/www.notibras.com\/site\/?s={search_term_string}"},"query-input":{"@type":"PropertyValueSpecification","valueRequired":true,"valueName":"search_term_string"}}],"inLanguage":"pt-BR"},{"@type":"Organization","@id":"https:\/\/www.notibras.com\/site\/#organization","name":"Grupo Notibras de Comunica\u00e7\u00e3o","url":"https:\/\/www.notibras.com\/site\/","logo":{"@type":"ImageObject","inLanguage":"pt-BR","@id":"https:\/\/www.notibras.com\/site\/#\/schema\/logo\/image\/","url":"https:\/\/www.notibras.com\/site\/wp-content\/uploads\/2023\/01\/notibras23.png","contentUrl":"https:\/\/www.notibras.com\/site\/wp-content\/uploads\/2023\/01\/notibras23.png","width":350,"height":87,"caption":"Grupo Notibras de Comunica\u00e7\u00e3o"},"image":{"@id":"https:\/\/www.notibras.com\/site\/#\/schema\/logo\/image\/"},"sameAs":["https:\/\/www.facebook.com\/notibras\/","https:\/\/x.com\/Notibras","https:\/\/www.instagram.com\/notibras\/"]},{"@type":"Person","@id":"https:\/\/www.notibras.com\/site\/#\/schema\/person\/36ab0979449956132d3e5b517ea76ac8","name":"Reda\u00e7\u00e3o","image":{"@type":"ImageObject","inLanguage":"pt-BR","@id":"https:\/\/secure.gravatar.com\/avatar\/e0a867bdedb85fd243eadf09663511f96fc81e0720a4a42581f334ad4303aa6b?s=96&d=mm&r=g","url":"https:\/\/secure.gravatar.com\/avatar\/e0a867bdedb85fd243eadf09663511f96fc81e0720a4a42581f334ad4303aa6b?s=96&d=mm&r=g","contentUrl":"https:\/\/secure.gravatar.com\/avatar\/e0a867bdedb85fd243eadf09663511f96fc81e0720a4a42581f334ad4303aa6b?s=96&d=mm&r=g","caption":"Reda\u00e7\u00e3o"}}]}},"amp_enabled":true,"_links":{"self":[{"href":"https:\/\/www.notibras.com\/site\/wp-json\/wp\/v2\/posts\/58624","targetHints":{"allow":["GET"]}}],"collection":[{"href":"https:\/\/www.notibras.com\/site\/wp-json\/wp\/v2\/posts"}],"about":[{"href":"https:\/\/www.notibras.com\/site\/wp-json\/wp\/v2\/types\/post"}],"author":[{"embeddable":true,"href":"https:\/\/www.notibras.com\/site\/wp-json\/wp\/v2\/users\/2"}],"replies":[{"embeddable":true,"href":"https:\/\/www.notibras.com\/site\/wp-json\/wp\/v2\/comments?post=58624"}],"version-history":[{"count":0,"href":"https:\/\/www.notibras.com\/site\/wp-json\/wp\/v2\/posts\/58624\/revisions"}],"wp:featuredmedia":[{"embeddable":true,"href":"https:\/\/www.notibras.com\/site\/wp-json\/wp\/v2\/media\/58625"}],"wp:attachment":[{"href":"https:\/\/www.notibras.com\/site\/wp-json\/wp\/v2\/media?parent=58624"}],"wp:term":[{"taxonomy":"category","embeddable":true,"href":"https:\/\/www.notibras.com\/site\/wp-json\/wp\/v2\/categories?post=58624"},{"taxonomy":"post_tag","embeddable":true,"href":"https:\/\/www.notibras.com\/site\/wp-json\/wp\/v2\/tags?post=58624"}],"curies":[{"name":"wp","href":"https:\/\/api.w.org\/{rel}","templated":true}]}}