{"id":58677,"date":"2015-07-22T22:10:02","date_gmt":"2015-07-23T01:10:02","guid":{"rendered":"http:\/\/www.notibras.com\/site\/?p=58677"},"modified":"2015-07-23T00:11:40","modified_gmt":"2015-07-23T03:11:40","slug":"santos-se-classifica-para-oitavas-de-final-aplicando-3-a-1-no-sport","status":"publish","type":"post","link":"https:\/\/www.notibras.com\/site\/santos-se-classifica-para-oitavas-de-final-aplicando-3-a-1-no-sport\/","title":{"rendered":"Santos se classifica para oitavas de final aplicando 3 a 1 no Sport"},"content":{"rendered":"<p>O Santos venceu o Sport 3 a 1 nesta quarta-feira, na Vila Belmiro, e se classificou para as oitavas de final da Copa do Brasil. Em noite inspirada do atacante Gabriel Barbosa, que marcou dois gols no primeiro tempo, o alvinegro praiano reverteu a vantagem do time pernambucano, que havia vencido o jogo de ida por 2 a 1 na Ilha do Retiro.<\/p>\n<p>A classifica\u00e7\u00e3o santista &#8220;abafa&#8221; a crise pelo menos at\u00e9 o pr\u00f3ximo final de semana, quando o Santos encara o Joinville, na Vila Belmiro, pelo Campeonato Brasileiro. O Santos est\u00e1 na zona de rebaixamento no Brasileir\u00e3o, na 17\u00aa coloca\u00e7\u00e3o, com apenas 13 pontos ganhos. Se n\u00e3o bastasse, o clube paulista est\u00e1 &#8220;atolado&#8221; em d\u00edvidas e n\u00e3o consegue contratar refor\u00e7os por falta de recursos financeiros.<\/p>\n<blockquote><p>A equipe santista enfrentou o Sport sem sua principal estrela, o meia Lucas Lima, que cumpriu suspens\u00e3o autom\u00e1tica. Marquinhos Gabriel o substituiu e foi do &#8220;c\u00e9u ao inferno&#8221; na partida.<\/p><\/blockquote>\n<p>Ap\u00f3s boa atua\u00e7\u00e3o no primeiro tempo ao criar as principais jogadas do time, o meia &#8220;colaborou&#8221; para o Sport diminuir o placar em 2 a 1, resultado que levava a decis\u00e3o para os p\u00eanaltis. Marquinhos Gabriel virou o corpo na barreira e a chute de Diego Souza desviou nele antes de entrar no gol de Vanderlei.<\/p>\n","protected":false},"excerpt":{"rendered":"<p>O Santos venceu o Sport 3 a 1 nesta quarta-feira, na Vila Belmiro, e se classificou para as oitavas de final da Copa do Brasil. Em noite inspirada do atacante Gabriel Barbosa, que marcou dois gols no primeiro tempo, o alvinegro praiano reverteu a vantagem do time pernambucano, que havia vencido o jogo de ida [&hellip;]<\/p>\n","protected":false},"author":2,"featured_media":58678,"comment_status":"open","ping_status":"closed","sticky":false,"template":"","format":"standard","meta":{"_acf_changed":false,"footnotes":""},"categories":[19,29],"tags":[],"class_list":["post-58677","post","type-post","status-publish","format-standard","has-post-thumbnail","hentry","category-esportes","category-futebol"],"acf":[],"yoast_head":"<!-- This site is optimized with the Yoast SEO plugin v27.2 - https:\/\/yoast.com\/product\/yoast-seo-wordpress\/ -->\n<title>Santos se classifica para oitavas de final aplicando 3 a 1 no Sport - Notibras<\/title>\n<meta name=\"robots\" content=\"index, follow, max-snippet:-1, max-image-preview:large, max-video-preview:-1\" \/>\n<link rel=\"canonical\" href=\"https:\/\/www.notibras.com\/site\/santos-se-classifica-para-oitavas-de-final-aplicando-3-a-1-no-sport\/\" \/>\n<meta property=\"og:locale\" content=\"pt_BR\" \/>\n<meta property=\"og:type\" content=\"article\" \/>\n<meta property=\"og:title\" content=\"Santos se classifica para oitavas de final aplicando 3 a 1 no Sport - Notibras\" \/>\n<meta property=\"og:description\" content=\"O Santos venceu o Sport 3 a 1 nesta quarta-feira, na Vila Belmiro, e se classificou para as oitavas de final da Copa do Brasil. Em noite inspirada do atacante Gabriel Barbosa, que marcou dois gols no primeiro tempo, o alvinegro praiano reverteu a vantagem do time pernambucano, que havia vencido o jogo de ida [&hellip;]\" \/>\n<meta property=\"og:url\" content=\"https:\/\/www.notibras.com\/site\/santos-se-classifica-para-oitavas-de-final-aplicando-3-a-1-no-sport\/\" \/>\n<meta property=\"og:site_name\" content=\"Notibras\" \/>\n<meta property=\"article:publisher\" content=\"https:\/\/www.facebook.com\/notibras\/\" \/>\n<meta property=\"article:published_time\" content=\"2015-07-23T01:10:02+00:00\" \/>\n<meta property=\"article:modified_time\" content=\"2015-07-23T03:11:40+00:00\" \/>\n<meta property=\"og:image\" content=\"https:\/\/www.notibras.com\/site\/wp-content\/uploads\/2015\/07\/sanspo.jpg\" \/>\n\t<meta property=\"og:image:width\" content=\"615\" \/>\n\t<meta property=\"og:image:height\" content=\"300\" \/>\n\t<meta property=\"og:image:type\" content=\"image\/jpeg\" \/>\n<meta name=\"author\" content=\"Reda\u00e7\u00e3o\" \/>\n<meta name=\"twitter:card\" content=\"summary_large_image\" \/>\n<meta name=\"twitter:creator\" content=\"@Notibras\" \/>\n<meta name=\"twitter:site\" content=\"@Notibras\" \/>\n<meta name=\"twitter:label1\" content=\"Escrito por\" \/>\n\t<meta name=\"twitter:data1\" content=\"Reda\u00e7\u00e3o\" \/>\n\t<meta name=\"twitter:label2\" content=\"Est. tempo de leitura\" \/>\n\t<meta name=\"twitter:data2\" content=\"1 minuto\" \/>\n<script type=\"application\/ld+json\" class=\"yoast-schema-graph\">{\"@context\":\"https:\/\/schema.org\",\"@graph\":[{\"@type\":\"Article\",\"@id\":\"https:\/\/www.notibras.com\/site\/santos-se-classifica-para-oitavas-de-final-aplicando-3-a-1-no-sport\/#article\",\"isPartOf\":{\"@id\":\"https:\/\/www.notibras.com\/site\/santos-se-classifica-para-oitavas-de-final-aplicando-3-a-1-no-sport\/\"},\"author\":{\"name\":\"Reda\u00e7\u00e3o\",\"@id\":\"https:\/\/www.notibras.com\/site\/#\/schema\/person\/36ab0979449956132d3e5b517ea76ac8\"},\"headline\":\"Santos se classifica para oitavas de final aplicando 3 a 1 no Sport\",\"datePublished\":\"2015-07-23T01:10:02+00:00\",\"dateModified\":\"2015-07-23T03:11:40+00:00\",\"mainEntityOfPage\":{\"@id\":\"https:\/\/www.notibras.com\/site\/santos-se-classifica-para-oitavas-de-final-aplicando-3-a-1-no-sport\/\"},\"wordCount\":230,\"commentCount\":0,\"publisher\":{\"@id\":\"https:\/\/www.notibras.com\/site\/#organization\"},\"image\":{\"@id\":\"https:\/\/www.notibras.com\/site\/santos-se-classifica-para-oitavas-de-final-aplicando-3-a-1-no-sport\/#primaryimage\"},\"thumbnailUrl\":\"https:\/\/www.notibras.com\/site\/wp-content\/uploads\/2015\/07\/sanspo.jpg\",\"articleSection\":[\"Esportes\",\"Futebol\"],\"inLanguage\":\"pt-BR\",\"potentialAction\":[{\"@type\":\"CommentAction\",\"name\":\"Comment\",\"target\":[\"https:\/\/www.notibras.com\/site\/santos-se-classifica-para-oitavas-de-final-aplicando-3-a-1-no-sport\/#respond\"]}]},{\"@type\":\"WebPage\",\"@id\":\"https:\/\/www.notibras.com\/site\/santos-se-classifica-para-oitavas-de-final-aplicando-3-a-1-no-sport\/\",\"url\":\"https:\/\/www.notibras.com\/site\/santos-se-classifica-para-oitavas-de-final-aplicando-3-a-1-no-sport\/\",\"name\":\"Santos se classifica para oitavas de final aplicando 3 a 1 no Sport - Notibras\",\"isPartOf\":{\"@id\":\"https:\/\/www.notibras.com\/site\/#website\"},\"primaryImageOfPage\":{\"@id\":\"https:\/\/www.notibras.com\/site\/santos-se-classifica-para-oitavas-de-final-aplicando-3-a-1-no-sport\/#primaryimage\"},\"image\":{\"@id\":\"https:\/\/www.notibras.com\/site\/santos-se-classifica-para-oitavas-de-final-aplicando-3-a-1-no-sport\/#primaryimage\"},\"thumbnailUrl\":\"https:\/\/www.notibras.com\/site\/wp-content\/uploads\/2015\/07\/sanspo.jpg\",\"datePublished\":\"2015-07-23T01:10:02+00:00\",\"dateModified\":\"2015-07-23T03:11:40+00:00\",\"breadcrumb\":{\"@id\":\"https:\/\/www.notibras.com\/site\/santos-se-classifica-para-oitavas-de-final-aplicando-3-a-1-no-sport\/#breadcrumb\"},\"inLanguage\":\"pt-BR\",\"potentialAction\":[{\"@type\":\"ReadAction\",\"target\":[\"https:\/\/www.notibras.com\/site\/santos-se-classifica-para-oitavas-de-final-aplicando-3-a-1-no-sport\/\"]}]},{\"@type\":\"ImageObject\",\"inLanguage\":\"pt-BR\",\"@id\":\"https:\/\/www.notibras.com\/site\/santos-se-classifica-para-oitavas-de-final-aplicando-3-a-1-no-sport\/#primaryimage\",\"url\":\"https:\/\/www.notibras.com\/site\/wp-content\/uploads\/2015\/07\/sanspo.jpg\",\"contentUrl\":\"https:\/\/www.notibras.com\/site\/wp-content\/uploads\/2015\/07\/sanspo.jpg\",\"width\":615,\"height\":300},{\"@type\":\"BreadcrumbList\",\"@id\":\"https:\/\/www.notibras.com\/site\/santos-se-classifica-para-oitavas-de-final-aplicando-3-a-1-no-sport\/#breadcrumb\",\"itemListElement\":[{\"@type\":\"ListItem\",\"position\":1,\"name\":\"In\u00edcio\",\"item\":\"https:\/\/www.notibras.com\/site\/\"},{\"@type\":\"ListItem\",\"position\":2,\"name\":\"Santos se classifica para oitavas de final aplicando 3 a 1 no Sport\"}]},{\"@type\":\"WebSite\",\"@id\":\"https:\/\/www.notibras.com\/site\/#website\",\"url\":\"https:\/\/www.notibras.com\/site\/\",\"name\":\"Notibras\",\"description\":\"Not\u00edcias de Bras\u00edlia, do Brasil e do Mundo\",\"publisher\":{\"@id\":\"https:\/\/www.notibras.com\/site\/#organization\"},\"potentialAction\":[{\"@type\":\"SearchAction\",\"target\":{\"@type\":\"EntryPoint\",\"urlTemplate\":\"https:\/\/www.notibras.com\/site\/?s={search_term_string}\"},\"query-input\":{\"@type\":\"PropertyValueSpecification\",\"valueRequired\":true,\"valueName\":\"search_term_string\"}}],\"inLanguage\":\"pt-BR\"},{\"@type\":\"Organization\",\"@id\":\"https:\/\/www.notibras.com\/site\/#organization\",\"name\":\"Grupo Notibras de Comunica\u00e7\u00e3o\",\"url\":\"https:\/\/www.notibras.com\/site\/\",\"logo\":{\"@type\":\"ImageObject\",\"inLanguage\":\"pt-BR\",\"@id\":\"https:\/\/www.notibras.com\/site\/#\/schema\/logo\/image\/\",\"url\":\"https:\/\/www.notibras.com\/site\/wp-content\/uploads\/2023\/01\/notibras23.png\",\"contentUrl\":\"https:\/\/www.notibras.com\/site\/wp-content\/uploads\/2023\/01\/notibras23.png\",\"width\":350,\"height\":87,\"caption\":\"Grupo Notibras de Comunica\u00e7\u00e3o\"},\"image\":{\"@id\":\"https:\/\/www.notibras.com\/site\/#\/schema\/logo\/image\/\"},\"sameAs\":[\"https:\/\/www.facebook.com\/notibras\/\",\"https:\/\/x.com\/Notibras\",\"https:\/\/www.instagram.com\/notibras\/\"]},{\"@type\":\"Person\",\"@id\":\"https:\/\/www.notibras.com\/site\/#\/schema\/person\/36ab0979449956132d3e5b517ea76ac8\",\"name\":\"Reda\u00e7\u00e3o\",\"image\":{\"@type\":\"ImageObject\",\"inLanguage\":\"pt-BR\",\"@id\":\"https:\/\/secure.gravatar.com\/avatar\/e0a867bdedb85fd243eadf09663511f96fc81e0720a4a42581f334ad4303aa6b?s=96&d=mm&r=g\",\"url\":\"https:\/\/secure.gravatar.com\/avatar\/e0a867bdedb85fd243eadf09663511f96fc81e0720a4a42581f334ad4303aa6b?s=96&d=mm&r=g\",\"contentUrl\":\"https:\/\/secure.gravatar.com\/avatar\/e0a867bdedb85fd243eadf09663511f96fc81e0720a4a42581f334ad4303aa6b?s=96&d=mm&r=g\",\"caption\":\"Reda\u00e7\u00e3o\"}}]}<\/script>\n<!-- \/ Yoast SEO plugin. -->","yoast_head_json":{"title":"Santos se classifica para oitavas de final aplicando 3 a 1 no Sport - Notibras","robots":{"index":"index","follow":"follow","max-snippet":"max-snippet:-1","max-image-preview":"max-image-preview:large","max-video-preview":"max-video-preview:-1"},"canonical":"https:\/\/www.notibras.com\/site\/santos-se-classifica-para-oitavas-de-final-aplicando-3-a-1-no-sport\/","og_locale":"pt_BR","og_type":"article","og_title":"Santos se classifica para oitavas de final aplicando 3 a 1 no Sport - Notibras","og_description":"O Santos venceu o Sport 3 a 1 nesta quarta-feira, na Vila Belmiro, e se classificou para as oitavas de final da Copa do Brasil. Em noite inspirada do atacante Gabriel Barbosa, que marcou dois gols no primeiro tempo, o alvinegro praiano reverteu a vantagem do time pernambucano, que havia vencido o jogo de ida [&hellip;]","og_url":"https:\/\/www.notibras.com\/site\/santos-se-classifica-para-oitavas-de-final-aplicando-3-a-1-no-sport\/","og_site_name":"Notibras","article_publisher":"https:\/\/www.facebook.com\/notibras\/","article_published_time":"2015-07-23T01:10:02+00:00","article_modified_time":"2015-07-23T03:11:40+00:00","og_image":[{"width":615,"height":300,"url":"https:\/\/www.notibras.com\/site\/wp-content\/uploads\/2015\/07\/sanspo.jpg","type":"image\/jpeg"}],"author":"Reda\u00e7\u00e3o","twitter_card":"summary_large_image","twitter_creator":"@Notibras","twitter_site":"@Notibras","twitter_misc":{"Escrito por":"Reda\u00e7\u00e3o","Est. tempo de leitura":"1 minuto"},"schema":{"@context":"https:\/\/schema.org","@graph":[{"@type":"Article","@id":"https:\/\/www.notibras.com\/site\/santos-se-classifica-para-oitavas-de-final-aplicando-3-a-1-no-sport\/#article","isPartOf":{"@id":"https:\/\/www.notibras.com\/site\/santos-se-classifica-para-oitavas-de-final-aplicando-3-a-1-no-sport\/"},"author":{"name":"Reda\u00e7\u00e3o","@id":"https:\/\/www.notibras.com\/site\/#\/schema\/person\/36ab0979449956132d3e5b517ea76ac8"},"headline":"Santos se classifica para oitavas de final aplicando 3 a 1 no Sport","datePublished":"2015-07-23T01:10:02+00:00","dateModified":"2015-07-23T03:11:40+00:00","mainEntityOfPage":{"@id":"https:\/\/www.notibras.com\/site\/santos-se-classifica-para-oitavas-de-final-aplicando-3-a-1-no-sport\/"},"wordCount":230,"commentCount":0,"publisher":{"@id":"https:\/\/www.notibras.com\/site\/#organization"},"image":{"@id":"https:\/\/www.notibras.com\/site\/santos-se-classifica-para-oitavas-de-final-aplicando-3-a-1-no-sport\/#primaryimage"},"thumbnailUrl":"https:\/\/www.notibras.com\/site\/wp-content\/uploads\/2015\/07\/sanspo.jpg","articleSection":["Esportes","Futebol"],"inLanguage":"pt-BR","potentialAction":[{"@type":"CommentAction","name":"Comment","target":["https:\/\/www.notibras.com\/site\/santos-se-classifica-para-oitavas-de-final-aplicando-3-a-1-no-sport\/#respond"]}]},{"@type":"WebPage","@id":"https:\/\/www.notibras.com\/site\/santos-se-classifica-para-oitavas-de-final-aplicando-3-a-1-no-sport\/","url":"https:\/\/www.notibras.com\/site\/santos-se-classifica-para-oitavas-de-final-aplicando-3-a-1-no-sport\/","name":"Santos se classifica para oitavas de final aplicando 3 a 1 no Sport - Notibras","isPartOf":{"@id":"https:\/\/www.notibras.com\/site\/#website"},"primaryImageOfPage":{"@id":"https:\/\/www.notibras.com\/site\/santos-se-classifica-para-oitavas-de-final-aplicando-3-a-1-no-sport\/#primaryimage"},"image":{"@id":"https:\/\/www.notibras.com\/site\/santos-se-classifica-para-oitavas-de-final-aplicando-3-a-1-no-sport\/#primaryimage"},"thumbnailUrl":"https:\/\/www.notibras.com\/site\/wp-content\/uploads\/2015\/07\/sanspo.jpg","datePublished":"2015-07-23T01:10:02+00:00","dateModified":"2015-07-23T03:11:40+00:00","breadcrumb":{"@id":"https:\/\/www.notibras.com\/site\/santos-se-classifica-para-oitavas-de-final-aplicando-3-a-1-no-sport\/#breadcrumb"},"inLanguage":"pt-BR","potentialAction":[{"@type":"ReadAction","target":["https:\/\/www.notibras.com\/site\/santos-se-classifica-para-oitavas-de-final-aplicando-3-a-1-no-sport\/"]}]},{"@type":"ImageObject","inLanguage":"pt-BR","@id":"https:\/\/www.notibras.com\/site\/santos-se-classifica-para-oitavas-de-final-aplicando-3-a-1-no-sport\/#primaryimage","url":"https:\/\/www.notibras.com\/site\/wp-content\/uploads\/2015\/07\/sanspo.jpg","contentUrl":"https:\/\/www.notibras.com\/site\/wp-content\/uploads\/2015\/07\/sanspo.jpg","width":615,"height":300},{"@type":"BreadcrumbList","@id":"https:\/\/www.notibras.com\/site\/santos-se-classifica-para-oitavas-de-final-aplicando-3-a-1-no-sport\/#breadcrumb","itemListElement":[{"@type":"ListItem","position":1,"name":"In\u00edcio","item":"https:\/\/www.notibras.com\/site\/"},{"@type":"ListItem","position":2,"name":"Santos se classifica para oitavas de final aplicando 3 a 1 no Sport"}]},{"@type":"WebSite","@id":"https:\/\/www.notibras.com\/site\/#website","url":"https:\/\/www.notibras.com\/site\/","name":"Notibras","description":"Not\u00edcias de Bras\u00edlia, do Brasil e do Mundo","publisher":{"@id":"https:\/\/www.notibras.com\/site\/#organization"},"potentialAction":[{"@type":"SearchAction","target":{"@type":"EntryPoint","urlTemplate":"https:\/\/www.notibras.com\/site\/?s={search_term_string}"},"query-input":{"@type":"PropertyValueSpecification","valueRequired":true,"valueName":"search_term_string"}}],"inLanguage":"pt-BR"},{"@type":"Organization","@id":"https:\/\/www.notibras.com\/site\/#organization","name":"Grupo Notibras de Comunica\u00e7\u00e3o","url":"https:\/\/www.notibras.com\/site\/","logo":{"@type":"ImageObject","inLanguage":"pt-BR","@id":"https:\/\/www.notibras.com\/site\/#\/schema\/logo\/image\/","url":"https:\/\/www.notibras.com\/site\/wp-content\/uploads\/2023\/01\/notibras23.png","contentUrl":"https:\/\/www.notibras.com\/site\/wp-content\/uploads\/2023\/01\/notibras23.png","width":350,"height":87,"caption":"Grupo Notibras de Comunica\u00e7\u00e3o"},"image":{"@id":"https:\/\/www.notibras.com\/site\/#\/schema\/logo\/image\/"},"sameAs":["https:\/\/www.facebook.com\/notibras\/","https:\/\/x.com\/Notibras","https:\/\/www.instagram.com\/notibras\/"]},{"@type":"Person","@id":"https:\/\/www.notibras.com\/site\/#\/schema\/person\/36ab0979449956132d3e5b517ea76ac8","name":"Reda\u00e7\u00e3o","image":{"@type":"ImageObject","inLanguage":"pt-BR","@id":"https:\/\/secure.gravatar.com\/avatar\/e0a867bdedb85fd243eadf09663511f96fc81e0720a4a42581f334ad4303aa6b?s=96&d=mm&r=g","url":"https:\/\/secure.gravatar.com\/avatar\/e0a867bdedb85fd243eadf09663511f96fc81e0720a4a42581f334ad4303aa6b?s=96&d=mm&r=g","contentUrl":"https:\/\/secure.gravatar.com\/avatar\/e0a867bdedb85fd243eadf09663511f96fc81e0720a4a42581f334ad4303aa6b?s=96&d=mm&r=g","caption":"Reda\u00e7\u00e3o"}}]}},"amp_enabled":true,"_links":{"self":[{"href":"https:\/\/www.notibras.com\/site\/wp-json\/wp\/v2\/posts\/58677","targetHints":{"allow":["GET"]}}],"collection":[{"href":"https:\/\/www.notibras.com\/site\/wp-json\/wp\/v2\/posts"}],"about":[{"href":"https:\/\/www.notibras.com\/site\/wp-json\/wp\/v2\/types\/post"}],"author":[{"embeddable":true,"href":"https:\/\/www.notibras.com\/site\/wp-json\/wp\/v2\/users\/2"}],"replies":[{"embeddable":true,"href":"https:\/\/www.notibras.com\/site\/wp-json\/wp\/v2\/comments?post=58677"}],"version-history":[{"count":0,"href":"https:\/\/www.notibras.com\/site\/wp-json\/wp\/v2\/posts\/58677\/revisions"}],"wp:featuredmedia":[{"embeddable":true,"href":"https:\/\/www.notibras.com\/site\/wp-json\/wp\/v2\/media\/58678"}],"wp:attachment":[{"href":"https:\/\/www.notibras.com\/site\/wp-json\/wp\/v2\/media?parent=58677"}],"wp:term":[{"taxonomy":"category","embeddable":true,"href":"https:\/\/www.notibras.com\/site\/wp-json\/wp\/v2\/categories?post=58677"},{"taxonomy":"post_tag","embeddable":true,"href":"https:\/\/www.notibras.com\/site\/wp-json\/wp\/v2\/tags?post=58677"}],"curies":[{"name":"wp","href":"https:\/\/api.w.org\/{rel}","templated":true}]}}