{"id":58687,"date":"2015-07-23T00:34:57","date_gmt":"2015-07-23T03:34:57","guid":{"rendered":"http:\/\/www.notibras.com\/site\/?p=58687"},"modified":"2015-07-23T10:12:11","modified_gmt":"2015-07-23T13:12:11","slug":"adams-explica-pedaladas-ao-tcu-e-diz-que-dilma-esta-tranquila","status":"publish","type":"post","link":"https:\/\/www.notibras.com\/site\/adams-explica-pedaladas-ao-tcu-e-diz-que-dilma-esta-tranquila\/","title":{"rendered":"Luis Adams explica as &#8216;pedaladas&#8217; ao TCU e diz que Dilma est\u00e1 tranquila"},"content":{"rendered":"<p>O ministro-chefe da Advocacia-Geral da Uni\u00e3o (AGU), Lu\u00eds In\u00e1cio Adams, protocolou nesta quarta (22) as respostas do governo aos questionamentos do Tribunal de Contas da Uni\u00e3o (TCU) sobre ind\u00edcios de descumprimento da Lei de Responsabilidade Fiscal (LRF) e da Lei Or\u00e7ament\u00e1ria Anual na presta\u00e7\u00e3o de contas do governo.<\/p>\n<p>No dia 17 de junho, o TCU adiou por 30 dias a an\u00e1lise das contas do governo federal e citou 13 pontos na presta\u00e7\u00e3o de contas do governo da presidenta Dilma Rousseff, relativas ao ano de 2014, o prazo terminou nesta quarta-feira (22). Entre os questionamentos, o relator, ministro Augusto Nardes, considerou como irregularidade o atraso de repasses para a Caixa Econ\u00f4mica Federal e o Banco do Brasil referentes a despesas com programas do governo como o Minha Casa, Minha Vida, o Bolsa Fam\u00edlia, o seguro-desemprego e o abono salarial, o que configuraria opera\u00e7\u00e3o de cr\u00e9dito.<\/p>\n<p>Adams entregou o documento com mais de mil p\u00e1ginas \u2013 110 de esclarecimentos e 900 de anexos \u2013 ao presidente do tribunal, Aroldo Cedraz, que o repassou para Nardes. Ao receber o material, Nardes disse que far\u00e1 uma an\u00e1lise criteriosa, mas evitou falar em prazos para levar o material para aprecia\u00e7\u00e3o da corte.<\/p>\n<blockquote><p>\u201cEu n\u00e3o tenho expectativa, vou estabelecer prioridade, propor para a \u00e1rea t\u00e9cnica urg\u00eancia na mat\u00e9ria, mas n\u00e3o posso estabelecer uma data, s\u00e3o mais de mil p\u00e1ginas, precisamos de uma an\u00e1lise muito criteriosa e que leve em considera\u00e7\u00e3o todas as pondera\u00e7\u00f5es feitas pela presidenta da Rep\u00fablica\u201d, disse.<\/p><\/blockquote>\n<p>Segundo o relator, o material ser\u00e1 encaminhado para a \u00e1rea t\u00e9cnica, que, ap\u00f3s an\u00e1lise, o encaminhar\u00e1 de volta a Nardes. O relator far\u00e1 seu voto e encaminhar\u00e1 as contas do governo para o plen\u00e1rio do TCU, que pode emitir parecer recomendando ao Congresso Nacional a aprova\u00e7\u00e3o ou rejei\u00e7\u00e3o das mesmas.<\/p>\n<p>\u201cVamos dar toda a aten\u00e7\u00e3o. Este ineditismo de dar o contradit\u00f3rio para que a presidenta respondesse a essas quest\u00f5es demonstra a import\u00e2ncia e a evolu\u00e7\u00e3o da sociedade na busca da transpar\u00eancia\u201d, completou.<\/p>\n<p>No entendimento de Nardes, a atitude do governo foi considerada uma opera\u00e7\u00e3o de cr\u00e9dito porque, na pr\u00e1tica, os bancos p\u00fablicos emprestavam valores \u00e0 Uni\u00e3o. O procedimento \u00e9 proibido pela LRF. \u201cVamos fazer todos o poss\u00edvel para que a lei seja cumprida\u201d, disse Nardes,<\/p>\n<p>Ao apresentar a resposta do governo, Adams justificou que existe uma jurisprud\u00eancia no TCU, que justifica as decis\u00f5es administrativas tomadas no \u00e2mbito da execu\u00e7\u00e3o or\u00e7ament\u00e1ria do ano passado e que se basearam no entendimento de que era usual dos tribunais de Contas e \u00f3rg\u00e3os de controle da administra\u00e7\u00e3o p\u00fablica.<\/p>\n<p>Ele alegou ainda que as pr\u00e1ticas ocorreram durante per\u00edodos curtos, que acabam sendo compensados no momento em que os bancos recebem os recursos e ficam com saldos positivos.<\/p>\n<p>\u201cOs n\u00fameros da Caixa [Econ\u00f4mica Federal] mostram que existe uma sistem\u00e1tica com rela\u00e7\u00e3o ao repasse dos bancos p\u00fablicos em que havia situa\u00e7\u00f5es de pagamentos descobertos. Essa pr\u00e1tica tinha momento de volumes maiores ou menores, mas o fato \u00e9 que ela se incorporou como uma realidade do ponto de vista do sistema de pagamentos. N\u00f3s entendemos que isso \u00e9 uma presta\u00e7\u00e3o de servi\u00e7o, isso se incorpora a l\u00f3gica de presta\u00e7\u00e3o de servi\u00e7os\u201d, disse Adams.<\/p>\n<p>Segundo o ministro, o governo agora vai continuar o trabalho de debater as explica\u00e7\u00f5es com a \u00e1rea t\u00e9cnica e os ministros do TCU. \u201cA exist\u00eancia da pr\u00e1tica no passado apenas mostra que ela era compreendida pelo TCU como grau de conformidade j\u00e1 que era aderente a alguma legisla\u00e7\u00e3o e alguma jurisprud\u00eancia que j\u00e1 existia\u201d, argumentou.<\/p>\n<p>Outro ponto questionado pelo TCU foi a altera\u00e7\u00e3o no contingenciamento em outubro do ano passado, quando o governo deveria cortar R$ 28,54 bilh\u00f5es em gastos para atingir a meta de super\u00e1vit prim\u00e1rio, economia que o governo faz para pagar os juros da d\u00edvida p\u00fablica. O governo reduziu a meta para R$ 10,1 bilh\u00f5es.<\/p>\n<p>\u201cN\u00f3s mostramos as raz\u00f5es do contingenciamento e porque foram tomadas naquele momento. Temos dados estat\u00edsticos que mostram a realidade fiscal agravada a partir de outubro do ano passado, o que resultou na decis\u00e3o de contingenciamento. N\u00f3s mostramos mais, que a sistem\u00e1tica j\u00e1 aconteceu no passado e foi aprovada, mas o fato \u00e9 que o Congresso aprovou a altera\u00e7\u00e3o no ano passado e ela foi cumprida\u201d, defendeu.<\/p>\n<blockquote><p>Adams disse ainda que a aprova\u00e7\u00e3o ou rejei\u00e7\u00e3o das contas n\u00e3o d\u00e1 margem para entrar com pedidos de impeachment da presidenta Dilma Rousseff. \u201cVoc\u00ea n\u00e3o ca\u00e7a um mandato baseado nas contas de governo. A quest\u00e3o que est\u00e1 sendo avaliada aqui n\u00e3o \u00e9 a conduta de cada um dos agentes, particularmente da presidenta, o que est\u00e1 sendo julgado aqui s\u00e3o as contas governamentais.\u201d<\/p><\/blockquote>\n<p>\u201cJ\u00e1 aconteceram julgamentos de contas em governo estaduais em que houve a reprova\u00e7\u00e3o e nunca resultaram em qualquer processo de cassa\u00e7\u00e3o, isso \u00e9 um absurdo, uma despropor\u00e7\u00e3o\u201d, disse.<\/p>\n<p><strong>Luciano Nascimento, ABr<\/strong><\/p>\n","protected":false},"excerpt":{"rendered":"<p>O ministro-chefe da Advocacia-Geral da Uni\u00e3o (AGU), Lu\u00eds In\u00e1cio Adams, protocolou nesta quarta (22) as respostas do governo aos questionamentos do Tribunal de Contas da Uni\u00e3o (TCU) sobre ind\u00edcios de descumprimento da Lei de Responsabilidade Fiscal (LRF) e da Lei Or\u00e7ament\u00e1ria Anual na presta\u00e7\u00e3o de contas do governo. No dia 17 de junho, o TCU [&hellip;]<\/p>\n","protected":false},"author":2,"featured_media":58688,"comment_status":"open","ping_status":"closed","sticky":false,"template":"","format":"standard","meta":{"_acf_changed":false,"footnotes":""},"categories":[16],"tags":[],"class_list":["post-58687","post","type-post","status-publish","format-standard","has-post-thumbnail","hentry","category-brasil"],"acf":[],"yoast_head":"<!-- This site is optimized with the Yoast SEO plugin v27.2 - https:\/\/yoast.com\/product\/yoast-seo-wordpress\/ -->\n<title>Luis Adams explica as &#039;pedaladas&#039; ao TCU e diz que Dilma est\u00e1 tranquila - Notibras<\/title>\n<meta name=\"robots\" content=\"index, follow, max-snippet:-1, max-image-preview:large, max-video-preview:-1\" \/>\n<link rel=\"canonical\" href=\"https:\/\/www.notibras.com\/site\/adams-explica-pedaladas-ao-tcu-e-diz-que-dilma-esta-tranquila\/\" \/>\n<meta property=\"og:locale\" content=\"pt_BR\" \/>\n<meta property=\"og:type\" content=\"article\" \/>\n<meta property=\"og:title\" content=\"Luis Adams explica as &#039;pedaladas&#039; ao TCU e diz que Dilma est\u00e1 tranquila - Notibras\" \/>\n<meta property=\"og:description\" content=\"O ministro-chefe da Advocacia-Geral da Uni\u00e3o (AGU), Lu\u00eds In\u00e1cio Adams, protocolou nesta quarta (22) as respostas do governo aos questionamentos do Tribunal de Contas da Uni\u00e3o (TCU) sobre ind\u00edcios de descumprimento da Lei de Responsabilidade Fiscal (LRF) e da Lei Or\u00e7ament\u00e1ria Anual na presta\u00e7\u00e3o de contas do governo. No dia 17 de junho, o TCU [&hellip;]\" \/>\n<meta property=\"og:url\" content=\"https:\/\/www.notibras.com\/site\/adams-explica-pedaladas-ao-tcu-e-diz-que-dilma-esta-tranquila\/\" \/>\n<meta property=\"og:site_name\" content=\"Notibras\" \/>\n<meta property=\"article:publisher\" content=\"https:\/\/www.facebook.com\/notibras\/\" \/>\n<meta property=\"article:published_time\" content=\"2015-07-23T03:34:57+00:00\" \/>\n<meta property=\"article:modified_time\" content=\"2015-07-23T13:12:11+00:00\" \/>\n<meta property=\"og:image\" content=\"https:\/\/www.notibras.com\/site\/wp-content\/uploads\/2015\/07\/968749-adams-5074.jpg\" \/>\n\t<meta property=\"og:image:width\" content=\"580\" \/>\n\t<meta property=\"og:image:height\" content=\"388\" \/>\n\t<meta property=\"og:image:type\" content=\"image\/jpeg\" \/>\n<meta name=\"author\" content=\"Reda\u00e7\u00e3o\" \/>\n<meta name=\"twitter:card\" content=\"summary_large_image\" \/>\n<meta name=\"twitter:creator\" content=\"@Notibras\" \/>\n<meta name=\"twitter:site\" content=\"@Notibras\" \/>\n<meta name=\"twitter:label1\" content=\"Escrito por\" \/>\n\t<meta name=\"twitter:data1\" content=\"Reda\u00e7\u00e3o\" \/>\n\t<meta name=\"twitter:label2\" content=\"Est. tempo de leitura\" \/>\n\t<meta name=\"twitter:data2\" content=\"4 minutos\" \/>\n<script type=\"application\/ld+json\" class=\"yoast-schema-graph\">{\"@context\":\"https:\/\/schema.org\",\"@graph\":[{\"@type\":\"Article\",\"@id\":\"https:\/\/www.notibras.com\/site\/adams-explica-pedaladas-ao-tcu-e-diz-que-dilma-esta-tranquila\/#article\",\"isPartOf\":{\"@id\":\"https:\/\/www.notibras.com\/site\/adams-explica-pedaladas-ao-tcu-e-diz-que-dilma-esta-tranquila\/\"},\"author\":{\"name\":\"Reda\u00e7\u00e3o\",\"@id\":\"https:\/\/www.notibras.com\/site\/#\/schema\/person\/36ab0979449956132d3e5b517ea76ac8\"},\"headline\":\"Luis Adams explica as &#8216;pedaladas&#8217; ao TCU e diz que Dilma est\u00e1 tranquila\",\"datePublished\":\"2015-07-23T03:34:57+00:00\",\"dateModified\":\"2015-07-23T13:12:11+00:00\",\"mainEntityOfPage\":{\"@id\":\"https:\/\/www.notibras.com\/site\/adams-explica-pedaladas-ao-tcu-e-diz-que-dilma-esta-tranquila\/\"},\"wordCount\":879,\"commentCount\":0,\"publisher\":{\"@id\":\"https:\/\/www.notibras.com\/site\/#organization\"},\"image\":{\"@id\":\"https:\/\/www.notibras.com\/site\/adams-explica-pedaladas-ao-tcu-e-diz-que-dilma-esta-tranquila\/#primaryimage\"},\"thumbnailUrl\":\"https:\/\/www.notibras.com\/site\/wp-content\/uploads\/2015\/07\/968749-adams-5074.jpg\",\"articleSection\":[\"Brasil\"],\"inLanguage\":\"pt-BR\",\"potentialAction\":[{\"@type\":\"CommentAction\",\"name\":\"Comment\",\"target\":[\"https:\/\/www.notibras.com\/site\/adams-explica-pedaladas-ao-tcu-e-diz-que-dilma-esta-tranquila\/#respond\"]}]},{\"@type\":\"WebPage\",\"@id\":\"https:\/\/www.notibras.com\/site\/adams-explica-pedaladas-ao-tcu-e-diz-que-dilma-esta-tranquila\/\",\"url\":\"https:\/\/www.notibras.com\/site\/adams-explica-pedaladas-ao-tcu-e-diz-que-dilma-esta-tranquila\/\",\"name\":\"Luis Adams explica as 'pedaladas' ao TCU e diz que Dilma est\u00e1 tranquila - Notibras\",\"isPartOf\":{\"@id\":\"https:\/\/www.notibras.com\/site\/#website\"},\"primaryImageOfPage\":{\"@id\":\"https:\/\/www.notibras.com\/site\/adams-explica-pedaladas-ao-tcu-e-diz-que-dilma-esta-tranquila\/#primaryimage\"},\"image\":{\"@id\":\"https:\/\/www.notibras.com\/site\/adams-explica-pedaladas-ao-tcu-e-diz-que-dilma-esta-tranquila\/#primaryimage\"},\"thumbnailUrl\":\"https:\/\/www.notibras.com\/site\/wp-content\/uploads\/2015\/07\/968749-adams-5074.jpg\",\"datePublished\":\"2015-07-23T03:34:57+00:00\",\"dateModified\":\"2015-07-23T13:12:11+00:00\",\"breadcrumb\":{\"@id\":\"https:\/\/www.notibras.com\/site\/adams-explica-pedaladas-ao-tcu-e-diz-que-dilma-esta-tranquila\/#breadcrumb\"},\"inLanguage\":\"pt-BR\",\"potentialAction\":[{\"@type\":\"ReadAction\",\"target\":[\"https:\/\/www.notibras.com\/site\/adams-explica-pedaladas-ao-tcu-e-diz-que-dilma-esta-tranquila\/\"]}]},{\"@type\":\"ImageObject\",\"inLanguage\":\"pt-BR\",\"@id\":\"https:\/\/www.notibras.com\/site\/adams-explica-pedaladas-ao-tcu-e-diz-que-dilma-esta-tranquila\/#primaryimage\",\"url\":\"https:\/\/www.notibras.com\/site\/wp-content\/uploads\/2015\/07\/968749-adams-5074.jpg\",\"contentUrl\":\"https:\/\/www.notibras.com\/site\/wp-content\/uploads\/2015\/07\/968749-adams-5074.jpg\",\"width\":580,\"height\":388},{\"@type\":\"BreadcrumbList\",\"@id\":\"https:\/\/www.notibras.com\/site\/adams-explica-pedaladas-ao-tcu-e-diz-que-dilma-esta-tranquila\/#breadcrumb\",\"itemListElement\":[{\"@type\":\"ListItem\",\"position\":1,\"name\":\"In\u00edcio\",\"item\":\"https:\/\/www.notibras.com\/site\/\"},{\"@type\":\"ListItem\",\"position\":2,\"name\":\"Luis Adams explica as &#8216;pedaladas&#8217; ao TCU e diz que Dilma est\u00e1 tranquila\"}]},{\"@type\":\"WebSite\",\"@id\":\"https:\/\/www.notibras.com\/site\/#website\",\"url\":\"https:\/\/www.notibras.com\/site\/\",\"name\":\"Notibras\",\"description\":\"Not\u00edcias de Bras\u00edlia, do Brasil e do Mundo\",\"publisher\":{\"@id\":\"https:\/\/www.notibras.com\/site\/#organization\"},\"potentialAction\":[{\"@type\":\"SearchAction\",\"target\":{\"@type\":\"EntryPoint\",\"urlTemplate\":\"https:\/\/www.notibras.com\/site\/?s={search_term_string}\"},\"query-input\":{\"@type\":\"PropertyValueSpecification\",\"valueRequired\":true,\"valueName\":\"search_term_string\"}}],\"inLanguage\":\"pt-BR\"},{\"@type\":\"Organization\",\"@id\":\"https:\/\/www.notibras.com\/site\/#organization\",\"name\":\"Grupo Notibras de Comunica\u00e7\u00e3o\",\"url\":\"https:\/\/www.notibras.com\/site\/\",\"logo\":{\"@type\":\"ImageObject\",\"inLanguage\":\"pt-BR\",\"@id\":\"https:\/\/www.notibras.com\/site\/#\/schema\/logo\/image\/\",\"url\":\"https:\/\/www.notibras.com\/site\/wp-content\/uploads\/2023\/01\/notibras23.png\",\"contentUrl\":\"https:\/\/www.notibras.com\/site\/wp-content\/uploads\/2023\/01\/notibras23.png\",\"width\":350,\"height\":87,\"caption\":\"Grupo Notibras de Comunica\u00e7\u00e3o\"},\"image\":{\"@id\":\"https:\/\/www.notibras.com\/site\/#\/schema\/logo\/image\/\"},\"sameAs\":[\"https:\/\/www.facebook.com\/notibras\/\",\"https:\/\/x.com\/Notibras\",\"https:\/\/www.instagram.com\/notibras\/\"]},{\"@type\":\"Person\",\"@id\":\"https:\/\/www.notibras.com\/site\/#\/schema\/person\/36ab0979449956132d3e5b517ea76ac8\",\"name\":\"Reda\u00e7\u00e3o\",\"image\":{\"@type\":\"ImageObject\",\"inLanguage\":\"pt-BR\",\"@id\":\"https:\/\/secure.gravatar.com\/avatar\/e0a867bdedb85fd243eadf09663511f96fc81e0720a4a42581f334ad4303aa6b?s=96&d=mm&r=g\",\"url\":\"https:\/\/secure.gravatar.com\/avatar\/e0a867bdedb85fd243eadf09663511f96fc81e0720a4a42581f334ad4303aa6b?s=96&d=mm&r=g\",\"contentUrl\":\"https:\/\/secure.gravatar.com\/avatar\/e0a867bdedb85fd243eadf09663511f96fc81e0720a4a42581f334ad4303aa6b?s=96&d=mm&r=g\",\"caption\":\"Reda\u00e7\u00e3o\"}}]}<\/script>\n<!-- \/ Yoast SEO plugin. -->","yoast_head_json":{"title":"Luis Adams explica as 'pedaladas' ao TCU e diz que Dilma est\u00e1 tranquila - Notibras","robots":{"index":"index","follow":"follow","max-snippet":"max-snippet:-1","max-image-preview":"max-image-preview:large","max-video-preview":"max-video-preview:-1"},"canonical":"https:\/\/www.notibras.com\/site\/adams-explica-pedaladas-ao-tcu-e-diz-que-dilma-esta-tranquila\/","og_locale":"pt_BR","og_type":"article","og_title":"Luis Adams explica as 'pedaladas' ao TCU e diz que Dilma est\u00e1 tranquila - Notibras","og_description":"O ministro-chefe da Advocacia-Geral da Uni\u00e3o (AGU), Lu\u00eds In\u00e1cio Adams, protocolou nesta quarta (22) as respostas do governo aos questionamentos do Tribunal de Contas da Uni\u00e3o (TCU) sobre ind\u00edcios de descumprimento da Lei de Responsabilidade Fiscal (LRF) e da Lei Or\u00e7ament\u00e1ria Anual na presta\u00e7\u00e3o de contas do governo. No dia 17 de junho, o TCU [&hellip;]","og_url":"https:\/\/www.notibras.com\/site\/adams-explica-pedaladas-ao-tcu-e-diz-que-dilma-esta-tranquila\/","og_site_name":"Notibras","article_publisher":"https:\/\/www.facebook.com\/notibras\/","article_published_time":"2015-07-23T03:34:57+00:00","article_modified_time":"2015-07-23T13:12:11+00:00","og_image":[{"width":580,"height":388,"url":"https:\/\/www.notibras.com\/site\/wp-content\/uploads\/2015\/07\/968749-adams-5074.jpg","type":"image\/jpeg"}],"author":"Reda\u00e7\u00e3o","twitter_card":"summary_large_image","twitter_creator":"@Notibras","twitter_site":"@Notibras","twitter_misc":{"Escrito por":"Reda\u00e7\u00e3o","Est. tempo de leitura":"4 minutos"},"schema":{"@context":"https:\/\/schema.org","@graph":[{"@type":"Article","@id":"https:\/\/www.notibras.com\/site\/adams-explica-pedaladas-ao-tcu-e-diz-que-dilma-esta-tranquila\/#article","isPartOf":{"@id":"https:\/\/www.notibras.com\/site\/adams-explica-pedaladas-ao-tcu-e-diz-que-dilma-esta-tranquila\/"},"author":{"name":"Reda\u00e7\u00e3o","@id":"https:\/\/www.notibras.com\/site\/#\/schema\/person\/36ab0979449956132d3e5b517ea76ac8"},"headline":"Luis Adams explica as &#8216;pedaladas&#8217; ao TCU e diz que Dilma est\u00e1 tranquila","datePublished":"2015-07-23T03:34:57+00:00","dateModified":"2015-07-23T13:12:11+00:00","mainEntityOfPage":{"@id":"https:\/\/www.notibras.com\/site\/adams-explica-pedaladas-ao-tcu-e-diz-que-dilma-esta-tranquila\/"},"wordCount":879,"commentCount":0,"publisher":{"@id":"https:\/\/www.notibras.com\/site\/#organization"},"image":{"@id":"https:\/\/www.notibras.com\/site\/adams-explica-pedaladas-ao-tcu-e-diz-que-dilma-esta-tranquila\/#primaryimage"},"thumbnailUrl":"https:\/\/www.notibras.com\/site\/wp-content\/uploads\/2015\/07\/968749-adams-5074.jpg","articleSection":["Brasil"],"inLanguage":"pt-BR","potentialAction":[{"@type":"CommentAction","name":"Comment","target":["https:\/\/www.notibras.com\/site\/adams-explica-pedaladas-ao-tcu-e-diz-que-dilma-esta-tranquila\/#respond"]}]},{"@type":"WebPage","@id":"https:\/\/www.notibras.com\/site\/adams-explica-pedaladas-ao-tcu-e-diz-que-dilma-esta-tranquila\/","url":"https:\/\/www.notibras.com\/site\/adams-explica-pedaladas-ao-tcu-e-diz-que-dilma-esta-tranquila\/","name":"Luis Adams explica as 'pedaladas' ao TCU e diz que Dilma est\u00e1 tranquila - Notibras","isPartOf":{"@id":"https:\/\/www.notibras.com\/site\/#website"},"primaryImageOfPage":{"@id":"https:\/\/www.notibras.com\/site\/adams-explica-pedaladas-ao-tcu-e-diz-que-dilma-esta-tranquila\/#primaryimage"},"image":{"@id":"https:\/\/www.notibras.com\/site\/adams-explica-pedaladas-ao-tcu-e-diz-que-dilma-esta-tranquila\/#primaryimage"},"thumbnailUrl":"https:\/\/www.notibras.com\/site\/wp-content\/uploads\/2015\/07\/968749-adams-5074.jpg","datePublished":"2015-07-23T03:34:57+00:00","dateModified":"2015-07-23T13:12:11+00:00","breadcrumb":{"@id":"https:\/\/www.notibras.com\/site\/adams-explica-pedaladas-ao-tcu-e-diz-que-dilma-esta-tranquila\/#breadcrumb"},"inLanguage":"pt-BR","potentialAction":[{"@type":"ReadAction","target":["https:\/\/www.notibras.com\/site\/adams-explica-pedaladas-ao-tcu-e-diz-que-dilma-esta-tranquila\/"]}]},{"@type":"ImageObject","inLanguage":"pt-BR","@id":"https:\/\/www.notibras.com\/site\/adams-explica-pedaladas-ao-tcu-e-diz-que-dilma-esta-tranquila\/#primaryimage","url":"https:\/\/www.notibras.com\/site\/wp-content\/uploads\/2015\/07\/968749-adams-5074.jpg","contentUrl":"https:\/\/www.notibras.com\/site\/wp-content\/uploads\/2015\/07\/968749-adams-5074.jpg","width":580,"height":388},{"@type":"BreadcrumbList","@id":"https:\/\/www.notibras.com\/site\/adams-explica-pedaladas-ao-tcu-e-diz-que-dilma-esta-tranquila\/#breadcrumb","itemListElement":[{"@type":"ListItem","position":1,"name":"In\u00edcio","item":"https:\/\/www.notibras.com\/site\/"},{"@type":"ListItem","position":2,"name":"Luis Adams explica as &#8216;pedaladas&#8217; ao TCU e diz que Dilma est\u00e1 tranquila"}]},{"@type":"WebSite","@id":"https:\/\/www.notibras.com\/site\/#website","url":"https:\/\/www.notibras.com\/site\/","name":"Notibras","description":"Not\u00edcias de Bras\u00edlia, do Brasil e do Mundo","publisher":{"@id":"https:\/\/www.notibras.com\/site\/#organization"},"potentialAction":[{"@type":"SearchAction","target":{"@type":"EntryPoint","urlTemplate":"https:\/\/www.notibras.com\/site\/?s={search_term_string}"},"query-input":{"@type":"PropertyValueSpecification","valueRequired":true,"valueName":"search_term_string"}}],"inLanguage":"pt-BR"},{"@type":"Organization","@id":"https:\/\/www.notibras.com\/site\/#organization","name":"Grupo Notibras de Comunica\u00e7\u00e3o","url":"https:\/\/www.notibras.com\/site\/","logo":{"@type":"ImageObject","inLanguage":"pt-BR","@id":"https:\/\/www.notibras.com\/site\/#\/schema\/logo\/image\/","url":"https:\/\/www.notibras.com\/site\/wp-content\/uploads\/2023\/01\/notibras23.png","contentUrl":"https:\/\/www.notibras.com\/site\/wp-content\/uploads\/2023\/01\/notibras23.png","width":350,"height":87,"caption":"Grupo Notibras de Comunica\u00e7\u00e3o"},"image":{"@id":"https:\/\/www.notibras.com\/site\/#\/schema\/logo\/image\/"},"sameAs":["https:\/\/www.facebook.com\/notibras\/","https:\/\/x.com\/Notibras","https:\/\/www.instagram.com\/notibras\/"]},{"@type":"Person","@id":"https:\/\/www.notibras.com\/site\/#\/schema\/person\/36ab0979449956132d3e5b517ea76ac8","name":"Reda\u00e7\u00e3o","image":{"@type":"ImageObject","inLanguage":"pt-BR","@id":"https:\/\/secure.gravatar.com\/avatar\/e0a867bdedb85fd243eadf09663511f96fc81e0720a4a42581f334ad4303aa6b?s=96&d=mm&r=g","url":"https:\/\/secure.gravatar.com\/avatar\/e0a867bdedb85fd243eadf09663511f96fc81e0720a4a42581f334ad4303aa6b?s=96&d=mm&r=g","contentUrl":"https:\/\/secure.gravatar.com\/avatar\/e0a867bdedb85fd243eadf09663511f96fc81e0720a4a42581f334ad4303aa6b?s=96&d=mm&r=g","caption":"Reda\u00e7\u00e3o"}}]}},"amp_enabled":true,"_links":{"self":[{"href":"https:\/\/www.notibras.com\/site\/wp-json\/wp\/v2\/posts\/58687","targetHints":{"allow":["GET"]}}],"collection":[{"href":"https:\/\/www.notibras.com\/site\/wp-json\/wp\/v2\/posts"}],"about":[{"href":"https:\/\/www.notibras.com\/site\/wp-json\/wp\/v2\/types\/post"}],"author":[{"embeddable":true,"href":"https:\/\/www.notibras.com\/site\/wp-json\/wp\/v2\/users\/2"}],"replies":[{"embeddable":true,"href":"https:\/\/www.notibras.com\/site\/wp-json\/wp\/v2\/comments?post=58687"}],"version-history":[{"count":0,"href":"https:\/\/www.notibras.com\/site\/wp-json\/wp\/v2\/posts\/58687\/revisions"}],"wp:featuredmedia":[{"embeddable":true,"href":"https:\/\/www.notibras.com\/site\/wp-json\/wp\/v2\/media\/58688"}],"wp:attachment":[{"href":"https:\/\/www.notibras.com\/site\/wp-json\/wp\/v2\/media?parent=58687"}],"wp:term":[{"taxonomy":"category","embeddable":true,"href":"https:\/\/www.notibras.com\/site\/wp-json\/wp\/v2\/categories?post=58687"},{"taxonomy":"post_tag","embeddable":true,"href":"https:\/\/www.notibras.com\/site\/wp-json\/wp\/v2\/tags?post=58687"}],"curies":[{"name":"wp","href":"https:\/\/api.w.org\/{rel}","templated":true}]}}