{"id":58696,"date":"2015-07-23T10:09:55","date_gmt":"2015-07-23T13:09:55","guid":{"rendered":"http:\/\/www.notibras.com\/site\/?p=58696"},"modified":"2015-07-23T13:18:57","modified_gmt":"2015-07-23T16:18:57","slug":"oposicao-quer-apressar-no-congresso-analise-das-contas-de-dilma","status":"publish","type":"post","link":"https:\/\/www.notibras.com\/site\/oposicao-quer-apressar-no-congresso-analise-das-contas-de-dilma\/","title":{"rendered":"Oposi\u00e7\u00e3o quer apressar an\u00e1lise das contas de Dilma no Congresso"},"content":{"rendered":"<p>Os partidos de oposi\u00e7\u00e3o querem acelerar a an\u00e1lise das contas do governo no Congresso ap\u00f3s a apresenta\u00e7\u00e3o da defesa do governo ao Tribunal de Contas da Uni\u00e3o no processo das chamadas &#8220;pedaladas fiscais&#8221;. Se acontecer de o TCU rejeitar os argumentos do Planalto, estar\u00e1 aberto o caminho para o impeachment, avaliam analistas pol\u00edticos.<\/p>\n<p>O parecer deve chegar ao Legislativo em agosto, ap\u00f3s o julgamento no plen\u00e1rio da Corte. &#8220;Acho que agora \u00e9 que tem que acelerar e votar todas as contas&#8221;, disse o l\u00edder interino do PSDB na C\u00e2mara, Nilson Leit\u00e3o (MT), segundo o jornal O Estado de S.Paulo. &#8220;Tudo o que for aliado da oposi\u00e7\u00e3o para combater o que est\u00e1 acontecendo no Brasil e, acima de tudo, para confrontar o governo, vamos acelerar o processo.&#8221;<\/p>\n<p>O presidente da C\u00e2mara, Eduardo Cunha (PMDB-RJ), pretende colocar em vota\u00e7\u00e3o na volta do recesso as contas pendentes de governos anteriores. H\u00e1 16 contas dos ex-presidentes Fernando Collor, Itamar Franco, Fernando Henrique Cardoso e Luiz In\u00e1cio Lula da Silva, al\u00e9m da pr\u00f3pria Dilma Rousseff, para serem julgadas. No entanto, apenas cinco j\u00e1 est\u00e3o prontas para vota\u00e7\u00e3o em plen\u00e1rio.<\/p>\n<blockquote><p>O parecer elaborado pelo TCU ser\u00e1 analisado pela Comiss\u00e3o Mista de Or\u00e7amento, composta por deputados e senadores. A comiss\u00e3o tem at\u00e9 40 sess\u00f5es para emitir o parecer que ser\u00e1 levado a plen\u00e1rio.<\/p><\/blockquote>\n<p>Mais do que t\u00e9cnico, o tempo de aprecia\u00e7\u00e3o das contas \u00e9 pol\u00edtico. &#8220;Se o rito de aprecia\u00e7\u00e3o e vota\u00e7\u00e3o das demais contas fluir, eu at\u00e9 vou seguir a mesma agenda. Se n\u00e3o fluir, evidentemente que a gente pode priorizar esta conta&#8221;, afirmou o l\u00edder do DEM, Mendon\u00e7a Filho (PE).<\/p>\n<p>Para alguns oposicionistas, o clima de instabilidade provocado pelo rompimento pol\u00edtico entre Cunha e o governo exige cautela para a aprecia\u00e7\u00e3o das contas. &#8220;Depois desse rompimento, a gente n\u00e3o sabe dizer qual o sentimento da Casa&#8221;, afirmou o l\u00edder do PSC, deputado Andr\u00e9 Moura (SE), aliado do presidente da C\u00e2mara.<\/p>\n","protected":false},"excerpt":{"rendered":"<p>Os partidos de oposi\u00e7\u00e3o querem acelerar a an\u00e1lise das contas do governo no Congresso ap\u00f3s a apresenta\u00e7\u00e3o da defesa do governo ao Tribunal de Contas da Uni\u00e3o no processo das chamadas &#8220;pedaladas fiscais&#8221;. Se acontecer de o TCU rejeitar os argumentos do Planalto, estar\u00e1 aberto o caminho para o impeachment, avaliam analistas pol\u00edticos. O parecer [&hellip;]<\/p>\n","protected":false},"author":2,"featured_media":58697,"comment_status":"open","ping_status":"closed","sticky":false,"template":"","format":"standard","meta":{"_acf_changed":false,"footnotes":""},"categories":[16],"tags":[],"class_list":["post-58696","post","type-post","status-publish","format-standard","has-post-thumbnail","hentry","category-brasil"],"acf":[],"yoast_head":"<!-- This site is optimized with the Yoast SEO plugin v27.2 - https:\/\/yoast.com\/product\/yoast-seo-wordpress\/ -->\n<title>Oposi\u00e7\u00e3o quer apressar an\u00e1lise das contas de Dilma no Congresso - Notibras<\/title>\n<meta name=\"robots\" content=\"index, follow, max-snippet:-1, max-image-preview:large, max-video-preview:-1\" \/>\n<link rel=\"canonical\" href=\"https:\/\/www.notibras.com\/site\/oposicao-quer-apressar-no-congresso-analise-das-contas-de-dilma\/\" \/>\n<meta property=\"og:locale\" content=\"pt_BR\" \/>\n<meta property=\"og:type\" content=\"article\" \/>\n<meta property=\"og:title\" content=\"Oposi\u00e7\u00e3o quer apressar an\u00e1lise das contas de Dilma no Congresso - Notibras\" \/>\n<meta property=\"og:description\" content=\"Os partidos de oposi\u00e7\u00e3o querem acelerar a an\u00e1lise das contas do governo no Congresso ap\u00f3s a apresenta\u00e7\u00e3o da defesa do governo ao Tribunal de Contas da Uni\u00e3o no processo das chamadas &#8220;pedaladas fiscais&#8221;. Se acontecer de o TCU rejeitar os argumentos do Planalto, estar\u00e1 aberto o caminho para o impeachment, avaliam analistas pol\u00edticos. O parecer [&hellip;]\" \/>\n<meta property=\"og:url\" content=\"https:\/\/www.notibras.com\/site\/oposicao-quer-apressar-no-congresso-analise-das-contas-de-dilma\/\" \/>\n<meta property=\"og:site_name\" content=\"Notibras\" \/>\n<meta property=\"article:publisher\" content=\"https:\/\/www.facebook.com\/notibras\/\" \/>\n<meta property=\"article:published_time\" content=\"2015-07-23T13:09:55+00:00\" \/>\n<meta property=\"article:modified_time\" content=\"2015-07-23T16:18:57+00:00\" \/>\n<meta property=\"og:image\" content=\"https:\/\/www.notibras.com\/site\/wp-content\/uploads\/2015\/07\/opo.jpg\" \/>\n\t<meta property=\"og:image:width\" content=\"300\" \/>\n\t<meta property=\"og:image:height\" content=\"300\" \/>\n\t<meta property=\"og:image:type\" content=\"image\/jpeg\" \/>\n<meta name=\"author\" content=\"Reda\u00e7\u00e3o\" \/>\n<meta name=\"twitter:card\" content=\"summary_large_image\" \/>\n<meta name=\"twitter:creator\" content=\"@Notibras\" \/>\n<meta name=\"twitter:site\" content=\"@Notibras\" \/>\n<meta name=\"twitter:label1\" content=\"Escrito por\" \/>\n\t<meta name=\"twitter:data1\" content=\"Reda\u00e7\u00e3o\" \/>\n\t<meta name=\"twitter:label2\" content=\"Est. tempo de leitura\" \/>\n\t<meta name=\"twitter:data2\" content=\"2 minutos\" \/>\n<script type=\"application\/ld+json\" class=\"yoast-schema-graph\">{\"@context\":\"https:\/\/schema.org\",\"@graph\":[{\"@type\":\"Article\",\"@id\":\"https:\/\/www.notibras.com\/site\/oposicao-quer-apressar-no-congresso-analise-das-contas-de-dilma\/#article\",\"isPartOf\":{\"@id\":\"https:\/\/www.notibras.com\/site\/oposicao-quer-apressar-no-congresso-analise-das-contas-de-dilma\/\"},\"author\":{\"name\":\"Reda\u00e7\u00e3o\",\"@id\":\"https:\/\/www.notibras.com\/site\/#\/schema\/person\/36ab0979449956132d3e5b517ea76ac8\"},\"headline\":\"Oposi\u00e7\u00e3o quer apressar an\u00e1lise das contas de Dilma no Congresso\",\"datePublished\":\"2015-07-23T13:09:55+00:00\",\"dateModified\":\"2015-07-23T16:18:57+00:00\",\"mainEntityOfPage\":{\"@id\":\"https:\/\/www.notibras.com\/site\/oposicao-quer-apressar-no-congresso-analise-das-contas-de-dilma\/\"},\"wordCount\":362,\"commentCount\":0,\"publisher\":{\"@id\":\"https:\/\/www.notibras.com\/site\/#organization\"},\"image\":{\"@id\":\"https:\/\/www.notibras.com\/site\/oposicao-quer-apressar-no-congresso-analise-das-contas-de-dilma\/#primaryimage\"},\"thumbnailUrl\":\"https:\/\/www.notibras.com\/site\/wp-content\/uploads\/2015\/07\/opo.jpg\",\"articleSection\":[\"Brasil\"],\"inLanguage\":\"pt-BR\",\"potentialAction\":[{\"@type\":\"CommentAction\",\"name\":\"Comment\",\"target\":[\"https:\/\/www.notibras.com\/site\/oposicao-quer-apressar-no-congresso-analise-das-contas-de-dilma\/#respond\"]}]},{\"@type\":\"WebPage\",\"@id\":\"https:\/\/www.notibras.com\/site\/oposicao-quer-apressar-no-congresso-analise-das-contas-de-dilma\/\",\"url\":\"https:\/\/www.notibras.com\/site\/oposicao-quer-apressar-no-congresso-analise-das-contas-de-dilma\/\",\"name\":\"Oposi\u00e7\u00e3o quer apressar an\u00e1lise das contas de Dilma no Congresso - Notibras\",\"isPartOf\":{\"@id\":\"https:\/\/www.notibras.com\/site\/#website\"},\"primaryImageOfPage\":{\"@id\":\"https:\/\/www.notibras.com\/site\/oposicao-quer-apressar-no-congresso-analise-das-contas-de-dilma\/#primaryimage\"},\"image\":{\"@id\":\"https:\/\/www.notibras.com\/site\/oposicao-quer-apressar-no-congresso-analise-das-contas-de-dilma\/#primaryimage\"},\"thumbnailUrl\":\"https:\/\/www.notibras.com\/site\/wp-content\/uploads\/2015\/07\/opo.jpg\",\"datePublished\":\"2015-07-23T13:09:55+00:00\",\"dateModified\":\"2015-07-23T16:18:57+00:00\",\"breadcrumb\":{\"@id\":\"https:\/\/www.notibras.com\/site\/oposicao-quer-apressar-no-congresso-analise-das-contas-de-dilma\/#breadcrumb\"},\"inLanguage\":\"pt-BR\",\"potentialAction\":[{\"@type\":\"ReadAction\",\"target\":[\"https:\/\/www.notibras.com\/site\/oposicao-quer-apressar-no-congresso-analise-das-contas-de-dilma\/\"]}]},{\"@type\":\"ImageObject\",\"inLanguage\":\"pt-BR\",\"@id\":\"https:\/\/www.notibras.com\/site\/oposicao-quer-apressar-no-congresso-analise-das-contas-de-dilma\/#primaryimage\",\"url\":\"https:\/\/www.notibras.com\/site\/wp-content\/uploads\/2015\/07\/opo.jpg\",\"contentUrl\":\"https:\/\/www.notibras.com\/site\/wp-content\/uploads\/2015\/07\/opo.jpg\",\"width\":300,\"height\":300},{\"@type\":\"BreadcrumbList\",\"@id\":\"https:\/\/www.notibras.com\/site\/oposicao-quer-apressar-no-congresso-analise-das-contas-de-dilma\/#breadcrumb\",\"itemListElement\":[{\"@type\":\"ListItem\",\"position\":1,\"name\":\"In\u00edcio\",\"item\":\"https:\/\/www.notibras.com\/site\/\"},{\"@type\":\"ListItem\",\"position\":2,\"name\":\"Oposi\u00e7\u00e3o quer apressar an\u00e1lise das contas de Dilma no Congresso\"}]},{\"@type\":\"WebSite\",\"@id\":\"https:\/\/www.notibras.com\/site\/#website\",\"url\":\"https:\/\/www.notibras.com\/site\/\",\"name\":\"Notibras\",\"description\":\"Not\u00edcias de Bras\u00edlia, do Brasil e do Mundo\",\"publisher\":{\"@id\":\"https:\/\/www.notibras.com\/site\/#organization\"},\"potentialAction\":[{\"@type\":\"SearchAction\",\"target\":{\"@type\":\"EntryPoint\",\"urlTemplate\":\"https:\/\/www.notibras.com\/site\/?s={search_term_string}\"},\"query-input\":{\"@type\":\"PropertyValueSpecification\",\"valueRequired\":true,\"valueName\":\"search_term_string\"}}],\"inLanguage\":\"pt-BR\"},{\"@type\":\"Organization\",\"@id\":\"https:\/\/www.notibras.com\/site\/#organization\",\"name\":\"Grupo Notibras de Comunica\u00e7\u00e3o\",\"url\":\"https:\/\/www.notibras.com\/site\/\",\"logo\":{\"@type\":\"ImageObject\",\"inLanguage\":\"pt-BR\",\"@id\":\"https:\/\/www.notibras.com\/site\/#\/schema\/logo\/image\/\",\"url\":\"https:\/\/www.notibras.com\/site\/wp-content\/uploads\/2023\/01\/notibras23.png\",\"contentUrl\":\"https:\/\/www.notibras.com\/site\/wp-content\/uploads\/2023\/01\/notibras23.png\",\"width\":350,\"height\":87,\"caption\":\"Grupo Notibras de Comunica\u00e7\u00e3o\"},\"image\":{\"@id\":\"https:\/\/www.notibras.com\/site\/#\/schema\/logo\/image\/\"},\"sameAs\":[\"https:\/\/www.facebook.com\/notibras\/\",\"https:\/\/x.com\/Notibras\",\"https:\/\/www.instagram.com\/notibras\/\"]},{\"@type\":\"Person\",\"@id\":\"https:\/\/www.notibras.com\/site\/#\/schema\/person\/36ab0979449956132d3e5b517ea76ac8\",\"name\":\"Reda\u00e7\u00e3o\",\"image\":{\"@type\":\"ImageObject\",\"inLanguage\":\"pt-BR\",\"@id\":\"https:\/\/secure.gravatar.com\/avatar\/e0a867bdedb85fd243eadf09663511f96fc81e0720a4a42581f334ad4303aa6b?s=96&d=mm&r=g\",\"url\":\"https:\/\/secure.gravatar.com\/avatar\/e0a867bdedb85fd243eadf09663511f96fc81e0720a4a42581f334ad4303aa6b?s=96&d=mm&r=g\",\"contentUrl\":\"https:\/\/secure.gravatar.com\/avatar\/e0a867bdedb85fd243eadf09663511f96fc81e0720a4a42581f334ad4303aa6b?s=96&d=mm&r=g\",\"caption\":\"Reda\u00e7\u00e3o\"}}]}<\/script>\n<!-- \/ Yoast SEO plugin. -->","yoast_head_json":{"title":"Oposi\u00e7\u00e3o quer apressar an\u00e1lise das contas de Dilma no Congresso - Notibras","robots":{"index":"index","follow":"follow","max-snippet":"max-snippet:-1","max-image-preview":"max-image-preview:large","max-video-preview":"max-video-preview:-1"},"canonical":"https:\/\/www.notibras.com\/site\/oposicao-quer-apressar-no-congresso-analise-das-contas-de-dilma\/","og_locale":"pt_BR","og_type":"article","og_title":"Oposi\u00e7\u00e3o quer apressar an\u00e1lise das contas de Dilma no Congresso - Notibras","og_description":"Os partidos de oposi\u00e7\u00e3o querem acelerar a an\u00e1lise das contas do governo no Congresso ap\u00f3s a apresenta\u00e7\u00e3o da defesa do governo ao Tribunal de Contas da Uni\u00e3o no processo das chamadas &#8220;pedaladas fiscais&#8221;. Se acontecer de o TCU rejeitar os argumentos do Planalto, estar\u00e1 aberto o caminho para o impeachment, avaliam analistas pol\u00edticos. O parecer [&hellip;]","og_url":"https:\/\/www.notibras.com\/site\/oposicao-quer-apressar-no-congresso-analise-das-contas-de-dilma\/","og_site_name":"Notibras","article_publisher":"https:\/\/www.facebook.com\/notibras\/","article_published_time":"2015-07-23T13:09:55+00:00","article_modified_time":"2015-07-23T16:18:57+00:00","og_image":[{"width":300,"height":300,"url":"https:\/\/www.notibras.com\/site\/wp-content\/uploads\/2015\/07\/opo.jpg","type":"image\/jpeg"}],"author":"Reda\u00e7\u00e3o","twitter_card":"summary_large_image","twitter_creator":"@Notibras","twitter_site":"@Notibras","twitter_misc":{"Escrito por":"Reda\u00e7\u00e3o","Est. tempo de leitura":"2 minutos"},"schema":{"@context":"https:\/\/schema.org","@graph":[{"@type":"Article","@id":"https:\/\/www.notibras.com\/site\/oposicao-quer-apressar-no-congresso-analise-das-contas-de-dilma\/#article","isPartOf":{"@id":"https:\/\/www.notibras.com\/site\/oposicao-quer-apressar-no-congresso-analise-das-contas-de-dilma\/"},"author":{"name":"Reda\u00e7\u00e3o","@id":"https:\/\/www.notibras.com\/site\/#\/schema\/person\/36ab0979449956132d3e5b517ea76ac8"},"headline":"Oposi\u00e7\u00e3o quer apressar an\u00e1lise das contas de Dilma no Congresso","datePublished":"2015-07-23T13:09:55+00:00","dateModified":"2015-07-23T16:18:57+00:00","mainEntityOfPage":{"@id":"https:\/\/www.notibras.com\/site\/oposicao-quer-apressar-no-congresso-analise-das-contas-de-dilma\/"},"wordCount":362,"commentCount":0,"publisher":{"@id":"https:\/\/www.notibras.com\/site\/#organization"},"image":{"@id":"https:\/\/www.notibras.com\/site\/oposicao-quer-apressar-no-congresso-analise-das-contas-de-dilma\/#primaryimage"},"thumbnailUrl":"https:\/\/www.notibras.com\/site\/wp-content\/uploads\/2015\/07\/opo.jpg","articleSection":["Brasil"],"inLanguage":"pt-BR","potentialAction":[{"@type":"CommentAction","name":"Comment","target":["https:\/\/www.notibras.com\/site\/oposicao-quer-apressar-no-congresso-analise-das-contas-de-dilma\/#respond"]}]},{"@type":"WebPage","@id":"https:\/\/www.notibras.com\/site\/oposicao-quer-apressar-no-congresso-analise-das-contas-de-dilma\/","url":"https:\/\/www.notibras.com\/site\/oposicao-quer-apressar-no-congresso-analise-das-contas-de-dilma\/","name":"Oposi\u00e7\u00e3o quer apressar an\u00e1lise das contas de Dilma no Congresso - Notibras","isPartOf":{"@id":"https:\/\/www.notibras.com\/site\/#website"},"primaryImageOfPage":{"@id":"https:\/\/www.notibras.com\/site\/oposicao-quer-apressar-no-congresso-analise-das-contas-de-dilma\/#primaryimage"},"image":{"@id":"https:\/\/www.notibras.com\/site\/oposicao-quer-apressar-no-congresso-analise-das-contas-de-dilma\/#primaryimage"},"thumbnailUrl":"https:\/\/www.notibras.com\/site\/wp-content\/uploads\/2015\/07\/opo.jpg","datePublished":"2015-07-23T13:09:55+00:00","dateModified":"2015-07-23T16:18:57+00:00","breadcrumb":{"@id":"https:\/\/www.notibras.com\/site\/oposicao-quer-apressar-no-congresso-analise-das-contas-de-dilma\/#breadcrumb"},"inLanguage":"pt-BR","potentialAction":[{"@type":"ReadAction","target":["https:\/\/www.notibras.com\/site\/oposicao-quer-apressar-no-congresso-analise-das-contas-de-dilma\/"]}]},{"@type":"ImageObject","inLanguage":"pt-BR","@id":"https:\/\/www.notibras.com\/site\/oposicao-quer-apressar-no-congresso-analise-das-contas-de-dilma\/#primaryimage","url":"https:\/\/www.notibras.com\/site\/wp-content\/uploads\/2015\/07\/opo.jpg","contentUrl":"https:\/\/www.notibras.com\/site\/wp-content\/uploads\/2015\/07\/opo.jpg","width":300,"height":300},{"@type":"BreadcrumbList","@id":"https:\/\/www.notibras.com\/site\/oposicao-quer-apressar-no-congresso-analise-das-contas-de-dilma\/#breadcrumb","itemListElement":[{"@type":"ListItem","position":1,"name":"In\u00edcio","item":"https:\/\/www.notibras.com\/site\/"},{"@type":"ListItem","position":2,"name":"Oposi\u00e7\u00e3o quer apressar an\u00e1lise das contas de Dilma no Congresso"}]},{"@type":"WebSite","@id":"https:\/\/www.notibras.com\/site\/#website","url":"https:\/\/www.notibras.com\/site\/","name":"Notibras","description":"Not\u00edcias de Bras\u00edlia, do Brasil e do Mundo","publisher":{"@id":"https:\/\/www.notibras.com\/site\/#organization"},"potentialAction":[{"@type":"SearchAction","target":{"@type":"EntryPoint","urlTemplate":"https:\/\/www.notibras.com\/site\/?s={search_term_string}"},"query-input":{"@type":"PropertyValueSpecification","valueRequired":true,"valueName":"search_term_string"}}],"inLanguage":"pt-BR"},{"@type":"Organization","@id":"https:\/\/www.notibras.com\/site\/#organization","name":"Grupo Notibras de Comunica\u00e7\u00e3o","url":"https:\/\/www.notibras.com\/site\/","logo":{"@type":"ImageObject","inLanguage":"pt-BR","@id":"https:\/\/www.notibras.com\/site\/#\/schema\/logo\/image\/","url":"https:\/\/www.notibras.com\/site\/wp-content\/uploads\/2023\/01\/notibras23.png","contentUrl":"https:\/\/www.notibras.com\/site\/wp-content\/uploads\/2023\/01\/notibras23.png","width":350,"height":87,"caption":"Grupo Notibras de Comunica\u00e7\u00e3o"},"image":{"@id":"https:\/\/www.notibras.com\/site\/#\/schema\/logo\/image\/"},"sameAs":["https:\/\/www.facebook.com\/notibras\/","https:\/\/x.com\/Notibras","https:\/\/www.instagram.com\/notibras\/"]},{"@type":"Person","@id":"https:\/\/www.notibras.com\/site\/#\/schema\/person\/36ab0979449956132d3e5b517ea76ac8","name":"Reda\u00e7\u00e3o","image":{"@type":"ImageObject","inLanguage":"pt-BR","@id":"https:\/\/secure.gravatar.com\/avatar\/e0a867bdedb85fd243eadf09663511f96fc81e0720a4a42581f334ad4303aa6b?s=96&d=mm&r=g","url":"https:\/\/secure.gravatar.com\/avatar\/e0a867bdedb85fd243eadf09663511f96fc81e0720a4a42581f334ad4303aa6b?s=96&d=mm&r=g","contentUrl":"https:\/\/secure.gravatar.com\/avatar\/e0a867bdedb85fd243eadf09663511f96fc81e0720a4a42581f334ad4303aa6b?s=96&d=mm&r=g","caption":"Reda\u00e7\u00e3o"}}]}},"amp_enabled":true,"_links":{"self":[{"href":"https:\/\/www.notibras.com\/site\/wp-json\/wp\/v2\/posts\/58696","targetHints":{"allow":["GET"]}}],"collection":[{"href":"https:\/\/www.notibras.com\/site\/wp-json\/wp\/v2\/posts"}],"about":[{"href":"https:\/\/www.notibras.com\/site\/wp-json\/wp\/v2\/types\/post"}],"author":[{"embeddable":true,"href":"https:\/\/www.notibras.com\/site\/wp-json\/wp\/v2\/users\/2"}],"replies":[{"embeddable":true,"href":"https:\/\/www.notibras.com\/site\/wp-json\/wp\/v2\/comments?post=58696"}],"version-history":[{"count":0,"href":"https:\/\/www.notibras.com\/site\/wp-json\/wp\/v2\/posts\/58696\/revisions"}],"wp:featuredmedia":[{"embeddable":true,"href":"https:\/\/www.notibras.com\/site\/wp-json\/wp\/v2\/media\/58697"}],"wp:attachment":[{"href":"https:\/\/www.notibras.com\/site\/wp-json\/wp\/v2\/media?parent=58696"}],"wp:term":[{"taxonomy":"category","embeddable":true,"href":"https:\/\/www.notibras.com\/site\/wp-json\/wp\/v2\/categories?post=58696"},{"taxonomy":"post_tag","embeddable":true,"href":"https:\/\/www.notibras.com\/site\/wp-json\/wp\/v2\/tags?post=58696"}],"curies":[{"name":"wp","href":"https:\/\/api.w.org\/{rel}","templated":true}]}}