{"id":58702,"date":"2015-07-23T10:16:40","date_gmt":"2015-07-23T13:16:40","guid":{"rendered":"http:\/\/www.notibras.com\/site\/?p=58702"},"modified":"2015-07-23T10:16:40","modified_gmt":"2015-07-23T13:16:40","slug":"taxa-de-desemprego-bate-em-7-maior-indice-para-junho-desde-2010","status":"publish","type":"post","link":"https:\/\/www.notibras.com\/site\/taxa-de-desemprego-bate-em-7-maior-indice-para-junho-desde-2010\/","title":{"rendered":"Taxa de desemprego bate em 7%, maior \u00edndice para junho desde 2010"},"content":{"rendered":"<p>O desemprego chegou a 6,9% em junho, a maior taxa para o m\u00eas desde 2010, segundo o IBGE (Instituto Brasileiro de Geografia e Estat\u00edstica). Naquele ano, o desemprego em junho foi de 7%.<\/p>\n<p>Na compara\u00e7\u00e3o com maio deste ano, quando foi de 6,7%, o desemprego cresceu 0,2 ponto percentual, resultado considerado est\u00e1vel pelo instituto. Em rela\u00e7\u00e3o a junho de 2014, quando era de 4,8%, o aumento foi de 2,1 pontos percentuais.<\/p>\n<blockquote><p>Os dados foram divulgados pelo IBGE nesta quinta-feira (23) e fazem parte da PME (Pesquisa Mensal de Emprego). A PME \u00e9 baseada nos dados das regi\u00f5es metropolitanas de Recife, Belo Horizonte, S\u00e3o Paulo, Salvador, Rio de Janeiro e Porto Alegre.<\/p><\/blockquote>\n<p>O IBGE n\u00e3o considera desempregado quem n\u00e3o tem trabalho ou procurou algum nos 30 dias anteriores \u00e0 semana em que os dados foram coletados.<\/p>\n<p>O n\u00famero de pessoas sem trabalho foi estimado em 1,7 milh\u00e3o em junho, ficando est\u00e1vel na compara\u00e7\u00e3o com maio, mas cresceu 44,9% na compara\u00e7\u00e3o com junho de 2014, com 522 mil pessoas a mais procurando emprego.<\/p>\n<p>A popula\u00e7\u00e3o com trabalho foi estimada em 22,8 milh\u00f5es, resultado tamb\u00e9m considerado est\u00e1vel no m\u00eas, e com queda de 1,3% em um ano, ou menos 298 mil pessoas.<\/p>\n<p>A popula\u00e7\u00e3o n\u00e3o economicamente ativa, que s\u00e3o as pessoas consideradas fora do mercado de trabalho (que n\u00e3o t\u00eam nem procuram emprego), foi de 19,3 milh\u00f5es de pessoas, n\u00famero considerado est\u00e1vel na compara\u00e7\u00e3o mensal e na anual.<\/p>\n","protected":false},"excerpt":{"rendered":"<p>O desemprego chegou a 6,9% em junho, a maior taxa para o m\u00eas desde 2010, segundo o IBGE (Instituto Brasileiro de Geografia e Estat\u00edstica). Naquele ano, o desemprego em junho foi de 7%. Na compara\u00e7\u00e3o com maio deste ano, quando foi de 6,7%, o desemprego cresceu 0,2 ponto percentual, resultado considerado est\u00e1vel pelo instituto. Em [&hellip;]<\/p>\n","protected":false},"author":2,"featured_media":58703,"comment_status":"open","ping_status":"closed","sticky":false,"template":"","format":"standard","meta":{"_acf_changed":false,"footnotes":""},"categories":[16],"tags":[],"class_list":["post-58702","post","type-post","status-publish","format-standard","has-post-thumbnail","hentry","category-brasil"],"acf":[],"yoast_head":"<!-- This site is optimized with the Yoast SEO plugin v27.2 - https:\/\/yoast.com\/product\/yoast-seo-wordpress\/ -->\n<title>Taxa de desemprego bate em 7%, maior \u00edndice para junho desde 2010 - Notibras<\/title>\n<meta name=\"robots\" content=\"index, follow, max-snippet:-1, max-image-preview:large, max-video-preview:-1\" \/>\n<link rel=\"canonical\" href=\"https:\/\/www.notibras.com\/site\/taxa-de-desemprego-bate-em-7-maior-indice-para-junho-desde-2010\/\" \/>\n<meta property=\"og:locale\" content=\"pt_BR\" \/>\n<meta property=\"og:type\" content=\"article\" \/>\n<meta property=\"og:title\" content=\"Taxa de desemprego bate em 7%, maior \u00edndice para junho desde 2010 - Notibras\" \/>\n<meta property=\"og:description\" content=\"O desemprego chegou a 6,9% em junho, a maior taxa para o m\u00eas desde 2010, segundo o IBGE (Instituto Brasileiro de Geografia e Estat\u00edstica). Naquele ano, o desemprego em junho foi de 7%. Na compara\u00e7\u00e3o com maio deste ano, quando foi de 6,7%, o desemprego cresceu 0,2 ponto percentual, resultado considerado est\u00e1vel pelo instituto. Em [&hellip;]\" \/>\n<meta property=\"og:url\" content=\"https:\/\/www.notibras.com\/site\/taxa-de-desemprego-bate-em-7-maior-indice-para-junho-desde-2010\/\" \/>\n<meta property=\"og:site_name\" content=\"Notibras\" \/>\n<meta property=\"article:publisher\" content=\"https:\/\/www.facebook.com\/notibras\/\" \/>\n<meta property=\"article:published_time\" content=\"2015-07-23T13:16:40+00:00\" \/>\n<meta property=\"og:image\" content=\"https:\/\/www.notibras.com\/site\/wp-content\/uploads\/2015\/07\/carteira.jpg\" \/>\n\t<meta property=\"og:image:width\" content=\"1600\" \/>\n\t<meta property=\"og:image:height\" content=\"1200\" \/>\n\t<meta property=\"og:image:type\" content=\"image\/jpeg\" \/>\n<meta name=\"author\" content=\"Reda\u00e7\u00e3o\" \/>\n<meta name=\"twitter:card\" content=\"summary_large_image\" \/>\n<meta name=\"twitter:creator\" content=\"@Notibras\" \/>\n<meta name=\"twitter:site\" content=\"@Notibras\" \/>\n<meta name=\"twitter:label1\" content=\"Escrito por\" \/>\n\t<meta name=\"twitter:data1\" content=\"Reda\u00e7\u00e3o\" \/>\n\t<meta name=\"twitter:label2\" content=\"Est. tempo de leitura\" \/>\n\t<meta name=\"twitter:data2\" content=\"1 minuto\" \/>\n<script type=\"application\/ld+json\" class=\"yoast-schema-graph\">{\"@context\":\"https:\/\/schema.org\",\"@graph\":[{\"@type\":\"Article\",\"@id\":\"https:\/\/www.notibras.com\/site\/taxa-de-desemprego-bate-em-7-maior-indice-para-junho-desde-2010\/#article\",\"isPartOf\":{\"@id\":\"https:\/\/www.notibras.com\/site\/taxa-de-desemprego-bate-em-7-maior-indice-para-junho-desde-2010\/\"},\"author\":{\"name\":\"Reda\u00e7\u00e3o\",\"@id\":\"https:\/\/www.notibras.com\/site\/#\/schema\/person\/36ab0979449956132d3e5b517ea76ac8\"},\"headline\":\"Taxa de desemprego bate em 7%, maior \u00edndice para junho desde 2010\",\"datePublished\":\"2015-07-23T13:16:40+00:00\",\"mainEntityOfPage\":{\"@id\":\"https:\/\/www.notibras.com\/site\/taxa-de-desemprego-bate-em-7-maior-indice-para-junho-desde-2010\/\"},\"wordCount\":253,\"commentCount\":0,\"publisher\":{\"@id\":\"https:\/\/www.notibras.com\/site\/#organization\"},\"image\":{\"@id\":\"https:\/\/www.notibras.com\/site\/taxa-de-desemprego-bate-em-7-maior-indice-para-junho-desde-2010\/#primaryimage\"},\"thumbnailUrl\":\"https:\/\/www.notibras.com\/site\/wp-content\/uploads\/2015\/07\/carteira.jpg\",\"articleSection\":[\"Brasil\"],\"inLanguage\":\"pt-BR\",\"potentialAction\":[{\"@type\":\"CommentAction\",\"name\":\"Comment\",\"target\":[\"https:\/\/www.notibras.com\/site\/taxa-de-desemprego-bate-em-7-maior-indice-para-junho-desde-2010\/#respond\"]}]},{\"@type\":\"WebPage\",\"@id\":\"https:\/\/www.notibras.com\/site\/taxa-de-desemprego-bate-em-7-maior-indice-para-junho-desde-2010\/\",\"url\":\"https:\/\/www.notibras.com\/site\/taxa-de-desemprego-bate-em-7-maior-indice-para-junho-desde-2010\/\",\"name\":\"Taxa de desemprego bate em 7%, maior \u00edndice para junho desde 2010 - Notibras\",\"isPartOf\":{\"@id\":\"https:\/\/www.notibras.com\/site\/#website\"},\"primaryImageOfPage\":{\"@id\":\"https:\/\/www.notibras.com\/site\/taxa-de-desemprego-bate-em-7-maior-indice-para-junho-desde-2010\/#primaryimage\"},\"image\":{\"@id\":\"https:\/\/www.notibras.com\/site\/taxa-de-desemprego-bate-em-7-maior-indice-para-junho-desde-2010\/#primaryimage\"},\"thumbnailUrl\":\"https:\/\/www.notibras.com\/site\/wp-content\/uploads\/2015\/07\/carteira.jpg\",\"datePublished\":\"2015-07-23T13:16:40+00:00\",\"breadcrumb\":{\"@id\":\"https:\/\/www.notibras.com\/site\/taxa-de-desemprego-bate-em-7-maior-indice-para-junho-desde-2010\/#breadcrumb\"},\"inLanguage\":\"pt-BR\",\"potentialAction\":[{\"@type\":\"ReadAction\",\"target\":[\"https:\/\/www.notibras.com\/site\/taxa-de-desemprego-bate-em-7-maior-indice-para-junho-desde-2010\/\"]}]},{\"@type\":\"ImageObject\",\"inLanguage\":\"pt-BR\",\"@id\":\"https:\/\/www.notibras.com\/site\/taxa-de-desemprego-bate-em-7-maior-indice-para-junho-desde-2010\/#primaryimage\",\"url\":\"https:\/\/www.notibras.com\/site\/wp-content\/uploads\/2015\/07\/carteira.jpg\",\"contentUrl\":\"https:\/\/www.notibras.com\/site\/wp-content\/uploads\/2015\/07\/carteira.jpg\",\"width\":1600,\"height\":1200},{\"@type\":\"BreadcrumbList\",\"@id\":\"https:\/\/www.notibras.com\/site\/taxa-de-desemprego-bate-em-7-maior-indice-para-junho-desde-2010\/#breadcrumb\",\"itemListElement\":[{\"@type\":\"ListItem\",\"position\":1,\"name\":\"In\u00edcio\",\"item\":\"https:\/\/www.notibras.com\/site\/\"},{\"@type\":\"ListItem\",\"position\":2,\"name\":\"Taxa de desemprego bate em 7%, maior \u00edndice para junho desde 2010\"}]},{\"@type\":\"WebSite\",\"@id\":\"https:\/\/www.notibras.com\/site\/#website\",\"url\":\"https:\/\/www.notibras.com\/site\/\",\"name\":\"Notibras\",\"description\":\"Not\u00edcias de Bras\u00edlia, do Brasil e do Mundo\",\"publisher\":{\"@id\":\"https:\/\/www.notibras.com\/site\/#organization\"},\"potentialAction\":[{\"@type\":\"SearchAction\",\"target\":{\"@type\":\"EntryPoint\",\"urlTemplate\":\"https:\/\/www.notibras.com\/site\/?s={search_term_string}\"},\"query-input\":{\"@type\":\"PropertyValueSpecification\",\"valueRequired\":true,\"valueName\":\"search_term_string\"}}],\"inLanguage\":\"pt-BR\"},{\"@type\":\"Organization\",\"@id\":\"https:\/\/www.notibras.com\/site\/#organization\",\"name\":\"Grupo Notibras de Comunica\u00e7\u00e3o\",\"url\":\"https:\/\/www.notibras.com\/site\/\",\"logo\":{\"@type\":\"ImageObject\",\"inLanguage\":\"pt-BR\",\"@id\":\"https:\/\/www.notibras.com\/site\/#\/schema\/logo\/image\/\",\"url\":\"https:\/\/www.notibras.com\/site\/wp-content\/uploads\/2023\/01\/notibras23.png\",\"contentUrl\":\"https:\/\/www.notibras.com\/site\/wp-content\/uploads\/2023\/01\/notibras23.png\",\"width\":350,\"height\":87,\"caption\":\"Grupo Notibras de Comunica\u00e7\u00e3o\"},\"image\":{\"@id\":\"https:\/\/www.notibras.com\/site\/#\/schema\/logo\/image\/\"},\"sameAs\":[\"https:\/\/www.facebook.com\/notibras\/\",\"https:\/\/x.com\/Notibras\",\"https:\/\/www.instagram.com\/notibras\/\"]},{\"@type\":\"Person\",\"@id\":\"https:\/\/www.notibras.com\/site\/#\/schema\/person\/36ab0979449956132d3e5b517ea76ac8\",\"name\":\"Reda\u00e7\u00e3o\",\"image\":{\"@type\":\"ImageObject\",\"inLanguage\":\"pt-BR\",\"@id\":\"https:\/\/secure.gravatar.com\/avatar\/e0a867bdedb85fd243eadf09663511f96fc81e0720a4a42581f334ad4303aa6b?s=96&d=mm&r=g\",\"url\":\"https:\/\/secure.gravatar.com\/avatar\/e0a867bdedb85fd243eadf09663511f96fc81e0720a4a42581f334ad4303aa6b?s=96&d=mm&r=g\",\"contentUrl\":\"https:\/\/secure.gravatar.com\/avatar\/e0a867bdedb85fd243eadf09663511f96fc81e0720a4a42581f334ad4303aa6b?s=96&d=mm&r=g\",\"caption\":\"Reda\u00e7\u00e3o\"}}]}<\/script>\n<!-- \/ Yoast SEO plugin. -->","yoast_head_json":{"title":"Taxa de desemprego bate em 7%, maior \u00edndice para junho desde 2010 - Notibras","robots":{"index":"index","follow":"follow","max-snippet":"max-snippet:-1","max-image-preview":"max-image-preview:large","max-video-preview":"max-video-preview:-1"},"canonical":"https:\/\/www.notibras.com\/site\/taxa-de-desemprego-bate-em-7-maior-indice-para-junho-desde-2010\/","og_locale":"pt_BR","og_type":"article","og_title":"Taxa de desemprego bate em 7%, maior \u00edndice para junho desde 2010 - Notibras","og_description":"O desemprego chegou a 6,9% em junho, a maior taxa para o m\u00eas desde 2010, segundo o IBGE (Instituto Brasileiro de Geografia e Estat\u00edstica). Naquele ano, o desemprego em junho foi de 7%. Na compara\u00e7\u00e3o com maio deste ano, quando foi de 6,7%, o desemprego cresceu 0,2 ponto percentual, resultado considerado est\u00e1vel pelo instituto. Em [&hellip;]","og_url":"https:\/\/www.notibras.com\/site\/taxa-de-desemprego-bate-em-7-maior-indice-para-junho-desde-2010\/","og_site_name":"Notibras","article_publisher":"https:\/\/www.facebook.com\/notibras\/","article_published_time":"2015-07-23T13:16:40+00:00","og_image":[{"width":1600,"height":1200,"url":"https:\/\/www.notibras.com\/site\/wp-content\/uploads\/2015\/07\/carteira.jpg","type":"image\/jpeg"}],"author":"Reda\u00e7\u00e3o","twitter_card":"summary_large_image","twitter_creator":"@Notibras","twitter_site":"@Notibras","twitter_misc":{"Escrito por":"Reda\u00e7\u00e3o","Est. tempo de leitura":"1 minuto"},"schema":{"@context":"https:\/\/schema.org","@graph":[{"@type":"Article","@id":"https:\/\/www.notibras.com\/site\/taxa-de-desemprego-bate-em-7-maior-indice-para-junho-desde-2010\/#article","isPartOf":{"@id":"https:\/\/www.notibras.com\/site\/taxa-de-desemprego-bate-em-7-maior-indice-para-junho-desde-2010\/"},"author":{"name":"Reda\u00e7\u00e3o","@id":"https:\/\/www.notibras.com\/site\/#\/schema\/person\/36ab0979449956132d3e5b517ea76ac8"},"headline":"Taxa de desemprego bate em 7%, maior \u00edndice para junho desde 2010","datePublished":"2015-07-23T13:16:40+00:00","mainEntityOfPage":{"@id":"https:\/\/www.notibras.com\/site\/taxa-de-desemprego-bate-em-7-maior-indice-para-junho-desde-2010\/"},"wordCount":253,"commentCount":0,"publisher":{"@id":"https:\/\/www.notibras.com\/site\/#organization"},"image":{"@id":"https:\/\/www.notibras.com\/site\/taxa-de-desemprego-bate-em-7-maior-indice-para-junho-desde-2010\/#primaryimage"},"thumbnailUrl":"https:\/\/www.notibras.com\/site\/wp-content\/uploads\/2015\/07\/carteira.jpg","articleSection":["Brasil"],"inLanguage":"pt-BR","potentialAction":[{"@type":"CommentAction","name":"Comment","target":["https:\/\/www.notibras.com\/site\/taxa-de-desemprego-bate-em-7-maior-indice-para-junho-desde-2010\/#respond"]}]},{"@type":"WebPage","@id":"https:\/\/www.notibras.com\/site\/taxa-de-desemprego-bate-em-7-maior-indice-para-junho-desde-2010\/","url":"https:\/\/www.notibras.com\/site\/taxa-de-desemprego-bate-em-7-maior-indice-para-junho-desde-2010\/","name":"Taxa de desemprego bate em 7%, maior \u00edndice para junho desde 2010 - Notibras","isPartOf":{"@id":"https:\/\/www.notibras.com\/site\/#website"},"primaryImageOfPage":{"@id":"https:\/\/www.notibras.com\/site\/taxa-de-desemprego-bate-em-7-maior-indice-para-junho-desde-2010\/#primaryimage"},"image":{"@id":"https:\/\/www.notibras.com\/site\/taxa-de-desemprego-bate-em-7-maior-indice-para-junho-desde-2010\/#primaryimage"},"thumbnailUrl":"https:\/\/www.notibras.com\/site\/wp-content\/uploads\/2015\/07\/carteira.jpg","datePublished":"2015-07-23T13:16:40+00:00","breadcrumb":{"@id":"https:\/\/www.notibras.com\/site\/taxa-de-desemprego-bate-em-7-maior-indice-para-junho-desde-2010\/#breadcrumb"},"inLanguage":"pt-BR","potentialAction":[{"@type":"ReadAction","target":["https:\/\/www.notibras.com\/site\/taxa-de-desemprego-bate-em-7-maior-indice-para-junho-desde-2010\/"]}]},{"@type":"ImageObject","inLanguage":"pt-BR","@id":"https:\/\/www.notibras.com\/site\/taxa-de-desemprego-bate-em-7-maior-indice-para-junho-desde-2010\/#primaryimage","url":"https:\/\/www.notibras.com\/site\/wp-content\/uploads\/2015\/07\/carteira.jpg","contentUrl":"https:\/\/www.notibras.com\/site\/wp-content\/uploads\/2015\/07\/carteira.jpg","width":1600,"height":1200},{"@type":"BreadcrumbList","@id":"https:\/\/www.notibras.com\/site\/taxa-de-desemprego-bate-em-7-maior-indice-para-junho-desde-2010\/#breadcrumb","itemListElement":[{"@type":"ListItem","position":1,"name":"In\u00edcio","item":"https:\/\/www.notibras.com\/site\/"},{"@type":"ListItem","position":2,"name":"Taxa de desemprego bate em 7%, maior \u00edndice para junho desde 2010"}]},{"@type":"WebSite","@id":"https:\/\/www.notibras.com\/site\/#website","url":"https:\/\/www.notibras.com\/site\/","name":"Notibras","description":"Not\u00edcias de Bras\u00edlia, do Brasil e do Mundo","publisher":{"@id":"https:\/\/www.notibras.com\/site\/#organization"},"potentialAction":[{"@type":"SearchAction","target":{"@type":"EntryPoint","urlTemplate":"https:\/\/www.notibras.com\/site\/?s={search_term_string}"},"query-input":{"@type":"PropertyValueSpecification","valueRequired":true,"valueName":"search_term_string"}}],"inLanguage":"pt-BR"},{"@type":"Organization","@id":"https:\/\/www.notibras.com\/site\/#organization","name":"Grupo Notibras de Comunica\u00e7\u00e3o","url":"https:\/\/www.notibras.com\/site\/","logo":{"@type":"ImageObject","inLanguage":"pt-BR","@id":"https:\/\/www.notibras.com\/site\/#\/schema\/logo\/image\/","url":"https:\/\/www.notibras.com\/site\/wp-content\/uploads\/2023\/01\/notibras23.png","contentUrl":"https:\/\/www.notibras.com\/site\/wp-content\/uploads\/2023\/01\/notibras23.png","width":350,"height":87,"caption":"Grupo Notibras de Comunica\u00e7\u00e3o"},"image":{"@id":"https:\/\/www.notibras.com\/site\/#\/schema\/logo\/image\/"},"sameAs":["https:\/\/www.facebook.com\/notibras\/","https:\/\/x.com\/Notibras","https:\/\/www.instagram.com\/notibras\/"]},{"@type":"Person","@id":"https:\/\/www.notibras.com\/site\/#\/schema\/person\/36ab0979449956132d3e5b517ea76ac8","name":"Reda\u00e7\u00e3o","image":{"@type":"ImageObject","inLanguage":"pt-BR","@id":"https:\/\/secure.gravatar.com\/avatar\/e0a867bdedb85fd243eadf09663511f96fc81e0720a4a42581f334ad4303aa6b?s=96&d=mm&r=g","url":"https:\/\/secure.gravatar.com\/avatar\/e0a867bdedb85fd243eadf09663511f96fc81e0720a4a42581f334ad4303aa6b?s=96&d=mm&r=g","contentUrl":"https:\/\/secure.gravatar.com\/avatar\/e0a867bdedb85fd243eadf09663511f96fc81e0720a4a42581f334ad4303aa6b?s=96&d=mm&r=g","caption":"Reda\u00e7\u00e3o"}}]}},"amp_enabled":true,"_links":{"self":[{"href":"https:\/\/www.notibras.com\/site\/wp-json\/wp\/v2\/posts\/58702","targetHints":{"allow":["GET"]}}],"collection":[{"href":"https:\/\/www.notibras.com\/site\/wp-json\/wp\/v2\/posts"}],"about":[{"href":"https:\/\/www.notibras.com\/site\/wp-json\/wp\/v2\/types\/post"}],"author":[{"embeddable":true,"href":"https:\/\/www.notibras.com\/site\/wp-json\/wp\/v2\/users\/2"}],"replies":[{"embeddable":true,"href":"https:\/\/www.notibras.com\/site\/wp-json\/wp\/v2\/comments?post=58702"}],"version-history":[{"count":0,"href":"https:\/\/www.notibras.com\/site\/wp-json\/wp\/v2\/posts\/58702\/revisions"}],"wp:featuredmedia":[{"embeddable":true,"href":"https:\/\/www.notibras.com\/site\/wp-json\/wp\/v2\/media\/58703"}],"wp:attachment":[{"href":"https:\/\/www.notibras.com\/site\/wp-json\/wp\/v2\/media?parent=58702"}],"wp:term":[{"taxonomy":"category","embeddable":true,"href":"https:\/\/www.notibras.com\/site\/wp-json\/wp\/v2\/categories?post=58702"},{"taxonomy":"post_tag","embeddable":true,"href":"https:\/\/www.notibras.com\/site\/wp-json\/wp\/v2\/tags?post=58702"}],"curies":[{"name":"wp","href":"https:\/\/api.w.org\/{rel}","templated":true}]}}