{"id":58722,"date":"2015-07-23T13:18:14","date_gmt":"2015-07-23T16:18:14","guid":{"rendered":"http:\/\/www.notibras.com\/site\/?p=58722"},"modified":"2015-07-23T23:13:01","modified_gmt":"2015-07-24T02:13:01","slug":"condenacao-de-empreiteiros-a-15-anos-deixa-clima-politico-mais-tenso","status":"publish","type":"post","link":"https:\/\/www.notibras.com\/site\/condenacao-de-empreiteiros-a-15-anos-deixa-clima-politico-mais-tenso\/","title":{"rendered":"Condena\u00e7\u00e3o de tr\u00eas empreiteiros a 15 anos deixa clima pol\u00edtico tenso"},"content":{"rendered":"<p>O clima pol\u00edtico e administrativo em Bras\u00edlia est\u00e1 pra l\u00e1 de tenso. \u00c9 o resultado da mega crise em que est\u00e1 envolvido o Brasil na pol\u00edtica, na economia, \u00e9tica e institucionalmente. E a popula\u00e7\u00e3o brasileira pagando o pato pelos desvios e incompet\u00eancia dos nossos governantes. Estamos convivendo com a infla\u00e7\u00e3o sem controle, os juros escorchantes e o desemprego crescendo dia a dia.<\/p>\n<p>O que n\u00e3o falta, diariamente, na capital da Rep\u00fablica s\u00e3o not\u00edcias mentirosas, esclarecimentos, vers\u00f5es, fofocas espalhadas de acordo com os interesses dos protagonistas e grupos pol\u00edticos envolvidos na mega crise. S\u00f3 servem de combust\u00edveis para tencionar mais o ambiente. Principalmente quando se trata dos esc\u00e2ndalos na Petrobras.<\/p>\n<blockquote><p>O recesso parlamentar que ir\u00e1 at\u00e9 dia 3 de agosto, virou um pesadelo.\u00a0Na avalia\u00e7\u00e3o de cientistas pol\u00edticos esse clima de verdadeiro p\u00e2nico s\u00f3 ter\u00e1 um fim depois de encerradas as investiga\u00e7\u00f5es da Opera\u00e7\u00e3o Lava-Jato, e a decreta\u00e7\u00e3o das puni\u00e7\u00f5es dos beneficiados das roubalheiras ocorridas na Petrobras. Eles s\u00e3o muitos, mais de cem e s\u00e3o atuais e ex-ministros, senadores, deputados, importantes empres\u00e1rios.<\/p><\/blockquote>\n<p>Ao Supremo Tribunal Federal caber\u00e1 o julgamento daqueles que t\u00eam foro privilegiado, como deputados, senadores e ministros de Estado. O pedido de abertura de processos ser\u00e1 feito pelo Procurador Geral da Rep\u00fablica, Rodrigo Janot. Cabe ao relator, ministro Teori Zavascki dar prosseguimento ao processo, que poder\u00e1 ser rejeitado ou submetido \u00e0 decis\u00e3o final aos ministros da 2\u00aa turma da Corte.<\/p>\n<blockquote><p>Na segunda-feira, surgiram as primeiras senten\u00e7as atingindo empreiteiros envolvidos no mega esc\u00e2ndalo da Petrobras. O juiz federal Sergio Moro, em Curitiba, condenou os executivos da Camargo Corr\u00eaa, Dalton Avancini, Eduardo Leite e Jo\u00e3o Ricardo Auler, a penas de 15 anos de reclus\u00e3o por corrup\u00e7\u00e3o, organiza\u00e7\u00e3o criminosa e lavagem de dinheiro. Os dois primeiros, por\u00e9m, ter\u00e3o a pena reduzida porque fizeram a dela\u00e7\u00e3o premiada. Os crimes foram cometidos em contratos fraudulentos e aditivos com a Petrobras. Eles foram tamb\u00e9m condenados ao pagamento de R$ 50 milh\u00f5es \u00e0 Petrobras para repara\u00e7\u00e3o de preju\u00edzos a ela causados.<\/p><\/blockquote>\n<p>Para o procurador Dalton Dallagnol, a condena\u00e7\u00e3o mostra que \u201cningu\u00e9m \u00e9 intoc\u00e1vel na Rep\u00fablica\u201d.<br \/>\nNa mesma segunda-feira, a Pol\u00edcia Federal indiciou o presidente da holding Odebrecht S.A, Marcelo Odebrecht e mais sete executivos da empreiteira. Ele est\u00e1 preso na carceragem da Pol\u00edcia Federal, em Curitiba, desde 19 de junho. Os crimes citados s\u00e3o fraude em licita\u00e7\u00e3o, lavagem de dinheiro, corrup\u00e7\u00e3o ativa e passiva, crime contra a ordem econ\u00f4mica e participa\u00e7\u00e3o em organiza\u00e7\u00e3o criminosa. O ex-presidente Lula \u00e9 citado v\u00e1rias vezes no inqu\u00e9rito como lobista da Odebrecht no exterior.<\/p>\n<p><strong>Cl\u00e1udio Coletti<\/strong><\/p>\n","protected":false},"excerpt":{"rendered":"<p>O clima pol\u00edtico e administrativo em Bras\u00edlia est\u00e1 pra l\u00e1 de tenso. \u00c9 o resultado da mega crise em que est\u00e1 envolvido o Brasil na pol\u00edtica, na economia, \u00e9tica e institucionalmente. E a popula\u00e7\u00e3o brasileira pagando o pato pelos desvios e incompet\u00eancia dos nossos governantes. Estamos convivendo com a infla\u00e7\u00e3o sem controle, os juros escorchantes [&hellip;]<\/p>\n","protected":false},"author":2,"featured_media":58723,"comment_status":"open","ping_status":"closed","sticky":false,"template":"","format":"standard","meta":{"_acf_changed":false,"footnotes":""},"categories":[25],"tags":[],"class_list":["post-58722","post","type-post","status-publish","format-standard","has-post-thumbnail","hentry","category-opina-ai"],"acf":[],"yoast_head":"<!-- This site is optimized with the Yoast SEO plugin v27.2 - https:\/\/yoast.com\/product\/yoast-seo-wordpress\/ -->\n<title>Condena\u00e7\u00e3o de tr\u00eas empreiteiros a 15 anos deixa clima pol\u00edtico tenso - Notibras<\/title>\n<meta name=\"robots\" content=\"index, follow, max-snippet:-1, max-image-preview:large, max-video-preview:-1\" \/>\n<link rel=\"canonical\" href=\"https:\/\/www.notibras.com\/site\/condenacao-de-empreiteiros-a-15-anos-deixa-clima-politico-mais-tenso\/\" \/>\n<meta property=\"og:locale\" content=\"pt_BR\" \/>\n<meta property=\"og:type\" content=\"article\" \/>\n<meta property=\"og:title\" content=\"Condena\u00e7\u00e3o de tr\u00eas empreiteiros a 15 anos deixa clima pol\u00edtico tenso - Notibras\" \/>\n<meta property=\"og:description\" content=\"O clima pol\u00edtico e administrativo em Bras\u00edlia est\u00e1 pra l\u00e1 de tenso. \u00c9 o resultado da mega crise em que est\u00e1 envolvido o Brasil na pol\u00edtica, na economia, \u00e9tica e institucionalmente. E a popula\u00e7\u00e3o brasileira pagando o pato pelos desvios e incompet\u00eancia dos nossos governantes. Estamos convivendo com a infla\u00e7\u00e3o sem controle, os juros escorchantes [&hellip;]\" \/>\n<meta property=\"og:url\" content=\"https:\/\/www.notibras.com\/site\/condenacao-de-empreiteiros-a-15-anos-deixa-clima-politico-mais-tenso\/\" \/>\n<meta property=\"og:site_name\" content=\"Notibras\" \/>\n<meta property=\"article:publisher\" content=\"https:\/\/www.facebook.com\/notibras\/\" \/>\n<meta property=\"article:published_time\" content=\"2015-07-23T16:18:14+00:00\" \/>\n<meta property=\"article:modified_time\" content=\"2015-07-24T02:13:01+00:00\" \/>\n<meta property=\"og:image\" content=\"https:\/\/www.notibras.com\/site\/wp-content\/uploads\/2015\/07\/pressos.jpg\" \/>\n\t<meta property=\"og:image:width\" content=\"1024\" \/>\n\t<meta property=\"og:image:height\" content=\"758\" \/>\n\t<meta property=\"og:image:type\" content=\"image\/jpeg\" \/>\n<meta name=\"author\" content=\"Reda\u00e7\u00e3o\" \/>\n<meta name=\"twitter:card\" content=\"summary_large_image\" \/>\n<meta name=\"twitter:creator\" content=\"@Notibras\" \/>\n<meta name=\"twitter:site\" content=\"@Notibras\" \/>\n<meta name=\"twitter:label1\" content=\"Escrito por\" \/>\n\t<meta name=\"twitter:data1\" content=\"Reda\u00e7\u00e3o\" \/>\n\t<meta name=\"twitter:label2\" content=\"Est. tempo de leitura\" \/>\n\t<meta name=\"twitter:data2\" content=\"2 minutos\" \/>\n<script type=\"application\/ld+json\" class=\"yoast-schema-graph\">{\"@context\":\"https:\/\/schema.org\",\"@graph\":[{\"@type\":\"Article\",\"@id\":\"https:\/\/www.notibras.com\/site\/condenacao-de-empreiteiros-a-15-anos-deixa-clima-politico-mais-tenso\/#article\",\"isPartOf\":{\"@id\":\"https:\/\/www.notibras.com\/site\/condenacao-de-empreiteiros-a-15-anos-deixa-clima-politico-mais-tenso\/\"},\"author\":{\"name\":\"Reda\u00e7\u00e3o\",\"@id\":\"https:\/\/www.notibras.com\/site\/#\/schema\/person\/36ab0979449956132d3e5b517ea76ac8\"},\"headline\":\"Condena\u00e7\u00e3o de tr\u00eas empreiteiros a 15 anos deixa clima pol\u00edtico tenso\",\"datePublished\":\"2015-07-23T16:18:14+00:00\",\"dateModified\":\"2015-07-24T02:13:01+00:00\",\"mainEntityOfPage\":{\"@id\":\"https:\/\/www.notibras.com\/site\/condenacao-de-empreiteiros-a-15-anos-deixa-clima-politico-mais-tenso\/\"},\"wordCount\":475,\"commentCount\":0,\"publisher\":{\"@id\":\"https:\/\/www.notibras.com\/site\/#organization\"},\"image\":{\"@id\":\"https:\/\/www.notibras.com\/site\/condenacao-de-empreiteiros-a-15-anos-deixa-clima-politico-mais-tenso\/#primaryimage\"},\"thumbnailUrl\":\"https:\/\/www.notibras.com\/site\/wp-content\/uploads\/2015\/07\/pressos.jpg\",\"articleSection\":[\"Opina a\u00ed\"],\"inLanguage\":\"pt-BR\",\"potentialAction\":[{\"@type\":\"CommentAction\",\"name\":\"Comment\",\"target\":[\"https:\/\/www.notibras.com\/site\/condenacao-de-empreiteiros-a-15-anos-deixa-clima-politico-mais-tenso\/#respond\"]}]},{\"@type\":\"WebPage\",\"@id\":\"https:\/\/www.notibras.com\/site\/condenacao-de-empreiteiros-a-15-anos-deixa-clima-politico-mais-tenso\/\",\"url\":\"https:\/\/www.notibras.com\/site\/condenacao-de-empreiteiros-a-15-anos-deixa-clima-politico-mais-tenso\/\",\"name\":\"Condena\u00e7\u00e3o de tr\u00eas empreiteiros a 15 anos deixa clima pol\u00edtico tenso - Notibras\",\"isPartOf\":{\"@id\":\"https:\/\/www.notibras.com\/site\/#website\"},\"primaryImageOfPage\":{\"@id\":\"https:\/\/www.notibras.com\/site\/condenacao-de-empreiteiros-a-15-anos-deixa-clima-politico-mais-tenso\/#primaryimage\"},\"image\":{\"@id\":\"https:\/\/www.notibras.com\/site\/condenacao-de-empreiteiros-a-15-anos-deixa-clima-politico-mais-tenso\/#primaryimage\"},\"thumbnailUrl\":\"https:\/\/www.notibras.com\/site\/wp-content\/uploads\/2015\/07\/pressos.jpg\",\"datePublished\":\"2015-07-23T16:18:14+00:00\",\"dateModified\":\"2015-07-24T02:13:01+00:00\",\"breadcrumb\":{\"@id\":\"https:\/\/www.notibras.com\/site\/condenacao-de-empreiteiros-a-15-anos-deixa-clima-politico-mais-tenso\/#breadcrumb\"},\"inLanguage\":\"pt-BR\",\"potentialAction\":[{\"@type\":\"ReadAction\",\"target\":[\"https:\/\/www.notibras.com\/site\/condenacao-de-empreiteiros-a-15-anos-deixa-clima-politico-mais-tenso\/\"]}]},{\"@type\":\"ImageObject\",\"inLanguage\":\"pt-BR\",\"@id\":\"https:\/\/www.notibras.com\/site\/condenacao-de-empreiteiros-a-15-anos-deixa-clima-politico-mais-tenso\/#primaryimage\",\"url\":\"https:\/\/www.notibras.com\/site\/wp-content\/uploads\/2015\/07\/pressos.jpg\",\"contentUrl\":\"https:\/\/www.notibras.com\/site\/wp-content\/uploads\/2015\/07\/pressos.jpg\",\"width\":1024,\"height\":758},{\"@type\":\"BreadcrumbList\",\"@id\":\"https:\/\/www.notibras.com\/site\/condenacao-de-empreiteiros-a-15-anos-deixa-clima-politico-mais-tenso\/#breadcrumb\",\"itemListElement\":[{\"@type\":\"ListItem\",\"position\":1,\"name\":\"In\u00edcio\",\"item\":\"https:\/\/www.notibras.com\/site\/\"},{\"@type\":\"ListItem\",\"position\":2,\"name\":\"Condena\u00e7\u00e3o de tr\u00eas empreiteiros a 15 anos deixa clima pol\u00edtico tenso\"}]},{\"@type\":\"WebSite\",\"@id\":\"https:\/\/www.notibras.com\/site\/#website\",\"url\":\"https:\/\/www.notibras.com\/site\/\",\"name\":\"Notibras\",\"description\":\"Not\u00edcias de Bras\u00edlia, do Brasil e do Mundo\",\"publisher\":{\"@id\":\"https:\/\/www.notibras.com\/site\/#organization\"},\"potentialAction\":[{\"@type\":\"SearchAction\",\"target\":{\"@type\":\"EntryPoint\",\"urlTemplate\":\"https:\/\/www.notibras.com\/site\/?s={search_term_string}\"},\"query-input\":{\"@type\":\"PropertyValueSpecification\",\"valueRequired\":true,\"valueName\":\"search_term_string\"}}],\"inLanguage\":\"pt-BR\"},{\"@type\":\"Organization\",\"@id\":\"https:\/\/www.notibras.com\/site\/#organization\",\"name\":\"Grupo Notibras de Comunica\u00e7\u00e3o\",\"url\":\"https:\/\/www.notibras.com\/site\/\",\"logo\":{\"@type\":\"ImageObject\",\"inLanguage\":\"pt-BR\",\"@id\":\"https:\/\/www.notibras.com\/site\/#\/schema\/logo\/image\/\",\"url\":\"https:\/\/www.notibras.com\/site\/wp-content\/uploads\/2023\/01\/notibras23.png\",\"contentUrl\":\"https:\/\/www.notibras.com\/site\/wp-content\/uploads\/2023\/01\/notibras23.png\",\"width\":350,\"height\":87,\"caption\":\"Grupo Notibras de Comunica\u00e7\u00e3o\"},\"image\":{\"@id\":\"https:\/\/www.notibras.com\/site\/#\/schema\/logo\/image\/\"},\"sameAs\":[\"https:\/\/www.facebook.com\/notibras\/\",\"https:\/\/x.com\/Notibras\",\"https:\/\/www.instagram.com\/notibras\/\"]},{\"@type\":\"Person\",\"@id\":\"https:\/\/www.notibras.com\/site\/#\/schema\/person\/36ab0979449956132d3e5b517ea76ac8\",\"name\":\"Reda\u00e7\u00e3o\",\"image\":{\"@type\":\"ImageObject\",\"inLanguage\":\"pt-BR\",\"@id\":\"https:\/\/secure.gravatar.com\/avatar\/e0a867bdedb85fd243eadf09663511f96fc81e0720a4a42581f334ad4303aa6b?s=96&d=mm&r=g\",\"url\":\"https:\/\/secure.gravatar.com\/avatar\/e0a867bdedb85fd243eadf09663511f96fc81e0720a4a42581f334ad4303aa6b?s=96&d=mm&r=g\",\"contentUrl\":\"https:\/\/secure.gravatar.com\/avatar\/e0a867bdedb85fd243eadf09663511f96fc81e0720a4a42581f334ad4303aa6b?s=96&d=mm&r=g\",\"caption\":\"Reda\u00e7\u00e3o\"}}]}<\/script>\n<!-- \/ Yoast SEO plugin. -->","yoast_head_json":{"title":"Condena\u00e7\u00e3o de tr\u00eas empreiteiros a 15 anos deixa clima pol\u00edtico tenso - Notibras","robots":{"index":"index","follow":"follow","max-snippet":"max-snippet:-1","max-image-preview":"max-image-preview:large","max-video-preview":"max-video-preview:-1"},"canonical":"https:\/\/www.notibras.com\/site\/condenacao-de-empreiteiros-a-15-anos-deixa-clima-politico-mais-tenso\/","og_locale":"pt_BR","og_type":"article","og_title":"Condena\u00e7\u00e3o de tr\u00eas empreiteiros a 15 anos deixa clima pol\u00edtico tenso - Notibras","og_description":"O clima pol\u00edtico e administrativo em Bras\u00edlia est\u00e1 pra l\u00e1 de tenso. \u00c9 o resultado da mega crise em que est\u00e1 envolvido o Brasil na pol\u00edtica, na economia, \u00e9tica e institucionalmente. E a popula\u00e7\u00e3o brasileira pagando o pato pelos desvios e incompet\u00eancia dos nossos governantes. Estamos convivendo com a infla\u00e7\u00e3o sem controle, os juros escorchantes [&hellip;]","og_url":"https:\/\/www.notibras.com\/site\/condenacao-de-empreiteiros-a-15-anos-deixa-clima-politico-mais-tenso\/","og_site_name":"Notibras","article_publisher":"https:\/\/www.facebook.com\/notibras\/","article_published_time":"2015-07-23T16:18:14+00:00","article_modified_time":"2015-07-24T02:13:01+00:00","og_image":[{"width":1024,"height":758,"url":"https:\/\/www.notibras.com\/site\/wp-content\/uploads\/2015\/07\/pressos.jpg","type":"image\/jpeg"}],"author":"Reda\u00e7\u00e3o","twitter_card":"summary_large_image","twitter_creator":"@Notibras","twitter_site":"@Notibras","twitter_misc":{"Escrito por":"Reda\u00e7\u00e3o","Est. tempo de leitura":"2 minutos"},"schema":{"@context":"https:\/\/schema.org","@graph":[{"@type":"Article","@id":"https:\/\/www.notibras.com\/site\/condenacao-de-empreiteiros-a-15-anos-deixa-clima-politico-mais-tenso\/#article","isPartOf":{"@id":"https:\/\/www.notibras.com\/site\/condenacao-de-empreiteiros-a-15-anos-deixa-clima-politico-mais-tenso\/"},"author":{"name":"Reda\u00e7\u00e3o","@id":"https:\/\/www.notibras.com\/site\/#\/schema\/person\/36ab0979449956132d3e5b517ea76ac8"},"headline":"Condena\u00e7\u00e3o de tr\u00eas empreiteiros a 15 anos deixa clima pol\u00edtico tenso","datePublished":"2015-07-23T16:18:14+00:00","dateModified":"2015-07-24T02:13:01+00:00","mainEntityOfPage":{"@id":"https:\/\/www.notibras.com\/site\/condenacao-de-empreiteiros-a-15-anos-deixa-clima-politico-mais-tenso\/"},"wordCount":475,"commentCount":0,"publisher":{"@id":"https:\/\/www.notibras.com\/site\/#organization"},"image":{"@id":"https:\/\/www.notibras.com\/site\/condenacao-de-empreiteiros-a-15-anos-deixa-clima-politico-mais-tenso\/#primaryimage"},"thumbnailUrl":"https:\/\/www.notibras.com\/site\/wp-content\/uploads\/2015\/07\/pressos.jpg","articleSection":["Opina a\u00ed"],"inLanguage":"pt-BR","potentialAction":[{"@type":"CommentAction","name":"Comment","target":["https:\/\/www.notibras.com\/site\/condenacao-de-empreiteiros-a-15-anos-deixa-clima-politico-mais-tenso\/#respond"]}]},{"@type":"WebPage","@id":"https:\/\/www.notibras.com\/site\/condenacao-de-empreiteiros-a-15-anos-deixa-clima-politico-mais-tenso\/","url":"https:\/\/www.notibras.com\/site\/condenacao-de-empreiteiros-a-15-anos-deixa-clima-politico-mais-tenso\/","name":"Condena\u00e7\u00e3o de tr\u00eas empreiteiros a 15 anos deixa clima pol\u00edtico tenso - Notibras","isPartOf":{"@id":"https:\/\/www.notibras.com\/site\/#website"},"primaryImageOfPage":{"@id":"https:\/\/www.notibras.com\/site\/condenacao-de-empreiteiros-a-15-anos-deixa-clima-politico-mais-tenso\/#primaryimage"},"image":{"@id":"https:\/\/www.notibras.com\/site\/condenacao-de-empreiteiros-a-15-anos-deixa-clima-politico-mais-tenso\/#primaryimage"},"thumbnailUrl":"https:\/\/www.notibras.com\/site\/wp-content\/uploads\/2015\/07\/pressos.jpg","datePublished":"2015-07-23T16:18:14+00:00","dateModified":"2015-07-24T02:13:01+00:00","breadcrumb":{"@id":"https:\/\/www.notibras.com\/site\/condenacao-de-empreiteiros-a-15-anos-deixa-clima-politico-mais-tenso\/#breadcrumb"},"inLanguage":"pt-BR","potentialAction":[{"@type":"ReadAction","target":["https:\/\/www.notibras.com\/site\/condenacao-de-empreiteiros-a-15-anos-deixa-clima-politico-mais-tenso\/"]}]},{"@type":"ImageObject","inLanguage":"pt-BR","@id":"https:\/\/www.notibras.com\/site\/condenacao-de-empreiteiros-a-15-anos-deixa-clima-politico-mais-tenso\/#primaryimage","url":"https:\/\/www.notibras.com\/site\/wp-content\/uploads\/2015\/07\/pressos.jpg","contentUrl":"https:\/\/www.notibras.com\/site\/wp-content\/uploads\/2015\/07\/pressos.jpg","width":1024,"height":758},{"@type":"BreadcrumbList","@id":"https:\/\/www.notibras.com\/site\/condenacao-de-empreiteiros-a-15-anos-deixa-clima-politico-mais-tenso\/#breadcrumb","itemListElement":[{"@type":"ListItem","position":1,"name":"In\u00edcio","item":"https:\/\/www.notibras.com\/site\/"},{"@type":"ListItem","position":2,"name":"Condena\u00e7\u00e3o de tr\u00eas empreiteiros a 15 anos deixa clima pol\u00edtico tenso"}]},{"@type":"WebSite","@id":"https:\/\/www.notibras.com\/site\/#website","url":"https:\/\/www.notibras.com\/site\/","name":"Notibras","description":"Not\u00edcias de Bras\u00edlia, do Brasil e do Mundo","publisher":{"@id":"https:\/\/www.notibras.com\/site\/#organization"},"potentialAction":[{"@type":"SearchAction","target":{"@type":"EntryPoint","urlTemplate":"https:\/\/www.notibras.com\/site\/?s={search_term_string}"},"query-input":{"@type":"PropertyValueSpecification","valueRequired":true,"valueName":"search_term_string"}}],"inLanguage":"pt-BR"},{"@type":"Organization","@id":"https:\/\/www.notibras.com\/site\/#organization","name":"Grupo Notibras de Comunica\u00e7\u00e3o","url":"https:\/\/www.notibras.com\/site\/","logo":{"@type":"ImageObject","inLanguage":"pt-BR","@id":"https:\/\/www.notibras.com\/site\/#\/schema\/logo\/image\/","url":"https:\/\/www.notibras.com\/site\/wp-content\/uploads\/2023\/01\/notibras23.png","contentUrl":"https:\/\/www.notibras.com\/site\/wp-content\/uploads\/2023\/01\/notibras23.png","width":350,"height":87,"caption":"Grupo Notibras de Comunica\u00e7\u00e3o"},"image":{"@id":"https:\/\/www.notibras.com\/site\/#\/schema\/logo\/image\/"},"sameAs":["https:\/\/www.facebook.com\/notibras\/","https:\/\/x.com\/Notibras","https:\/\/www.instagram.com\/notibras\/"]},{"@type":"Person","@id":"https:\/\/www.notibras.com\/site\/#\/schema\/person\/36ab0979449956132d3e5b517ea76ac8","name":"Reda\u00e7\u00e3o","image":{"@type":"ImageObject","inLanguage":"pt-BR","@id":"https:\/\/secure.gravatar.com\/avatar\/e0a867bdedb85fd243eadf09663511f96fc81e0720a4a42581f334ad4303aa6b?s=96&d=mm&r=g","url":"https:\/\/secure.gravatar.com\/avatar\/e0a867bdedb85fd243eadf09663511f96fc81e0720a4a42581f334ad4303aa6b?s=96&d=mm&r=g","contentUrl":"https:\/\/secure.gravatar.com\/avatar\/e0a867bdedb85fd243eadf09663511f96fc81e0720a4a42581f334ad4303aa6b?s=96&d=mm&r=g","caption":"Reda\u00e7\u00e3o"}}]}},"amp_enabled":true,"_links":{"self":[{"href":"https:\/\/www.notibras.com\/site\/wp-json\/wp\/v2\/posts\/58722","targetHints":{"allow":["GET"]}}],"collection":[{"href":"https:\/\/www.notibras.com\/site\/wp-json\/wp\/v2\/posts"}],"about":[{"href":"https:\/\/www.notibras.com\/site\/wp-json\/wp\/v2\/types\/post"}],"author":[{"embeddable":true,"href":"https:\/\/www.notibras.com\/site\/wp-json\/wp\/v2\/users\/2"}],"replies":[{"embeddable":true,"href":"https:\/\/www.notibras.com\/site\/wp-json\/wp\/v2\/comments?post=58722"}],"version-history":[{"count":0,"href":"https:\/\/www.notibras.com\/site\/wp-json\/wp\/v2\/posts\/58722\/revisions"}],"wp:featuredmedia":[{"embeddable":true,"href":"https:\/\/www.notibras.com\/site\/wp-json\/wp\/v2\/media\/58723"}],"wp:attachment":[{"href":"https:\/\/www.notibras.com\/site\/wp-json\/wp\/v2\/media?parent=58722"}],"wp:term":[{"taxonomy":"category","embeddable":true,"href":"https:\/\/www.notibras.com\/site\/wp-json\/wp\/v2\/categories?post=58722"},{"taxonomy":"post_tag","embeddable":true,"href":"https:\/\/www.notibras.com\/site\/wp-json\/wp\/v2\/tags?post=58722"}],"curies":[{"name":"wp","href":"https:\/\/api.w.org\/{rel}","templated":true}]}}