{"id":58771,"date":"2015-07-23T15:31:47","date_gmt":"2015-07-23T18:31:47","guid":{"rendered":"http:\/\/www.notibras.com\/site\/?p=58771"},"modified":"2015-07-24T10:31:07","modified_gmt":"2015-07-24T13:31:07","slug":"justica-italiana-adia-para-dezembro-decisao-sobre-extradicao-de-pizzolato","status":"publish","type":"post","link":"https:\/\/www.notibras.com\/site\/justica-italiana-adia-para-dezembro-decisao-sobre-extradicao-de-pizzolato\/","title":{"rendered":"Justi\u00e7a italiana adia para dezembro decis\u00e3o sobre extradi\u00e7\u00e3o de Pizzolato"},"content":{"rendered":"<p>A Justi\u00e7a italiana adiou, mais uma vez, a extradi\u00e7\u00e3o para o Brasil do ex-diretor de Marketing do Banco do Brasil Henrique Pizzolato. Agora ela dever\u00e1 ocorrer em dezembro, informaram os senadores Maria Cecilia Guerra e Luigi Manconi nesta quinta-feira (23).<\/p>\n<p>O novo adiamento ocorre porque Pizzolato ter\u00e1 que comparecer a um tribunal italiano no dia 14 de dezembro para responder a um processo de falsidade ideol\u00f3gica. Ao fugir do Brasil, ele usou um passaporte falso, com a identidade do irm\u00e3o, para ingressar e viver na It\u00e1lia.<\/p>\n<p>&#8220;Agora, Pizzolato est\u00e1 imputado de responder a um processo em um tribunal italiano, o que ter\u00e1 como consequ\u00eancia a suspens\u00e3o do processo de extradi\u00e7\u00e3o para que ele tenha o exerc\u00edcio pleno do direito de defesa&#8221;, disseram os l\u00edderes do movimento pol\u00edtico que tenta manter Pizzolato em territ\u00f3rio italiano.<\/p>\n<blockquote><p>O processo de extradi\u00e7\u00e3o j\u00e1 estava suspenso at\u00e9 o dia 22 de setembro, ap\u00f3s o Conselho de Estado, \u00faltima inst\u00e2ncia da Justi\u00e7a administrativa da It\u00e1lia, ter solicitado ao Minist\u00e9rio da Justi\u00e7a italiano mais informa\u00e7\u00f5es para analisar o pedido de defesa do brasileiro para que ele cumpra a pena no pa\u00eds europeu.<\/p><\/blockquote>\n<p>Segundo os dois senadores, depois dessa suspens\u00e3o, o minist\u00e9rio solicitou \u00e0s autoridades brasileiras a lista com as garantias suplementares requeridas pelo conselho. &#8220;As autoridades brasileiras dever\u00e3o fornecer todos os detalhes sobre a penitenci\u00e1ria para a qual ele ser\u00e1 transferido e de outros locais que possam receb\u00ea-lo, precisar\u00e3o autorizar uma visita diplom\u00e1tica preventiva nessas institui\u00e7\u00f5es e dever\u00e3o mostrar empenho para n\u00e3o transferir Pizzolato para outras estruturas, a n\u00e3o ser por motivos de for\u00e7a maior&#8221;, explicaram os pol\u00edticos.<\/p>\n<p>De acordo com os senadores, o governo brasileiro ainda ter\u00e1 a obriga\u00e7\u00e3o de &#8220;fornecer qualquer atualiza\u00e7\u00e3o sobre problemas que surjam durante a deten\u00e7\u00e3o no Brasil&#8221;.<\/p>\n<blockquote><p>Pizzolato foi condenado pelo Supremo Tribunal Federal (STF) na A\u00e7\u00e3o Penal 470, o processo do mensal\u00e3o. Ele foi sentenciado a 12 anos e sete meses de pris\u00e3o. Antes de ser condenado, Pizzolato, que tem cidadania italiana, fugiu para a It\u00e1lia com identidade falsa, mas acabou sendo preso em fevereiro de 2014, em Maranello.<\/p><\/blockquote>\n<p>Em outubro do ano passado, o Tribunal de Bolonha negou a extradi\u00e7\u00e3o e o colocou em liberdade. Em fevereiro, por\u00e9m, a Corte de Cassa\u00e7\u00e3o acolheu o pedido do Brasil e autorizou a extradi\u00e7\u00e3o. A decis\u00e3o foi ratificada pelo Minist\u00e9rio da Justi\u00e7a e pelo Tribunal Administrativo Regional do Lazio, primeira inst\u00e2ncia da Justi\u00e7a Administrativa.<\/p>\n<p>O Minist\u00e9rio da Justi\u00e7a do Brasil e a Procuradoria-Geral da Rep\u00fablica informaram que n\u00e3o receberam a notifica\u00e7\u00e3o da Justi\u00e7a italiana.<\/p>\n","protected":false},"excerpt":{"rendered":"<p>A Justi\u00e7a italiana adiou, mais uma vez, a extradi\u00e7\u00e3o para o Brasil do ex-diretor de Marketing do Banco do Brasil Henrique Pizzolato. Agora ela dever\u00e1 ocorrer em dezembro, informaram os senadores Maria Cecilia Guerra e Luigi Manconi nesta quinta-feira (23). O novo adiamento ocorre porque Pizzolato ter\u00e1 que comparecer a um tribunal italiano no dia [&hellip;]<\/p>\n","protected":false},"author":2,"featured_media":58772,"comment_status":"open","ping_status":"closed","sticky":false,"template":"","format":"standard","meta":{"_acf_changed":false,"footnotes":""},"categories":[16],"tags":[],"class_list":["post-58771","post","type-post","status-publish","format-standard","has-post-thumbnail","hentry","category-brasil"],"acf":[],"yoast_head":"<!-- This site is optimized with the Yoast SEO plugin v27.2 - https:\/\/yoast.com\/product\/yoast-seo-wordpress\/ -->\n<title>Justi\u00e7a italiana adia para dezembro decis\u00e3o sobre extradi\u00e7\u00e3o de Pizzolato - Notibras<\/title>\n<meta name=\"robots\" content=\"index, follow, max-snippet:-1, max-image-preview:large, max-video-preview:-1\" \/>\n<link rel=\"canonical\" href=\"https:\/\/www.notibras.com\/site\/justica-italiana-adia-para-dezembro-decisao-sobre-extradicao-de-pizzolato\/\" \/>\n<meta property=\"og:locale\" content=\"pt_BR\" \/>\n<meta property=\"og:type\" content=\"article\" \/>\n<meta property=\"og:title\" content=\"Justi\u00e7a italiana adia para dezembro decis\u00e3o sobre extradi\u00e7\u00e3o de Pizzolato - Notibras\" \/>\n<meta property=\"og:description\" content=\"A Justi\u00e7a italiana adiou, mais uma vez, a extradi\u00e7\u00e3o para o Brasil do ex-diretor de Marketing do Banco do Brasil Henrique Pizzolato. Agora ela dever\u00e1 ocorrer em dezembro, informaram os senadores Maria Cecilia Guerra e Luigi Manconi nesta quinta-feira (23). O novo adiamento ocorre porque Pizzolato ter\u00e1 que comparecer a um tribunal italiano no dia [&hellip;]\" \/>\n<meta property=\"og:url\" content=\"https:\/\/www.notibras.com\/site\/justica-italiana-adia-para-dezembro-decisao-sobre-extradicao-de-pizzolato\/\" \/>\n<meta property=\"og:site_name\" content=\"Notibras\" \/>\n<meta property=\"article:publisher\" content=\"https:\/\/www.facebook.com\/notibras\/\" \/>\n<meta property=\"article:published_time\" content=\"2015-07-23T18:31:47+00:00\" \/>\n<meta property=\"article:modified_time\" content=\"2015-07-24T13:31:07+00:00\" \/>\n<meta property=\"og:image\" content=\"https:\/\/www.notibras.com\/site\/wp-content\/uploads\/2015\/07\/piz..jpg\" \/>\n\t<meta property=\"og:image:width\" content=\"600\" \/>\n\t<meta property=\"og:image:height\" content=\"400\" \/>\n\t<meta property=\"og:image:type\" content=\"image\/jpeg\" \/>\n<meta name=\"author\" content=\"Reda\u00e7\u00e3o\" \/>\n<meta name=\"twitter:card\" content=\"summary_large_image\" \/>\n<meta name=\"twitter:creator\" content=\"@Notibras\" \/>\n<meta name=\"twitter:site\" content=\"@Notibras\" \/>\n<meta name=\"twitter:label1\" content=\"Escrito por\" \/>\n\t<meta name=\"twitter:data1\" content=\"Reda\u00e7\u00e3o\" \/>\n\t<meta name=\"twitter:label2\" content=\"Est. tempo de leitura\" \/>\n\t<meta name=\"twitter:data2\" content=\"2 minutos\" \/>\n<script type=\"application\/ld+json\" class=\"yoast-schema-graph\">{\"@context\":\"https:\/\/schema.org\",\"@graph\":[{\"@type\":\"Article\",\"@id\":\"https:\/\/www.notibras.com\/site\/justica-italiana-adia-para-dezembro-decisao-sobre-extradicao-de-pizzolato\/#article\",\"isPartOf\":{\"@id\":\"https:\/\/www.notibras.com\/site\/justica-italiana-adia-para-dezembro-decisao-sobre-extradicao-de-pizzolato\/\"},\"author\":{\"name\":\"Reda\u00e7\u00e3o\",\"@id\":\"https:\/\/www.notibras.com\/site\/#\/schema\/person\/36ab0979449956132d3e5b517ea76ac8\"},\"headline\":\"Justi\u00e7a italiana adia para dezembro decis\u00e3o sobre extradi\u00e7\u00e3o de Pizzolato\",\"datePublished\":\"2015-07-23T18:31:47+00:00\",\"dateModified\":\"2015-07-24T13:31:07+00:00\",\"mainEntityOfPage\":{\"@id\":\"https:\/\/www.notibras.com\/site\/justica-italiana-adia-para-dezembro-decisao-sobre-extradicao-de-pizzolato\/\"},\"wordCount\":475,\"commentCount\":0,\"publisher\":{\"@id\":\"https:\/\/www.notibras.com\/site\/#organization\"},\"image\":{\"@id\":\"https:\/\/www.notibras.com\/site\/justica-italiana-adia-para-dezembro-decisao-sobre-extradicao-de-pizzolato\/#primaryimage\"},\"thumbnailUrl\":\"https:\/\/www.notibras.com\/site\/wp-content\/uploads\/2015\/07\/piz..jpg\",\"articleSection\":[\"Brasil\"],\"inLanguage\":\"pt-BR\",\"potentialAction\":[{\"@type\":\"CommentAction\",\"name\":\"Comment\",\"target\":[\"https:\/\/www.notibras.com\/site\/justica-italiana-adia-para-dezembro-decisao-sobre-extradicao-de-pizzolato\/#respond\"]}]},{\"@type\":\"WebPage\",\"@id\":\"https:\/\/www.notibras.com\/site\/justica-italiana-adia-para-dezembro-decisao-sobre-extradicao-de-pizzolato\/\",\"url\":\"https:\/\/www.notibras.com\/site\/justica-italiana-adia-para-dezembro-decisao-sobre-extradicao-de-pizzolato\/\",\"name\":\"Justi\u00e7a italiana adia para dezembro decis\u00e3o sobre extradi\u00e7\u00e3o de Pizzolato - Notibras\",\"isPartOf\":{\"@id\":\"https:\/\/www.notibras.com\/site\/#website\"},\"primaryImageOfPage\":{\"@id\":\"https:\/\/www.notibras.com\/site\/justica-italiana-adia-para-dezembro-decisao-sobre-extradicao-de-pizzolato\/#primaryimage\"},\"image\":{\"@id\":\"https:\/\/www.notibras.com\/site\/justica-italiana-adia-para-dezembro-decisao-sobre-extradicao-de-pizzolato\/#primaryimage\"},\"thumbnailUrl\":\"https:\/\/www.notibras.com\/site\/wp-content\/uploads\/2015\/07\/piz..jpg\",\"datePublished\":\"2015-07-23T18:31:47+00:00\",\"dateModified\":\"2015-07-24T13:31:07+00:00\",\"breadcrumb\":{\"@id\":\"https:\/\/www.notibras.com\/site\/justica-italiana-adia-para-dezembro-decisao-sobre-extradicao-de-pizzolato\/#breadcrumb\"},\"inLanguage\":\"pt-BR\",\"potentialAction\":[{\"@type\":\"ReadAction\",\"target\":[\"https:\/\/www.notibras.com\/site\/justica-italiana-adia-para-dezembro-decisao-sobre-extradicao-de-pizzolato\/\"]}]},{\"@type\":\"ImageObject\",\"inLanguage\":\"pt-BR\",\"@id\":\"https:\/\/www.notibras.com\/site\/justica-italiana-adia-para-dezembro-decisao-sobre-extradicao-de-pizzolato\/#primaryimage\",\"url\":\"https:\/\/www.notibras.com\/site\/wp-content\/uploads\/2015\/07\/piz..jpg\",\"contentUrl\":\"https:\/\/www.notibras.com\/site\/wp-content\/uploads\/2015\/07\/piz..jpg\",\"width\":600,\"height\":400},{\"@type\":\"BreadcrumbList\",\"@id\":\"https:\/\/www.notibras.com\/site\/justica-italiana-adia-para-dezembro-decisao-sobre-extradicao-de-pizzolato\/#breadcrumb\",\"itemListElement\":[{\"@type\":\"ListItem\",\"position\":1,\"name\":\"In\u00edcio\",\"item\":\"https:\/\/www.notibras.com\/site\/\"},{\"@type\":\"ListItem\",\"position\":2,\"name\":\"Justi\u00e7a italiana adia para dezembro decis\u00e3o sobre extradi\u00e7\u00e3o de Pizzolato\"}]},{\"@type\":\"WebSite\",\"@id\":\"https:\/\/www.notibras.com\/site\/#website\",\"url\":\"https:\/\/www.notibras.com\/site\/\",\"name\":\"Notibras\",\"description\":\"Not\u00edcias de Bras\u00edlia, do Brasil e do Mundo\",\"publisher\":{\"@id\":\"https:\/\/www.notibras.com\/site\/#organization\"},\"potentialAction\":[{\"@type\":\"SearchAction\",\"target\":{\"@type\":\"EntryPoint\",\"urlTemplate\":\"https:\/\/www.notibras.com\/site\/?s={search_term_string}\"},\"query-input\":{\"@type\":\"PropertyValueSpecification\",\"valueRequired\":true,\"valueName\":\"search_term_string\"}}],\"inLanguage\":\"pt-BR\"},{\"@type\":\"Organization\",\"@id\":\"https:\/\/www.notibras.com\/site\/#organization\",\"name\":\"Grupo Notibras de Comunica\u00e7\u00e3o\",\"url\":\"https:\/\/www.notibras.com\/site\/\",\"logo\":{\"@type\":\"ImageObject\",\"inLanguage\":\"pt-BR\",\"@id\":\"https:\/\/www.notibras.com\/site\/#\/schema\/logo\/image\/\",\"url\":\"https:\/\/www.notibras.com\/site\/wp-content\/uploads\/2023\/01\/notibras23.png\",\"contentUrl\":\"https:\/\/www.notibras.com\/site\/wp-content\/uploads\/2023\/01\/notibras23.png\",\"width\":350,\"height\":87,\"caption\":\"Grupo Notibras de Comunica\u00e7\u00e3o\"},\"image\":{\"@id\":\"https:\/\/www.notibras.com\/site\/#\/schema\/logo\/image\/\"},\"sameAs\":[\"https:\/\/www.facebook.com\/notibras\/\",\"https:\/\/x.com\/Notibras\",\"https:\/\/www.instagram.com\/notibras\/\"]},{\"@type\":\"Person\",\"@id\":\"https:\/\/www.notibras.com\/site\/#\/schema\/person\/36ab0979449956132d3e5b517ea76ac8\",\"name\":\"Reda\u00e7\u00e3o\",\"image\":{\"@type\":\"ImageObject\",\"inLanguage\":\"pt-BR\",\"@id\":\"https:\/\/secure.gravatar.com\/avatar\/e0a867bdedb85fd243eadf09663511f96fc81e0720a4a42581f334ad4303aa6b?s=96&d=mm&r=g\",\"url\":\"https:\/\/secure.gravatar.com\/avatar\/e0a867bdedb85fd243eadf09663511f96fc81e0720a4a42581f334ad4303aa6b?s=96&d=mm&r=g\",\"contentUrl\":\"https:\/\/secure.gravatar.com\/avatar\/e0a867bdedb85fd243eadf09663511f96fc81e0720a4a42581f334ad4303aa6b?s=96&d=mm&r=g\",\"caption\":\"Reda\u00e7\u00e3o\"}}]}<\/script>\n<!-- \/ Yoast SEO plugin. -->","yoast_head_json":{"title":"Justi\u00e7a italiana adia para dezembro decis\u00e3o sobre extradi\u00e7\u00e3o de Pizzolato - Notibras","robots":{"index":"index","follow":"follow","max-snippet":"max-snippet:-1","max-image-preview":"max-image-preview:large","max-video-preview":"max-video-preview:-1"},"canonical":"https:\/\/www.notibras.com\/site\/justica-italiana-adia-para-dezembro-decisao-sobre-extradicao-de-pizzolato\/","og_locale":"pt_BR","og_type":"article","og_title":"Justi\u00e7a italiana adia para dezembro decis\u00e3o sobre extradi\u00e7\u00e3o de Pizzolato - Notibras","og_description":"A Justi\u00e7a italiana adiou, mais uma vez, a extradi\u00e7\u00e3o para o Brasil do ex-diretor de Marketing do Banco do Brasil Henrique Pizzolato. Agora ela dever\u00e1 ocorrer em dezembro, informaram os senadores Maria Cecilia Guerra e Luigi Manconi nesta quinta-feira (23). O novo adiamento ocorre porque Pizzolato ter\u00e1 que comparecer a um tribunal italiano no dia [&hellip;]","og_url":"https:\/\/www.notibras.com\/site\/justica-italiana-adia-para-dezembro-decisao-sobre-extradicao-de-pizzolato\/","og_site_name":"Notibras","article_publisher":"https:\/\/www.facebook.com\/notibras\/","article_published_time":"2015-07-23T18:31:47+00:00","article_modified_time":"2015-07-24T13:31:07+00:00","og_image":[{"width":600,"height":400,"url":"https:\/\/www.notibras.com\/site\/wp-content\/uploads\/2015\/07\/piz..jpg","type":"image\/jpeg"}],"author":"Reda\u00e7\u00e3o","twitter_card":"summary_large_image","twitter_creator":"@Notibras","twitter_site":"@Notibras","twitter_misc":{"Escrito por":"Reda\u00e7\u00e3o","Est. tempo de leitura":"2 minutos"},"schema":{"@context":"https:\/\/schema.org","@graph":[{"@type":"Article","@id":"https:\/\/www.notibras.com\/site\/justica-italiana-adia-para-dezembro-decisao-sobre-extradicao-de-pizzolato\/#article","isPartOf":{"@id":"https:\/\/www.notibras.com\/site\/justica-italiana-adia-para-dezembro-decisao-sobre-extradicao-de-pizzolato\/"},"author":{"name":"Reda\u00e7\u00e3o","@id":"https:\/\/www.notibras.com\/site\/#\/schema\/person\/36ab0979449956132d3e5b517ea76ac8"},"headline":"Justi\u00e7a italiana adia para dezembro decis\u00e3o sobre extradi\u00e7\u00e3o de Pizzolato","datePublished":"2015-07-23T18:31:47+00:00","dateModified":"2015-07-24T13:31:07+00:00","mainEntityOfPage":{"@id":"https:\/\/www.notibras.com\/site\/justica-italiana-adia-para-dezembro-decisao-sobre-extradicao-de-pizzolato\/"},"wordCount":475,"commentCount":0,"publisher":{"@id":"https:\/\/www.notibras.com\/site\/#organization"},"image":{"@id":"https:\/\/www.notibras.com\/site\/justica-italiana-adia-para-dezembro-decisao-sobre-extradicao-de-pizzolato\/#primaryimage"},"thumbnailUrl":"https:\/\/www.notibras.com\/site\/wp-content\/uploads\/2015\/07\/piz..jpg","articleSection":["Brasil"],"inLanguage":"pt-BR","potentialAction":[{"@type":"CommentAction","name":"Comment","target":["https:\/\/www.notibras.com\/site\/justica-italiana-adia-para-dezembro-decisao-sobre-extradicao-de-pizzolato\/#respond"]}]},{"@type":"WebPage","@id":"https:\/\/www.notibras.com\/site\/justica-italiana-adia-para-dezembro-decisao-sobre-extradicao-de-pizzolato\/","url":"https:\/\/www.notibras.com\/site\/justica-italiana-adia-para-dezembro-decisao-sobre-extradicao-de-pizzolato\/","name":"Justi\u00e7a italiana adia para dezembro decis\u00e3o sobre extradi\u00e7\u00e3o de Pizzolato - Notibras","isPartOf":{"@id":"https:\/\/www.notibras.com\/site\/#website"},"primaryImageOfPage":{"@id":"https:\/\/www.notibras.com\/site\/justica-italiana-adia-para-dezembro-decisao-sobre-extradicao-de-pizzolato\/#primaryimage"},"image":{"@id":"https:\/\/www.notibras.com\/site\/justica-italiana-adia-para-dezembro-decisao-sobre-extradicao-de-pizzolato\/#primaryimage"},"thumbnailUrl":"https:\/\/www.notibras.com\/site\/wp-content\/uploads\/2015\/07\/piz..jpg","datePublished":"2015-07-23T18:31:47+00:00","dateModified":"2015-07-24T13:31:07+00:00","breadcrumb":{"@id":"https:\/\/www.notibras.com\/site\/justica-italiana-adia-para-dezembro-decisao-sobre-extradicao-de-pizzolato\/#breadcrumb"},"inLanguage":"pt-BR","potentialAction":[{"@type":"ReadAction","target":["https:\/\/www.notibras.com\/site\/justica-italiana-adia-para-dezembro-decisao-sobre-extradicao-de-pizzolato\/"]}]},{"@type":"ImageObject","inLanguage":"pt-BR","@id":"https:\/\/www.notibras.com\/site\/justica-italiana-adia-para-dezembro-decisao-sobre-extradicao-de-pizzolato\/#primaryimage","url":"https:\/\/www.notibras.com\/site\/wp-content\/uploads\/2015\/07\/piz..jpg","contentUrl":"https:\/\/www.notibras.com\/site\/wp-content\/uploads\/2015\/07\/piz..jpg","width":600,"height":400},{"@type":"BreadcrumbList","@id":"https:\/\/www.notibras.com\/site\/justica-italiana-adia-para-dezembro-decisao-sobre-extradicao-de-pizzolato\/#breadcrumb","itemListElement":[{"@type":"ListItem","position":1,"name":"In\u00edcio","item":"https:\/\/www.notibras.com\/site\/"},{"@type":"ListItem","position":2,"name":"Justi\u00e7a italiana adia para dezembro decis\u00e3o sobre extradi\u00e7\u00e3o de Pizzolato"}]},{"@type":"WebSite","@id":"https:\/\/www.notibras.com\/site\/#website","url":"https:\/\/www.notibras.com\/site\/","name":"Notibras","description":"Not\u00edcias de Bras\u00edlia, do Brasil e do Mundo","publisher":{"@id":"https:\/\/www.notibras.com\/site\/#organization"},"potentialAction":[{"@type":"SearchAction","target":{"@type":"EntryPoint","urlTemplate":"https:\/\/www.notibras.com\/site\/?s={search_term_string}"},"query-input":{"@type":"PropertyValueSpecification","valueRequired":true,"valueName":"search_term_string"}}],"inLanguage":"pt-BR"},{"@type":"Organization","@id":"https:\/\/www.notibras.com\/site\/#organization","name":"Grupo Notibras de Comunica\u00e7\u00e3o","url":"https:\/\/www.notibras.com\/site\/","logo":{"@type":"ImageObject","inLanguage":"pt-BR","@id":"https:\/\/www.notibras.com\/site\/#\/schema\/logo\/image\/","url":"https:\/\/www.notibras.com\/site\/wp-content\/uploads\/2023\/01\/notibras23.png","contentUrl":"https:\/\/www.notibras.com\/site\/wp-content\/uploads\/2023\/01\/notibras23.png","width":350,"height":87,"caption":"Grupo Notibras de Comunica\u00e7\u00e3o"},"image":{"@id":"https:\/\/www.notibras.com\/site\/#\/schema\/logo\/image\/"},"sameAs":["https:\/\/www.facebook.com\/notibras\/","https:\/\/x.com\/Notibras","https:\/\/www.instagram.com\/notibras\/"]},{"@type":"Person","@id":"https:\/\/www.notibras.com\/site\/#\/schema\/person\/36ab0979449956132d3e5b517ea76ac8","name":"Reda\u00e7\u00e3o","image":{"@type":"ImageObject","inLanguage":"pt-BR","@id":"https:\/\/secure.gravatar.com\/avatar\/e0a867bdedb85fd243eadf09663511f96fc81e0720a4a42581f334ad4303aa6b?s=96&d=mm&r=g","url":"https:\/\/secure.gravatar.com\/avatar\/e0a867bdedb85fd243eadf09663511f96fc81e0720a4a42581f334ad4303aa6b?s=96&d=mm&r=g","contentUrl":"https:\/\/secure.gravatar.com\/avatar\/e0a867bdedb85fd243eadf09663511f96fc81e0720a4a42581f334ad4303aa6b?s=96&d=mm&r=g","caption":"Reda\u00e7\u00e3o"}}]}},"amp_enabled":true,"_links":{"self":[{"href":"https:\/\/www.notibras.com\/site\/wp-json\/wp\/v2\/posts\/58771","targetHints":{"allow":["GET"]}}],"collection":[{"href":"https:\/\/www.notibras.com\/site\/wp-json\/wp\/v2\/posts"}],"about":[{"href":"https:\/\/www.notibras.com\/site\/wp-json\/wp\/v2\/types\/post"}],"author":[{"embeddable":true,"href":"https:\/\/www.notibras.com\/site\/wp-json\/wp\/v2\/users\/2"}],"replies":[{"embeddable":true,"href":"https:\/\/www.notibras.com\/site\/wp-json\/wp\/v2\/comments?post=58771"}],"version-history":[{"count":0,"href":"https:\/\/www.notibras.com\/site\/wp-json\/wp\/v2\/posts\/58771\/revisions"}],"wp:featuredmedia":[{"embeddable":true,"href":"https:\/\/www.notibras.com\/site\/wp-json\/wp\/v2\/media\/58772"}],"wp:attachment":[{"href":"https:\/\/www.notibras.com\/site\/wp-json\/wp\/v2\/media?parent=58771"}],"wp:term":[{"taxonomy":"category","embeddable":true,"href":"https:\/\/www.notibras.com\/site\/wp-json\/wp\/v2\/categories?post=58771"},{"taxonomy":"post_tag","embeddable":true,"href":"https:\/\/www.notibras.com\/site\/wp-json\/wp\/v2\/tags?post=58771"}],"curies":[{"name":"wp","href":"https:\/\/api.w.org\/{rel}","templated":true}]}}