{"id":58806,"date":"2015-07-23T22:56:30","date_gmt":"2015-07-24T01:56:30","guid":{"rendered":"http:\/\/www.notibras.com\/site\/?p=58806"},"modified":"2015-07-24T07:12:28","modified_gmt":"2015-07-24T10:12:28","slug":"assassinatos-de-jovens-no-brasil-sao-como-tres-chacinas-da-candelaria-por-dia","status":"publish","type":"post","link":"https:\/\/www.notibras.com\/site\/assassinatos-de-jovens-no-brasil-sao-como-tres-chacinas-da-candelaria-por-dia\/","title":{"rendered":"Assassinatos de jovens s\u00e3o como 3 chacinas di\u00e1rias da Candel\u00e1ria"},"content":{"rendered":"<p>O Brasil registrou 10.136 assassinatos de jovens entre 11 e 19 anos em 2013, em m\u00e9dia 28 mortos por dia, o que equivale a 3,5 chacinas da Candel\u00e1ria perpetradas diariamente, de acordo com o soci\u00f3logo J\u00falio Jacobo Waiselfisz, autor do estudo Mapa da Viol\u00eancia e coordenador da \u00c1rea de Estudos sobre Viol\u00eancia da Faculdade Latino-Americana de Ci\u00eancias Sociais (Flacso).<\/p>\n<p>A chacina da Candel\u00e1ria ocorreu na noite de 23 de julho de 1993, deixando mortos oito jovens de 11 a 19 anos, em frente \u00e0 Igreja da Candel\u00e1ria, no centro do Rio. Os autores foram PMs e as v\u00edtimas eram moradores de rua que freq\u00fcentavam as imedia\u00e7\u00f5es da igreja e dormiam no local.<\/p>\n<p>Waiselfisz falou na abertura da audi\u00eancia p\u00fablica Jovens V\u00edtimas da Viol\u00eancia e Justi\u00e7a Reparadora para os Familiares, realizada na sede do Sindicato dos Jornalistas Profissionais do Munic\u00edpio do Rio. Segundo ele, o perfil das v\u00edtimas jovens que sofrem viol\u00eancia \u00e9 de cor negra, pobre e pouco escolarizado e os \u00edndices v\u00eam aumentando a cada ano.<\/p>\n<blockquote><p>\u201cOs \u00edndices de viol\u00eancia nesta faixa et\u00e1ria [11 a 19 anos] foram crescendo drasticamente ao longo desses anos. Entre 1993 e 2013, praticamente quadruplicaram os n\u00edveis de viol\u00eancia. A chacina da Candel\u00e1ria foi a ponta de um iceberg que j\u00e1 existia no Brasil\u201d, disse o soci\u00f3logo, durante a audi\u00eancia p\u00fablica, com a presen\u00e7a do ministro Pepe Vargas, da Secretaria de Direitos Humanos da Presid\u00eancia da Rep\u00fablica.<\/p><\/blockquote>\n<p>De acordo com os dados nacionais apresentados por Waiselfisz, o \u00edndice de jovens negros, entre 16 e 17 anos, mortos no ano de 2013, \u00e9 de 66,3 por 100 mil habitantes. O de jovens brancos, na mesma faixa et\u00e1ria, \u00e9 de 24,2 por 100 mil.<\/p>\n<p>Quanto \u00e0 escolaridade, 82% das v\u00edtimas de assassinatos no pa\u00eds tinham at\u00e9 sete anos de estudo, o que equivale ao n\u00edvel fundamental. Na faixa et\u00e1ria de 16 e 17 anos, 93% dos mortos s\u00e3o homens.<\/p>\n<blockquote><p>Pepe Vargas destacou que os n\u00fameros s\u00e3o um alerta de que as chacinas n\u00e3o cessaram: \u201cA viol\u00eancia sobre adolescentes e jovens aumentou no Brasil nesses \u00faltimos anos. Precisamos fazer um grande pacto nacional pela redu\u00e7\u00e3o de homic\u00eddios. O governo est\u00e1 discutindo, sob a coordena\u00e7\u00e3o do Minist\u00e9rio da Justi\u00e7a, uma proposta para a constru\u00e7\u00e3o deste pacto\u201d.<\/p><\/blockquote>\n<p>Pepe Vargas prometeu \u201cter um foco sobre adolescentes e jovens, que t\u00eam sido mais v\u00edtimas de viol\u00eancia do que causadores dela. Principalmente, temos que fazer um debate intenso, n\u00e3o apenas em \u00e2mbito federal, mas envolvendo os governos estaduais, municipais e a sociedade como um todo\u201d.<\/p>\n<p>Os dados completos do estudo Mapa da Viol\u00eancia 2015 podem ser acessados no endere\u00e7o <a href=\"http:\/\/www.mapadaviolencia.org.br\" target=\"_blank\">www.mapadaviolencia.org.br<\/a>.<\/p>\n<p><strong>Vladimir Platonow, ABr<\/strong><\/p>\n","protected":false},"excerpt":{"rendered":"<p>O Brasil registrou 10.136 assassinatos de jovens entre 11 e 19 anos em 2013, em m\u00e9dia 28 mortos por dia, o que equivale a 3,5 chacinas da Candel\u00e1ria perpetradas diariamente, de acordo com o soci\u00f3logo J\u00falio Jacobo Waiselfisz, autor do estudo Mapa da Viol\u00eancia e coordenador da \u00c1rea de Estudos sobre Viol\u00eancia da Faculdade Latino-Americana [&hellip;]<\/p>\n","protected":false},"author":2,"featured_media":58807,"comment_status":"open","ping_status":"closed","sticky":false,"template":"","format":"standard","meta":{"_acf_changed":false,"footnotes":""},"categories":[16],"tags":[],"class_list":["post-58806","post","type-post","status-publish","format-standard","has-post-thumbnail","hentry","category-brasil"],"acf":[],"yoast_head":"<!-- This site is optimized with the Yoast SEO plugin v27.2 - https:\/\/yoast.com\/product\/yoast-seo-wordpress\/ -->\n<title>Assassinatos de jovens s\u00e3o como 3 chacinas di\u00e1rias da Candel\u00e1ria - Notibras<\/title>\n<meta name=\"robots\" content=\"index, follow, max-snippet:-1, max-image-preview:large, max-video-preview:-1\" \/>\n<link rel=\"canonical\" href=\"https:\/\/www.notibras.com\/site\/assassinatos-de-jovens-no-brasil-sao-como-tres-chacinas-da-candelaria-por-dia\/\" \/>\n<meta property=\"og:locale\" content=\"pt_BR\" \/>\n<meta property=\"og:type\" content=\"article\" \/>\n<meta property=\"og:title\" content=\"Assassinatos de jovens s\u00e3o como 3 chacinas di\u00e1rias da Candel\u00e1ria - Notibras\" \/>\n<meta property=\"og:description\" content=\"O Brasil registrou 10.136 assassinatos de jovens entre 11 e 19 anos em 2013, em m\u00e9dia 28 mortos por dia, o que equivale a 3,5 chacinas da Candel\u00e1ria perpetradas diariamente, de acordo com o soci\u00f3logo J\u00falio Jacobo Waiselfisz, autor do estudo Mapa da Viol\u00eancia e coordenador da \u00c1rea de Estudos sobre Viol\u00eancia da Faculdade Latino-Americana [&hellip;]\" \/>\n<meta property=\"og:url\" content=\"https:\/\/www.notibras.com\/site\/assassinatos-de-jovens-no-brasil-sao-como-tres-chacinas-da-candelaria-por-dia\/\" \/>\n<meta property=\"og:site_name\" content=\"Notibras\" \/>\n<meta property=\"article:publisher\" content=\"https:\/\/www.facebook.com\/notibras\/\" \/>\n<meta property=\"article:published_time\" content=\"2015-07-24T01:56:30+00:00\" \/>\n<meta property=\"article:modified_time\" content=\"2015-07-24T10:12:28+00:00\" \/>\n<meta property=\"og:image\" content=\"https:\/\/www.notibras.com\/site\/wp-content\/uploads\/2015\/07\/03acidenteengavetamentoprisaomgfut.jpg\" \/>\n\t<meta property=\"og:image:width\" content=\"940\" \/>\n\t<meta property=\"og:image:height\" content=\"627\" \/>\n\t<meta property=\"og:image:type\" content=\"image\/jpeg\" \/>\n<meta name=\"author\" content=\"Reda\u00e7\u00e3o\" \/>\n<meta name=\"twitter:card\" content=\"summary_large_image\" \/>\n<meta name=\"twitter:creator\" content=\"@Notibras\" \/>\n<meta name=\"twitter:site\" content=\"@Notibras\" \/>\n<meta name=\"twitter:label1\" content=\"Escrito por\" \/>\n\t<meta name=\"twitter:data1\" content=\"Reda\u00e7\u00e3o\" \/>\n\t<meta name=\"twitter:label2\" content=\"Est. tempo de leitura\" \/>\n\t<meta name=\"twitter:data2\" content=\"2 minutos\" \/>\n<script type=\"application\/ld+json\" class=\"yoast-schema-graph\">{\"@context\":\"https:\/\/schema.org\",\"@graph\":[{\"@type\":\"Article\",\"@id\":\"https:\/\/www.notibras.com\/site\/assassinatos-de-jovens-no-brasil-sao-como-tres-chacinas-da-candelaria-por-dia\/#article\",\"isPartOf\":{\"@id\":\"https:\/\/www.notibras.com\/site\/assassinatos-de-jovens-no-brasil-sao-como-tres-chacinas-da-candelaria-por-dia\/\"},\"author\":{\"name\":\"Reda\u00e7\u00e3o\",\"@id\":\"https:\/\/www.notibras.com\/site\/#\/schema\/person\/36ab0979449956132d3e5b517ea76ac8\"},\"headline\":\"Assassinatos de jovens s\u00e3o como 3 chacinas di\u00e1rias da Candel\u00e1ria\",\"datePublished\":\"2015-07-24T01:56:30+00:00\",\"dateModified\":\"2015-07-24T10:12:28+00:00\",\"mainEntityOfPage\":{\"@id\":\"https:\/\/www.notibras.com\/site\/assassinatos-de-jovens-no-brasil-sao-como-tres-chacinas-da-candelaria-por-dia\/\"},\"wordCount\":469,\"commentCount\":0,\"publisher\":{\"@id\":\"https:\/\/www.notibras.com\/site\/#organization\"},\"image\":{\"@id\":\"https:\/\/www.notibras.com\/site\/assassinatos-de-jovens-no-brasil-sao-como-tres-chacinas-da-candelaria-por-dia\/#primaryimage\"},\"thumbnailUrl\":\"https:\/\/www.notibras.com\/site\/wp-content\/uploads\/2015\/07\/03acidenteengavetamentoprisaomgfut.jpg\",\"articleSection\":[\"Brasil\"],\"inLanguage\":\"pt-BR\",\"potentialAction\":[{\"@type\":\"CommentAction\",\"name\":\"Comment\",\"target\":[\"https:\/\/www.notibras.com\/site\/assassinatos-de-jovens-no-brasil-sao-como-tres-chacinas-da-candelaria-por-dia\/#respond\"]}]},{\"@type\":\"WebPage\",\"@id\":\"https:\/\/www.notibras.com\/site\/assassinatos-de-jovens-no-brasil-sao-como-tres-chacinas-da-candelaria-por-dia\/\",\"url\":\"https:\/\/www.notibras.com\/site\/assassinatos-de-jovens-no-brasil-sao-como-tres-chacinas-da-candelaria-por-dia\/\",\"name\":\"Assassinatos de jovens s\u00e3o como 3 chacinas di\u00e1rias da Candel\u00e1ria - Notibras\",\"isPartOf\":{\"@id\":\"https:\/\/www.notibras.com\/site\/#website\"},\"primaryImageOfPage\":{\"@id\":\"https:\/\/www.notibras.com\/site\/assassinatos-de-jovens-no-brasil-sao-como-tres-chacinas-da-candelaria-por-dia\/#primaryimage\"},\"image\":{\"@id\":\"https:\/\/www.notibras.com\/site\/assassinatos-de-jovens-no-brasil-sao-como-tres-chacinas-da-candelaria-por-dia\/#primaryimage\"},\"thumbnailUrl\":\"https:\/\/www.notibras.com\/site\/wp-content\/uploads\/2015\/07\/03acidenteengavetamentoprisaomgfut.jpg\",\"datePublished\":\"2015-07-24T01:56:30+00:00\",\"dateModified\":\"2015-07-24T10:12:28+00:00\",\"breadcrumb\":{\"@id\":\"https:\/\/www.notibras.com\/site\/assassinatos-de-jovens-no-brasil-sao-como-tres-chacinas-da-candelaria-por-dia\/#breadcrumb\"},\"inLanguage\":\"pt-BR\",\"potentialAction\":[{\"@type\":\"ReadAction\",\"target\":[\"https:\/\/www.notibras.com\/site\/assassinatos-de-jovens-no-brasil-sao-como-tres-chacinas-da-candelaria-por-dia\/\"]}]},{\"@type\":\"ImageObject\",\"inLanguage\":\"pt-BR\",\"@id\":\"https:\/\/www.notibras.com\/site\/assassinatos-de-jovens-no-brasil-sao-como-tres-chacinas-da-candelaria-por-dia\/#primaryimage\",\"url\":\"https:\/\/www.notibras.com\/site\/wp-content\/uploads\/2015\/07\/03acidenteengavetamentoprisaomgfut.jpg\",\"contentUrl\":\"https:\/\/www.notibras.com\/site\/wp-content\/uploads\/2015\/07\/03acidenteengavetamentoprisaomgfut.jpg\",\"width\":940,\"height\":627},{\"@type\":\"BreadcrumbList\",\"@id\":\"https:\/\/www.notibras.com\/site\/assassinatos-de-jovens-no-brasil-sao-como-tres-chacinas-da-candelaria-por-dia\/#breadcrumb\",\"itemListElement\":[{\"@type\":\"ListItem\",\"position\":1,\"name\":\"In\u00edcio\",\"item\":\"https:\/\/www.notibras.com\/site\/\"},{\"@type\":\"ListItem\",\"position\":2,\"name\":\"Assassinatos de jovens s\u00e3o como 3 chacinas di\u00e1rias da Candel\u00e1ria\"}]},{\"@type\":\"WebSite\",\"@id\":\"https:\/\/www.notibras.com\/site\/#website\",\"url\":\"https:\/\/www.notibras.com\/site\/\",\"name\":\"Notibras\",\"description\":\"Not\u00edcias de Bras\u00edlia, do Brasil e do Mundo\",\"publisher\":{\"@id\":\"https:\/\/www.notibras.com\/site\/#organization\"},\"potentialAction\":[{\"@type\":\"SearchAction\",\"target\":{\"@type\":\"EntryPoint\",\"urlTemplate\":\"https:\/\/www.notibras.com\/site\/?s={search_term_string}\"},\"query-input\":{\"@type\":\"PropertyValueSpecification\",\"valueRequired\":true,\"valueName\":\"search_term_string\"}}],\"inLanguage\":\"pt-BR\"},{\"@type\":\"Organization\",\"@id\":\"https:\/\/www.notibras.com\/site\/#organization\",\"name\":\"Grupo Notibras de Comunica\u00e7\u00e3o\",\"url\":\"https:\/\/www.notibras.com\/site\/\",\"logo\":{\"@type\":\"ImageObject\",\"inLanguage\":\"pt-BR\",\"@id\":\"https:\/\/www.notibras.com\/site\/#\/schema\/logo\/image\/\",\"url\":\"https:\/\/www.notibras.com\/site\/wp-content\/uploads\/2023\/01\/notibras23.png\",\"contentUrl\":\"https:\/\/www.notibras.com\/site\/wp-content\/uploads\/2023\/01\/notibras23.png\",\"width\":350,\"height\":87,\"caption\":\"Grupo Notibras de Comunica\u00e7\u00e3o\"},\"image\":{\"@id\":\"https:\/\/www.notibras.com\/site\/#\/schema\/logo\/image\/\"},\"sameAs\":[\"https:\/\/www.facebook.com\/notibras\/\",\"https:\/\/x.com\/Notibras\",\"https:\/\/www.instagram.com\/notibras\/\"]},{\"@type\":\"Person\",\"@id\":\"https:\/\/www.notibras.com\/site\/#\/schema\/person\/36ab0979449956132d3e5b517ea76ac8\",\"name\":\"Reda\u00e7\u00e3o\",\"image\":{\"@type\":\"ImageObject\",\"inLanguage\":\"pt-BR\",\"@id\":\"https:\/\/secure.gravatar.com\/avatar\/e0a867bdedb85fd243eadf09663511f96fc81e0720a4a42581f334ad4303aa6b?s=96&d=mm&r=g\",\"url\":\"https:\/\/secure.gravatar.com\/avatar\/e0a867bdedb85fd243eadf09663511f96fc81e0720a4a42581f334ad4303aa6b?s=96&d=mm&r=g\",\"contentUrl\":\"https:\/\/secure.gravatar.com\/avatar\/e0a867bdedb85fd243eadf09663511f96fc81e0720a4a42581f334ad4303aa6b?s=96&d=mm&r=g\",\"caption\":\"Reda\u00e7\u00e3o\"}}]}<\/script>\n<!-- \/ Yoast SEO plugin. -->","yoast_head_json":{"title":"Assassinatos de jovens s\u00e3o como 3 chacinas di\u00e1rias da Candel\u00e1ria - Notibras","robots":{"index":"index","follow":"follow","max-snippet":"max-snippet:-1","max-image-preview":"max-image-preview:large","max-video-preview":"max-video-preview:-1"},"canonical":"https:\/\/www.notibras.com\/site\/assassinatos-de-jovens-no-brasil-sao-como-tres-chacinas-da-candelaria-por-dia\/","og_locale":"pt_BR","og_type":"article","og_title":"Assassinatos de jovens s\u00e3o como 3 chacinas di\u00e1rias da Candel\u00e1ria - Notibras","og_description":"O Brasil registrou 10.136 assassinatos de jovens entre 11 e 19 anos em 2013, em m\u00e9dia 28 mortos por dia, o que equivale a 3,5 chacinas da Candel\u00e1ria perpetradas diariamente, de acordo com o soci\u00f3logo J\u00falio Jacobo Waiselfisz, autor do estudo Mapa da Viol\u00eancia e coordenador da \u00c1rea de Estudos sobre Viol\u00eancia da Faculdade Latino-Americana [&hellip;]","og_url":"https:\/\/www.notibras.com\/site\/assassinatos-de-jovens-no-brasil-sao-como-tres-chacinas-da-candelaria-por-dia\/","og_site_name":"Notibras","article_publisher":"https:\/\/www.facebook.com\/notibras\/","article_published_time":"2015-07-24T01:56:30+00:00","article_modified_time":"2015-07-24T10:12:28+00:00","og_image":[{"width":940,"height":627,"url":"https:\/\/www.notibras.com\/site\/wp-content\/uploads\/2015\/07\/03acidenteengavetamentoprisaomgfut.jpg","type":"image\/jpeg"}],"author":"Reda\u00e7\u00e3o","twitter_card":"summary_large_image","twitter_creator":"@Notibras","twitter_site":"@Notibras","twitter_misc":{"Escrito por":"Reda\u00e7\u00e3o","Est. tempo de leitura":"2 minutos"},"schema":{"@context":"https:\/\/schema.org","@graph":[{"@type":"Article","@id":"https:\/\/www.notibras.com\/site\/assassinatos-de-jovens-no-brasil-sao-como-tres-chacinas-da-candelaria-por-dia\/#article","isPartOf":{"@id":"https:\/\/www.notibras.com\/site\/assassinatos-de-jovens-no-brasil-sao-como-tres-chacinas-da-candelaria-por-dia\/"},"author":{"name":"Reda\u00e7\u00e3o","@id":"https:\/\/www.notibras.com\/site\/#\/schema\/person\/36ab0979449956132d3e5b517ea76ac8"},"headline":"Assassinatos de jovens s\u00e3o como 3 chacinas di\u00e1rias da Candel\u00e1ria","datePublished":"2015-07-24T01:56:30+00:00","dateModified":"2015-07-24T10:12:28+00:00","mainEntityOfPage":{"@id":"https:\/\/www.notibras.com\/site\/assassinatos-de-jovens-no-brasil-sao-como-tres-chacinas-da-candelaria-por-dia\/"},"wordCount":469,"commentCount":0,"publisher":{"@id":"https:\/\/www.notibras.com\/site\/#organization"},"image":{"@id":"https:\/\/www.notibras.com\/site\/assassinatos-de-jovens-no-brasil-sao-como-tres-chacinas-da-candelaria-por-dia\/#primaryimage"},"thumbnailUrl":"https:\/\/www.notibras.com\/site\/wp-content\/uploads\/2015\/07\/03acidenteengavetamentoprisaomgfut.jpg","articleSection":["Brasil"],"inLanguage":"pt-BR","potentialAction":[{"@type":"CommentAction","name":"Comment","target":["https:\/\/www.notibras.com\/site\/assassinatos-de-jovens-no-brasil-sao-como-tres-chacinas-da-candelaria-por-dia\/#respond"]}]},{"@type":"WebPage","@id":"https:\/\/www.notibras.com\/site\/assassinatos-de-jovens-no-brasil-sao-como-tres-chacinas-da-candelaria-por-dia\/","url":"https:\/\/www.notibras.com\/site\/assassinatos-de-jovens-no-brasil-sao-como-tres-chacinas-da-candelaria-por-dia\/","name":"Assassinatos de jovens s\u00e3o como 3 chacinas di\u00e1rias da Candel\u00e1ria - Notibras","isPartOf":{"@id":"https:\/\/www.notibras.com\/site\/#website"},"primaryImageOfPage":{"@id":"https:\/\/www.notibras.com\/site\/assassinatos-de-jovens-no-brasil-sao-como-tres-chacinas-da-candelaria-por-dia\/#primaryimage"},"image":{"@id":"https:\/\/www.notibras.com\/site\/assassinatos-de-jovens-no-brasil-sao-como-tres-chacinas-da-candelaria-por-dia\/#primaryimage"},"thumbnailUrl":"https:\/\/www.notibras.com\/site\/wp-content\/uploads\/2015\/07\/03acidenteengavetamentoprisaomgfut.jpg","datePublished":"2015-07-24T01:56:30+00:00","dateModified":"2015-07-24T10:12:28+00:00","breadcrumb":{"@id":"https:\/\/www.notibras.com\/site\/assassinatos-de-jovens-no-brasil-sao-como-tres-chacinas-da-candelaria-por-dia\/#breadcrumb"},"inLanguage":"pt-BR","potentialAction":[{"@type":"ReadAction","target":["https:\/\/www.notibras.com\/site\/assassinatos-de-jovens-no-brasil-sao-como-tres-chacinas-da-candelaria-por-dia\/"]}]},{"@type":"ImageObject","inLanguage":"pt-BR","@id":"https:\/\/www.notibras.com\/site\/assassinatos-de-jovens-no-brasil-sao-como-tres-chacinas-da-candelaria-por-dia\/#primaryimage","url":"https:\/\/www.notibras.com\/site\/wp-content\/uploads\/2015\/07\/03acidenteengavetamentoprisaomgfut.jpg","contentUrl":"https:\/\/www.notibras.com\/site\/wp-content\/uploads\/2015\/07\/03acidenteengavetamentoprisaomgfut.jpg","width":940,"height":627},{"@type":"BreadcrumbList","@id":"https:\/\/www.notibras.com\/site\/assassinatos-de-jovens-no-brasil-sao-como-tres-chacinas-da-candelaria-por-dia\/#breadcrumb","itemListElement":[{"@type":"ListItem","position":1,"name":"In\u00edcio","item":"https:\/\/www.notibras.com\/site\/"},{"@type":"ListItem","position":2,"name":"Assassinatos de jovens s\u00e3o como 3 chacinas di\u00e1rias da Candel\u00e1ria"}]},{"@type":"WebSite","@id":"https:\/\/www.notibras.com\/site\/#website","url":"https:\/\/www.notibras.com\/site\/","name":"Notibras","description":"Not\u00edcias de Bras\u00edlia, do Brasil e do Mundo","publisher":{"@id":"https:\/\/www.notibras.com\/site\/#organization"},"potentialAction":[{"@type":"SearchAction","target":{"@type":"EntryPoint","urlTemplate":"https:\/\/www.notibras.com\/site\/?s={search_term_string}"},"query-input":{"@type":"PropertyValueSpecification","valueRequired":true,"valueName":"search_term_string"}}],"inLanguage":"pt-BR"},{"@type":"Organization","@id":"https:\/\/www.notibras.com\/site\/#organization","name":"Grupo Notibras de Comunica\u00e7\u00e3o","url":"https:\/\/www.notibras.com\/site\/","logo":{"@type":"ImageObject","inLanguage":"pt-BR","@id":"https:\/\/www.notibras.com\/site\/#\/schema\/logo\/image\/","url":"https:\/\/www.notibras.com\/site\/wp-content\/uploads\/2023\/01\/notibras23.png","contentUrl":"https:\/\/www.notibras.com\/site\/wp-content\/uploads\/2023\/01\/notibras23.png","width":350,"height":87,"caption":"Grupo Notibras de Comunica\u00e7\u00e3o"},"image":{"@id":"https:\/\/www.notibras.com\/site\/#\/schema\/logo\/image\/"},"sameAs":["https:\/\/www.facebook.com\/notibras\/","https:\/\/x.com\/Notibras","https:\/\/www.instagram.com\/notibras\/"]},{"@type":"Person","@id":"https:\/\/www.notibras.com\/site\/#\/schema\/person\/36ab0979449956132d3e5b517ea76ac8","name":"Reda\u00e7\u00e3o","image":{"@type":"ImageObject","inLanguage":"pt-BR","@id":"https:\/\/secure.gravatar.com\/avatar\/e0a867bdedb85fd243eadf09663511f96fc81e0720a4a42581f334ad4303aa6b?s=96&d=mm&r=g","url":"https:\/\/secure.gravatar.com\/avatar\/e0a867bdedb85fd243eadf09663511f96fc81e0720a4a42581f334ad4303aa6b?s=96&d=mm&r=g","contentUrl":"https:\/\/secure.gravatar.com\/avatar\/e0a867bdedb85fd243eadf09663511f96fc81e0720a4a42581f334ad4303aa6b?s=96&d=mm&r=g","caption":"Reda\u00e7\u00e3o"}}]}},"amp_enabled":true,"_links":{"self":[{"href":"https:\/\/www.notibras.com\/site\/wp-json\/wp\/v2\/posts\/58806","targetHints":{"allow":["GET"]}}],"collection":[{"href":"https:\/\/www.notibras.com\/site\/wp-json\/wp\/v2\/posts"}],"about":[{"href":"https:\/\/www.notibras.com\/site\/wp-json\/wp\/v2\/types\/post"}],"author":[{"embeddable":true,"href":"https:\/\/www.notibras.com\/site\/wp-json\/wp\/v2\/users\/2"}],"replies":[{"embeddable":true,"href":"https:\/\/www.notibras.com\/site\/wp-json\/wp\/v2\/comments?post=58806"}],"version-history":[{"count":0,"href":"https:\/\/www.notibras.com\/site\/wp-json\/wp\/v2\/posts\/58806\/revisions"}],"wp:featuredmedia":[{"embeddable":true,"href":"https:\/\/www.notibras.com\/site\/wp-json\/wp\/v2\/media\/58807"}],"wp:attachment":[{"href":"https:\/\/www.notibras.com\/site\/wp-json\/wp\/v2\/media?parent=58806"}],"wp:term":[{"taxonomy":"category","embeddable":true,"href":"https:\/\/www.notibras.com\/site\/wp-json\/wp\/v2\/categories?post=58806"},{"taxonomy":"post_tag","embeddable":true,"href":"https:\/\/www.notibras.com\/site\/wp-json\/wp\/v2\/tags?post=58806"}],"curies":[{"name":"wp","href":"https:\/\/api.w.org\/{rel}","templated":true}]}}