{"id":58846,"date":"2015-07-24T11:00:11","date_gmt":"2015-07-24T14:00:11","guid":{"rendered":"http:\/\/www.notibras.com\/site\/?p=58846"},"modified":"2015-07-24T11:00:58","modified_gmt":"2015-07-24T14:00:58","slug":"incertezas-na-economia-e-cenario-politico-jogam-dolar-para-cima","status":"publish","type":"post","link":"https:\/\/www.notibras.com\/site\/incertezas-na-economia-e-cenario-politico-jogam-dolar-para-cima\/","title":{"rendered":"Incertezas na economia e cen\u00e1rio pol\u00edtico jogam d\u00f3lar para cima, a 3,32"},"content":{"rendered":"<p>O d\u00f3lar sobe pela terceira sess\u00e3o consecutiva frente ao real nesta sexta-feira e bateu uma nova m\u00e1xima em 12 anos logo na abertura dos neg\u00f3cios, impulsionado pelas incertezas com a economia no Brasil. A moeda americana abriu em\u00a0alta de 0,90%, a R$ 3,3236.<\/p>\n<p>Na m\u00e1xima, a cota\u00e7\u00e3o foi a R$ 3,3401, maior patamar intradia desde 1\u00ba de abril de 2003, quando chegou a marcar R$ 3,3600. O d\u00f3lar para agosto avan\u00e7ava 1,24%, a R$ 3,3395, ap\u00f3s alcan\u00e7ar R$ 3,3485.<\/p>\n<blockquote><p>O ambiente externo tampouco ajuda, com v\u00e1rias moedas emergentes atingindo m\u00ednimas em v\u00e1rios anos ante o d\u00f3lar, diante da combina\u00e7\u00e3o de dados mais fracos vindos da China e expectativa de aumento de juros nos Estados Unidos ainda neste ano.<\/p><\/blockquote>\n<p>Mesmo com a disparada de ontem, os juros futuros negociados na BM&amp;F ainda encontram espa\u00e7o para novas altas, com o DI janeiro de 2021 consolidando-se acima de 13% ao ano e alcan\u00e7ando uma m\u00e1xima em quatro meses.<\/p>\n<p>O comportamento negativo ocorre ainda na esteira da frustra\u00e7\u00e3o com a pol\u00edtica fiscal do governo, ap\u00f3s o an\u00fancio na quarta-feira da redu\u00e7\u00e3o da meta de super\u00e1vit prim\u00e1rio e de proje\u00e7\u00f5es consideradas irrealistas para a trajet\u00f3ria da d\u00edvida p\u00fablica, que ampliaram o risco de o Brasil perder o grau de investimento.<\/p>\n","protected":false},"excerpt":{"rendered":"<p>O d\u00f3lar sobe pela terceira sess\u00e3o consecutiva frente ao real nesta sexta-feira e bateu uma nova m\u00e1xima em 12 anos logo na abertura dos neg\u00f3cios, impulsionado pelas incertezas com a economia no Brasil. A moeda americana abriu em\u00a0alta de 0,90%, a R$ 3,3236. Na m\u00e1xima, a cota\u00e7\u00e3o foi a R$ 3,3401, maior patamar intradia desde [&hellip;]<\/p>\n","protected":false},"author":2,"featured_media":58847,"comment_status":"open","ping_status":"closed","sticky":false,"template":"","format":"standard","meta":{"_acf_changed":false,"footnotes":""},"categories":[16],"tags":[],"class_list":["post-58846","post","type-post","status-publish","format-standard","has-post-thumbnail","hentry","category-brasil"],"acf":[],"yoast_head":"<!-- This site is optimized with the Yoast SEO plugin v27.2 - https:\/\/yoast.com\/product\/yoast-seo-wordpress\/ -->\n<title>Incertezas na economia e cen\u00e1rio pol\u00edtico jogam d\u00f3lar para cima, a 3,32 - Notibras<\/title>\n<meta name=\"robots\" content=\"index, follow, max-snippet:-1, max-image-preview:large, max-video-preview:-1\" \/>\n<link rel=\"canonical\" href=\"https:\/\/www.notibras.com\/site\/incertezas-na-economia-e-cenario-politico-jogam-dolar-para-cima\/\" \/>\n<meta property=\"og:locale\" content=\"pt_BR\" \/>\n<meta property=\"og:type\" content=\"article\" \/>\n<meta property=\"og:title\" content=\"Incertezas na economia e cen\u00e1rio pol\u00edtico jogam d\u00f3lar para cima, a 3,32 - Notibras\" \/>\n<meta property=\"og:description\" content=\"O d\u00f3lar sobe pela terceira sess\u00e3o consecutiva frente ao real nesta sexta-feira e bateu uma nova m\u00e1xima em 12 anos logo na abertura dos neg\u00f3cios, impulsionado pelas incertezas com a economia no Brasil. A moeda americana abriu em\u00a0alta de 0,90%, a R$ 3,3236. Na m\u00e1xima, a cota\u00e7\u00e3o foi a R$ 3,3401, maior patamar intradia desde [&hellip;]\" \/>\n<meta property=\"og:url\" content=\"https:\/\/www.notibras.com\/site\/incertezas-na-economia-e-cenario-politico-jogam-dolar-para-cima\/\" \/>\n<meta property=\"og:site_name\" content=\"Notibras\" \/>\n<meta property=\"article:publisher\" content=\"https:\/\/www.facebook.com\/notibras\/\" \/>\n<meta property=\"article:published_time\" content=\"2015-07-24T14:00:11+00:00\" \/>\n<meta property=\"article:modified_time\" content=\"2015-07-24T14:00:58+00:00\" \/>\n<meta property=\"og:image\" content=\"https:\/\/www.notibras.com\/site\/wp-content\/uploads\/2015\/07\/dol.jpg\" \/>\n\t<meta property=\"og:image:width\" content=\"275\" \/>\n\t<meta property=\"og:image:height\" content=\"183\" \/>\n\t<meta property=\"og:image:type\" content=\"image\/jpeg\" \/>\n<meta name=\"author\" content=\"Reda\u00e7\u00e3o\" \/>\n<meta name=\"twitter:card\" content=\"summary_large_image\" \/>\n<meta name=\"twitter:creator\" content=\"@Notibras\" \/>\n<meta name=\"twitter:site\" content=\"@Notibras\" \/>\n<meta name=\"twitter:label1\" content=\"Escrito por\" \/>\n\t<meta name=\"twitter:data1\" content=\"Reda\u00e7\u00e3o\" \/>\n\t<meta name=\"twitter:label2\" content=\"Est. tempo de leitura\" \/>\n\t<meta name=\"twitter:data2\" content=\"1 minuto\" \/>\n<script type=\"application\/ld+json\" class=\"yoast-schema-graph\">{\"@context\":\"https:\/\/schema.org\",\"@graph\":[{\"@type\":\"Article\",\"@id\":\"https:\/\/www.notibras.com\/site\/incertezas-na-economia-e-cenario-politico-jogam-dolar-para-cima\/#article\",\"isPartOf\":{\"@id\":\"https:\/\/www.notibras.com\/site\/incertezas-na-economia-e-cenario-politico-jogam-dolar-para-cima\/\"},\"author\":{\"name\":\"Reda\u00e7\u00e3o\",\"@id\":\"https:\/\/www.notibras.com\/site\/#\/schema\/person\/36ab0979449956132d3e5b517ea76ac8\"},\"headline\":\"Incertezas na economia e cen\u00e1rio pol\u00edtico jogam d\u00f3lar para cima, a 3,32\",\"datePublished\":\"2015-07-24T14:00:11+00:00\",\"dateModified\":\"2015-07-24T14:00:58+00:00\",\"mainEntityOfPage\":{\"@id\":\"https:\/\/www.notibras.com\/site\/incertezas-na-economia-e-cenario-politico-jogam-dolar-para-cima\/\"},\"wordCount\":239,\"commentCount\":0,\"publisher\":{\"@id\":\"https:\/\/www.notibras.com\/site\/#organization\"},\"image\":{\"@id\":\"https:\/\/www.notibras.com\/site\/incertezas-na-economia-e-cenario-politico-jogam-dolar-para-cima\/#primaryimage\"},\"thumbnailUrl\":\"https:\/\/www.notibras.com\/site\/wp-content\/uploads\/2015\/07\/dol.jpg\",\"articleSection\":[\"Brasil\"],\"inLanguage\":\"pt-BR\",\"potentialAction\":[{\"@type\":\"CommentAction\",\"name\":\"Comment\",\"target\":[\"https:\/\/www.notibras.com\/site\/incertezas-na-economia-e-cenario-politico-jogam-dolar-para-cima\/#respond\"]}]},{\"@type\":\"WebPage\",\"@id\":\"https:\/\/www.notibras.com\/site\/incertezas-na-economia-e-cenario-politico-jogam-dolar-para-cima\/\",\"url\":\"https:\/\/www.notibras.com\/site\/incertezas-na-economia-e-cenario-politico-jogam-dolar-para-cima\/\",\"name\":\"Incertezas na economia e cen\u00e1rio pol\u00edtico jogam d\u00f3lar para cima, a 3,32 - Notibras\",\"isPartOf\":{\"@id\":\"https:\/\/www.notibras.com\/site\/#website\"},\"primaryImageOfPage\":{\"@id\":\"https:\/\/www.notibras.com\/site\/incertezas-na-economia-e-cenario-politico-jogam-dolar-para-cima\/#primaryimage\"},\"image\":{\"@id\":\"https:\/\/www.notibras.com\/site\/incertezas-na-economia-e-cenario-politico-jogam-dolar-para-cima\/#primaryimage\"},\"thumbnailUrl\":\"https:\/\/www.notibras.com\/site\/wp-content\/uploads\/2015\/07\/dol.jpg\",\"datePublished\":\"2015-07-24T14:00:11+00:00\",\"dateModified\":\"2015-07-24T14:00:58+00:00\",\"breadcrumb\":{\"@id\":\"https:\/\/www.notibras.com\/site\/incertezas-na-economia-e-cenario-politico-jogam-dolar-para-cima\/#breadcrumb\"},\"inLanguage\":\"pt-BR\",\"potentialAction\":[{\"@type\":\"ReadAction\",\"target\":[\"https:\/\/www.notibras.com\/site\/incertezas-na-economia-e-cenario-politico-jogam-dolar-para-cima\/\"]}]},{\"@type\":\"ImageObject\",\"inLanguage\":\"pt-BR\",\"@id\":\"https:\/\/www.notibras.com\/site\/incertezas-na-economia-e-cenario-politico-jogam-dolar-para-cima\/#primaryimage\",\"url\":\"https:\/\/www.notibras.com\/site\/wp-content\/uploads\/2015\/07\/dol.jpg\",\"contentUrl\":\"https:\/\/www.notibras.com\/site\/wp-content\/uploads\/2015\/07\/dol.jpg\",\"width\":275,\"height\":183},{\"@type\":\"BreadcrumbList\",\"@id\":\"https:\/\/www.notibras.com\/site\/incertezas-na-economia-e-cenario-politico-jogam-dolar-para-cima\/#breadcrumb\",\"itemListElement\":[{\"@type\":\"ListItem\",\"position\":1,\"name\":\"In\u00edcio\",\"item\":\"https:\/\/www.notibras.com\/site\/\"},{\"@type\":\"ListItem\",\"position\":2,\"name\":\"Incertezas na economia e cen\u00e1rio pol\u00edtico jogam d\u00f3lar para cima, a 3,32\"}]},{\"@type\":\"WebSite\",\"@id\":\"https:\/\/www.notibras.com\/site\/#website\",\"url\":\"https:\/\/www.notibras.com\/site\/\",\"name\":\"Notibras\",\"description\":\"Not\u00edcias de Bras\u00edlia, do Brasil e do Mundo\",\"publisher\":{\"@id\":\"https:\/\/www.notibras.com\/site\/#organization\"},\"potentialAction\":[{\"@type\":\"SearchAction\",\"target\":{\"@type\":\"EntryPoint\",\"urlTemplate\":\"https:\/\/www.notibras.com\/site\/?s={search_term_string}\"},\"query-input\":{\"@type\":\"PropertyValueSpecification\",\"valueRequired\":true,\"valueName\":\"search_term_string\"}}],\"inLanguage\":\"pt-BR\"},{\"@type\":\"Organization\",\"@id\":\"https:\/\/www.notibras.com\/site\/#organization\",\"name\":\"Grupo Notibras de Comunica\u00e7\u00e3o\",\"url\":\"https:\/\/www.notibras.com\/site\/\",\"logo\":{\"@type\":\"ImageObject\",\"inLanguage\":\"pt-BR\",\"@id\":\"https:\/\/www.notibras.com\/site\/#\/schema\/logo\/image\/\",\"url\":\"https:\/\/www.notibras.com\/site\/wp-content\/uploads\/2023\/01\/notibras23.png\",\"contentUrl\":\"https:\/\/www.notibras.com\/site\/wp-content\/uploads\/2023\/01\/notibras23.png\",\"width\":350,\"height\":87,\"caption\":\"Grupo Notibras de Comunica\u00e7\u00e3o\"},\"image\":{\"@id\":\"https:\/\/www.notibras.com\/site\/#\/schema\/logo\/image\/\"},\"sameAs\":[\"https:\/\/www.facebook.com\/notibras\/\",\"https:\/\/x.com\/Notibras\",\"https:\/\/www.instagram.com\/notibras\/\"]},{\"@type\":\"Person\",\"@id\":\"https:\/\/www.notibras.com\/site\/#\/schema\/person\/36ab0979449956132d3e5b517ea76ac8\",\"name\":\"Reda\u00e7\u00e3o\",\"image\":{\"@type\":\"ImageObject\",\"inLanguage\":\"pt-BR\",\"@id\":\"https:\/\/secure.gravatar.com\/avatar\/e0a867bdedb85fd243eadf09663511f96fc81e0720a4a42581f334ad4303aa6b?s=96&d=mm&r=g\",\"url\":\"https:\/\/secure.gravatar.com\/avatar\/e0a867bdedb85fd243eadf09663511f96fc81e0720a4a42581f334ad4303aa6b?s=96&d=mm&r=g\",\"contentUrl\":\"https:\/\/secure.gravatar.com\/avatar\/e0a867bdedb85fd243eadf09663511f96fc81e0720a4a42581f334ad4303aa6b?s=96&d=mm&r=g\",\"caption\":\"Reda\u00e7\u00e3o\"}}]}<\/script>\n<!-- \/ Yoast SEO plugin. -->","yoast_head_json":{"title":"Incertezas na economia e cen\u00e1rio pol\u00edtico jogam d\u00f3lar para cima, a 3,32 - Notibras","robots":{"index":"index","follow":"follow","max-snippet":"max-snippet:-1","max-image-preview":"max-image-preview:large","max-video-preview":"max-video-preview:-1"},"canonical":"https:\/\/www.notibras.com\/site\/incertezas-na-economia-e-cenario-politico-jogam-dolar-para-cima\/","og_locale":"pt_BR","og_type":"article","og_title":"Incertezas na economia e cen\u00e1rio pol\u00edtico jogam d\u00f3lar para cima, a 3,32 - Notibras","og_description":"O d\u00f3lar sobe pela terceira sess\u00e3o consecutiva frente ao real nesta sexta-feira e bateu uma nova m\u00e1xima em 12 anos logo na abertura dos neg\u00f3cios, impulsionado pelas incertezas com a economia no Brasil. A moeda americana abriu em\u00a0alta de 0,90%, a R$ 3,3236. Na m\u00e1xima, a cota\u00e7\u00e3o foi a R$ 3,3401, maior patamar intradia desde [&hellip;]","og_url":"https:\/\/www.notibras.com\/site\/incertezas-na-economia-e-cenario-politico-jogam-dolar-para-cima\/","og_site_name":"Notibras","article_publisher":"https:\/\/www.facebook.com\/notibras\/","article_published_time":"2015-07-24T14:00:11+00:00","article_modified_time":"2015-07-24T14:00:58+00:00","og_image":[{"width":275,"height":183,"url":"https:\/\/www.notibras.com\/site\/wp-content\/uploads\/2015\/07\/dol.jpg","type":"image\/jpeg"}],"author":"Reda\u00e7\u00e3o","twitter_card":"summary_large_image","twitter_creator":"@Notibras","twitter_site":"@Notibras","twitter_misc":{"Escrito por":"Reda\u00e7\u00e3o","Est. tempo de leitura":"1 minuto"},"schema":{"@context":"https:\/\/schema.org","@graph":[{"@type":"Article","@id":"https:\/\/www.notibras.com\/site\/incertezas-na-economia-e-cenario-politico-jogam-dolar-para-cima\/#article","isPartOf":{"@id":"https:\/\/www.notibras.com\/site\/incertezas-na-economia-e-cenario-politico-jogam-dolar-para-cima\/"},"author":{"name":"Reda\u00e7\u00e3o","@id":"https:\/\/www.notibras.com\/site\/#\/schema\/person\/36ab0979449956132d3e5b517ea76ac8"},"headline":"Incertezas na economia e cen\u00e1rio pol\u00edtico jogam d\u00f3lar para cima, a 3,32","datePublished":"2015-07-24T14:00:11+00:00","dateModified":"2015-07-24T14:00:58+00:00","mainEntityOfPage":{"@id":"https:\/\/www.notibras.com\/site\/incertezas-na-economia-e-cenario-politico-jogam-dolar-para-cima\/"},"wordCount":239,"commentCount":0,"publisher":{"@id":"https:\/\/www.notibras.com\/site\/#organization"},"image":{"@id":"https:\/\/www.notibras.com\/site\/incertezas-na-economia-e-cenario-politico-jogam-dolar-para-cima\/#primaryimage"},"thumbnailUrl":"https:\/\/www.notibras.com\/site\/wp-content\/uploads\/2015\/07\/dol.jpg","articleSection":["Brasil"],"inLanguage":"pt-BR","potentialAction":[{"@type":"CommentAction","name":"Comment","target":["https:\/\/www.notibras.com\/site\/incertezas-na-economia-e-cenario-politico-jogam-dolar-para-cima\/#respond"]}]},{"@type":"WebPage","@id":"https:\/\/www.notibras.com\/site\/incertezas-na-economia-e-cenario-politico-jogam-dolar-para-cima\/","url":"https:\/\/www.notibras.com\/site\/incertezas-na-economia-e-cenario-politico-jogam-dolar-para-cima\/","name":"Incertezas na economia e cen\u00e1rio pol\u00edtico jogam d\u00f3lar para cima, a 3,32 - Notibras","isPartOf":{"@id":"https:\/\/www.notibras.com\/site\/#website"},"primaryImageOfPage":{"@id":"https:\/\/www.notibras.com\/site\/incertezas-na-economia-e-cenario-politico-jogam-dolar-para-cima\/#primaryimage"},"image":{"@id":"https:\/\/www.notibras.com\/site\/incertezas-na-economia-e-cenario-politico-jogam-dolar-para-cima\/#primaryimage"},"thumbnailUrl":"https:\/\/www.notibras.com\/site\/wp-content\/uploads\/2015\/07\/dol.jpg","datePublished":"2015-07-24T14:00:11+00:00","dateModified":"2015-07-24T14:00:58+00:00","breadcrumb":{"@id":"https:\/\/www.notibras.com\/site\/incertezas-na-economia-e-cenario-politico-jogam-dolar-para-cima\/#breadcrumb"},"inLanguage":"pt-BR","potentialAction":[{"@type":"ReadAction","target":["https:\/\/www.notibras.com\/site\/incertezas-na-economia-e-cenario-politico-jogam-dolar-para-cima\/"]}]},{"@type":"ImageObject","inLanguage":"pt-BR","@id":"https:\/\/www.notibras.com\/site\/incertezas-na-economia-e-cenario-politico-jogam-dolar-para-cima\/#primaryimage","url":"https:\/\/www.notibras.com\/site\/wp-content\/uploads\/2015\/07\/dol.jpg","contentUrl":"https:\/\/www.notibras.com\/site\/wp-content\/uploads\/2015\/07\/dol.jpg","width":275,"height":183},{"@type":"BreadcrumbList","@id":"https:\/\/www.notibras.com\/site\/incertezas-na-economia-e-cenario-politico-jogam-dolar-para-cima\/#breadcrumb","itemListElement":[{"@type":"ListItem","position":1,"name":"In\u00edcio","item":"https:\/\/www.notibras.com\/site\/"},{"@type":"ListItem","position":2,"name":"Incertezas na economia e cen\u00e1rio pol\u00edtico jogam d\u00f3lar para cima, a 3,32"}]},{"@type":"WebSite","@id":"https:\/\/www.notibras.com\/site\/#website","url":"https:\/\/www.notibras.com\/site\/","name":"Notibras","description":"Not\u00edcias de Bras\u00edlia, do Brasil e do Mundo","publisher":{"@id":"https:\/\/www.notibras.com\/site\/#organization"},"potentialAction":[{"@type":"SearchAction","target":{"@type":"EntryPoint","urlTemplate":"https:\/\/www.notibras.com\/site\/?s={search_term_string}"},"query-input":{"@type":"PropertyValueSpecification","valueRequired":true,"valueName":"search_term_string"}}],"inLanguage":"pt-BR"},{"@type":"Organization","@id":"https:\/\/www.notibras.com\/site\/#organization","name":"Grupo Notibras de Comunica\u00e7\u00e3o","url":"https:\/\/www.notibras.com\/site\/","logo":{"@type":"ImageObject","inLanguage":"pt-BR","@id":"https:\/\/www.notibras.com\/site\/#\/schema\/logo\/image\/","url":"https:\/\/www.notibras.com\/site\/wp-content\/uploads\/2023\/01\/notibras23.png","contentUrl":"https:\/\/www.notibras.com\/site\/wp-content\/uploads\/2023\/01\/notibras23.png","width":350,"height":87,"caption":"Grupo Notibras de Comunica\u00e7\u00e3o"},"image":{"@id":"https:\/\/www.notibras.com\/site\/#\/schema\/logo\/image\/"},"sameAs":["https:\/\/www.facebook.com\/notibras\/","https:\/\/x.com\/Notibras","https:\/\/www.instagram.com\/notibras\/"]},{"@type":"Person","@id":"https:\/\/www.notibras.com\/site\/#\/schema\/person\/36ab0979449956132d3e5b517ea76ac8","name":"Reda\u00e7\u00e3o","image":{"@type":"ImageObject","inLanguage":"pt-BR","@id":"https:\/\/secure.gravatar.com\/avatar\/e0a867bdedb85fd243eadf09663511f96fc81e0720a4a42581f334ad4303aa6b?s=96&d=mm&r=g","url":"https:\/\/secure.gravatar.com\/avatar\/e0a867bdedb85fd243eadf09663511f96fc81e0720a4a42581f334ad4303aa6b?s=96&d=mm&r=g","contentUrl":"https:\/\/secure.gravatar.com\/avatar\/e0a867bdedb85fd243eadf09663511f96fc81e0720a4a42581f334ad4303aa6b?s=96&d=mm&r=g","caption":"Reda\u00e7\u00e3o"}}]}},"amp_enabled":true,"_links":{"self":[{"href":"https:\/\/www.notibras.com\/site\/wp-json\/wp\/v2\/posts\/58846","targetHints":{"allow":["GET"]}}],"collection":[{"href":"https:\/\/www.notibras.com\/site\/wp-json\/wp\/v2\/posts"}],"about":[{"href":"https:\/\/www.notibras.com\/site\/wp-json\/wp\/v2\/types\/post"}],"author":[{"embeddable":true,"href":"https:\/\/www.notibras.com\/site\/wp-json\/wp\/v2\/users\/2"}],"replies":[{"embeddable":true,"href":"https:\/\/www.notibras.com\/site\/wp-json\/wp\/v2\/comments?post=58846"}],"version-history":[{"count":0,"href":"https:\/\/www.notibras.com\/site\/wp-json\/wp\/v2\/posts\/58846\/revisions"}],"wp:featuredmedia":[{"embeddable":true,"href":"https:\/\/www.notibras.com\/site\/wp-json\/wp\/v2\/media\/58847"}],"wp:attachment":[{"href":"https:\/\/www.notibras.com\/site\/wp-json\/wp\/v2\/media?parent=58846"}],"wp:term":[{"taxonomy":"category","embeddable":true,"href":"https:\/\/www.notibras.com\/site\/wp-json\/wp\/v2\/categories?post=58846"},{"taxonomy":"post_tag","embeddable":true,"href":"https:\/\/www.notibras.com\/site\/wp-json\/wp\/v2\/tags?post=58846"}],"curies":[{"name":"wp","href":"https:\/\/api.w.org\/{rel}","templated":true}]}}