{"id":58896,"date":"2015-07-24T17:56:55","date_gmt":"2015-07-24T20:56:55","guid":{"rendered":"http:\/\/www.notibras.com\/site\/?p=58896"},"modified":"2015-07-24T18:45:39","modified_gmt":"2015-07-24T21:45:39","slug":"ministerio-publico-cobra-punicao-para-22-cabecas-na-lava-jato","status":"publish","type":"post","link":"https:\/\/www.notibras.com\/site\/ministerio-publico-cobra-punicao-para-22-cabecas-na-lava-jato\/","title":{"rendered":"Minist\u00e9rio P\u00fablico cobra de Moro a puni\u00e7\u00e3o para 22 &#8216;cabe\u00e7as&#8217; da Lava Jato"},"content":{"rendered":"<p>O Minist\u00e9rio P\u00fablico Federal (MPF) apresentou \u00e0 Justi\u00e7a, nesta sexta-feira (24), uma den\u00fancia contra executivos das construtoras Odebrecht e Andrade Gutierrez investigados na Opera\u00e7\u00e3o Lava Jato.<\/p>\n<p>Entre os denunciados est\u00e3o os presidentes da Odebrecht S.A., Marcelo Odebrecht e da Andrade Gutierrez, Ot\u00e1vio Marques de Azevedo.<\/p>\n<p>Ao todo, s\u00e3o 22 pessoas denunciadas. Tamb\u00e9m aparecem na den\u00fancia os nomes do doleiro Alberto Youssef, do ex-diretor de Servi\u00e7os da Petrobras Paulo Roberto Costa.<\/p>\n<blockquote><p><strong>Lista dos denunciados<\/strong><\/p>\n<p>&#8211; Alberto Youssef<br \/>\n&#8211; Alexandrino de Salles Ramos de Alencar<br \/>\n&#8211; Ant\u00f4nio Pedro Campello de Souza Dias<br \/>\n&#8211; Armando Furlan J\u00fanior<br \/>\n&#8211; Bernardo Schiller Freiburghaus<br \/>\n&#8211; Celso Araripe d&#8217;Oliveira<br \/>\n&#8211; Cesar Ramos Rocha<br \/>\n&#8211; Eduardo de Oliveira Freitas Filho<br \/>\n&#8211; Elton Negr\u00e3o de Azevedo J\u00fanior<br \/>\n&#8211; Fernando Falc\u00e3o Soares<br \/>\n&#8211; Fl\u00e1vio Gomes Machado Filho<br \/>\n&#8211; Luc\u00e9lio Roberto von Lechten G\u00f3es<br \/>\n&#8211; Marcelo Bahia Odebrecht<br \/>\n&#8211; M\u00e1rcio Faria da Silva<br \/>\n&#8211; Mario Frederico Mendon\u00e7a G\u00f3es<br \/>\n&#8211; Ot\u00e1vio Marques de Azevedo<br \/>\n&#8211; Paulo Roberto Costa<br \/>\n&#8211; Paulo Roberto Dalmazzo<br \/>\n&#8211; Paulo S\u00e9rgio Boghossian<br \/>\n&#8211; Pedro Jos\u00e9 Barusco Filho<br \/>\n&#8211; Renato de Souza Duque<br \/>\n&#8211; Rog\u00e9rio Santos de Ara\u00fajo<\/p><\/blockquote>\n<p>Durante \u00a0entrevista \u00e0 imprensa, o procurador respons\u00e1vel pela for\u00e7a-tarefa de investiga\u00e7\u00e3o da Opera\u00e7\u00e3o Lava Jato, Deltan Dallagnol, destacou que a apura\u00e7\u00e3o \u00e9 um \u201cmomento hist\u00f3rico\u201d no combate \u00e0 corrup\u00e7\u00e3o e que a \u201cimpunidade foi rompida\u201d no pa\u00eds.<\/p>\n<p>De acordo com o procurador, a investiga\u00e7\u00e3o j\u00e1 conseguiu recuperar R$ 870 milh\u00f5es, cujos valores desviados da Petrobras trouxeram \u201ccicatrizes para a sa\u00fade e para a educa\u00e7\u00e3o\u201d. \u00a0\u201cPor mais poderosos que sejam seus autores [dos crimes], ningu\u00e9m esta acima da lei\u201d, disse.<\/p>\n<p>Em junho, os executivos da Odebrecht e da Andrade Gutierrez foram presos na d\u00e9cima quarta fase da Lava Jato, chamada Erga Omnes, uma express\u00e3o usada no meio jur\u00eddico para indicar que os efeitos de algum ato ou lei atingem todos os indiv\u00edduos.<\/p>\n","protected":false},"excerpt":{"rendered":"<p>O Minist\u00e9rio P\u00fablico Federal (MPF) apresentou \u00e0 Justi\u00e7a, nesta sexta-feira (24), uma den\u00fancia contra executivos das construtoras Odebrecht e Andrade Gutierrez investigados na Opera\u00e7\u00e3o Lava Jato. Entre os denunciados est\u00e3o os presidentes da Odebrecht S.A., Marcelo Odebrecht e da Andrade Gutierrez, Ot\u00e1vio Marques de Azevedo. Ao todo, s\u00e3o 22 pessoas denunciadas. Tamb\u00e9m aparecem na den\u00fancia [&hellip;]<\/p>\n","protected":false},"author":2,"featured_media":58898,"comment_status":"open","ping_status":"closed","sticky":false,"template":"","format":"standard","meta":{"_acf_changed":false,"footnotes":""},"categories":[16],"tags":[],"class_list":["post-58896","post","type-post","status-publish","format-standard","has-post-thumbnail","hentry","category-brasil"],"acf":[],"yoast_head":"<!-- This site is optimized with the Yoast SEO plugin v27.2 - https:\/\/yoast.com\/product\/yoast-seo-wordpress\/ -->\n<title>Minist\u00e9rio P\u00fablico cobra de Moro a puni\u00e7\u00e3o para 22 &#039;cabe\u00e7as&#039; da Lava Jato - Notibras<\/title>\n<meta name=\"robots\" content=\"index, follow, max-snippet:-1, max-image-preview:large, max-video-preview:-1\" \/>\n<link rel=\"canonical\" href=\"https:\/\/www.notibras.com\/site\/ministerio-publico-cobra-punicao-para-22-cabecas-na-lava-jato\/\" \/>\n<meta property=\"og:locale\" content=\"pt_BR\" \/>\n<meta property=\"og:type\" content=\"article\" \/>\n<meta property=\"og:title\" content=\"Minist\u00e9rio P\u00fablico cobra de Moro a puni\u00e7\u00e3o para 22 &#039;cabe\u00e7as&#039; da Lava Jato - Notibras\" \/>\n<meta property=\"og:description\" content=\"O Minist\u00e9rio P\u00fablico Federal (MPF) apresentou \u00e0 Justi\u00e7a, nesta sexta-feira (24), uma den\u00fancia contra executivos das construtoras Odebrecht e Andrade Gutierrez investigados na Opera\u00e7\u00e3o Lava Jato. Entre os denunciados est\u00e3o os presidentes da Odebrecht S.A., Marcelo Odebrecht e da Andrade Gutierrez, Ot\u00e1vio Marques de Azevedo. Ao todo, s\u00e3o 22 pessoas denunciadas. Tamb\u00e9m aparecem na den\u00fancia [&hellip;]\" \/>\n<meta property=\"og:url\" content=\"https:\/\/www.notibras.com\/site\/ministerio-publico-cobra-punicao-para-22-cabecas-na-lava-jato\/\" \/>\n<meta property=\"og:site_name\" content=\"Notibras\" \/>\n<meta property=\"article:publisher\" content=\"https:\/\/www.facebook.com\/notibras\/\" \/>\n<meta property=\"article:published_time\" content=\"2015-07-24T20:56:55+00:00\" \/>\n<meta property=\"article:modified_time\" content=\"2015-07-24T21:45:39+00:00\" \/>\n<meta property=\"og:image\" content=\"https:\/\/www.notibras.com\/site\/wp-content\/uploads\/2015\/07\/17062331.jpg\" \/>\n\t<meta property=\"og:image:width\" content=\"640\" \/>\n\t<meta property=\"og:image:height\" content=\"426\" \/>\n\t<meta property=\"og:image:type\" content=\"image\/jpeg\" \/>\n<meta name=\"author\" content=\"Reda\u00e7\u00e3o\" \/>\n<meta name=\"twitter:card\" content=\"summary_large_image\" \/>\n<meta name=\"twitter:creator\" content=\"@Notibras\" \/>\n<meta name=\"twitter:site\" content=\"@Notibras\" \/>\n<meta name=\"twitter:label1\" content=\"Escrito por\" \/>\n\t<meta name=\"twitter:data1\" content=\"Reda\u00e7\u00e3o\" \/>\n\t<meta name=\"twitter:label2\" content=\"Est. tempo de leitura\" \/>\n\t<meta name=\"twitter:data2\" content=\"2 minutos\" \/>\n<script type=\"application\/ld+json\" class=\"yoast-schema-graph\">{\"@context\":\"https:\/\/schema.org\",\"@graph\":[{\"@type\":\"Article\",\"@id\":\"https:\/\/www.notibras.com\/site\/ministerio-publico-cobra-punicao-para-22-cabecas-na-lava-jato\/#article\",\"isPartOf\":{\"@id\":\"https:\/\/www.notibras.com\/site\/ministerio-publico-cobra-punicao-para-22-cabecas-na-lava-jato\/\"},\"author\":{\"name\":\"Reda\u00e7\u00e3o\",\"@id\":\"https:\/\/www.notibras.com\/site\/#\/schema\/person\/36ab0979449956132d3e5b517ea76ac8\"},\"headline\":\"Minist\u00e9rio P\u00fablico cobra de Moro a puni\u00e7\u00e3o para 22 &#8216;cabe\u00e7as&#8217; da Lava Jato\",\"datePublished\":\"2015-07-24T20:56:55+00:00\",\"dateModified\":\"2015-07-24T21:45:39+00:00\",\"mainEntityOfPage\":{\"@id\":\"https:\/\/www.notibras.com\/site\/ministerio-publico-cobra-punicao-para-22-cabecas-na-lava-jato\/\"},\"wordCount\":353,\"commentCount\":0,\"publisher\":{\"@id\":\"https:\/\/www.notibras.com\/site\/#organization\"},\"image\":{\"@id\":\"https:\/\/www.notibras.com\/site\/ministerio-publico-cobra-punicao-para-22-cabecas-na-lava-jato\/#primaryimage\"},\"thumbnailUrl\":\"https:\/\/www.notibras.com\/site\/wp-content\/uploads\/2015\/07\/17062331.jpg\",\"articleSection\":[\"Brasil\"],\"inLanguage\":\"pt-BR\",\"potentialAction\":[{\"@type\":\"CommentAction\",\"name\":\"Comment\",\"target\":[\"https:\/\/www.notibras.com\/site\/ministerio-publico-cobra-punicao-para-22-cabecas-na-lava-jato\/#respond\"]}]},{\"@type\":\"WebPage\",\"@id\":\"https:\/\/www.notibras.com\/site\/ministerio-publico-cobra-punicao-para-22-cabecas-na-lava-jato\/\",\"url\":\"https:\/\/www.notibras.com\/site\/ministerio-publico-cobra-punicao-para-22-cabecas-na-lava-jato\/\",\"name\":\"Minist\u00e9rio P\u00fablico cobra de Moro a puni\u00e7\u00e3o para 22 'cabe\u00e7as' da Lava Jato - Notibras\",\"isPartOf\":{\"@id\":\"https:\/\/www.notibras.com\/site\/#website\"},\"primaryImageOfPage\":{\"@id\":\"https:\/\/www.notibras.com\/site\/ministerio-publico-cobra-punicao-para-22-cabecas-na-lava-jato\/#primaryimage\"},\"image\":{\"@id\":\"https:\/\/www.notibras.com\/site\/ministerio-publico-cobra-punicao-para-22-cabecas-na-lava-jato\/#primaryimage\"},\"thumbnailUrl\":\"https:\/\/www.notibras.com\/site\/wp-content\/uploads\/2015\/07\/17062331.jpg\",\"datePublished\":\"2015-07-24T20:56:55+00:00\",\"dateModified\":\"2015-07-24T21:45:39+00:00\",\"breadcrumb\":{\"@id\":\"https:\/\/www.notibras.com\/site\/ministerio-publico-cobra-punicao-para-22-cabecas-na-lava-jato\/#breadcrumb\"},\"inLanguage\":\"pt-BR\",\"potentialAction\":[{\"@type\":\"ReadAction\",\"target\":[\"https:\/\/www.notibras.com\/site\/ministerio-publico-cobra-punicao-para-22-cabecas-na-lava-jato\/\"]}]},{\"@type\":\"ImageObject\",\"inLanguage\":\"pt-BR\",\"@id\":\"https:\/\/www.notibras.com\/site\/ministerio-publico-cobra-punicao-para-22-cabecas-na-lava-jato\/#primaryimage\",\"url\":\"https:\/\/www.notibras.com\/site\/wp-content\/uploads\/2015\/07\/17062331.jpg\",\"contentUrl\":\"https:\/\/www.notibras.com\/site\/wp-content\/uploads\/2015\/07\/17062331.jpg\",\"width\":640,\"height\":426},{\"@type\":\"BreadcrumbList\",\"@id\":\"https:\/\/www.notibras.com\/site\/ministerio-publico-cobra-punicao-para-22-cabecas-na-lava-jato\/#breadcrumb\",\"itemListElement\":[{\"@type\":\"ListItem\",\"position\":1,\"name\":\"In\u00edcio\",\"item\":\"https:\/\/www.notibras.com\/site\/\"},{\"@type\":\"ListItem\",\"position\":2,\"name\":\"Minist\u00e9rio P\u00fablico cobra de Moro a puni\u00e7\u00e3o para 22 &#8216;cabe\u00e7as&#8217; da Lava Jato\"}]},{\"@type\":\"WebSite\",\"@id\":\"https:\/\/www.notibras.com\/site\/#website\",\"url\":\"https:\/\/www.notibras.com\/site\/\",\"name\":\"Notibras\",\"description\":\"Not\u00edcias de Bras\u00edlia, do Brasil e do Mundo\",\"publisher\":{\"@id\":\"https:\/\/www.notibras.com\/site\/#organization\"},\"potentialAction\":[{\"@type\":\"SearchAction\",\"target\":{\"@type\":\"EntryPoint\",\"urlTemplate\":\"https:\/\/www.notibras.com\/site\/?s={search_term_string}\"},\"query-input\":{\"@type\":\"PropertyValueSpecification\",\"valueRequired\":true,\"valueName\":\"search_term_string\"}}],\"inLanguage\":\"pt-BR\"},{\"@type\":\"Organization\",\"@id\":\"https:\/\/www.notibras.com\/site\/#organization\",\"name\":\"Grupo Notibras de Comunica\u00e7\u00e3o\",\"url\":\"https:\/\/www.notibras.com\/site\/\",\"logo\":{\"@type\":\"ImageObject\",\"inLanguage\":\"pt-BR\",\"@id\":\"https:\/\/www.notibras.com\/site\/#\/schema\/logo\/image\/\",\"url\":\"https:\/\/www.notibras.com\/site\/wp-content\/uploads\/2023\/01\/notibras23.png\",\"contentUrl\":\"https:\/\/www.notibras.com\/site\/wp-content\/uploads\/2023\/01\/notibras23.png\",\"width\":350,\"height\":87,\"caption\":\"Grupo Notibras de Comunica\u00e7\u00e3o\"},\"image\":{\"@id\":\"https:\/\/www.notibras.com\/site\/#\/schema\/logo\/image\/\"},\"sameAs\":[\"https:\/\/www.facebook.com\/notibras\/\",\"https:\/\/x.com\/Notibras\",\"https:\/\/www.instagram.com\/notibras\/\"]},{\"@type\":\"Person\",\"@id\":\"https:\/\/www.notibras.com\/site\/#\/schema\/person\/36ab0979449956132d3e5b517ea76ac8\",\"name\":\"Reda\u00e7\u00e3o\",\"image\":{\"@type\":\"ImageObject\",\"inLanguage\":\"pt-BR\",\"@id\":\"https:\/\/secure.gravatar.com\/avatar\/e0a867bdedb85fd243eadf09663511f96fc81e0720a4a42581f334ad4303aa6b?s=96&d=mm&r=g\",\"url\":\"https:\/\/secure.gravatar.com\/avatar\/e0a867bdedb85fd243eadf09663511f96fc81e0720a4a42581f334ad4303aa6b?s=96&d=mm&r=g\",\"contentUrl\":\"https:\/\/secure.gravatar.com\/avatar\/e0a867bdedb85fd243eadf09663511f96fc81e0720a4a42581f334ad4303aa6b?s=96&d=mm&r=g\",\"caption\":\"Reda\u00e7\u00e3o\"}}]}<\/script>\n<!-- \/ Yoast SEO plugin. -->","yoast_head_json":{"title":"Minist\u00e9rio P\u00fablico cobra de Moro a puni\u00e7\u00e3o para 22 'cabe\u00e7as' da Lava Jato - Notibras","robots":{"index":"index","follow":"follow","max-snippet":"max-snippet:-1","max-image-preview":"max-image-preview:large","max-video-preview":"max-video-preview:-1"},"canonical":"https:\/\/www.notibras.com\/site\/ministerio-publico-cobra-punicao-para-22-cabecas-na-lava-jato\/","og_locale":"pt_BR","og_type":"article","og_title":"Minist\u00e9rio P\u00fablico cobra de Moro a puni\u00e7\u00e3o para 22 'cabe\u00e7as' da Lava Jato - Notibras","og_description":"O Minist\u00e9rio P\u00fablico Federal (MPF) apresentou \u00e0 Justi\u00e7a, nesta sexta-feira (24), uma den\u00fancia contra executivos das construtoras Odebrecht e Andrade Gutierrez investigados na Opera\u00e7\u00e3o Lava Jato. Entre os denunciados est\u00e3o os presidentes da Odebrecht S.A., Marcelo Odebrecht e da Andrade Gutierrez, Ot\u00e1vio Marques de Azevedo. Ao todo, s\u00e3o 22 pessoas denunciadas. Tamb\u00e9m aparecem na den\u00fancia [&hellip;]","og_url":"https:\/\/www.notibras.com\/site\/ministerio-publico-cobra-punicao-para-22-cabecas-na-lava-jato\/","og_site_name":"Notibras","article_publisher":"https:\/\/www.facebook.com\/notibras\/","article_published_time":"2015-07-24T20:56:55+00:00","article_modified_time":"2015-07-24T21:45:39+00:00","og_image":[{"width":640,"height":426,"url":"https:\/\/www.notibras.com\/site\/wp-content\/uploads\/2015\/07\/17062331.jpg","type":"image\/jpeg"}],"author":"Reda\u00e7\u00e3o","twitter_card":"summary_large_image","twitter_creator":"@Notibras","twitter_site":"@Notibras","twitter_misc":{"Escrito por":"Reda\u00e7\u00e3o","Est. tempo de leitura":"2 minutos"},"schema":{"@context":"https:\/\/schema.org","@graph":[{"@type":"Article","@id":"https:\/\/www.notibras.com\/site\/ministerio-publico-cobra-punicao-para-22-cabecas-na-lava-jato\/#article","isPartOf":{"@id":"https:\/\/www.notibras.com\/site\/ministerio-publico-cobra-punicao-para-22-cabecas-na-lava-jato\/"},"author":{"name":"Reda\u00e7\u00e3o","@id":"https:\/\/www.notibras.com\/site\/#\/schema\/person\/36ab0979449956132d3e5b517ea76ac8"},"headline":"Minist\u00e9rio P\u00fablico cobra de Moro a puni\u00e7\u00e3o para 22 &#8216;cabe\u00e7as&#8217; da Lava Jato","datePublished":"2015-07-24T20:56:55+00:00","dateModified":"2015-07-24T21:45:39+00:00","mainEntityOfPage":{"@id":"https:\/\/www.notibras.com\/site\/ministerio-publico-cobra-punicao-para-22-cabecas-na-lava-jato\/"},"wordCount":353,"commentCount":0,"publisher":{"@id":"https:\/\/www.notibras.com\/site\/#organization"},"image":{"@id":"https:\/\/www.notibras.com\/site\/ministerio-publico-cobra-punicao-para-22-cabecas-na-lava-jato\/#primaryimage"},"thumbnailUrl":"https:\/\/www.notibras.com\/site\/wp-content\/uploads\/2015\/07\/17062331.jpg","articleSection":["Brasil"],"inLanguage":"pt-BR","potentialAction":[{"@type":"CommentAction","name":"Comment","target":["https:\/\/www.notibras.com\/site\/ministerio-publico-cobra-punicao-para-22-cabecas-na-lava-jato\/#respond"]}]},{"@type":"WebPage","@id":"https:\/\/www.notibras.com\/site\/ministerio-publico-cobra-punicao-para-22-cabecas-na-lava-jato\/","url":"https:\/\/www.notibras.com\/site\/ministerio-publico-cobra-punicao-para-22-cabecas-na-lava-jato\/","name":"Minist\u00e9rio P\u00fablico cobra de Moro a puni\u00e7\u00e3o para 22 'cabe\u00e7as' da Lava Jato - Notibras","isPartOf":{"@id":"https:\/\/www.notibras.com\/site\/#website"},"primaryImageOfPage":{"@id":"https:\/\/www.notibras.com\/site\/ministerio-publico-cobra-punicao-para-22-cabecas-na-lava-jato\/#primaryimage"},"image":{"@id":"https:\/\/www.notibras.com\/site\/ministerio-publico-cobra-punicao-para-22-cabecas-na-lava-jato\/#primaryimage"},"thumbnailUrl":"https:\/\/www.notibras.com\/site\/wp-content\/uploads\/2015\/07\/17062331.jpg","datePublished":"2015-07-24T20:56:55+00:00","dateModified":"2015-07-24T21:45:39+00:00","breadcrumb":{"@id":"https:\/\/www.notibras.com\/site\/ministerio-publico-cobra-punicao-para-22-cabecas-na-lava-jato\/#breadcrumb"},"inLanguage":"pt-BR","potentialAction":[{"@type":"ReadAction","target":["https:\/\/www.notibras.com\/site\/ministerio-publico-cobra-punicao-para-22-cabecas-na-lava-jato\/"]}]},{"@type":"ImageObject","inLanguage":"pt-BR","@id":"https:\/\/www.notibras.com\/site\/ministerio-publico-cobra-punicao-para-22-cabecas-na-lava-jato\/#primaryimage","url":"https:\/\/www.notibras.com\/site\/wp-content\/uploads\/2015\/07\/17062331.jpg","contentUrl":"https:\/\/www.notibras.com\/site\/wp-content\/uploads\/2015\/07\/17062331.jpg","width":640,"height":426},{"@type":"BreadcrumbList","@id":"https:\/\/www.notibras.com\/site\/ministerio-publico-cobra-punicao-para-22-cabecas-na-lava-jato\/#breadcrumb","itemListElement":[{"@type":"ListItem","position":1,"name":"In\u00edcio","item":"https:\/\/www.notibras.com\/site\/"},{"@type":"ListItem","position":2,"name":"Minist\u00e9rio P\u00fablico cobra de Moro a puni\u00e7\u00e3o para 22 &#8216;cabe\u00e7as&#8217; da Lava Jato"}]},{"@type":"WebSite","@id":"https:\/\/www.notibras.com\/site\/#website","url":"https:\/\/www.notibras.com\/site\/","name":"Notibras","description":"Not\u00edcias de Bras\u00edlia, do Brasil e do Mundo","publisher":{"@id":"https:\/\/www.notibras.com\/site\/#organization"},"potentialAction":[{"@type":"SearchAction","target":{"@type":"EntryPoint","urlTemplate":"https:\/\/www.notibras.com\/site\/?s={search_term_string}"},"query-input":{"@type":"PropertyValueSpecification","valueRequired":true,"valueName":"search_term_string"}}],"inLanguage":"pt-BR"},{"@type":"Organization","@id":"https:\/\/www.notibras.com\/site\/#organization","name":"Grupo Notibras de Comunica\u00e7\u00e3o","url":"https:\/\/www.notibras.com\/site\/","logo":{"@type":"ImageObject","inLanguage":"pt-BR","@id":"https:\/\/www.notibras.com\/site\/#\/schema\/logo\/image\/","url":"https:\/\/www.notibras.com\/site\/wp-content\/uploads\/2023\/01\/notibras23.png","contentUrl":"https:\/\/www.notibras.com\/site\/wp-content\/uploads\/2023\/01\/notibras23.png","width":350,"height":87,"caption":"Grupo Notibras de Comunica\u00e7\u00e3o"},"image":{"@id":"https:\/\/www.notibras.com\/site\/#\/schema\/logo\/image\/"},"sameAs":["https:\/\/www.facebook.com\/notibras\/","https:\/\/x.com\/Notibras","https:\/\/www.instagram.com\/notibras\/"]},{"@type":"Person","@id":"https:\/\/www.notibras.com\/site\/#\/schema\/person\/36ab0979449956132d3e5b517ea76ac8","name":"Reda\u00e7\u00e3o","image":{"@type":"ImageObject","inLanguage":"pt-BR","@id":"https:\/\/secure.gravatar.com\/avatar\/e0a867bdedb85fd243eadf09663511f96fc81e0720a4a42581f334ad4303aa6b?s=96&d=mm&r=g","url":"https:\/\/secure.gravatar.com\/avatar\/e0a867bdedb85fd243eadf09663511f96fc81e0720a4a42581f334ad4303aa6b?s=96&d=mm&r=g","contentUrl":"https:\/\/secure.gravatar.com\/avatar\/e0a867bdedb85fd243eadf09663511f96fc81e0720a4a42581f334ad4303aa6b?s=96&d=mm&r=g","caption":"Reda\u00e7\u00e3o"}}]}},"amp_enabled":true,"_links":{"self":[{"href":"https:\/\/www.notibras.com\/site\/wp-json\/wp\/v2\/posts\/58896","targetHints":{"allow":["GET"]}}],"collection":[{"href":"https:\/\/www.notibras.com\/site\/wp-json\/wp\/v2\/posts"}],"about":[{"href":"https:\/\/www.notibras.com\/site\/wp-json\/wp\/v2\/types\/post"}],"author":[{"embeddable":true,"href":"https:\/\/www.notibras.com\/site\/wp-json\/wp\/v2\/users\/2"}],"replies":[{"embeddable":true,"href":"https:\/\/www.notibras.com\/site\/wp-json\/wp\/v2\/comments?post=58896"}],"version-history":[{"count":0,"href":"https:\/\/www.notibras.com\/site\/wp-json\/wp\/v2\/posts\/58896\/revisions"}],"wp:featuredmedia":[{"embeddable":true,"href":"https:\/\/www.notibras.com\/site\/wp-json\/wp\/v2\/media\/58898"}],"wp:attachment":[{"href":"https:\/\/www.notibras.com\/site\/wp-json\/wp\/v2\/media?parent=58896"}],"wp:term":[{"taxonomy":"category","embeddable":true,"href":"https:\/\/www.notibras.com\/site\/wp-json\/wp\/v2\/categories?post=58896"},{"taxonomy":"post_tag","embeddable":true,"href":"https:\/\/www.notibras.com\/site\/wp-json\/wp\/v2\/tags?post=58896"}],"curies":[{"name":"wp","href":"https:\/\/api.w.org\/{rel}","templated":true}]}}