{"id":58982,"date":"2015-07-25T16:09:18","date_gmt":"2015-07-25T19:09:18","guid":{"rendered":"http:\/\/www.notibras.com\/site\/?p=58982"},"modified":"2015-07-25T22:07:08","modified_gmt":"2015-07-26T01:07:08","slug":"atacado-romario-contra-ataca-veja-uma-revista-vende-capa","status":"publish","type":"post","link":"https:\/\/www.notibras.com\/site\/atacado-romario-contra-ataca-veja-uma-revista-vende-capa\/","title":{"rendered":"Atacado por conta na Su\u00ed\u00e7a, Rom\u00e1rio ataca Veja, uma &#8216;vende-capa&#8217;"},"content":{"rendered":"<p>Pr\u00e9-candidato e l\u00edder nas pesquisas de inten\u00e7\u00e3o de voto para a Prefeitura do Rio de Janeiro em 2016, o senador Rom\u00e1rio (PSB) divulgou nota oficial neste s\u00e1bado desmentindo mat\u00e9ria publicada na Veja deste fim de semana. Segundo a revista, o presidente da CPI do Futebol tem uma conta em um banco da Su\u00ed\u00e7a com valor equivalente a R$ 7,5 milh\u00f5es n\u00e3o declarados \u00e0 Justi\u00e7a Eleitoral e \u00e0 Receita Federal.<\/p>\n<p>Em carta publicada em suas redes sociais, o Baixinho n\u00e3o negou a exist\u00eancia da conta. Justificou que realmente pode ter aberto e n\u00e3o fechado contas durante o tempo em que jogou futebol no exterior. Rom\u00e1rio rejeita veementemente, por\u00e9m, a informa\u00e7\u00e3o da Veja de que fez aplica\u00e7\u00f5es em dezembro de 2013.<\/p>\n<blockquote><p>&#8220;Obviamente, fiquei muito feliz com a not\u00edcia, assim que poss\u00edvel, irei ao banco para confirmar a posse desta conta, resgatar o dinheiro e notificar \u00e0 Receita Federal (&#8230;) Espero que seja verdade, como trabalhei em muitos clubes fora do Brasil, \u00e9 poss\u00edvel que tenha sobrado algum rendimento que chegou a\u00a0essa quantia. Estou me sentindo um ganhador da Mega Sena, s\u00f3 que do meu honesto e suado dinheiro&#8221;, ironizou Rom\u00e1rio, para depois questionar a revista.<\/p><\/blockquote>\n<p>&#8220;O que h\u00e1 de estranho nisso \u00e9 a informa\u00e7\u00e3o da revista de que a aplica\u00e7\u00e3o seria de 2013. Certeza que eu n\u00e3o fiz nenhuma aplica\u00e7\u00e3o no per\u00edodo recente. Tamb\u00e9m n\u00e3o recebi nenhuma notifica\u00e7\u00e3o do Minist\u00e9rio P\u00fablico a respeito. Mas como se trata da revista Veja, se a informa\u00e7\u00e3o estiver errada, n\u00e3o ser\u00e1 uma surpresa&#8221;, disparou o senador.<\/p>\n<p>O ex-jogador tamb\u00e9m contestou informa\u00e7\u00e3o publicada na revista de que circula pelo Rio de Janeiro com uma Ferrari vermelha. Segundo ele, o carro, comprado em 2004, &#8220;j\u00e1 n\u00e3o se encontra na cidade h\u00e1 alguns anos&#8221;.<\/p>\n<p>Por fim, Rom\u00e1rio acusou a Veja de publicar a mat\u00e9ria em repres\u00e1lia as suas atitudes no Senado, sobretudo \u00e0 frente da CPI do Futebol, e ao fato de ele liderar as primeiras pesquisas de inten\u00e7\u00e3o de voto para a elei\u00e7\u00e3o para prefeito do Rio de Janeiro, em 2016.<\/p>\n<blockquote><p>&#8220;Se voc\u00eas lerem a mat\u00e9ria, perceber\u00e3o que n\u00e3o h\u00e1 uma fonte sequer identificada de acusa\u00e7\u00f5es contra mim. Vale informar que durante as elei\u00e7\u00f5es do ano passado, essa mesma cretina revista tentou publicar essa mat\u00e9ria contra mim, com claras motiva\u00e7\u00f5es pol\u00edticas. A mat\u00e9ria n\u00e3o saiu, na \u00e9poca, por falta de consist\u00eancia. N\u00e3o \u00e9 de suspeitar que uma semana depois de eu despontar com alto \u00edndice de inten\u00e7\u00f5es de votos para a prefeitura do Rio, a publica\u00e7\u00e3o tenha sido resgatada com este fato novo da conta na Su\u00ed\u00e7a. Dif\u00edcil \u00e9 esperar credibilidade de uma revista como essa, que vende capa&#8221;, afirmou Rom\u00e1rio.<\/p><\/blockquote>\n<p>&#8220;Podem atacar, mas eu continuarei presidente da CPI do Futebol e imbu\u00eddo de vontade de moralizar o futebol brasileiro. Sobre o meu futuro pol\u00edtico, nada vai tirar meu foco! Aos meus concorrentes, minhas pretens\u00f5es se fortalecem com mat\u00e9rias como essas. Aos rep\u00f3rteres que assinam mentiras, nos vemos na justi\u00e7a&#8221;, escreveu o ex-jogador.<\/p>\n","protected":false},"excerpt":{"rendered":"<p>Pr\u00e9-candidato e l\u00edder nas pesquisas de inten\u00e7\u00e3o de voto para a Prefeitura do Rio de Janeiro em 2016, o senador Rom\u00e1rio (PSB) divulgou nota oficial neste s\u00e1bado desmentindo mat\u00e9ria publicada na Veja deste fim de semana. Segundo a revista, o presidente da CPI do Futebol tem uma conta em um banco da Su\u00ed\u00e7a com valor [&hellip;]<\/p>\n","protected":false},"author":2,"featured_media":58983,"comment_status":"open","ping_status":"closed","sticky":false,"template":"","format":"standard","meta":{"_acf_changed":false,"footnotes":""},"categories":[16],"tags":[],"class_list":["post-58982","post","type-post","status-publish","format-standard","has-post-thumbnail","hentry","category-brasil"],"acf":[],"yoast_head":"<!-- This site is optimized with the Yoast SEO plugin v27.2 - https:\/\/yoast.com\/product\/yoast-seo-wordpress\/ -->\n<title>Atacado por conta na Su\u00ed\u00e7a, Rom\u00e1rio ataca Veja, uma &#039;vende-capa&#039; - Notibras<\/title>\n<meta name=\"robots\" content=\"index, follow, max-snippet:-1, max-image-preview:large, max-video-preview:-1\" \/>\n<link rel=\"canonical\" href=\"https:\/\/www.notibras.com\/site\/atacado-romario-contra-ataca-veja-uma-revista-vende-capa\/\" \/>\n<meta property=\"og:locale\" content=\"pt_BR\" \/>\n<meta property=\"og:type\" content=\"article\" \/>\n<meta property=\"og:title\" content=\"Atacado por conta na Su\u00ed\u00e7a, Rom\u00e1rio ataca Veja, uma &#039;vende-capa&#039; - Notibras\" \/>\n<meta property=\"og:description\" content=\"Pr\u00e9-candidato e l\u00edder nas pesquisas de inten\u00e7\u00e3o de voto para a Prefeitura do Rio de Janeiro em 2016, o senador Rom\u00e1rio (PSB) divulgou nota oficial neste s\u00e1bado desmentindo mat\u00e9ria publicada na Veja deste fim de semana. Segundo a revista, o presidente da CPI do Futebol tem uma conta em um banco da Su\u00ed\u00e7a com valor [&hellip;]\" \/>\n<meta property=\"og:url\" content=\"https:\/\/www.notibras.com\/site\/atacado-romario-contra-ataca-veja-uma-revista-vende-capa\/\" \/>\n<meta property=\"og:site_name\" content=\"Notibras\" \/>\n<meta property=\"article:publisher\" content=\"https:\/\/www.facebook.com\/notibras\/\" \/>\n<meta property=\"article:published_time\" content=\"2015-07-25T19:09:18+00:00\" \/>\n<meta property=\"article:modified_time\" content=\"2015-07-26T01:07:08+00:00\" \/>\n<meta property=\"og:image\" content=\"https:\/\/www.notibras.com\/site\/wp-content\/uploads\/2015\/07\/roma.jpg\" \/>\n\t<meta property=\"og:image:width\" content=\"620\" \/>\n\t<meta property=\"og:image:height\" content=\"414\" \/>\n\t<meta property=\"og:image:type\" content=\"image\/jpeg\" \/>\n<meta name=\"author\" content=\"Reda\u00e7\u00e3o\" \/>\n<meta name=\"twitter:card\" content=\"summary_large_image\" \/>\n<meta name=\"twitter:creator\" content=\"@Notibras\" \/>\n<meta name=\"twitter:site\" content=\"@Notibras\" \/>\n<meta name=\"twitter:label1\" content=\"Escrito por\" \/>\n\t<meta name=\"twitter:data1\" content=\"Reda\u00e7\u00e3o\" \/>\n\t<meta name=\"twitter:label2\" content=\"Est. tempo de leitura\" \/>\n\t<meta name=\"twitter:data2\" content=\"3 minutos\" \/>\n<script type=\"application\/ld+json\" class=\"yoast-schema-graph\">{\"@context\":\"https:\/\/schema.org\",\"@graph\":[{\"@type\":\"Article\",\"@id\":\"https:\/\/www.notibras.com\/site\/atacado-romario-contra-ataca-veja-uma-revista-vende-capa\/#article\",\"isPartOf\":{\"@id\":\"https:\/\/www.notibras.com\/site\/atacado-romario-contra-ataca-veja-uma-revista-vende-capa\/\"},\"author\":{\"name\":\"Reda\u00e7\u00e3o\",\"@id\":\"https:\/\/www.notibras.com\/site\/#\/schema\/person\/36ab0979449956132d3e5b517ea76ac8\"},\"headline\":\"Atacado por conta na Su\u00ed\u00e7a, Rom\u00e1rio ataca Veja, uma &#8216;vende-capa&#8217;\",\"datePublished\":\"2015-07-25T19:09:18+00:00\",\"dateModified\":\"2015-07-26T01:07:08+00:00\",\"mainEntityOfPage\":{\"@id\":\"https:\/\/www.notibras.com\/site\/atacado-romario-contra-ataca-veja-uma-revista-vende-capa\/\"},\"wordCount\":548,\"commentCount\":0,\"publisher\":{\"@id\":\"https:\/\/www.notibras.com\/site\/#organization\"},\"image\":{\"@id\":\"https:\/\/www.notibras.com\/site\/atacado-romario-contra-ataca-veja-uma-revista-vende-capa\/#primaryimage\"},\"thumbnailUrl\":\"https:\/\/www.notibras.com\/site\/wp-content\/uploads\/2015\/07\/roma.jpg\",\"articleSection\":[\"Brasil\"],\"inLanguage\":\"pt-BR\",\"potentialAction\":[{\"@type\":\"CommentAction\",\"name\":\"Comment\",\"target\":[\"https:\/\/www.notibras.com\/site\/atacado-romario-contra-ataca-veja-uma-revista-vende-capa\/#respond\"]}]},{\"@type\":\"WebPage\",\"@id\":\"https:\/\/www.notibras.com\/site\/atacado-romario-contra-ataca-veja-uma-revista-vende-capa\/\",\"url\":\"https:\/\/www.notibras.com\/site\/atacado-romario-contra-ataca-veja-uma-revista-vende-capa\/\",\"name\":\"Atacado por conta na Su\u00ed\u00e7a, Rom\u00e1rio ataca Veja, uma 'vende-capa' - Notibras\",\"isPartOf\":{\"@id\":\"https:\/\/www.notibras.com\/site\/#website\"},\"primaryImageOfPage\":{\"@id\":\"https:\/\/www.notibras.com\/site\/atacado-romario-contra-ataca-veja-uma-revista-vende-capa\/#primaryimage\"},\"image\":{\"@id\":\"https:\/\/www.notibras.com\/site\/atacado-romario-contra-ataca-veja-uma-revista-vende-capa\/#primaryimage\"},\"thumbnailUrl\":\"https:\/\/www.notibras.com\/site\/wp-content\/uploads\/2015\/07\/roma.jpg\",\"datePublished\":\"2015-07-25T19:09:18+00:00\",\"dateModified\":\"2015-07-26T01:07:08+00:00\",\"breadcrumb\":{\"@id\":\"https:\/\/www.notibras.com\/site\/atacado-romario-contra-ataca-veja-uma-revista-vende-capa\/#breadcrumb\"},\"inLanguage\":\"pt-BR\",\"potentialAction\":[{\"@type\":\"ReadAction\",\"target\":[\"https:\/\/www.notibras.com\/site\/atacado-romario-contra-ataca-veja-uma-revista-vende-capa\/\"]}]},{\"@type\":\"ImageObject\",\"inLanguage\":\"pt-BR\",\"@id\":\"https:\/\/www.notibras.com\/site\/atacado-romario-contra-ataca-veja-uma-revista-vende-capa\/#primaryimage\",\"url\":\"https:\/\/www.notibras.com\/site\/wp-content\/uploads\/2015\/07\/roma.jpg\",\"contentUrl\":\"https:\/\/www.notibras.com\/site\/wp-content\/uploads\/2015\/07\/roma.jpg\",\"width\":620,\"height\":414},{\"@type\":\"BreadcrumbList\",\"@id\":\"https:\/\/www.notibras.com\/site\/atacado-romario-contra-ataca-veja-uma-revista-vende-capa\/#breadcrumb\",\"itemListElement\":[{\"@type\":\"ListItem\",\"position\":1,\"name\":\"In\u00edcio\",\"item\":\"https:\/\/www.notibras.com\/site\/\"},{\"@type\":\"ListItem\",\"position\":2,\"name\":\"Atacado por conta na Su\u00ed\u00e7a, Rom\u00e1rio ataca Veja, uma &#8216;vende-capa&#8217;\"}]},{\"@type\":\"WebSite\",\"@id\":\"https:\/\/www.notibras.com\/site\/#website\",\"url\":\"https:\/\/www.notibras.com\/site\/\",\"name\":\"Notibras\",\"description\":\"Not\u00edcias de Bras\u00edlia, do Brasil e do Mundo\",\"publisher\":{\"@id\":\"https:\/\/www.notibras.com\/site\/#organization\"},\"potentialAction\":[{\"@type\":\"SearchAction\",\"target\":{\"@type\":\"EntryPoint\",\"urlTemplate\":\"https:\/\/www.notibras.com\/site\/?s={search_term_string}\"},\"query-input\":{\"@type\":\"PropertyValueSpecification\",\"valueRequired\":true,\"valueName\":\"search_term_string\"}}],\"inLanguage\":\"pt-BR\"},{\"@type\":\"Organization\",\"@id\":\"https:\/\/www.notibras.com\/site\/#organization\",\"name\":\"Grupo Notibras de Comunica\u00e7\u00e3o\",\"url\":\"https:\/\/www.notibras.com\/site\/\",\"logo\":{\"@type\":\"ImageObject\",\"inLanguage\":\"pt-BR\",\"@id\":\"https:\/\/www.notibras.com\/site\/#\/schema\/logo\/image\/\",\"url\":\"https:\/\/www.notibras.com\/site\/wp-content\/uploads\/2023\/01\/notibras23.png\",\"contentUrl\":\"https:\/\/www.notibras.com\/site\/wp-content\/uploads\/2023\/01\/notibras23.png\",\"width\":350,\"height\":87,\"caption\":\"Grupo Notibras de Comunica\u00e7\u00e3o\"},\"image\":{\"@id\":\"https:\/\/www.notibras.com\/site\/#\/schema\/logo\/image\/\"},\"sameAs\":[\"https:\/\/www.facebook.com\/notibras\/\",\"https:\/\/x.com\/Notibras\",\"https:\/\/www.instagram.com\/notibras\/\"]},{\"@type\":\"Person\",\"@id\":\"https:\/\/www.notibras.com\/site\/#\/schema\/person\/36ab0979449956132d3e5b517ea76ac8\",\"name\":\"Reda\u00e7\u00e3o\",\"image\":{\"@type\":\"ImageObject\",\"inLanguage\":\"pt-BR\",\"@id\":\"https:\/\/secure.gravatar.com\/avatar\/e0a867bdedb85fd243eadf09663511f96fc81e0720a4a42581f334ad4303aa6b?s=96&d=mm&r=g\",\"url\":\"https:\/\/secure.gravatar.com\/avatar\/e0a867bdedb85fd243eadf09663511f96fc81e0720a4a42581f334ad4303aa6b?s=96&d=mm&r=g\",\"contentUrl\":\"https:\/\/secure.gravatar.com\/avatar\/e0a867bdedb85fd243eadf09663511f96fc81e0720a4a42581f334ad4303aa6b?s=96&d=mm&r=g\",\"caption\":\"Reda\u00e7\u00e3o\"}}]}<\/script>\n<!-- \/ Yoast SEO plugin. -->","yoast_head_json":{"title":"Atacado por conta na Su\u00ed\u00e7a, Rom\u00e1rio ataca Veja, uma 'vende-capa' - Notibras","robots":{"index":"index","follow":"follow","max-snippet":"max-snippet:-1","max-image-preview":"max-image-preview:large","max-video-preview":"max-video-preview:-1"},"canonical":"https:\/\/www.notibras.com\/site\/atacado-romario-contra-ataca-veja-uma-revista-vende-capa\/","og_locale":"pt_BR","og_type":"article","og_title":"Atacado por conta na Su\u00ed\u00e7a, Rom\u00e1rio ataca Veja, uma 'vende-capa' - Notibras","og_description":"Pr\u00e9-candidato e l\u00edder nas pesquisas de inten\u00e7\u00e3o de voto para a Prefeitura do Rio de Janeiro em 2016, o senador Rom\u00e1rio (PSB) divulgou nota oficial neste s\u00e1bado desmentindo mat\u00e9ria publicada na Veja deste fim de semana. Segundo a revista, o presidente da CPI do Futebol tem uma conta em um banco da Su\u00ed\u00e7a com valor [&hellip;]","og_url":"https:\/\/www.notibras.com\/site\/atacado-romario-contra-ataca-veja-uma-revista-vende-capa\/","og_site_name":"Notibras","article_publisher":"https:\/\/www.facebook.com\/notibras\/","article_published_time":"2015-07-25T19:09:18+00:00","article_modified_time":"2015-07-26T01:07:08+00:00","og_image":[{"width":620,"height":414,"url":"https:\/\/www.notibras.com\/site\/wp-content\/uploads\/2015\/07\/roma.jpg","type":"image\/jpeg"}],"author":"Reda\u00e7\u00e3o","twitter_card":"summary_large_image","twitter_creator":"@Notibras","twitter_site":"@Notibras","twitter_misc":{"Escrito por":"Reda\u00e7\u00e3o","Est. tempo de leitura":"3 minutos"},"schema":{"@context":"https:\/\/schema.org","@graph":[{"@type":"Article","@id":"https:\/\/www.notibras.com\/site\/atacado-romario-contra-ataca-veja-uma-revista-vende-capa\/#article","isPartOf":{"@id":"https:\/\/www.notibras.com\/site\/atacado-romario-contra-ataca-veja-uma-revista-vende-capa\/"},"author":{"name":"Reda\u00e7\u00e3o","@id":"https:\/\/www.notibras.com\/site\/#\/schema\/person\/36ab0979449956132d3e5b517ea76ac8"},"headline":"Atacado por conta na Su\u00ed\u00e7a, Rom\u00e1rio ataca Veja, uma &#8216;vende-capa&#8217;","datePublished":"2015-07-25T19:09:18+00:00","dateModified":"2015-07-26T01:07:08+00:00","mainEntityOfPage":{"@id":"https:\/\/www.notibras.com\/site\/atacado-romario-contra-ataca-veja-uma-revista-vende-capa\/"},"wordCount":548,"commentCount":0,"publisher":{"@id":"https:\/\/www.notibras.com\/site\/#organization"},"image":{"@id":"https:\/\/www.notibras.com\/site\/atacado-romario-contra-ataca-veja-uma-revista-vende-capa\/#primaryimage"},"thumbnailUrl":"https:\/\/www.notibras.com\/site\/wp-content\/uploads\/2015\/07\/roma.jpg","articleSection":["Brasil"],"inLanguage":"pt-BR","potentialAction":[{"@type":"CommentAction","name":"Comment","target":["https:\/\/www.notibras.com\/site\/atacado-romario-contra-ataca-veja-uma-revista-vende-capa\/#respond"]}]},{"@type":"WebPage","@id":"https:\/\/www.notibras.com\/site\/atacado-romario-contra-ataca-veja-uma-revista-vende-capa\/","url":"https:\/\/www.notibras.com\/site\/atacado-romario-contra-ataca-veja-uma-revista-vende-capa\/","name":"Atacado por conta na Su\u00ed\u00e7a, Rom\u00e1rio ataca Veja, uma 'vende-capa' - Notibras","isPartOf":{"@id":"https:\/\/www.notibras.com\/site\/#website"},"primaryImageOfPage":{"@id":"https:\/\/www.notibras.com\/site\/atacado-romario-contra-ataca-veja-uma-revista-vende-capa\/#primaryimage"},"image":{"@id":"https:\/\/www.notibras.com\/site\/atacado-romario-contra-ataca-veja-uma-revista-vende-capa\/#primaryimage"},"thumbnailUrl":"https:\/\/www.notibras.com\/site\/wp-content\/uploads\/2015\/07\/roma.jpg","datePublished":"2015-07-25T19:09:18+00:00","dateModified":"2015-07-26T01:07:08+00:00","breadcrumb":{"@id":"https:\/\/www.notibras.com\/site\/atacado-romario-contra-ataca-veja-uma-revista-vende-capa\/#breadcrumb"},"inLanguage":"pt-BR","potentialAction":[{"@type":"ReadAction","target":["https:\/\/www.notibras.com\/site\/atacado-romario-contra-ataca-veja-uma-revista-vende-capa\/"]}]},{"@type":"ImageObject","inLanguage":"pt-BR","@id":"https:\/\/www.notibras.com\/site\/atacado-romario-contra-ataca-veja-uma-revista-vende-capa\/#primaryimage","url":"https:\/\/www.notibras.com\/site\/wp-content\/uploads\/2015\/07\/roma.jpg","contentUrl":"https:\/\/www.notibras.com\/site\/wp-content\/uploads\/2015\/07\/roma.jpg","width":620,"height":414},{"@type":"BreadcrumbList","@id":"https:\/\/www.notibras.com\/site\/atacado-romario-contra-ataca-veja-uma-revista-vende-capa\/#breadcrumb","itemListElement":[{"@type":"ListItem","position":1,"name":"In\u00edcio","item":"https:\/\/www.notibras.com\/site\/"},{"@type":"ListItem","position":2,"name":"Atacado por conta na Su\u00ed\u00e7a, Rom\u00e1rio ataca Veja, uma &#8216;vende-capa&#8217;"}]},{"@type":"WebSite","@id":"https:\/\/www.notibras.com\/site\/#website","url":"https:\/\/www.notibras.com\/site\/","name":"Notibras","description":"Not\u00edcias de Bras\u00edlia, do Brasil e do Mundo","publisher":{"@id":"https:\/\/www.notibras.com\/site\/#organization"},"potentialAction":[{"@type":"SearchAction","target":{"@type":"EntryPoint","urlTemplate":"https:\/\/www.notibras.com\/site\/?s={search_term_string}"},"query-input":{"@type":"PropertyValueSpecification","valueRequired":true,"valueName":"search_term_string"}}],"inLanguage":"pt-BR"},{"@type":"Organization","@id":"https:\/\/www.notibras.com\/site\/#organization","name":"Grupo Notibras de Comunica\u00e7\u00e3o","url":"https:\/\/www.notibras.com\/site\/","logo":{"@type":"ImageObject","inLanguage":"pt-BR","@id":"https:\/\/www.notibras.com\/site\/#\/schema\/logo\/image\/","url":"https:\/\/www.notibras.com\/site\/wp-content\/uploads\/2023\/01\/notibras23.png","contentUrl":"https:\/\/www.notibras.com\/site\/wp-content\/uploads\/2023\/01\/notibras23.png","width":350,"height":87,"caption":"Grupo Notibras de Comunica\u00e7\u00e3o"},"image":{"@id":"https:\/\/www.notibras.com\/site\/#\/schema\/logo\/image\/"},"sameAs":["https:\/\/www.facebook.com\/notibras\/","https:\/\/x.com\/Notibras","https:\/\/www.instagram.com\/notibras\/"]},{"@type":"Person","@id":"https:\/\/www.notibras.com\/site\/#\/schema\/person\/36ab0979449956132d3e5b517ea76ac8","name":"Reda\u00e7\u00e3o","image":{"@type":"ImageObject","inLanguage":"pt-BR","@id":"https:\/\/secure.gravatar.com\/avatar\/e0a867bdedb85fd243eadf09663511f96fc81e0720a4a42581f334ad4303aa6b?s=96&d=mm&r=g","url":"https:\/\/secure.gravatar.com\/avatar\/e0a867bdedb85fd243eadf09663511f96fc81e0720a4a42581f334ad4303aa6b?s=96&d=mm&r=g","contentUrl":"https:\/\/secure.gravatar.com\/avatar\/e0a867bdedb85fd243eadf09663511f96fc81e0720a4a42581f334ad4303aa6b?s=96&d=mm&r=g","caption":"Reda\u00e7\u00e3o"}}]}},"amp_enabled":true,"_links":{"self":[{"href":"https:\/\/www.notibras.com\/site\/wp-json\/wp\/v2\/posts\/58982","targetHints":{"allow":["GET"]}}],"collection":[{"href":"https:\/\/www.notibras.com\/site\/wp-json\/wp\/v2\/posts"}],"about":[{"href":"https:\/\/www.notibras.com\/site\/wp-json\/wp\/v2\/types\/post"}],"author":[{"embeddable":true,"href":"https:\/\/www.notibras.com\/site\/wp-json\/wp\/v2\/users\/2"}],"replies":[{"embeddable":true,"href":"https:\/\/www.notibras.com\/site\/wp-json\/wp\/v2\/comments?post=58982"}],"version-history":[{"count":0,"href":"https:\/\/www.notibras.com\/site\/wp-json\/wp\/v2\/posts\/58982\/revisions"}],"wp:featuredmedia":[{"embeddable":true,"href":"https:\/\/www.notibras.com\/site\/wp-json\/wp\/v2\/media\/58983"}],"wp:attachment":[{"href":"https:\/\/www.notibras.com\/site\/wp-json\/wp\/v2\/media?parent=58982"}],"wp:term":[{"taxonomy":"category","embeddable":true,"href":"https:\/\/www.notibras.com\/site\/wp-json\/wp\/v2\/categories?post=58982"},{"taxonomy":"post_tag","embeddable":true,"href":"https:\/\/www.notibras.com\/site\/wp-json\/wp\/v2\/tags?post=58982"}],"curies":[{"name":"wp","href":"https:\/\/api.w.org\/{rel}","templated":true}]}}