{"id":59081,"date":"2015-07-26T18:21:05","date_gmt":"2015-07-26T21:21:05","guid":{"rendered":"http:\/\/www.notibras.com\/site\/?p=59081"},"modified":"2015-07-26T18:21:05","modified_gmt":"2015-07-26T21:21:05","slug":"cirino-marca-e-flamengo-passa-pelo-goias-no-serra-dourada","status":"publish","type":"post","link":"https:\/\/www.notibras.com\/site\/cirino-marca-e-flamengo-passa-pelo-goias-no-serra-dourada\/","title":{"rendered":"Cirino marca e Flamengo passa pelo Goi\u00e1s no Serra Dourada"},"content":{"rendered":"<p class=\"text\">O Flamengo bateu o Goi\u00e1s, neste domingo, no Serra Dourada, por 1 a 0, com gol de Cirino.\u00a0O triunfo jogou o Flamengo \u00e0 11\u00aa posi\u00e7\u00e3o com 19 pontos, a seis da zona do rebaixamento e oito do G-4. O\u00a0Goi\u00e1s, que perdeu a terceira seguida e, com 13 pontos, entrou no grupo dos quatro piores colocados (no 17\u00ba posto).<\/p>\n<p class=\"text\">Goi\u00e1s e Flamengo fizeram um jogo feio. O forte sol e intenso calor que propiciaram bonita tarde no Serra Dourada tamb\u00e9m deixaram o confronto mais cadenciado, com ritmo lento e poucas jogadas incisivas nos minutos iniciais.<\/p>\n<p class=\"text\">O time rubro-negro teve mais posse de bola antes do intervalo, mas tamb\u00e9m levou mais sustos. A partir do ter\u00e7o final da primeira etapa, os mandantes cresceram e at\u00e9 ensaiaram uma press\u00e3o. Quase sempre pelo lado do fr\u00e1gil lateral Ayrton, o Goi\u00e1s chegou com perigo tr\u00eas vezes e s\u00f3 n\u00e3o abriu o placar pela falta de pontaria e boa atua\u00e7\u00e3o do goleiro C\u00e9sar.<\/p>\n<p class=\"text\">Percebendo a m\u00e1 atua\u00e7\u00e3o de seu time, Crist\u00f3v\u00e3o Borges fez duas substitui\u00e7\u00f5es no intervalo e melhorou consideravelmente o desempenho rubro-negro. Na defesa, Par\u00e1 entrou no lugar de Ayrton e deu mais seguran\u00e7a \u00e0 lateral direita visitante. No ataque, Alan Patrick substituiu Canteros e aumentou o poder de criatividade carioca.<\/p>\n<blockquote>\n<p class=\"text\">Prova disto \u00e9 que come\u00e7ou a jogada que contou com passe brilhante de Guerrero e finaliza\u00e7\u00e3o certeira de Marcelo Cirino. Foi ela que deu a vit\u00f3ria \u00e0 equipe do Rio de Janeiro &#8211; que n\u00e3o foi conquistada sem sustos, j\u00e1 que o esmeraldino Lineker acertou a trave no apagar das luzes<\/p>\n<\/blockquote>\n<p class=\"text\">Goi\u00e1s e Flamengo voltam a campo no pr\u00f3ximo domingo. O time do Centro-Oeste pega o Coritiba, \u00e0s 11h (de Bras\u00edlia), no Couto Pereira, enquanto a equipe carioca recebe o Santos, \u00e0s 16h, no Maracan\u00e3.<\/p>\n","protected":false},"excerpt":{"rendered":"<p>O Flamengo bateu o Goi\u00e1s, neste domingo, no Serra Dourada, por 1 a 0, com gol de Cirino.\u00a0O triunfo jogou o Flamengo \u00e0 11\u00aa posi\u00e7\u00e3o com 19 pontos, a seis da zona do rebaixamento e oito do G-4. O\u00a0Goi\u00e1s, que perdeu a terceira seguida e, com 13 pontos, entrou no grupo dos quatro piores colocados [&hellip;]<\/p>\n","protected":false},"author":2,"featured_media":59082,"comment_status":"open","ping_status":"closed","sticky":false,"template":"","format":"standard","meta":{"_acf_changed":false,"footnotes":""},"categories":[19,29],"tags":[],"class_list":["post-59081","post","type-post","status-publish","format-standard","has-post-thumbnail","hentry","category-esportes","category-futebol"],"acf":[],"yoast_head":"<!-- This site is optimized with the Yoast SEO plugin v27.2 - https:\/\/yoast.com\/product\/yoast-seo-wordpress\/ -->\n<title>Cirino marca e Flamengo passa pelo Goi\u00e1s no Serra Dourada - Notibras<\/title>\n<meta name=\"robots\" content=\"index, follow, max-snippet:-1, max-image-preview:large, max-video-preview:-1\" \/>\n<link rel=\"canonical\" href=\"https:\/\/www.notibras.com\/site\/cirino-marca-e-flamengo-passa-pelo-goias-no-serra-dourada\/\" \/>\n<meta property=\"og:locale\" content=\"pt_BR\" \/>\n<meta property=\"og:type\" content=\"article\" \/>\n<meta property=\"og:title\" content=\"Cirino marca e Flamengo passa pelo Goi\u00e1s no Serra Dourada - Notibras\" \/>\n<meta property=\"og:description\" content=\"O Flamengo bateu o Goi\u00e1s, neste domingo, no Serra Dourada, por 1 a 0, com gol de Cirino.\u00a0O triunfo jogou o Flamengo \u00e0 11\u00aa posi\u00e7\u00e3o com 19 pontos, a seis da zona do rebaixamento e oito do G-4. O\u00a0Goi\u00e1s, que perdeu a terceira seguida e, com 13 pontos, entrou no grupo dos quatro piores colocados [&hellip;]\" \/>\n<meta property=\"og:url\" content=\"https:\/\/www.notibras.com\/site\/cirino-marca-e-flamengo-passa-pelo-goias-no-serra-dourada\/\" \/>\n<meta property=\"og:site_name\" content=\"Notibras\" \/>\n<meta property=\"article:publisher\" content=\"https:\/\/www.facebook.com\/notibras\/\" \/>\n<meta property=\"article:published_time\" content=\"2015-07-26T21:21:05+00:00\" \/>\n<meta property=\"og:image\" content=\"https:\/\/www.notibras.com\/site\/wp-content\/uploads\/2015\/07\/fla25.jpg\" \/>\n\t<meta property=\"og:image:width\" content=\"940\" \/>\n\t<meta property=\"og:image:height\" content=\"627\" \/>\n\t<meta property=\"og:image:type\" content=\"image\/jpeg\" \/>\n<meta name=\"author\" content=\"Reda\u00e7\u00e3o\" \/>\n<meta name=\"twitter:card\" content=\"summary_large_image\" \/>\n<meta name=\"twitter:creator\" content=\"@Notibras\" \/>\n<meta name=\"twitter:site\" content=\"@Notibras\" \/>\n<meta name=\"twitter:label1\" content=\"Escrito por\" \/>\n\t<meta name=\"twitter:data1\" content=\"Reda\u00e7\u00e3o\" \/>\n\t<meta name=\"twitter:label2\" content=\"Est. tempo de leitura\" \/>\n\t<meta name=\"twitter:data2\" content=\"2 minutos\" \/>\n<script type=\"application\/ld+json\" class=\"yoast-schema-graph\">{\"@context\":\"https:\/\/schema.org\",\"@graph\":[{\"@type\":\"Article\",\"@id\":\"https:\/\/www.notibras.com\/site\/cirino-marca-e-flamengo-passa-pelo-goias-no-serra-dourada\/#article\",\"isPartOf\":{\"@id\":\"https:\/\/www.notibras.com\/site\/cirino-marca-e-flamengo-passa-pelo-goias-no-serra-dourada\/\"},\"author\":{\"name\":\"Reda\u00e7\u00e3o\",\"@id\":\"https:\/\/www.notibras.com\/site\/#\/schema\/person\/36ab0979449956132d3e5b517ea76ac8\"},\"headline\":\"Cirino marca e Flamengo passa pelo Goi\u00e1s no Serra Dourada\",\"datePublished\":\"2015-07-26T21:21:05+00:00\",\"mainEntityOfPage\":{\"@id\":\"https:\/\/www.notibras.com\/site\/cirino-marca-e-flamengo-passa-pelo-goias-no-serra-dourada\/\"},\"wordCount\":320,\"commentCount\":0,\"publisher\":{\"@id\":\"https:\/\/www.notibras.com\/site\/#organization\"},\"image\":{\"@id\":\"https:\/\/www.notibras.com\/site\/cirino-marca-e-flamengo-passa-pelo-goias-no-serra-dourada\/#primaryimage\"},\"thumbnailUrl\":\"https:\/\/www.notibras.com\/site\/wp-content\/uploads\/2015\/07\/fla25.jpg\",\"articleSection\":[\"Esportes\",\"Futebol\"],\"inLanguage\":\"pt-BR\",\"potentialAction\":[{\"@type\":\"CommentAction\",\"name\":\"Comment\",\"target\":[\"https:\/\/www.notibras.com\/site\/cirino-marca-e-flamengo-passa-pelo-goias-no-serra-dourada\/#respond\"]}]},{\"@type\":\"WebPage\",\"@id\":\"https:\/\/www.notibras.com\/site\/cirino-marca-e-flamengo-passa-pelo-goias-no-serra-dourada\/\",\"url\":\"https:\/\/www.notibras.com\/site\/cirino-marca-e-flamengo-passa-pelo-goias-no-serra-dourada\/\",\"name\":\"Cirino marca e Flamengo passa pelo Goi\u00e1s no Serra Dourada - Notibras\",\"isPartOf\":{\"@id\":\"https:\/\/www.notibras.com\/site\/#website\"},\"primaryImageOfPage\":{\"@id\":\"https:\/\/www.notibras.com\/site\/cirino-marca-e-flamengo-passa-pelo-goias-no-serra-dourada\/#primaryimage\"},\"image\":{\"@id\":\"https:\/\/www.notibras.com\/site\/cirino-marca-e-flamengo-passa-pelo-goias-no-serra-dourada\/#primaryimage\"},\"thumbnailUrl\":\"https:\/\/www.notibras.com\/site\/wp-content\/uploads\/2015\/07\/fla25.jpg\",\"datePublished\":\"2015-07-26T21:21:05+00:00\",\"breadcrumb\":{\"@id\":\"https:\/\/www.notibras.com\/site\/cirino-marca-e-flamengo-passa-pelo-goias-no-serra-dourada\/#breadcrumb\"},\"inLanguage\":\"pt-BR\",\"potentialAction\":[{\"@type\":\"ReadAction\",\"target\":[\"https:\/\/www.notibras.com\/site\/cirino-marca-e-flamengo-passa-pelo-goias-no-serra-dourada\/\"]}]},{\"@type\":\"ImageObject\",\"inLanguage\":\"pt-BR\",\"@id\":\"https:\/\/www.notibras.com\/site\/cirino-marca-e-flamengo-passa-pelo-goias-no-serra-dourada\/#primaryimage\",\"url\":\"https:\/\/www.notibras.com\/site\/wp-content\/uploads\/2015\/07\/fla25.jpg\",\"contentUrl\":\"https:\/\/www.notibras.com\/site\/wp-content\/uploads\/2015\/07\/fla25.jpg\",\"width\":940,\"height\":627},{\"@type\":\"BreadcrumbList\",\"@id\":\"https:\/\/www.notibras.com\/site\/cirino-marca-e-flamengo-passa-pelo-goias-no-serra-dourada\/#breadcrumb\",\"itemListElement\":[{\"@type\":\"ListItem\",\"position\":1,\"name\":\"In\u00edcio\",\"item\":\"https:\/\/www.notibras.com\/site\/\"},{\"@type\":\"ListItem\",\"position\":2,\"name\":\"Cirino marca e Flamengo passa pelo Goi\u00e1s no Serra Dourada\"}]},{\"@type\":\"WebSite\",\"@id\":\"https:\/\/www.notibras.com\/site\/#website\",\"url\":\"https:\/\/www.notibras.com\/site\/\",\"name\":\"Notibras\",\"description\":\"Not\u00edcias de Bras\u00edlia, do Brasil e do Mundo\",\"publisher\":{\"@id\":\"https:\/\/www.notibras.com\/site\/#organization\"},\"potentialAction\":[{\"@type\":\"SearchAction\",\"target\":{\"@type\":\"EntryPoint\",\"urlTemplate\":\"https:\/\/www.notibras.com\/site\/?s={search_term_string}\"},\"query-input\":{\"@type\":\"PropertyValueSpecification\",\"valueRequired\":true,\"valueName\":\"search_term_string\"}}],\"inLanguage\":\"pt-BR\"},{\"@type\":\"Organization\",\"@id\":\"https:\/\/www.notibras.com\/site\/#organization\",\"name\":\"Grupo Notibras de Comunica\u00e7\u00e3o\",\"url\":\"https:\/\/www.notibras.com\/site\/\",\"logo\":{\"@type\":\"ImageObject\",\"inLanguage\":\"pt-BR\",\"@id\":\"https:\/\/www.notibras.com\/site\/#\/schema\/logo\/image\/\",\"url\":\"https:\/\/www.notibras.com\/site\/wp-content\/uploads\/2023\/01\/notibras23.png\",\"contentUrl\":\"https:\/\/www.notibras.com\/site\/wp-content\/uploads\/2023\/01\/notibras23.png\",\"width\":350,\"height\":87,\"caption\":\"Grupo Notibras de Comunica\u00e7\u00e3o\"},\"image\":{\"@id\":\"https:\/\/www.notibras.com\/site\/#\/schema\/logo\/image\/\"},\"sameAs\":[\"https:\/\/www.facebook.com\/notibras\/\",\"https:\/\/x.com\/Notibras\",\"https:\/\/www.instagram.com\/notibras\/\"]},{\"@type\":\"Person\",\"@id\":\"https:\/\/www.notibras.com\/site\/#\/schema\/person\/36ab0979449956132d3e5b517ea76ac8\",\"name\":\"Reda\u00e7\u00e3o\",\"image\":{\"@type\":\"ImageObject\",\"inLanguage\":\"pt-BR\",\"@id\":\"https:\/\/secure.gravatar.com\/avatar\/e0a867bdedb85fd243eadf09663511f96fc81e0720a4a42581f334ad4303aa6b?s=96&d=mm&r=g\",\"url\":\"https:\/\/secure.gravatar.com\/avatar\/e0a867bdedb85fd243eadf09663511f96fc81e0720a4a42581f334ad4303aa6b?s=96&d=mm&r=g\",\"contentUrl\":\"https:\/\/secure.gravatar.com\/avatar\/e0a867bdedb85fd243eadf09663511f96fc81e0720a4a42581f334ad4303aa6b?s=96&d=mm&r=g\",\"caption\":\"Reda\u00e7\u00e3o\"}}]}<\/script>\n<!-- \/ Yoast SEO plugin. -->","yoast_head_json":{"title":"Cirino marca e Flamengo passa pelo Goi\u00e1s no Serra Dourada - Notibras","robots":{"index":"index","follow":"follow","max-snippet":"max-snippet:-1","max-image-preview":"max-image-preview:large","max-video-preview":"max-video-preview:-1"},"canonical":"https:\/\/www.notibras.com\/site\/cirino-marca-e-flamengo-passa-pelo-goias-no-serra-dourada\/","og_locale":"pt_BR","og_type":"article","og_title":"Cirino marca e Flamengo passa pelo Goi\u00e1s no Serra Dourada - Notibras","og_description":"O Flamengo bateu o Goi\u00e1s, neste domingo, no Serra Dourada, por 1 a 0, com gol de Cirino.\u00a0O triunfo jogou o Flamengo \u00e0 11\u00aa posi\u00e7\u00e3o com 19 pontos, a seis da zona do rebaixamento e oito do G-4. O\u00a0Goi\u00e1s, que perdeu a terceira seguida e, com 13 pontos, entrou no grupo dos quatro piores colocados [&hellip;]","og_url":"https:\/\/www.notibras.com\/site\/cirino-marca-e-flamengo-passa-pelo-goias-no-serra-dourada\/","og_site_name":"Notibras","article_publisher":"https:\/\/www.facebook.com\/notibras\/","article_published_time":"2015-07-26T21:21:05+00:00","og_image":[{"width":940,"height":627,"url":"https:\/\/www.notibras.com\/site\/wp-content\/uploads\/2015\/07\/fla25.jpg","type":"image\/jpeg"}],"author":"Reda\u00e7\u00e3o","twitter_card":"summary_large_image","twitter_creator":"@Notibras","twitter_site":"@Notibras","twitter_misc":{"Escrito por":"Reda\u00e7\u00e3o","Est. tempo de leitura":"2 minutos"},"schema":{"@context":"https:\/\/schema.org","@graph":[{"@type":"Article","@id":"https:\/\/www.notibras.com\/site\/cirino-marca-e-flamengo-passa-pelo-goias-no-serra-dourada\/#article","isPartOf":{"@id":"https:\/\/www.notibras.com\/site\/cirino-marca-e-flamengo-passa-pelo-goias-no-serra-dourada\/"},"author":{"name":"Reda\u00e7\u00e3o","@id":"https:\/\/www.notibras.com\/site\/#\/schema\/person\/36ab0979449956132d3e5b517ea76ac8"},"headline":"Cirino marca e Flamengo passa pelo Goi\u00e1s no Serra Dourada","datePublished":"2015-07-26T21:21:05+00:00","mainEntityOfPage":{"@id":"https:\/\/www.notibras.com\/site\/cirino-marca-e-flamengo-passa-pelo-goias-no-serra-dourada\/"},"wordCount":320,"commentCount":0,"publisher":{"@id":"https:\/\/www.notibras.com\/site\/#organization"},"image":{"@id":"https:\/\/www.notibras.com\/site\/cirino-marca-e-flamengo-passa-pelo-goias-no-serra-dourada\/#primaryimage"},"thumbnailUrl":"https:\/\/www.notibras.com\/site\/wp-content\/uploads\/2015\/07\/fla25.jpg","articleSection":["Esportes","Futebol"],"inLanguage":"pt-BR","potentialAction":[{"@type":"CommentAction","name":"Comment","target":["https:\/\/www.notibras.com\/site\/cirino-marca-e-flamengo-passa-pelo-goias-no-serra-dourada\/#respond"]}]},{"@type":"WebPage","@id":"https:\/\/www.notibras.com\/site\/cirino-marca-e-flamengo-passa-pelo-goias-no-serra-dourada\/","url":"https:\/\/www.notibras.com\/site\/cirino-marca-e-flamengo-passa-pelo-goias-no-serra-dourada\/","name":"Cirino marca e Flamengo passa pelo Goi\u00e1s no Serra Dourada - Notibras","isPartOf":{"@id":"https:\/\/www.notibras.com\/site\/#website"},"primaryImageOfPage":{"@id":"https:\/\/www.notibras.com\/site\/cirino-marca-e-flamengo-passa-pelo-goias-no-serra-dourada\/#primaryimage"},"image":{"@id":"https:\/\/www.notibras.com\/site\/cirino-marca-e-flamengo-passa-pelo-goias-no-serra-dourada\/#primaryimage"},"thumbnailUrl":"https:\/\/www.notibras.com\/site\/wp-content\/uploads\/2015\/07\/fla25.jpg","datePublished":"2015-07-26T21:21:05+00:00","breadcrumb":{"@id":"https:\/\/www.notibras.com\/site\/cirino-marca-e-flamengo-passa-pelo-goias-no-serra-dourada\/#breadcrumb"},"inLanguage":"pt-BR","potentialAction":[{"@type":"ReadAction","target":["https:\/\/www.notibras.com\/site\/cirino-marca-e-flamengo-passa-pelo-goias-no-serra-dourada\/"]}]},{"@type":"ImageObject","inLanguage":"pt-BR","@id":"https:\/\/www.notibras.com\/site\/cirino-marca-e-flamengo-passa-pelo-goias-no-serra-dourada\/#primaryimage","url":"https:\/\/www.notibras.com\/site\/wp-content\/uploads\/2015\/07\/fla25.jpg","contentUrl":"https:\/\/www.notibras.com\/site\/wp-content\/uploads\/2015\/07\/fla25.jpg","width":940,"height":627},{"@type":"BreadcrumbList","@id":"https:\/\/www.notibras.com\/site\/cirino-marca-e-flamengo-passa-pelo-goias-no-serra-dourada\/#breadcrumb","itemListElement":[{"@type":"ListItem","position":1,"name":"In\u00edcio","item":"https:\/\/www.notibras.com\/site\/"},{"@type":"ListItem","position":2,"name":"Cirino marca e Flamengo passa pelo Goi\u00e1s no Serra Dourada"}]},{"@type":"WebSite","@id":"https:\/\/www.notibras.com\/site\/#website","url":"https:\/\/www.notibras.com\/site\/","name":"Notibras","description":"Not\u00edcias de Bras\u00edlia, do Brasil e do Mundo","publisher":{"@id":"https:\/\/www.notibras.com\/site\/#organization"},"potentialAction":[{"@type":"SearchAction","target":{"@type":"EntryPoint","urlTemplate":"https:\/\/www.notibras.com\/site\/?s={search_term_string}"},"query-input":{"@type":"PropertyValueSpecification","valueRequired":true,"valueName":"search_term_string"}}],"inLanguage":"pt-BR"},{"@type":"Organization","@id":"https:\/\/www.notibras.com\/site\/#organization","name":"Grupo Notibras de Comunica\u00e7\u00e3o","url":"https:\/\/www.notibras.com\/site\/","logo":{"@type":"ImageObject","inLanguage":"pt-BR","@id":"https:\/\/www.notibras.com\/site\/#\/schema\/logo\/image\/","url":"https:\/\/www.notibras.com\/site\/wp-content\/uploads\/2023\/01\/notibras23.png","contentUrl":"https:\/\/www.notibras.com\/site\/wp-content\/uploads\/2023\/01\/notibras23.png","width":350,"height":87,"caption":"Grupo Notibras de Comunica\u00e7\u00e3o"},"image":{"@id":"https:\/\/www.notibras.com\/site\/#\/schema\/logo\/image\/"},"sameAs":["https:\/\/www.facebook.com\/notibras\/","https:\/\/x.com\/Notibras","https:\/\/www.instagram.com\/notibras\/"]},{"@type":"Person","@id":"https:\/\/www.notibras.com\/site\/#\/schema\/person\/36ab0979449956132d3e5b517ea76ac8","name":"Reda\u00e7\u00e3o","image":{"@type":"ImageObject","inLanguage":"pt-BR","@id":"https:\/\/secure.gravatar.com\/avatar\/e0a867bdedb85fd243eadf09663511f96fc81e0720a4a42581f334ad4303aa6b?s=96&d=mm&r=g","url":"https:\/\/secure.gravatar.com\/avatar\/e0a867bdedb85fd243eadf09663511f96fc81e0720a4a42581f334ad4303aa6b?s=96&d=mm&r=g","contentUrl":"https:\/\/secure.gravatar.com\/avatar\/e0a867bdedb85fd243eadf09663511f96fc81e0720a4a42581f334ad4303aa6b?s=96&d=mm&r=g","caption":"Reda\u00e7\u00e3o"}}]}},"amp_enabled":true,"_links":{"self":[{"href":"https:\/\/www.notibras.com\/site\/wp-json\/wp\/v2\/posts\/59081","targetHints":{"allow":["GET"]}}],"collection":[{"href":"https:\/\/www.notibras.com\/site\/wp-json\/wp\/v2\/posts"}],"about":[{"href":"https:\/\/www.notibras.com\/site\/wp-json\/wp\/v2\/types\/post"}],"author":[{"embeddable":true,"href":"https:\/\/www.notibras.com\/site\/wp-json\/wp\/v2\/users\/2"}],"replies":[{"embeddable":true,"href":"https:\/\/www.notibras.com\/site\/wp-json\/wp\/v2\/comments?post=59081"}],"version-history":[{"count":0,"href":"https:\/\/www.notibras.com\/site\/wp-json\/wp\/v2\/posts\/59081\/revisions"}],"wp:featuredmedia":[{"embeddable":true,"href":"https:\/\/www.notibras.com\/site\/wp-json\/wp\/v2\/media\/59082"}],"wp:attachment":[{"href":"https:\/\/www.notibras.com\/site\/wp-json\/wp\/v2\/media?parent=59081"}],"wp:term":[{"taxonomy":"category","embeddable":true,"href":"https:\/\/www.notibras.com\/site\/wp-json\/wp\/v2\/categories?post=59081"},{"taxonomy":"post_tag","embeddable":true,"href":"https:\/\/www.notibras.com\/site\/wp-json\/wp\/v2\/tags?post=59081"}],"curies":[{"name":"wp","href":"https:\/\/api.w.org\/{rel}","templated":true}]}}