{"id":59096,"date":"2015-07-26T17:29:02","date_gmt":"2015-07-26T20:29:02","guid":{"rendered":"http:\/\/www.notibras.com\/site\/?p=59096"},"modified":"2015-07-26T19:33:05","modified_gmt":"2015-07-26T22:33:05","slug":"goleiros-brilham-em-empate-sem-gols-de-ponte-e-internacional","status":"publish","type":"post","link":"https:\/\/www.notibras.com\/site\/goleiros-brilham-em-empate-sem-gols-de-ponte-e-internacional\/","title":{"rendered":"Goleiros brilham em empate sem gols de Ponte e Internacional"},"content":{"rendered":"<p>Ponte Preta e Internacional ficaram no 0 a 0 em um jogo em que os destaques foram os goleiros. As duas equipes procuraram bastante o gol, finalizaram mais de dez vezes cada, mas n\u00e3o conseguiram vencer Marcelo Lomba e Alisson na tarde deste domingo (26), em Campinas, pela 15\u00aa rodada do Campeonato Brasileiro.<\/p>\n<p>O resultado mant\u00e9m os times brigando por posi\u00e7\u00f5es intermedi\u00e1rias na tabela. Depois de serem eliminados na Libertadores no meio da semana, os ga\u00fachos chegam aos 20 pontos, na 10\u00aa coloca\u00e7\u00e3o no Nacional, e ficam atr\u00e1s da Chapecoense, que tem 22 ap\u00f3s vencer o Fluminense. O time do interior de S\u00e3o Paulo fica duas posi\u00e7\u00f5es atr\u00e1s, com 19 pontos.<\/p>\n<blockquote><p>Agora, na 16\u00aa rodada, o Internacional volta a jogar no pr\u00f3ximo domingo, \u00e0s 16h, contra a Chapecoense, no Beira-Rio. A Ponte Preta joga simultaneamente em Florian\u00f3polis, contra o Figueirense.<\/p><\/blockquote>\n","protected":false},"excerpt":{"rendered":"<p>Ponte Preta e Internacional ficaram no 0 a 0 em um jogo em que os destaques foram os goleiros. As duas equipes procuraram bastante o gol, finalizaram mais de dez vezes cada, mas n\u00e3o conseguiram vencer Marcelo Lomba e Alisson na tarde deste domingo (26), em Campinas, pela 15\u00aa rodada do Campeonato Brasileiro. O resultado [&hellip;]<\/p>\n","protected":false},"author":2,"featured_media":59097,"comment_status":"open","ping_status":"closed","sticky":false,"template":"","format":"standard","meta":{"_acf_changed":false,"footnotes":""},"categories":[19,29],"tags":[],"class_list":["post-59096","post","type-post","status-publish","format-standard","has-post-thumbnail","hentry","category-esportes","category-futebol"],"acf":[],"yoast_head":"<!-- This site is optimized with the Yoast SEO plugin v27.2 - https:\/\/yoast.com\/product\/yoast-seo-wordpress\/ -->\n<title>Goleiros brilham em empate sem gols de Ponte e Internacional - Notibras<\/title>\n<meta name=\"robots\" content=\"index, follow, max-snippet:-1, max-image-preview:large, max-video-preview:-1\" \/>\n<link rel=\"canonical\" href=\"https:\/\/www.notibras.com\/site\/goleiros-brilham-em-empate-sem-gols-de-ponte-e-internacional\/\" \/>\n<meta property=\"og:locale\" content=\"pt_BR\" \/>\n<meta property=\"og:type\" content=\"article\" \/>\n<meta property=\"og:title\" content=\"Goleiros brilham em empate sem gols de Ponte e Internacional - Notibras\" \/>\n<meta property=\"og:description\" content=\"Ponte Preta e Internacional ficaram no 0 a 0 em um jogo em que os destaques foram os goleiros. As duas equipes procuraram bastante o gol, finalizaram mais de dez vezes cada, mas n\u00e3o conseguiram vencer Marcelo Lomba e Alisson na tarde deste domingo (26), em Campinas, pela 15\u00aa rodada do Campeonato Brasileiro. O resultado [&hellip;]\" \/>\n<meta property=\"og:url\" content=\"https:\/\/www.notibras.com\/site\/goleiros-brilham-em-empate-sem-gols-de-ponte-e-internacional\/\" \/>\n<meta property=\"og:site_name\" content=\"Notibras\" \/>\n<meta property=\"article:publisher\" content=\"https:\/\/www.facebook.com\/notibras\/\" \/>\n<meta property=\"article:published_time\" content=\"2015-07-26T20:29:02+00:00\" \/>\n<meta property=\"article:modified_time\" content=\"2015-07-26T22:33:05+00:00\" \/>\n<meta property=\"og:image\" content=\"https:\/\/www.notibras.com\/site\/wp-content\/uploads\/2015\/07\/alissonpontepretaxinterfriedemannvogelgetty.jpg\" \/>\n\t<meta property=\"og:image:width\" content=\"940\" \/>\n\t<meta property=\"og:image:height\" content=\"658\" \/>\n\t<meta property=\"og:image:type\" content=\"image\/jpeg\" \/>\n<meta name=\"author\" content=\"Reda\u00e7\u00e3o\" \/>\n<meta name=\"twitter:card\" content=\"summary_large_image\" \/>\n<meta name=\"twitter:creator\" content=\"@Notibras\" \/>\n<meta name=\"twitter:site\" content=\"@Notibras\" \/>\n<meta name=\"twitter:label1\" content=\"Escrito por\" \/>\n\t<meta name=\"twitter:data1\" content=\"Reda\u00e7\u00e3o\" \/>\n\t<meta name=\"twitter:label2\" content=\"Est. tempo de leitura\" \/>\n\t<meta name=\"twitter:data2\" content=\"1 minuto\" \/>\n<script type=\"application\/ld+json\" class=\"yoast-schema-graph\">{\"@context\":\"https:\/\/schema.org\",\"@graph\":[{\"@type\":\"Article\",\"@id\":\"https:\/\/www.notibras.com\/site\/goleiros-brilham-em-empate-sem-gols-de-ponte-e-internacional\/#article\",\"isPartOf\":{\"@id\":\"https:\/\/www.notibras.com\/site\/goleiros-brilham-em-empate-sem-gols-de-ponte-e-internacional\/\"},\"author\":{\"name\":\"Reda\u00e7\u00e3o\",\"@id\":\"https:\/\/www.notibras.com\/site\/#\/schema\/person\/36ab0979449956132d3e5b517ea76ac8\"},\"headline\":\"Goleiros brilham em empate sem gols de Ponte e Internacional\",\"datePublished\":\"2015-07-26T20:29:02+00:00\",\"dateModified\":\"2015-07-26T22:33:05+00:00\",\"mainEntityOfPage\":{\"@id\":\"https:\/\/www.notibras.com\/site\/goleiros-brilham-em-empate-sem-gols-de-ponte-e-internacional\/\"},\"wordCount\":154,\"commentCount\":0,\"publisher\":{\"@id\":\"https:\/\/www.notibras.com\/site\/#organization\"},\"image\":{\"@id\":\"https:\/\/www.notibras.com\/site\/goleiros-brilham-em-empate-sem-gols-de-ponte-e-internacional\/#primaryimage\"},\"thumbnailUrl\":\"https:\/\/www.notibras.com\/site\/wp-content\/uploads\/2015\/07\/alissonpontepretaxinterfriedemannvogelgetty.jpg\",\"articleSection\":[\"Esportes\",\"Futebol\"],\"inLanguage\":\"pt-BR\",\"potentialAction\":[{\"@type\":\"CommentAction\",\"name\":\"Comment\",\"target\":[\"https:\/\/www.notibras.com\/site\/goleiros-brilham-em-empate-sem-gols-de-ponte-e-internacional\/#respond\"]}]},{\"@type\":\"WebPage\",\"@id\":\"https:\/\/www.notibras.com\/site\/goleiros-brilham-em-empate-sem-gols-de-ponte-e-internacional\/\",\"url\":\"https:\/\/www.notibras.com\/site\/goleiros-brilham-em-empate-sem-gols-de-ponte-e-internacional\/\",\"name\":\"Goleiros brilham em empate sem gols de Ponte e Internacional - Notibras\",\"isPartOf\":{\"@id\":\"https:\/\/www.notibras.com\/site\/#website\"},\"primaryImageOfPage\":{\"@id\":\"https:\/\/www.notibras.com\/site\/goleiros-brilham-em-empate-sem-gols-de-ponte-e-internacional\/#primaryimage\"},\"image\":{\"@id\":\"https:\/\/www.notibras.com\/site\/goleiros-brilham-em-empate-sem-gols-de-ponte-e-internacional\/#primaryimage\"},\"thumbnailUrl\":\"https:\/\/www.notibras.com\/site\/wp-content\/uploads\/2015\/07\/alissonpontepretaxinterfriedemannvogelgetty.jpg\",\"datePublished\":\"2015-07-26T20:29:02+00:00\",\"dateModified\":\"2015-07-26T22:33:05+00:00\",\"breadcrumb\":{\"@id\":\"https:\/\/www.notibras.com\/site\/goleiros-brilham-em-empate-sem-gols-de-ponte-e-internacional\/#breadcrumb\"},\"inLanguage\":\"pt-BR\",\"potentialAction\":[{\"@type\":\"ReadAction\",\"target\":[\"https:\/\/www.notibras.com\/site\/goleiros-brilham-em-empate-sem-gols-de-ponte-e-internacional\/\"]}]},{\"@type\":\"ImageObject\",\"inLanguage\":\"pt-BR\",\"@id\":\"https:\/\/www.notibras.com\/site\/goleiros-brilham-em-empate-sem-gols-de-ponte-e-internacional\/#primaryimage\",\"url\":\"https:\/\/www.notibras.com\/site\/wp-content\/uploads\/2015\/07\/alissonpontepretaxinterfriedemannvogelgetty.jpg\",\"contentUrl\":\"https:\/\/www.notibras.com\/site\/wp-content\/uploads\/2015\/07\/alissonpontepretaxinterfriedemannvogelgetty.jpg\",\"width\":940,\"height\":658},{\"@type\":\"BreadcrumbList\",\"@id\":\"https:\/\/www.notibras.com\/site\/goleiros-brilham-em-empate-sem-gols-de-ponte-e-internacional\/#breadcrumb\",\"itemListElement\":[{\"@type\":\"ListItem\",\"position\":1,\"name\":\"In\u00edcio\",\"item\":\"https:\/\/www.notibras.com\/site\/\"},{\"@type\":\"ListItem\",\"position\":2,\"name\":\"Goleiros brilham em empate sem gols de Ponte e Internacional\"}]},{\"@type\":\"WebSite\",\"@id\":\"https:\/\/www.notibras.com\/site\/#website\",\"url\":\"https:\/\/www.notibras.com\/site\/\",\"name\":\"Notibras\",\"description\":\"Not\u00edcias de Bras\u00edlia, do Brasil e do Mundo\",\"publisher\":{\"@id\":\"https:\/\/www.notibras.com\/site\/#organization\"},\"potentialAction\":[{\"@type\":\"SearchAction\",\"target\":{\"@type\":\"EntryPoint\",\"urlTemplate\":\"https:\/\/www.notibras.com\/site\/?s={search_term_string}\"},\"query-input\":{\"@type\":\"PropertyValueSpecification\",\"valueRequired\":true,\"valueName\":\"search_term_string\"}}],\"inLanguage\":\"pt-BR\"},{\"@type\":\"Organization\",\"@id\":\"https:\/\/www.notibras.com\/site\/#organization\",\"name\":\"Grupo Notibras de Comunica\u00e7\u00e3o\",\"url\":\"https:\/\/www.notibras.com\/site\/\",\"logo\":{\"@type\":\"ImageObject\",\"inLanguage\":\"pt-BR\",\"@id\":\"https:\/\/www.notibras.com\/site\/#\/schema\/logo\/image\/\",\"url\":\"https:\/\/www.notibras.com\/site\/wp-content\/uploads\/2023\/01\/notibras23.png\",\"contentUrl\":\"https:\/\/www.notibras.com\/site\/wp-content\/uploads\/2023\/01\/notibras23.png\",\"width\":350,\"height\":87,\"caption\":\"Grupo Notibras de Comunica\u00e7\u00e3o\"},\"image\":{\"@id\":\"https:\/\/www.notibras.com\/site\/#\/schema\/logo\/image\/\"},\"sameAs\":[\"https:\/\/www.facebook.com\/notibras\/\",\"https:\/\/x.com\/Notibras\",\"https:\/\/www.instagram.com\/notibras\/\"]},{\"@type\":\"Person\",\"@id\":\"https:\/\/www.notibras.com\/site\/#\/schema\/person\/36ab0979449956132d3e5b517ea76ac8\",\"name\":\"Reda\u00e7\u00e3o\",\"image\":{\"@type\":\"ImageObject\",\"inLanguage\":\"pt-BR\",\"@id\":\"https:\/\/secure.gravatar.com\/avatar\/e0a867bdedb85fd243eadf09663511f96fc81e0720a4a42581f334ad4303aa6b?s=96&d=mm&r=g\",\"url\":\"https:\/\/secure.gravatar.com\/avatar\/e0a867bdedb85fd243eadf09663511f96fc81e0720a4a42581f334ad4303aa6b?s=96&d=mm&r=g\",\"contentUrl\":\"https:\/\/secure.gravatar.com\/avatar\/e0a867bdedb85fd243eadf09663511f96fc81e0720a4a42581f334ad4303aa6b?s=96&d=mm&r=g\",\"caption\":\"Reda\u00e7\u00e3o\"}}]}<\/script>\n<!-- \/ Yoast SEO plugin. -->","yoast_head_json":{"title":"Goleiros brilham em empate sem gols de Ponte e Internacional - Notibras","robots":{"index":"index","follow":"follow","max-snippet":"max-snippet:-1","max-image-preview":"max-image-preview:large","max-video-preview":"max-video-preview:-1"},"canonical":"https:\/\/www.notibras.com\/site\/goleiros-brilham-em-empate-sem-gols-de-ponte-e-internacional\/","og_locale":"pt_BR","og_type":"article","og_title":"Goleiros brilham em empate sem gols de Ponte e Internacional - Notibras","og_description":"Ponte Preta e Internacional ficaram no 0 a 0 em um jogo em que os destaques foram os goleiros. As duas equipes procuraram bastante o gol, finalizaram mais de dez vezes cada, mas n\u00e3o conseguiram vencer Marcelo Lomba e Alisson na tarde deste domingo (26), em Campinas, pela 15\u00aa rodada do Campeonato Brasileiro. O resultado [&hellip;]","og_url":"https:\/\/www.notibras.com\/site\/goleiros-brilham-em-empate-sem-gols-de-ponte-e-internacional\/","og_site_name":"Notibras","article_publisher":"https:\/\/www.facebook.com\/notibras\/","article_published_time":"2015-07-26T20:29:02+00:00","article_modified_time":"2015-07-26T22:33:05+00:00","og_image":[{"width":940,"height":658,"url":"https:\/\/www.notibras.com\/site\/wp-content\/uploads\/2015\/07\/alissonpontepretaxinterfriedemannvogelgetty.jpg","type":"image\/jpeg"}],"author":"Reda\u00e7\u00e3o","twitter_card":"summary_large_image","twitter_creator":"@Notibras","twitter_site":"@Notibras","twitter_misc":{"Escrito por":"Reda\u00e7\u00e3o","Est. tempo de leitura":"1 minuto"},"schema":{"@context":"https:\/\/schema.org","@graph":[{"@type":"Article","@id":"https:\/\/www.notibras.com\/site\/goleiros-brilham-em-empate-sem-gols-de-ponte-e-internacional\/#article","isPartOf":{"@id":"https:\/\/www.notibras.com\/site\/goleiros-brilham-em-empate-sem-gols-de-ponte-e-internacional\/"},"author":{"name":"Reda\u00e7\u00e3o","@id":"https:\/\/www.notibras.com\/site\/#\/schema\/person\/36ab0979449956132d3e5b517ea76ac8"},"headline":"Goleiros brilham em empate sem gols de Ponte e Internacional","datePublished":"2015-07-26T20:29:02+00:00","dateModified":"2015-07-26T22:33:05+00:00","mainEntityOfPage":{"@id":"https:\/\/www.notibras.com\/site\/goleiros-brilham-em-empate-sem-gols-de-ponte-e-internacional\/"},"wordCount":154,"commentCount":0,"publisher":{"@id":"https:\/\/www.notibras.com\/site\/#organization"},"image":{"@id":"https:\/\/www.notibras.com\/site\/goleiros-brilham-em-empate-sem-gols-de-ponte-e-internacional\/#primaryimage"},"thumbnailUrl":"https:\/\/www.notibras.com\/site\/wp-content\/uploads\/2015\/07\/alissonpontepretaxinterfriedemannvogelgetty.jpg","articleSection":["Esportes","Futebol"],"inLanguage":"pt-BR","potentialAction":[{"@type":"CommentAction","name":"Comment","target":["https:\/\/www.notibras.com\/site\/goleiros-brilham-em-empate-sem-gols-de-ponte-e-internacional\/#respond"]}]},{"@type":"WebPage","@id":"https:\/\/www.notibras.com\/site\/goleiros-brilham-em-empate-sem-gols-de-ponte-e-internacional\/","url":"https:\/\/www.notibras.com\/site\/goleiros-brilham-em-empate-sem-gols-de-ponte-e-internacional\/","name":"Goleiros brilham em empate sem gols de Ponte e Internacional - Notibras","isPartOf":{"@id":"https:\/\/www.notibras.com\/site\/#website"},"primaryImageOfPage":{"@id":"https:\/\/www.notibras.com\/site\/goleiros-brilham-em-empate-sem-gols-de-ponte-e-internacional\/#primaryimage"},"image":{"@id":"https:\/\/www.notibras.com\/site\/goleiros-brilham-em-empate-sem-gols-de-ponte-e-internacional\/#primaryimage"},"thumbnailUrl":"https:\/\/www.notibras.com\/site\/wp-content\/uploads\/2015\/07\/alissonpontepretaxinterfriedemannvogelgetty.jpg","datePublished":"2015-07-26T20:29:02+00:00","dateModified":"2015-07-26T22:33:05+00:00","breadcrumb":{"@id":"https:\/\/www.notibras.com\/site\/goleiros-brilham-em-empate-sem-gols-de-ponte-e-internacional\/#breadcrumb"},"inLanguage":"pt-BR","potentialAction":[{"@type":"ReadAction","target":["https:\/\/www.notibras.com\/site\/goleiros-brilham-em-empate-sem-gols-de-ponte-e-internacional\/"]}]},{"@type":"ImageObject","inLanguage":"pt-BR","@id":"https:\/\/www.notibras.com\/site\/goleiros-brilham-em-empate-sem-gols-de-ponte-e-internacional\/#primaryimage","url":"https:\/\/www.notibras.com\/site\/wp-content\/uploads\/2015\/07\/alissonpontepretaxinterfriedemannvogelgetty.jpg","contentUrl":"https:\/\/www.notibras.com\/site\/wp-content\/uploads\/2015\/07\/alissonpontepretaxinterfriedemannvogelgetty.jpg","width":940,"height":658},{"@type":"BreadcrumbList","@id":"https:\/\/www.notibras.com\/site\/goleiros-brilham-em-empate-sem-gols-de-ponte-e-internacional\/#breadcrumb","itemListElement":[{"@type":"ListItem","position":1,"name":"In\u00edcio","item":"https:\/\/www.notibras.com\/site\/"},{"@type":"ListItem","position":2,"name":"Goleiros brilham em empate sem gols de Ponte e Internacional"}]},{"@type":"WebSite","@id":"https:\/\/www.notibras.com\/site\/#website","url":"https:\/\/www.notibras.com\/site\/","name":"Notibras","description":"Not\u00edcias de Bras\u00edlia, do Brasil e do Mundo","publisher":{"@id":"https:\/\/www.notibras.com\/site\/#organization"},"potentialAction":[{"@type":"SearchAction","target":{"@type":"EntryPoint","urlTemplate":"https:\/\/www.notibras.com\/site\/?s={search_term_string}"},"query-input":{"@type":"PropertyValueSpecification","valueRequired":true,"valueName":"search_term_string"}}],"inLanguage":"pt-BR"},{"@type":"Organization","@id":"https:\/\/www.notibras.com\/site\/#organization","name":"Grupo Notibras de Comunica\u00e7\u00e3o","url":"https:\/\/www.notibras.com\/site\/","logo":{"@type":"ImageObject","inLanguage":"pt-BR","@id":"https:\/\/www.notibras.com\/site\/#\/schema\/logo\/image\/","url":"https:\/\/www.notibras.com\/site\/wp-content\/uploads\/2023\/01\/notibras23.png","contentUrl":"https:\/\/www.notibras.com\/site\/wp-content\/uploads\/2023\/01\/notibras23.png","width":350,"height":87,"caption":"Grupo Notibras de Comunica\u00e7\u00e3o"},"image":{"@id":"https:\/\/www.notibras.com\/site\/#\/schema\/logo\/image\/"},"sameAs":["https:\/\/www.facebook.com\/notibras\/","https:\/\/x.com\/Notibras","https:\/\/www.instagram.com\/notibras\/"]},{"@type":"Person","@id":"https:\/\/www.notibras.com\/site\/#\/schema\/person\/36ab0979449956132d3e5b517ea76ac8","name":"Reda\u00e7\u00e3o","image":{"@type":"ImageObject","inLanguage":"pt-BR","@id":"https:\/\/secure.gravatar.com\/avatar\/e0a867bdedb85fd243eadf09663511f96fc81e0720a4a42581f334ad4303aa6b?s=96&d=mm&r=g","url":"https:\/\/secure.gravatar.com\/avatar\/e0a867bdedb85fd243eadf09663511f96fc81e0720a4a42581f334ad4303aa6b?s=96&d=mm&r=g","contentUrl":"https:\/\/secure.gravatar.com\/avatar\/e0a867bdedb85fd243eadf09663511f96fc81e0720a4a42581f334ad4303aa6b?s=96&d=mm&r=g","caption":"Reda\u00e7\u00e3o"}}]}},"amp_enabled":true,"_links":{"self":[{"href":"https:\/\/www.notibras.com\/site\/wp-json\/wp\/v2\/posts\/59096","targetHints":{"allow":["GET"]}}],"collection":[{"href":"https:\/\/www.notibras.com\/site\/wp-json\/wp\/v2\/posts"}],"about":[{"href":"https:\/\/www.notibras.com\/site\/wp-json\/wp\/v2\/types\/post"}],"author":[{"embeddable":true,"href":"https:\/\/www.notibras.com\/site\/wp-json\/wp\/v2\/users\/2"}],"replies":[{"embeddable":true,"href":"https:\/\/www.notibras.com\/site\/wp-json\/wp\/v2\/comments?post=59096"}],"version-history":[{"count":0,"href":"https:\/\/www.notibras.com\/site\/wp-json\/wp\/v2\/posts\/59096\/revisions"}],"wp:featuredmedia":[{"embeddable":true,"href":"https:\/\/www.notibras.com\/site\/wp-json\/wp\/v2\/media\/59097"}],"wp:attachment":[{"href":"https:\/\/www.notibras.com\/site\/wp-json\/wp\/v2\/media?parent=59096"}],"wp:term":[{"taxonomy":"category","embeddable":true,"href":"https:\/\/www.notibras.com\/site\/wp-json\/wp\/v2\/categories?post=59096"},{"taxonomy":"post_tag","embeddable":true,"href":"https:\/\/www.notibras.com\/site\/wp-json\/wp\/v2\/tags?post=59096"}],"curies":[{"name":"wp","href":"https:\/\/api.w.org\/{rel}","templated":true}]}}