{"id":59387,"date":"2015-07-29T11:05:25","date_gmt":"2015-07-29T14:05:25","guid":{"rendered":"http:\/\/www.notibras.com\/site\/?p=59387"},"modified":"2015-07-29T16:22:31","modified_gmt":"2015-07-29T19:22:31","slug":"agostinho-carrara-agora-homem-primitivo-descarrega-contra-a-globo","status":"publish","type":"post","link":"https:\/\/www.notibras.com\/site\/agostinho-carrara-agora-homem-primitivo-descarrega-contra-a-globo\/","title":{"rendered":"Agostinho Carrara, agora mortal homem primitivo, descarrega contra Globo"},"content":{"rendered":"<p>O velho Agostinho Carrara, hoje Homem Primitivo (pe\u00e7a que est\u00e1 encerrando temporada em S\u00e3o Paulo para ocupar os palcos do Rio de Janeiro), acaba de romper um sil\u00eancio de dois anos e desbancar a Globo (para a qual sempre trabalhou).<\/p>\n<p>Foi durante entrevista \u00e0 TV Uol, no programa &#8220;Uol V\u00ea TV&#8221; na ter\u00e7a-feira, 28. Na conversa com os rep\u00f3rteres, o ator Pedro Cardoso fez duras cr\u00edticas ao atual cen\u00e1rio televisivo brasileiro, \u00e0 sua antiga emissora, Globo, e ao programa &#8220;Fant\u00e1stico&#8221;.<\/p>\n<p>Pedro definiu a TV brasileira como ultrapassada, conservadora e covarde.\u00a0&#8220;O mundo mudou muito. E uma coisa principal: o Brasil mudou, muito mais que a televis\u00e3o brasileira. A TV brasileira ainda est\u00e1 igual ao Brasil do FH [Fernando Henrique Cardoso] e n\u00f3s estamos num Brasil p\u00f3s-Dilma, embora ela ainda esteja [no governo]. E a gente tem que retratar este Brasil que mudou. Se a gente ficar fazendo a televis\u00e3o que era da \u00e9poca do Fernando Henrique, o p\u00fablico vai fazer outra coisa&#8221;, disse.<\/p>\n<p>&#8220;A televis\u00e3o brasileira est\u00e1 com muito medo da internet. Est\u00e1 um pouco acovardada, um pouco conservadora. Ela est\u00e1 mudando s\u00f3 na maquiagem&#8221;, completou.<\/p>\n<blockquote><p>Sobre a Globo, o artista criticou a falta de cr\u00e9ditos e confian\u00e7a para com os atores.\u00a0&#8220;O petr\u00f3leo da comunica\u00e7\u00e3o social, em teledramaturgia, \u00e9 o ator. \u00c9 o ator que d\u00e1 cara ao trabalho de todos. Isso confere ao ator um poder incomensur\u00e1vel. Ningu\u00e9m sabe, na verdade, quem \u00e9 o diretor ou o autor da &#8216;Grande Fam\u00edlia&#8217;, embora eles fossem t\u00e3o importantes quanto n\u00f3s. A empresa, e n\u00e3o s\u00f3 a Globo, todas, o que fazem? Negam poder ao ator. Os atores ficam esperando ser convidados. A Globo n\u00e3o \u00e9 sens\u00edvel a nenhum movimento feito por um ator&#8221;, disse. &#8220;Preferem atores que j\u00e1 entraram no mercado tendo abdicado de antem\u00e3o da sua autoria&#8221;, completou.<\/p><\/blockquote>\n<p>Pedro revelou o choque de n\u00e3o ter sido convidado para desenvolver outro trabalho na emissora, ap\u00f3s o fim de &#8220;A Grande Fam\u00edlia&#8221; &#8211; onde eternizou o personagem Agostinho Carrara.\u00a0&#8220;Com a trajet\u00f3ria que tive na TV Globo, e com o sucesso que &#8216;A Grande Fam\u00edlia&#8217; teve, eu imaginava que a emissora me ofereceria a oportunidade de desenvolver um projeto que fosse meu. &#8216;A Grande Fam\u00edlia&#8217; era um projeto coletivo. Isso n\u00e3o foi oferecido a nenhum de n\u00f3s&#8221;, contou.<\/p>\n<p>O ator desabafou sobre o cancelamento do quadro &#8220;U\u00e3nu\u00eai&#8221; &#8211; onde ele e Graziella Moretto improvisavam sobre temas propostos pela plateia -, interrompido pelo &#8220;Fant\u00e1stico&#8221; depois de apenas quatro epis\u00f3dios.\u00a0&#8220;Tive uma experi\u00eancia traum\u00e1tica no &#8216;Fant\u00e1stico&#8217;. Fizemos um quadro de improviso, improviso verdadeiro, n\u00e3o esse improviso falso, que \u00e0s vezes se tenta fazer. A equipe do &#8216;Fant\u00e1stico&#8217; n\u00e3o gostou. E obviamente, quando n\u00e3o gostam, dizem que teve dificuldade de audi\u00eancia. Acho que n\u00e3o era crise de audi\u00eancia, n\u00e3o. Era mesmo um problema ideol\u00f3gico&#8221;, afirmou.<\/p>\n<p>Pedro ainda acrescentou: &#8220;A televis\u00e3o no Brasil se dedicou a construir uma esp\u00e9cie de pa\u00eds que n\u00e3o \u00e9 verdadeiro. O &#8216;Fant\u00e1stico&#8217; trata dos assuntos com uma falsa verdade, na minha opini\u00e3o. At\u00e9 quando diz que uma coisa \u00e9 verdade, parece entretenimento, uma coisa bobinha, engra\u00e7adinha. Eu fa\u00e7o uma coisa que \u00e9 engra\u00e7ada mesmo, n\u00e3o engra\u00e7adinha. A gente mandou dez programas prontos. Na hora de escolher os primeiros, foram escolhidos os mais amenos.&#8221;<\/p>\n","protected":false},"excerpt":{"rendered":"<p>O velho Agostinho Carrara, hoje Homem Primitivo (pe\u00e7a que est\u00e1 encerrando temporada em S\u00e3o Paulo para ocupar os palcos do Rio de Janeiro), acaba de romper um sil\u00eancio de dois anos e desbancar a Globo (para a qual sempre trabalhou). Foi durante entrevista \u00e0 TV Uol, no programa &#8220;Uol V\u00ea TV&#8221; na ter\u00e7a-feira, 28. Na [&hellip;]<\/p>\n","protected":false},"author":2,"featured_media":59388,"comment_status":"open","ping_status":"closed","sticky":false,"template":"","format":"standard","meta":{"_acf_changed":false,"footnotes":""},"categories":[16],"tags":[],"class_list":["post-59387","post","type-post","status-publish","format-standard","has-post-thumbnail","hentry","category-brasil"],"acf":[],"yoast_head":"<!-- This site is optimized with the Yoast SEO plugin v27.2 - https:\/\/yoast.com\/product\/yoast-seo-wordpress\/ -->\n<title>Agostinho Carrara, agora mortal homem primitivo, descarrega contra Globo - Notibras<\/title>\n<meta name=\"robots\" content=\"index, follow, max-snippet:-1, max-image-preview:large, max-video-preview:-1\" \/>\n<link rel=\"canonical\" href=\"https:\/\/www.notibras.com\/site\/agostinho-carrara-agora-homem-primitivo-descarrega-contra-a-globo\/\" \/>\n<meta property=\"og:locale\" content=\"pt_BR\" \/>\n<meta property=\"og:type\" content=\"article\" \/>\n<meta property=\"og:title\" content=\"Agostinho Carrara, agora mortal homem primitivo, descarrega contra Globo - Notibras\" \/>\n<meta property=\"og:description\" content=\"O velho Agostinho Carrara, hoje Homem Primitivo (pe\u00e7a que est\u00e1 encerrando temporada em S\u00e3o Paulo para ocupar os palcos do Rio de Janeiro), acaba de romper um sil\u00eancio de dois anos e desbancar a Globo (para a qual sempre trabalhou). Foi durante entrevista \u00e0 TV Uol, no programa &#8220;Uol V\u00ea TV&#8221; na ter\u00e7a-feira, 28. Na [&hellip;]\" \/>\n<meta property=\"og:url\" content=\"https:\/\/www.notibras.com\/site\/agostinho-carrara-agora-homem-primitivo-descarrega-contra-a-globo\/\" \/>\n<meta property=\"og:site_name\" content=\"Notibras\" \/>\n<meta property=\"article:publisher\" content=\"https:\/\/www.facebook.com\/notibras\/\" \/>\n<meta property=\"article:published_time\" content=\"2015-07-29T14:05:25+00:00\" \/>\n<meta property=\"article:modified_time\" content=\"2015-07-29T19:22:31+00:00\" \/>\n<meta property=\"og:image\" content=\"https:\/\/www.notibras.com\/site\/wp-content\/uploads\/2015\/07\/650x375_pedro-cardoso-rede-globo-fantastico-chame-gente-famosos_1544982.jpg\" \/>\n\t<meta property=\"og:image:width\" content=\"650\" \/>\n\t<meta property=\"og:image:height\" content=\"375\" \/>\n\t<meta property=\"og:image:type\" content=\"image\/jpeg\" \/>\n<meta name=\"author\" content=\"Reda\u00e7\u00e3o\" \/>\n<meta name=\"twitter:card\" content=\"summary_large_image\" \/>\n<meta name=\"twitter:creator\" content=\"@Notibras\" \/>\n<meta name=\"twitter:site\" content=\"@Notibras\" \/>\n<meta name=\"twitter:label1\" content=\"Escrito por\" \/>\n\t<meta name=\"twitter:data1\" content=\"Reda\u00e7\u00e3o\" \/>\n\t<meta name=\"twitter:label2\" content=\"Est. tempo de leitura\" \/>\n\t<meta name=\"twitter:data2\" content=\"3 minutos\" \/>\n<script type=\"application\/ld+json\" class=\"yoast-schema-graph\">{\"@context\":\"https:\/\/schema.org\",\"@graph\":[{\"@type\":\"Article\",\"@id\":\"https:\/\/www.notibras.com\/site\/agostinho-carrara-agora-homem-primitivo-descarrega-contra-a-globo\/#article\",\"isPartOf\":{\"@id\":\"https:\/\/www.notibras.com\/site\/agostinho-carrara-agora-homem-primitivo-descarrega-contra-a-globo\/\"},\"author\":{\"name\":\"Reda\u00e7\u00e3o\",\"@id\":\"https:\/\/www.notibras.com\/site\/#\/schema\/person\/36ab0979449956132d3e5b517ea76ac8\"},\"headline\":\"Agostinho Carrara, agora mortal homem primitivo, descarrega contra Globo\",\"datePublished\":\"2015-07-29T14:05:25+00:00\",\"dateModified\":\"2015-07-29T19:22:31+00:00\",\"mainEntityOfPage\":{\"@id\":\"https:\/\/www.notibras.com\/site\/agostinho-carrara-agora-homem-primitivo-descarrega-contra-a-globo\/\"},\"wordCount\":594,\"commentCount\":0,\"publisher\":{\"@id\":\"https:\/\/www.notibras.com\/site\/#organization\"},\"image\":{\"@id\":\"https:\/\/www.notibras.com\/site\/agostinho-carrara-agora-homem-primitivo-descarrega-contra-a-globo\/#primaryimage\"},\"thumbnailUrl\":\"https:\/\/www.notibras.com\/site\/wp-content\/uploads\/2015\/07\/650x375_pedro-cardoso-rede-globo-fantastico-chame-gente-famosos_1544982.jpg\",\"articleSection\":[\"Brasil\"],\"inLanguage\":\"pt-BR\",\"potentialAction\":[{\"@type\":\"CommentAction\",\"name\":\"Comment\",\"target\":[\"https:\/\/www.notibras.com\/site\/agostinho-carrara-agora-homem-primitivo-descarrega-contra-a-globo\/#respond\"]}]},{\"@type\":\"WebPage\",\"@id\":\"https:\/\/www.notibras.com\/site\/agostinho-carrara-agora-homem-primitivo-descarrega-contra-a-globo\/\",\"url\":\"https:\/\/www.notibras.com\/site\/agostinho-carrara-agora-homem-primitivo-descarrega-contra-a-globo\/\",\"name\":\"Agostinho Carrara, agora mortal homem primitivo, descarrega contra Globo - Notibras\",\"isPartOf\":{\"@id\":\"https:\/\/www.notibras.com\/site\/#website\"},\"primaryImageOfPage\":{\"@id\":\"https:\/\/www.notibras.com\/site\/agostinho-carrara-agora-homem-primitivo-descarrega-contra-a-globo\/#primaryimage\"},\"image\":{\"@id\":\"https:\/\/www.notibras.com\/site\/agostinho-carrara-agora-homem-primitivo-descarrega-contra-a-globo\/#primaryimage\"},\"thumbnailUrl\":\"https:\/\/www.notibras.com\/site\/wp-content\/uploads\/2015\/07\/650x375_pedro-cardoso-rede-globo-fantastico-chame-gente-famosos_1544982.jpg\",\"datePublished\":\"2015-07-29T14:05:25+00:00\",\"dateModified\":\"2015-07-29T19:22:31+00:00\",\"breadcrumb\":{\"@id\":\"https:\/\/www.notibras.com\/site\/agostinho-carrara-agora-homem-primitivo-descarrega-contra-a-globo\/#breadcrumb\"},\"inLanguage\":\"pt-BR\",\"potentialAction\":[{\"@type\":\"ReadAction\",\"target\":[\"https:\/\/www.notibras.com\/site\/agostinho-carrara-agora-homem-primitivo-descarrega-contra-a-globo\/\"]}]},{\"@type\":\"ImageObject\",\"inLanguage\":\"pt-BR\",\"@id\":\"https:\/\/www.notibras.com\/site\/agostinho-carrara-agora-homem-primitivo-descarrega-contra-a-globo\/#primaryimage\",\"url\":\"https:\/\/www.notibras.com\/site\/wp-content\/uploads\/2015\/07\/650x375_pedro-cardoso-rede-globo-fantastico-chame-gente-famosos_1544982.jpg\",\"contentUrl\":\"https:\/\/www.notibras.com\/site\/wp-content\/uploads\/2015\/07\/650x375_pedro-cardoso-rede-globo-fantastico-chame-gente-famosos_1544982.jpg\",\"width\":650,\"height\":375},{\"@type\":\"BreadcrumbList\",\"@id\":\"https:\/\/www.notibras.com\/site\/agostinho-carrara-agora-homem-primitivo-descarrega-contra-a-globo\/#breadcrumb\",\"itemListElement\":[{\"@type\":\"ListItem\",\"position\":1,\"name\":\"In\u00edcio\",\"item\":\"https:\/\/www.notibras.com\/site\/\"},{\"@type\":\"ListItem\",\"position\":2,\"name\":\"Agostinho Carrara, agora mortal homem primitivo, descarrega contra Globo\"}]},{\"@type\":\"WebSite\",\"@id\":\"https:\/\/www.notibras.com\/site\/#website\",\"url\":\"https:\/\/www.notibras.com\/site\/\",\"name\":\"Notibras\",\"description\":\"Not\u00edcias de Bras\u00edlia, do Brasil e do Mundo\",\"publisher\":{\"@id\":\"https:\/\/www.notibras.com\/site\/#organization\"},\"potentialAction\":[{\"@type\":\"SearchAction\",\"target\":{\"@type\":\"EntryPoint\",\"urlTemplate\":\"https:\/\/www.notibras.com\/site\/?s={search_term_string}\"},\"query-input\":{\"@type\":\"PropertyValueSpecification\",\"valueRequired\":true,\"valueName\":\"search_term_string\"}}],\"inLanguage\":\"pt-BR\"},{\"@type\":\"Organization\",\"@id\":\"https:\/\/www.notibras.com\/site\/#organization\",\"name\":\"Grupo Notibras de Comunica\u00e7\u00e3o\",\"url\":\"https:\/\/www.notibras.com\/site\/\",\"logo\":{\"@type\":\"ImageObject\",\"inLanguage\":\"pt-BR\",\"@id\":\"https:\/\/www.notibras.com\/site\/#\/schema\/logo\/image\/\",\"url\":\"https:\/\/www.notibras.com\/site\/wp-content\/uploads\/2023\/01\/notibras23.png\",\"contentUrl\":\"https:\/\/www.notibras.com\/site\/wp-content\/uploads\/2023\/01\/notibras23.png\",\"width\":350,\"height\":87,\"caption\":\"Grupo Notibras de Comunica\u00e7\u00e3o\"},\"image\":{\"@id\":\"https:\/\/www.notibras.com\/site\/#\/schema\/logo\/image\/\"},\"sameAs\":[\"https:\/\/www.facebook.com\/notibras\/\",\"https:\/\/x.com\/Notibras\",\"https:\/\/www.instagram.com\/notibras\/\"]},{\"@type\":\"Person\",\"@id\":\"https:\/\/www.notibras.com\/site\/#\/schema\/person\/36ab0979449956132d3e5b517ea76ac8\",\"name\":\"Reda\u00e7\u00e3o\",\"image\":{\"@type\":\"ImageObject\",\"inLanguage\":\"pt-BR\",\"@id\":\"https:\/\/secure.gravatar.com\/avatar\/e0a867bdedb85fd243eadf09663511f96fc81e0720a4a42581f334ad4303aa6b?s=96&d=mm&r=g\",\"url\":\"https:\/\/secure.gravatar.com\/avatar\/e0a867bdedb85fd243eadf09663511f96fc81e0720a4a42581f334ad4303aa6b?s=96&d=mm&r=g\",\"contentUrl\":\"https:\/\/secure.gravatar.com\/avatar\/e0a867bdedb85fd243eadf09663511f96fc81e0720a4a42581f334ad4303aa6b?s=96&d=mm&r=g\",\"caption\":\"Reda\u00e7\u00e3o\"}}]}<\/script>\n<!-- \/ Yoast SEO plugin. -->","yoast_head_json":{"title":"Agostinho Carrara, agora mortal homem primitivo, descarrega contra Globo - Notibras","robots":{"index":"index","follow":"follow","max-snippet":"max-snippet:-1","max-image-preview":"max-image-preview:large","max-video-preview":"max-video-preview:-1"},"canonical":"https:\/\/www.notibras.com\/site\/agostinho-carrara-agora-homem-primitivo-descarrega-contra-a-globo\/","og_locale":"pt_BR","og_type":"article","og_title":"Agostinho Carrara, agora mortal homem primitivo, descarrega contra Globo - Notibras","og_description":"O velho Agostinho Carrara, hoje Homem Primitivo (pe\u00e7a que est\u00e1 encerrando temporada em S\u00e3o Paulo para ocupar os palcos do Rio de Janeiro), acaba de romper um sil\u00eancio de dois anos e desbancar a Globo (para a qual sempre trabalhou). Foi durante entrevista \u00e0 TV Uol, no programa &#8220;Uol V\u00ea TV&#8221; na ter\u00e7a-feira, 28. Na [&hellip;]","og_url":"https:\/\/www.notibras.com\/site\/agostinho-carrara-agora-homem-primitivo-descarrega-contra-a-globo\/","og_site_name":"Notibras","article_publisher":"https:\/\/www.facebook.com\/notibras\/","article_published_time":"2015-07-29T14:05:25+00:00","article_modified_time":"2015-07-29T19:22:31+00:00","og_image":[{"width":650,"height":375,"url":"https:\/\/www.notibras.com\/site\/wp-content\/uploads\/2015\/07\/650x375_pedro-cardoso-rede-globo-fantastico-chame-gente-famosos_1544982.jpg","type":"image\/jpeg"}],"author":"Reda\u00e7\u00e3o","twitter_card":"summary_large_image","twitter_creator":"@Notibras","twitter_site":"@Notibras","twitter_misc":{"Escrito por":"Reda\u00e7\u00e3o","Est. tempo de leitura":"3 minutos"},"schema":{"@context":"https:\/\/schema.org","@graph":[{"@type":"Article","@id":"https:\/\/www.notibras.com\/site\/agostinho-carrara-agora-homem-primitivo-descarrega-contra-a-globo\/#article","isPartOf":{"@id":"https:\/\/www.notibras.com\/site\/agostinho-carrara-agora-homem-primitivo-descarrega-contra-a-globo\/"},"author":{"name":"Reda\u00e7\u00e3o","@id":"https:\/\/www.notibras.com\/site\/#\/schema\/person\/36ab0979449956132d3e5b517ea76ac8"},"headline":"Agostinho Carrara, agora mortal homem primitivo, descarrega contra Globo","datePublished":"2015-07-29T14:05:25+00:00","dateModified":"2015-07-29T19:22:31+00:00","mainEntityOfPage":{"@id":"https:\/\/www.notibras.com\/site\/agostinho-carrara-agora-homem-primitivo-descarrega-contra-a-globo\/"},"wordCount":594,"commentCount":0,"publisher":{"@id":"https:\/\/www.notibras.com\/site\/#organization"},"image":{"@id":"https:\/\/www.notibras.com\/site\/agostinho-carrara-agora-homem-primitivo-descarrega-contra-a-globo\/#primaryimage"},"thumbnailUrl":"https:\/\/www.notibras.com\/site\/wp-content\/uploads\/2015\/07\/650x375_pedro-cardoso-rede-globo-fantastico-chame-gente-famosos_1544982.jpg","articleSection":["Brasil"],"inLanguage":"pt-BR","potentialAction":[{"@type":"CommentAction","name":"Comment","target":["https:\/\/www.notibras.com\/site\/agostinho-carrara-agora-homem-primitivo-descarrega-contra-a-globo\/#respond"]}]},{"@type":"WebPage","@id":"https:\/\/www.notibras.com\/site\/agostinho-carrara-agora-homem-primitivo-descarrega-contra-a-globo\/","url":"https:\/\/www.notibras.com\/site\/agostinho-carrara-agora-homem-primitivo-descarrega-contra-a-globo\/","name":"Agostinho Carrara, agora mortal homem primitivo, descarrega contra Globo - Notibras","isPartOf":{"@id":"https:\/\/www.notibras.com\/site\/#website"},"primaryImageOfPage":{"@id":"https:\/\/www.notibras.com\/site\/agostinho-carrara-agora-homem-primitivo-descarrega-contra-a-globo\/#primaryimage"},"image":{"@id":"https:\/\/www.notibras.com\/site\/agostinho-carrara-agora-homem-primitivo-descarrega-contra-a-globo\/#primaryimage"},"thumbnailUrl":"https:\/\/www.notibras.com\/site\/wp-content\/uploads\/2015\/07\/650x375_pedro-cardoso-rede-globo-fantastico-chame-gente-famosos_1544982.jpg","datePublished":"2015-07-29T14:05:25+00:00","dateModified":"2015-07-29T19:22:31+00:00","breadcrumb":{"@id":"https:\/\/www.notibras.com\/site\/agostinho-carrara-agora-homem-primitivo-descarrega-contra-a-globo\/#breadcrumb"},"inLanguage":"pt-BR","potentialAction":[{"@type":"ReadAction","target":["https:\/\/www.notibras.com\/site\/agostinho-carrara-agora-homem-primitivo-descarrega-contra-a-globo\/"]}]},{"@type":"ImageObject","inLanguage":"pt-BR","@id":"https:\/\/www.notibras.com\/site\/agostinho-carrara-agora-homem-primitivo-descarrega-contra-a-globo\/#primaryimage","url":"https:\/\/www.notibras.com\/site\/wp-content\/uploads\/2015\/07\/650x375_pedro-cardoso-rede-globo-fantastico-chame-gente-famosos_1544982.jpg","contentUrl":"https:\/\/www.notibras.com\/site\/wp-content\/uploads\/2015\/07\/650x375_pedro-cardoso-rede-globo-fantastico-chame-gente-famosos_1544982.jpg","width":650,"height":375},{"@type":"BreadcrumbList","@id":"https:\/\/www.notibras.com\/site\/agostinho-carrara-agora-homem-primitivo-descarrega-contra-a-globo\/#breadcrumb","itemListElement":[{"@type":"ListItem","position":1,"name":"In\u00edcio","item":"https:\/\/www.notibras.com\/site\/"},{"@type":"ListItem","position":2,"name":"Agostinho Carrara, agora mortal homem primitivo, descarrega contra Globo"}]},{"@type":"WebSite","@id":"https:\/\/www.notibras.com\/site\/#website","url":"https:\/\/www.notibras.com\/site\/","name":"Notibras","description":"Not\u00edcias de Bras\u00edlia, do Brasil e do Mundo","publisher":{"@id":"https:\/\/www.notibras.com\/site\/#organization"},"potentialAction":[{"@type":"SearchAction","target":{"@type":"EntryPoint","urlTemplate":"https:\/\/www.notibras.com\/site\/?s={search_term_string}"},"query-input":{"@type":"PropertyValueSpecification","valueRequired":true,"valueName":"search_term_string"}}],"inLanguage":"pt-BR"},{"@type":"Organization","@id":"https:\/\/www.notibras.com\/site\/#organization","name":"Grupo Notibras de Comunica\u00e7\u00e3o","url":"https:\/\/www.notibras.com\/site\/","logo":{"@type":"ImageObject","inLanguage":"pt-BR","@id":"https:\/\/www.notibras.com\/site\/#\/schema\/logo\/image\/","url":"https:\/\/www.notibras.com\/site\/wp-content\/uploads\/2023\/01\/notibras23.png","contentUrl":"https:\/\/www.notibras.com\/site\/wp-content\/uploads\/2023\/01\/notibras23.png","width":350,"height":87,"caption":"Grupo Notibras de Comunica\u00e7\u00e3o"},"image":{"@id":"https:\/\/www.notibras.com\/site\/#\/schema\/logo\/image\/"},"sameAs":["https:\/\/www.facebook.com\/notibras\/","https:\/\/x.com\/Notibras","https:\/\/www.instagram.com\/notibras\/"]},{"@type":"Person","@id":"https:\/\/www.notibras.com\/site\/#\/schema\/person\/36ab0979449956132d3e5b517ea76ac8","name":"Reda\u00e7\u00e3o","image":{"@type":"ImageObject","inLanguage":"pt-BR","@id":"https:\/\/secure.gravatar.com\/avatar\/e0a867bdedb85fd243eadf09663511f96fc81e0720a4a42581f334ad4303aa6b?s=96&d=mm&r=g","url":"https:\/\/secure.gravatar.com\/avatar\/e0a867bdedb85fd243eadf09663511f96fc81e0720a4a42581f334ad4303aa6b?s=96&d=mm&r=g","contentUrl":"https:\/\/secure.gravatar.com\/avatar\/e0a867bdedb85fd243eadf09663511f96fc81e0720a4a42581f334ad4303aa6b?s=96&d=mm&r=g","caption":"Reda\u00e7\u00e3o"}}]}},"amp_enabled":true,"_links":{"self":[{"href":"https:\/\/www.notibras.com\/site\/wp-json\/wp\/v2\/posts\/59387","targetHints":{"allow":["GET"]}}],"collection":[{"href":"https:\/\/www.notibras.com\/site\/wp-json\/wp\/v2\/posts"}],"about":[{"href":"https:\/\/www.notibras.com\/site\/wp-json\/wp\/v2\/types\/post"}],"author":[{"embeddable":true,"href":"https:\/\/www.notibras.com\/site\/wp-json\/wp\/v2\/users\/2"}],"replies":[{"embeddable":true,"href":"https:\/\/www.notibras.com\/site\/wp-json\/wp\/v2\/comments?post=59387"}],"version-history":[{"count":0,"href":"https:\/\/www.notibras.com\/site\/wp-json\/wp\/v2\/posts\/59387\/revisions"}],"wp:featuredmedia":[{"embeddable":true,"href":"https:\/\/www.notibras.com\/site\/wp-json\/wp\/v2\/media\/59388"}],"wp:attachment":[{"href":"https:\/\/www.notibras.com\/site\/wp-json\/wp\/v2\/media?parent=59387"}],"wp:term":[{"taxonomy":"category","embeddable":true,"href":"https:\/\/www.notibras.com\/site\/wp-json\/wp\/v2\/categories?post=59387"},{"taxonomy":"post_tag","embeddable":true,"href":"https:\/\/www.notibras.com\/site\/wp-json\/wp\/v2\/tags?post=59387"}],"curies":[{"name":"wp","href":"https:\/\/api.w.org\/{rel}","templated":true}]}}