{"id":5944,"date":"2014-04-04T06:13:09","date_gmt":"2014-04-04T09:13:09","guid":{"rendered":"http:\/\/www.notibras.com\/site\/?p=5944"},"modified":"2014-04-04T06:17:48","modified_gmt":"2014-04-04T09:17:48","slug":"vitor-vira-parede-galo-empata-em-bogota-e-mantem-lideranca-do-grupo","status":"publish","type":"post","link":"https:\/\/www.notibras.com\/site\/vitor-vira-parede-galo-empata-em-bogota-e-mantem-lideranca-do-grupo\/","title":{"rendered":"Vitor vira parede, Galo empata em Bogot\u00e1 e mant\u00e9m lideran\u00e7a"},"content":{"rendered":"<p>O Atl\u00e9tico-MG precisou do brilho\u00a0de Victor para garantir a classifica\u00e7\u00e3o para a fase eliminat\u00f3ria da Copa Libertadores na noite desta quinta-feira. Jogando em Bogot\u00e1 contra o Independiente Santa Fe, o time mineiro saiu na frente com Guilherme, sofreu o empate ap\u00f3s gol de Cuero e s\u00f3 n\u00e3o foi derrotado gra\u00e7as \u00e0 grande atua\u00e7\u00e3o do goleiro, que garantiu o 1 a 1 no confronto v\u00e1lido pela quinta\u00a0rodada do Grupo 4.<\/p>\n<p>O resultado levou o clube alvinegro aos nove pontos, suficientes para manuten\u00e7\u00e3o da lideran\u00e7a isolada do Grupo 4. O Zamora \u00e9 o segundo colocado, com sete. O Santa Fe foi aos cinco, mesmo n\u00famero do lanterna Nacional, que perde no saldo de gols para os colombianos.<\/p>\n<p>O gramado do Est\u00e1dio El Camp\u00edn estava carregado desde o in\u00edcio, gra\u00e7as \u00e0s fortes chuvas que ca\u00edram no local antes\u00a0do confronto. Mesmo assim, ambas as equipes conseguiram apresentar um bom primeiro tempo, com o time mineiro saindo na frente logo aos 8min com Guilherme, que finalizou na sa\u00edda do goleiro ap\u00f3s uma tabela r\u00e1pida com J\u00f4.<\/p>\n<p>Com a vantagem no placar, o Atl\u00e9tico-MG recuou e permitiu que o Independiente Santa Fe partisse para cima e exigisse boas defesas do goleiro Victor, que teve que se esfor\u00e7ar para impedir ao menos tr\u00eas gols dos colombianos, enquanto o goleiro Vargas teve trabalho apenas em um chute de J\u00f4, ap\u00f3s bola enfiada por Guilherme.<\/p>\n<p>Depois do retorno dos vesti\u00e1rios, ambas as equipes diminu\u00edram o bom ritmo da primeira etapa, especialmente o time brasileiro. Com mais posse de bola e presen\u00e7a ofensiva, o Santa Fe pecou pela indecis\u00e3o nas oportunidades que teve ao adentrar a \u00e1rea advers\u00e1ria, desperdi\u00e7ando potenciais finaliza\u00e7\u00f5es pelo excesso de dribles.<\/p>\n<p>Em uma jogada simples e objetiva aos 18min, o clube colombiano conseguiu o empate. Mosquera cruzou na medida da lateral esquerda para Cuero, desmarcado, testar firme para o fundo das redes de Victor.<\/p>\n<p>Os donos da casa se empolgaram e mantiveram a press\u00e3o, levando perigo \u00e0 meta alvinegra principalmente em finaliza\u00e7\u00f5es de fora da \u00e1rea.<\/p>\n<p>Na sexta e \u00faltima rodada do Grupo 4, o Atl\u00e9tico-MG recebe os venezuelanos do Zamora na Arena Independ\u00eancia e tenta avan\u00e7ar em primeiro, enquanto o Independiente Santa Fe vai ao Paraguai encarar o Nacional, que ainda tem esperan\u00e7as de classifica\u00e7\u00e3o.<\/p>\n<p>&nbsp;<\/p>\n<p>&nbsp;<\/p>\n","protected":false},"excerpt":{"rendered":"<p>O Atl\u00e9tico-MG precisou do brilho\u00a0de Victor para garantir a classifica\u00e7\u00e3o para a fase eliminat\u00f3ria da Copa Libertadores na noite desta quinta-feira. Jogando em Bogot\u00e1 contra o Independiente Santa Fe, o time mineiro saiu na frente com Guilherme, sofreu o empate ap\u00f3s gol de Cuero e s\u00f3 n\u00e3o foi derrotado gra\u00e7as \u00e0 grande atua\u00e7\u00e3o do goleiro, [&hellip;]<\/p>\n","protected":false},"author":2,"featured_media":5945,"comment_status":"open","ping_status":"closed","sticky":false,"template":"","format":"standard","meta":{"_acf_changed":false,"footnotes":""},"categories":[19],"tags":[],"class_list":["post-5944","post","type-post","status-publish","format-standard","has-post-thumbnail","hentry","category-esportes"],"acf":[],"yoast_head":"<!-- This site is optimized with the Yoast SEO plugin v27.2 - https:\/\/yoast.com\/product\/yoast-seo-wordpress\/ -->\n<title>Vitor vira parede, Galo empata em Bogot\u00e1 e mant\u00e9m lideran\u00e7a - Notibras<\/title>\n<meta name=\"robots\" content=\"index, follow, max-snippet:-1, max-image-preview:large, max-video-preview:-1\" \/>\n<link rel=\"canonical\" href=\"https:\/\/www.notibras.com\/site\/vitor-vira-parede-galo-empata-em-bogota-e-mantem-lideranca-do-grupo\/\" \/>\n<meta property=\"og:locale\" content=\"pt_BR\" \/>\n<meta property=\"og:type\" content=\"article\" \/>\n<meta property=\"og:title\" content=\"Vitor vira parede, Galo empata em Bogot\u00e1 e mant\u00e9m lideran\u00e7a - Notibras\" \/>\n<meta property=\"og:description\" content=\"O Atl\u00e9tico-MG precisou do brilho\u00a0de Victor para garantir a classifica\u00e7\u00e3o para a fase eliminat\u00f3ria da Copa Libertadores na noite desta quinta-feira. Jogando em Bogot\u00e1 contra o Independiente Santa Fe, o time mineiro saiu na frente com Guilherme, sofreu o empate ap\u00f3s gol de Cuero e s\u00f3 n\u00e3o foi derrotado gra\u00e7as \u00e0 grande atua\u00e7\u00e3o do goleiro, [&hellip;]\" \/>\n<meta property=\"og:url\" content=\"https:\/\/www.notibras.com\/site\/vitor-vira-parede-galo-empata-em-bogota-e-mantem-lideranca-do-grupo\/\" \/>\n<meta property=\"og:site_name\" content=\"Notibras\" \/>\n<meta property=\"article:publisher\" content=\"https:\/\/www.facebook.com\/notibras\/\" \/>\n<meta property=\"article:published_time\" content=\"2014-04-04T09:13:09+00:00\" \/>\n<meta property=\"article:modified_time\" content=\"2014-04-04T09:17:48+00:00\" \/>\n<meta property=\"og:image\" content=\"https:\/\/www.notibras.com\/site\/wp-content\/uploads\/2014\/04\/guilhermeronaldinhojofestart.jpg\" \/>\n\t<meta property=\"og:image:width\" content=\"460\" \/>\n\t<meta property=\"og:image:height\" content=\"340\" \/>\n\t<meta property=\"og:image:type\" content=\"image\/jpeg\" \/>\n<meta name=\"author\" content=\"Reda\u00e7\u00e3o\" \/>\n<meta name=\"twitter:card\" content=\"summary_large_image\" \/>\n<meta name=\"twitter:creator\" content=\"@Notibras\" \/>\n<meta name=\"twitter:site\" content=\"@Notibras\" \/>\n<meta name=\"twitter:label1\" content=\"Escrito por\" \/>\n\t<meta name=\"twitter:data1\" content=\"Reda\u00e7\u00e3o\" \/>\n\t<meta name=\"twitter:label2\" content=\"Est. tempo de leitura\" \/>\n\t<meta name=\"twitter:data2\" content=\"2 minutos\" \/>\n<script type=\"application\/ld+json\" class=\"yoast-schema-graph\">{\"@context\":\"https:\/\/schema.org\",\"@graph\":[{\"@type\":\"Article\",\"@id\":\"https:\/\/www.notibras.com\/site\/vitor-vira-parede-galo-empata-em-bogota-e-mantem-lideranca-do-grupo\/#article\",\"isPartOf\":{\"@id\":\"https:\/\/www.notibras.com\/site\/vitor-vira-parede-galo-empata-em-bogota-e-mantem-lideranca-do-grupo\/\"},\"author\":{\"name\":\"Reda\u00e7\u00e3o\",\"@id\":\"https:\/\/www.notibras.com\/site\/#\/schema\/person\/36ab0979449956132d3e5b517ea76ac8\"},\"headline\":\"Vitor vira parede, Galo empata em Bogot\u00e1 e mant\u00e9m lideran\u00e7a\",\"datePublished\":\"2014-04-04T09:13:09+00:00\",\"dateModified\":\"2014-04-04T09:17:48+00:00\",\"mainEntityOfPage\":{\"@id\":\"https:\/\/www.notibras.com\/site\/vitor-vira-parede-galo-empata-em-bogota-e-mantem-lideranca-do-grupo\/\"},\"wordCount\":416,\"commentCount\":0,\"publisher\":{\"@id\":\"https:\/\/www.notibras.com\/site\/#organization\"},\"image\":{\"@id\":\"https:\/\/www.notibras.com\/site\/vitor-vira-parede-galo-empata-em-bogota-e-mantem-lideranca-do-grupo\/#primaryimage\"},\"thumbnailUrl\":\"https:\/\/www.notibras.com\/site\/wp-content\/uploads\/2014\/04\/guilhermeronaldinhojofestart.jpg\",\"articleSection\":[\"Esportes\"],\"inLanguage\":\"pt-BR\",\"potentialAction\":[{\"@type\":\"CommentAction\",\"name\":\"Comment\",\"target\":[\"https:\/\/www.notibras.com\/site\/vitor-vira-parede-galo-empata-em-bogota-e-mantem-lideranca-do-grupo\/#respond\"]}]},{\"@type\":\"WebPage\",\"@id\":\"https:\/\/www.notibras.com\/site\/vitor-vira-parede-galo-empata-em-bogota-e-mantem-lideranca-do-grupo\/\",\"url\":\"https:\/\/www.notibras.com\/site\/vitor-vira-parede-galo-empata-em-bogota-e-mantem-lideranca-do-grupo\/\",\"name\":\"Vitor vira parede, Galo empata em Bogot\u00e1 e mant\u00e9m lideran\u00e7a - Notibras\",\"isPartOf\":{\"@id\":\"https:\/\/www.notibras.com\/site\/#website\"},\"primaryImageOfPage\":{\"@id\":\"https:\/\/www.notibras.com\/site\/vitor-vira-parede-galo-empata-em-bogota-e-mantem-lideranca-do-grupo\/#primaryimage\"},\"image\":{\"@id\":\"https:\/\/www.notibras.com\/site\/vitor-vira-parede-galo-empata-em-bogota-e-mantem-lideranca-do-grupo\/#primaryimage\"},\"thumbnailUrl\":\"https:\/\/www.notibras.com\/site\/wp-content\/uploads\/2014\/04\/guilhermeronaldinhojofestart.jpg\",\"datePublished\":\"2014-04-04T09:13:09+00:00\",\"dateModified\":\"2014-04-04T09:17:48+00:00\",\"breadcrumb\":{\"@id\":\"https:\/\/www.notibras.com\/site\/vitor-vira-parede-galo-empata-em-bogota-e-mantem-lideranca-do-grupo\/#breadcrumb\"},\"inLanguage\":\"pt-BR\",\"potentialAction\":[{\"@type\":\"ReadAction\",\"target\":[\"https:\/\/www.notibras.com\/site\/vitor-vira-parede-galo-empata-em-bogota-e-mantem-lideranca-do-grupo\/\"]}]},{\"@type\":\"ImageObject\",\"inLanguage\":\"pt-BR\",\"@id\":\"https:\/\/www.notibras.com\/site\/vitor-vira-parede-galo-empata-em-bogota-e-mantem-lideranca-do-grupo\/#primaryimage\",\"url\":\"https:\/\/www.notibras.com\/site\/wp-content\/uploads\/2014\/04\/guilhermeronaldinhojofestart.jpg\",\"contentUrl\":\"https:\/\/www.notibras.com\/site\/wp-content\/uploads\/2014\/04\/guilhermeronaldinhojofestart.jpg\",\"width\":460,\"height\":340},{\"@type\":\"BreadcrumbList\",\"@id\":\"https:\/\/www.notibras.com\/site\/vitor-vira-parede-galo-empata-em-bogota-e-mantem-lideranca-do-grupo\/#breadcrumb\",\"itemListElement\":[{\"@type\":\"ListItem\",\"position\":1,\"name\":\"In\u00edcio\",\"item\":\"https:\/\/www.notibras.com\/site\/\"},{\"@type\":\"ListItem\",\"position\":2,\"name\":\"Vitor vira parede, Galo empata em Bogot\u00e1 e mant\u00e9m lideran\u00e7a\"}]},{\"@type\":\"WebSite\",\"@id\":\"https:\/\/www.notibras.com\/site\/#website\",\"url\":\"https:\/\/www.notibras.com\/site\/\",\"name\":\"Notibras\",\"description\":\"Not\u00edcias de Bras\u00edlia, do Brasil e do Mundo\",\"publisher\":{\"@id\":\"https:\/\/www.notibras.com\/site\/#organization\"},\"potentialAction\":[{\"@type\":\"SearchAction\",\"target\":{\"@type\":\"EntryPoint\",\"urlTemplate\":\"https:\/\/www.notibras.com\/site\/?s={search_term_string}\"},\"query-input\":{\"@type\":\"PropertyValueSpecification\",\"valueRequired\":true,\"valueName\":\"search_term_string\"}}],\"inLanguage\":\"pt-BR\"},{\"@type\":\"Organization\",\"@id\":\"https:\/\/www.notibras.com\/site\/#organization\",\"name\":\"Grupo Notibras de Comunica\u00e7\u00e3o\",\"url\":\"https:\/\/www.notibras.com\/site\/\",\"logo\":{\"@type\":\"ImageObject\",\"inLanguage\":\"pt-BR\",\"@id\":\"https:\/\/www.notibras.com\/site\/#\/schema\/logo\/image\/\",\"url\":\"https:\/\/www.notibras.com\/site\/wp-content\/uploads\/2023\/01\/notibras23.png\",\"contentUrl\":\"https:\/\/www.notibras.com\/site\/wp-content\/uploads\/2023\/01\/notibras23.png\",\"width\":350,\"height\":87,\"caption\":\"Grupo Notibras de Comunica\u00e7\u00e3o\"},\"image\":{\"@id\":\"https:\/\/www.notibras.com\/site\/#\/schema\/logo\/image\/\"},\"sameAs\":[\"https:\/\/www.facebook.com\/notibras\/\",\"https:\/\/x.com\/Notibras\",\"https:\/\/www.instagram.com\/notibras\/\"]},{\"@type\":\"Person\",\"@id\":\"https:\/\/www.notibras.com\/site\/#\/schema\/person\/36ab0979449956132d3e5b517ea76ac8\",\"name\":\"Reda\u00e7\u00e3o\",\"image\":{\"@type\":\"ImageObject\",\"inLanguage\":\"pt-BR\",\"@id\":\"https:\/\/secure.gravatar.com\/avatar\/e0a867bdedb85fd243eadf09663511f96fc81e0720a4a42581f334ad4303aa6b?s=96&d=mm&r=g\",\"url\":\"https:\/\/secure.gravatar.com\/avatar\/e0a867bdedb85fd243eadf09663511f96fc81e0720a4a42581f334ad4303aa6b?s=96&d=mm&r=g\",\"contentUrl\":\"https:\/\/secure.gravatar.com\/avatar\/e0a867bdedb85fd243eadf09663511f96fc81e0720a4a42581f334ad4303aa6b?s=96&d=mm&r=g\",\"caption\":\"Reda\u00e7\u00e3o\"}}]}<\/script>\n<!-- \/ Yoast SEO plugin. -->","yoast_head_json":{"title":"Vitor vira parede, Galo empata em Bogot\u00e1 e mant\u00e9m lideran\u00e7a - Notibras","robots":{"index":"index","follow":"follow","max-snippet":"max-snippet:-1","max-image-preview":"max-image-preview:large","max-video-preview":"max-video-preview:-1"},"canonical":"https:\/\/www.notibras.com\/site\/vitor-vira-parede-galo-empata-em-bogota-e-mantem-lideranca-do-grupo\/","og_locale":"pt_BR","og_type":"article","og_title":"Vitor vira parede, Galo empata em Bogot\u00e1 e mant\u00e9m lideran\u00e7a - Notibras","og_description":"O Atl\u00e9tico-MG precisou do brilho\u00a0de Victor para garantir a classifica\u00e7\u00e3o para a fase eliminat\u00f3ria da Copa Libertadores na noite desta quinta-feira. Jogando em Bogot\u00e1 contra o Independiente Santa Fe, o time mineiro saiu na frente com Guilherme, sofreu o empate ap\u00f3s gol de Cuero e s\u00f3 n\u00e3o foi derrotado gra\u00e7as \u00e0 grande atua\u00e7\u00e3o do goleiro, [&hellip;]","og_url":"https:\/\/www.notibras.com\/site\/vitor-vira-parede-galo-empata-em-bogota-e-mantem-lideranca-do-grupo\/","og_site_name":"Notibras","article_publisher":"https:\/\/www.facebook.com\/notibras\/","article_published_time":"2014-04-04T09:13:09+00:00","article_modified_time":"2014-04-04T09:17:48+00:00","og_image":[{"width":460,"height":340,"url":"https:\/\/www.notibras.com\/site\/wp-content\/uploads\/2014\/04\/guilhermeronaldinhojofestart.jpg","type":"image\/jpeg"}],"author":"Reda\u00e7\u00e3o","twitter_card":"summary_large_image","twitter_creator":"@Notibras","twitter_site":"@Notibras","twitter_misc":{"Escrito por":"Reda\u00e7\u00e3o","Est. tempo de leitura":"2 minutos"},"schema":{"@context":"https:\/\/schema.org","@graph":[{"@type":"Article","@id":"https:\/\/www.notibras.com\/site\/vitor-vira-parede-galo-empata-em-bogota-e-mantem-lideranca-do-grupo\/#article","isPartOf":{"@id":"https:\/\/www.notibras.com\/site\/vitor-vira-parede-galo-empata-em-bogota-e-mantem-lideranca-do-grupo\/"},"author":{"name":"Reda\u00e7\u00e3o","@id":"https:\/\/www.notibras.com\/site\/#\/schema\/person\/36ab0979449956132d3e5b517ea76ac8"},"headline":"Vitor vira parede, Galo empata em Bogot\u00e1 e mant\u00e9m lideran\u00e7a","datePublished":"2014-04-04T09:13:09+00:00","dateModified":"2014-04-04T09:17:48+00:00","mainEntityOfPage":{"@id":"https:\/\/www.notibras.com\/site\/vitor-vira-parede-galo-empata-em-bogota-e-mantem-lideranca-do-grupo\/"},"wordCount":416,"commentCount":0,"publisher":{"@id":"https:\/\/www.notibras.com\/site\/#organization"},"image":{"@id":"https:\/\/www.notibras.com\/site\/vitor-vira-parede-galo-empata-em-bogota-e-mantem-lideranca-do-grupo\/#primaryimage"},"thumbnailUrl":"https:\/\/www.notibras.com\/site\/wp-content\/uploads\/2014\/04\/guilhermeronaldinhojofestart.jpg","articleSection":["Esportes"],"inLanguage":"pt-BR","potentialAction":[{"@type":"CommentAction","name":"Comment","target":["https:\/\/www.notibras.com\/site\/vitor-vira-parede-galo-empata-em-bogota-e-mantem-lideranca-do-grupo\/#respond"]}]},{"@type":"WebPage","@id":"https:\/\/www.notibras.com\/site\/vitor-vira-parede-galo-empata-em-bogota-e-mantem-lideranca-do-grupo\/","url":"https:\/\/www.notibras.com\/site\/vitor-vira-parede-galo-empata-em-bogota-e-mantem-lideranca-do-grupo\/","name":"Vitor vira parede, Galo empata em Bogot\u00e1 e mant\u00e9m lideran\u00e7a - Notibras","isPartOf":{"@id":"https:\/\/www.notibras.com\/site\/#website"},"primaryImageOfPage":{"@id":"https:\/\/www.notibras.com\/site\/vitor-vira-parede-galo-empata-em-bogota-e-mantem-lideranca-do-grupo\/#primaryimage"},"image":{"@id":"https:\/\/www.notibras.com\/site\/vitor-vira-parede-galo-empata-em-bogota-e-mantem-lideranca-do-grupo\/#primaryimage"},"thumbnailUrl":"https:\/\/www.notibras.com\/site\/wp-content\/uploads\/2014\/04\/guilhermeronaldinhojofestart.jpg","datePublished":"2014-04-04T09:13:09+00:00","dateModified":"2014-04-04T09:17:48+00:00","breadcrumb":{"@id":"https:\/\/www.notibras.com\/site\/vitor-vira-parede-galo-empata-em-bogota-e-mantem-lideranca-do-grupo\/#breadcrumb"},"inLanguage":"pt-BR","potentialAction":[{"@type":"ReadAction","target":["https:\/\/www.notibras.com\/site\/vitor-vira-parede-galo-empata-em-bogota-e-mantem-lideranca-do-grupo\/"]}]},{"@type":"ImageObject","inLanguage":"pt-BR","@id":"https:\/\/www.notibras.com\/site\/vitor-vira-parede-galo-empata-em-bogota-e-mantem-lideranca-do-grupo\/#primaryimage","url":"https:\/\/www.notibras.com\/site\/wp-content\/uploads\/2014\/04\/guilhermeronaldinhojofestart.jpg","contentUrl":"https:\/\/www.notibras.com\/site\/wp-content\/uploads\/2014\/04\/guilhermeronaldinhojofestart.jpg","width":460,"height":340},{"@type":"BreadcrumbList","@id":"https:\/\/www.notibras.com\/site\/vitor-vira-parede-galo-empata-em-bogota-e-mantem-lideranca-do-grupo\/#breadcrumb","itemListElement":[{"@type":"ListItem","position":1,"name":"In\u00edcio","item":"https:\/\/www.notibras.com\/site\/"},{"@type":"ListItem","position":2,"name":"Vitor vira parede, Galo empata em Bogot\u00e1 e mant\u00e9m lideran\u00e7a"}]},{"@type":"WebSite","@id":"https:\/\/www.notibras.com\/site\/#website","url":"https:\/\/www.notibras.com\/site\/","name":"Notibras","description":"Not\u00edcias de Bras\u00edlia, do Brasil e do Mundo","publisher":{"@id":"https:\/\/www.notibras.com\/site\/#organization"},"potentialAction":[{"@type":"SearchAction","target":{"@type":"EntryPoint","urlTemplate":"https:\/\/www.notibras.com\/site\/?s={search_term_string}"},"query-input":{"@type":"PropertyValueSpecification","valueRequired":true,"valueName":"search_term_string"}}],"inLanguage":"pt-BR"},{"@type":"Organization","@id":"https:\/\/www.notibras.com\/site\/#organization","name":"Grupo Notibras de Comunica\u00e7\u00e3o","url":"https:\/\/www.notibras.com\/site\/","logo":{"@type":"ImageObject","inLanguage":"pt-BR","@id":"https:\/\/www.notibras.com\/site\/#\/schema\/logo\/image\/","url":"https:\/\/www.notibras.com\/site\/wp-content\/uploads\/2023\/01\/notibras23.png","contentUrl":"https:\/\/www.notibras.com\/site\/wp-content\/uploads\/2023\/01\/notibras23.png","width":350,"height":87,"caption":"Grupo Notibras de Comunica\u00e7\u00e3o"},"image":{"@id":"https:\/\/www.notibras.com\/site\/#\/schema\/logo\/image\/"},"sameAs":["https:\/\/www.facebook.com\/notibras\/","https:\/\/x.com\/Notibras","https:\/\/www.instagram.com\/notibras\/"]},{"@type":"Person","@id":"https:\/\/www.notibras.com\/site\/#\/schema\/person\/36ab0979449956132d3e5b517ea76ac8","name":"Reda\u00e7\u00e3o","image":{"@type":"ImageObject","inLanguage":"pt-BR","@id":"https:\/\/secure.gravatar.com\/avatar\/e0a867bdedb85fd243eadf09663511f96fc81e0720a4a42581f334ad4303aa6b?s=96&d=mm&r=g","url":"https:\/\/secure.gravatar.com\/avatar\/e0a867bdedb85fd243eadf09663511f96fc81e0720a4a42581f334ad4303aa6b?s=96&d=mm&r=g","contentUrl":"https:\/\/secure.gravatar.com\/avatar\/e0a867bdedb85fd243eadf09663511f96fc81e0720a4a42581f334ad4303aa6b?s=96&d=mm&r=g","caption":"Reda\u00e7\u00e3o"}}]}},"amp_enabled":true,"_links":{"self":[{"href":"https:\/\/www.notibras.com\/site\/wp-json\/wp\/v2\/posts\/5944","targetHints":{"allow":["GET"]}}],"collection":[{"href":"https:\/\/www.notibras.com\/site\/wp-json\/wp\/v2\/posts"}],"about":[{"href":"https:\/\/www.notibras.com\/site\/wp-json\/wp\/v2\/types\/post"}],"author":[{"embeddable":true,"href":"https:\/\/www.notibras.com\/site\/wp-json\/wp\/v2\/users\/2"}],"replies":[{"embeddable":true,"href":"https:\/\/www.notibras.com\/site\/wp-json\/wp\/v2\/comments?post=5944"}],"version-history":[{"count":0,"href":"https:\/\/www.notibras.com\/site\/wp-json\/wp\/v2\/posts\/5944\/revisions"}],"wp:featuredmedia":[{"embeddable":true,"href":"https:\/\/www.notibras.com\/site\/wp-json\/wp\/v2\/media\/5945"}],"wp:attachment":[{"href":"https:\/\/www.notibras.com\/site\/wp-json\/wp\/v2\/media?parent=5944"}],"wp:term":[{"taxonomy":"category","embeddable":true,"href":"https:\/\/www.notibras.com\/site\/wp-json\/wp\/v2\/categories?post=5944"},{"taxonomy":"post_tag","embeddable":true,"href":"https:\/\/www.notibras.com\/site\/wp-json\/wp\/v2\/tags?post=5944"}],"curies":[{"name":"wp","href":"https:\/\/api.w.org\/{rel}","templated":true}]}}