{"id":59523,"date":"2015-07-29T19:45:08","date_gmt":"2015-07-29T22:45:08","guid":{"rendered":"http:\/\/www.notibras.com\/site\/?p=59523"},"modified":"2015-07-30T00:46:40","modified_gmt":"2015-07-30T03:46:40","slug":"zico-pede-apoio-da-cbf-para-disputar-presidencia-da-fifa","status":"publish","type":"post","link":"https:\/\/www.notibras.com\/site\/zico-pede-apoio-da-cbf-para-disputar-presidencia-da-fifa\/","title":{"rendered":"Zico pede apoio da CBF para disputar presid\u00eancia da Fifa"},"content":{"rendered":"<p>Zico deu mais um passo para se candidatar \u00e0 presid\u00eancia da Fifa. O ex-jogador e hoje t\u00e9cnico do Goa FC (time da \u00cdndia) encaminhou \u00e0 CBF uma carta solicitando o apoio da entidade para o registro de sua candidatura ao posto m\u00e1ximo da federa\u00e7\u00e3o internacional de futebol. A elei\u00e7\u00e3o est\u00e1 marcada para fevereiro de 2016.<\/p>\n<p>O plano de Zico \u00e9 esperar a resposta da CBF at\u00e9 a pr\u00f3xima semana. O ex-jogador destaca que n\u00e3o cogita solicitar apoio de outro pa\u00eds para entrar oficialmente na disputa.<\/p>\n<blockquote><p>&#8220;Pretendo aguardar uma semana pela resposta da CBF. Ainda n\u00e3o pensei em alternativas. Vamos esperar&#8221;, afirmou Zico.<\/p><\/blockquote>\n<p>Para que possa disputar a elei\u00e7\u00e3o e suceder Joseph Blatter, Zico ou qualquer outro candidato precisa receber uma chancela de uma confedera\u00e7\u00e3o nacional de futebol filiada \u00e0 Fifa. Tamb\u00e9m precisa ter o apoio declarado de outras cinco confedera\u00e7\u00f5es.<\/p>\n<p>Zico j\u00e1 havia declarado em junho que esperava o apoio da CBF para seu plano de chegar \u00e0 presid\u00eancia da Fifa. Foi pensando nisso que ele solicitou formalmente \u00e0 confedera\u00e7\u00e3o nacional a chancela para sua candidatura.<\/p>\n","protected":false},"excerpt":{"rendered":"<p>Zico deu mais um passo para se candidatar \u00e0 presid\u00eancia da Fifa. O ex-jogador e hoje t\u00e9cnico do Goa FC (time da \u00cdndia) encaminhou \u00e0 CBF uma carta solicitando o apoio da entidade para o registro de sua candidatura ao posto m\u00e1ximo da federa\u00e7\u00e3o internacional de futebol. A elei\u00e7\u00e3o est\u00e1 marcada para fevereiro de 2016. [&hellip;]<\/p>\n","protected":false},"author":2,"featured_media":59525,"comment_status":"open","ping_status":"closed","sticky":false,"template":"","format":"standard","meta":{"_acf_changed":false,"footnotes":""},"categories":[19,29],"tags":[],"class_list":["post-59523","post","type-post","status-publish","format-standard","has-post-thumbnail","hentry","category-esportes","category-futebol"],"acf":[],"yoast_head":"<!-- This site is optimized with the Yoast SEO plugin v27.2 - https:\/\/yoast.com\/product\/yoast-seo-wordpress\/ -->\n<title>Zico pede apoio da CBF para disputar presid\u00eancia da Fifa - Notibras<\/title>\n<meta name=\"robots\" content=\"index, follow, max-snippet:-1, max-image-preview:large, max-video-preview:-1\" \/>\n<link rel=\"canonical\" href=\"https:\/\/www.notibras.com\/site\/zico-pede-apoio-da-cbf-para-disputar-presidencia-da-fifa\/\" \/>\n<meta property=\"og:locale\" content=\"pt_BR\" \/>\n<meta property=\"og:type\" content=\"article\" \/>\n<meta property=\"og:title\" content=\"Zico pede apoio da CBF para disputar presid\u00eancia da Fifa - Notibras\" \/>\n<meta property=\"og:description\" content=\"Zico deu mais um passo para se candidatar \u00e0 presid\u00eancia da Fifa. O ex-jogador e hoje t\u00e9cnico do Goa FC (time da \u00cdndia) encaminhou \u00e0 CBF uma carta solicitando o apoio da entidade para o registro de sua candidatura ao posto m\u00e1ximo da federa\u00e7\u00e3o internacional de futebol. A elei\u00e7\u00e3o est\u00e1 marcada para fevereiro de 2016. [&hellip;]\" \/>\n<meta property=\"og:url\" content=\"https:\/\/www.notibras.com\/site\/zico-pede-apoio-da-cbf-para-disputar-presidencia-da-fifa\/\" \/>\n<meta property=\"og:site_name\" content=\"Notibras\" \/>\n<meta property=\"article:publisher\" content=\"https:\/\/www.facebook.com\/notibras\/\" \/>\n<meta property=\"article:published_time\" content=\"2015-07-29T22:45:08+00:00\" \/>\n<meta property=\"article:modified_time\" content=\"2015-07-30T03:46:40+00:00\" \/>\n<meta property=\"og:image\" content=\"https:\/\/www.notibras.com\/site\/wp-content\/uploads\/2015\/07\/zizofifa.jpg\" \/>\n\t<meta property=\"og:image:width\" content=\"615\" \/>\n\t<meta property=\"og:image:height\" content=\"300\" \/>\n\t<meta property=\"og:image:type\" content=\"image\/jpeg\" \/>\n<meta name=\"author\" content=\"Reda\u00e7\u00e3o\" \/>\n<meta name=\"twitter:card\" content=\"summary_large_image\" \/>\n<meta name=\"twitter:creator\" content=\"@Notibras\" \/>\n<meta name=\"twitter:site\" content=\"@Notibras\" \/>\n<meta name=\"twitter:label1\" content=\"Escrito por\" \/>\n\t<meta name=\"twitter:data1\" content=\"Reda\u00e7\u00e3o\" \/>\n\t<meta name=\"twitter:label2\" content=\"Est. tempo de leitura\" \/>\n\t<meta name=\"twitter:data2\" content=\"1 minuto\" \/>\n<script type=\"application\/ld+json\" class=\"yoast-schema-graph\">{\"@context\":\"https:\/\/schema.org\",\"@graph\":[{\"@type\":\"Article\",\"@id\":\"https:\/\/www.notibras.com\/site\/zico-pede-apoio-da-cbf-para-disputar-presidencia-da-fifa\/#article\",\"isPartOf\":{\"@id\":\"https:\/\/www.notibras.com\/site\/zico-pede-apoio-da-cbf-para-disputar-presidencia-da-fifa\/\"},\"author\":{\"name\":\"Reda\u00e7\u00e3o\",\"@id\":\"https:\/\/www.notibras.com\/site\/#\/schema\/person\/36ab0979449956132d3e5b517ea76ac8\"},\"headline\":\"Zico pede apoio da CBF para disputar presid\u00eancia da Fifa\",\"datePublished\":\"2015-07-29T22:45:08+00:00\",\"dateModified\":\"2015-07-30T03:46:40+00:00\",\"mainEntityOfPage\":{\"@id\":\"https:\/\/www.notibras.com\/site\/zico-pede-apoio-da-cbf-para-disputar-presidencia-da-fifa\/\"},\"wordCount\":195,\"commentCount\":0,\"publisher\":{\"@id\":\"https:\/\/www.notibras.com\/site\/#organization\"},\"image\":{\"@id\":\"https:\/\/www.notibras.com\/site\/zico-pede-apoio-da-cbf-para-disputar-presidencia-da-fifa\/#primaryimage\"},\"thumbnailUrl\":\"https:\/\/www.notibras.com\/site\/wp-content\/uploads\/2015\/07\/zizofifa.jpg\",\"articleSection\":[\"Esportes\",\"Futebol\"],\"inLanguage\":\"pt-BR\",\"potentialAction\":[{\"@type\":\"CommentAction\",\"name\":\"Comment\",\"target\":[\"https:\/\/www.notibras.com\/site\/zico-pede-apoio-da-cbf-para-disputar-presidencia-da-fifa\/#respond\"]}]},{\"@type\":\"WebPage\",\"@id\":\"https:\/\/www.notibras.com\/site\/zico-pede-apoio-da-cbf-para-disputar-presidencia-da-fifa\/\",\"url\":\"https:\/\/www.notibras.com\/site\/zico-pede-apoio-da-cbf-para-disputar-presidencia-da-fifa\/\",\"name\":\"Zico pede apoio da CBF para disputar presid\u00eancia da Fifa - Notibras\",\"isPartOf\":{\"@id\":\"https:\/\/www.notibras.com\/site\/#website\"},\"primaryImageOfPage\":{\"@id\":\"https:\/\/www.notibras.com\/site\/zico-pede-apoio-da-cbf-para-disputar-presidencia-da-fifa\/#primaryimage\"},\"image\":{\"@id\":\"https:\/\/www.notibras.com\/site\/zico-pede-apoio-da-cbf-para-disputar-presidencia-da-fifa\/#primaryimage\"},\"thumbnailUrl\":\"https:\/\/www.notibras.com\/site\/wp-content\/uploads\/2015\/07\/zizofifa.jpg\",\"datePublished\":\"2015-07-29T22:45:08+00:00\",\"dateModified\":\"2015-07-30T03:46:40+00:00\",\"breadcrumb\":{\"@id\":\"https:\/\/www.notibras.com\/site\/zico-pede-apoio-da-cbf-para-disputar-presidencia-da-fifa\/#breadcrumb\"},\"inLanguage\":\"pt-BR\",\"potentialAction\":[{\"@type\":\"ReadAction\",\"target\":[\"https:\/\/www.notibras.com\/site\/zico-pede-apoio-da-cbf-para-disputar-presidencia-da-fifa\/\"]}]},{\"@type\":\"ImageObject\",\"inLanguage\":\"pt-BR\",\"@id\":\"https:\/\/www.notibras.com\/site\/zico-pede-apoio-da-cbf-para-disputar-presidencia-da-fifa\/#primaryimage\",\"url\":\"https:\/\/www.notibras.com\/site\/wp-content\/uploads\/2015\/07\/zizofifa.jpg\",\"contentUrl\":\"https:\/\/www.notibras.com\/site\/wp-content\/uploads\/2015\/07\/zizofifa.jpg\",\"width\":615,\"height\":300},{\"@type\":\"BreadcrumbList\",\"@id\":\"https:\/\/www.notibras.com\/site\/zico-pede-apoio-da-cbf-para-disputar-presidencia-da-fifa\/#breadcrumb\",\"itemListElement\":[{\"@type\":\"ListItem\",\"position\":1,\"name\":\"In\u00edcio\",\"item\":\"https:\/\/www.notibras.com\/site\/\"},{\"@type\":\"ListItem\",\"position\":2,\"name\":\"Zico pede apoio da CBF para disputar presid\u00eancia da Fifa\"}]},{\"@type\":\"WebSite\",\"@id\":\"https:\/\/www.notibras.com\/site\/#website\",\"url\":\"https:\/\/www.notibras.com\/site\/\",\"name\":\"Notibras\",\"description\":\"Not\u00edcias de Bras\u00edlia, do Brasil e do Mundo\",\"publisher\":{\"@id\":\"https:\/\/www.notibras.com\/site\/#organization\"},\"potentialAction\":[{\"@type\":\"SearchAction\",\"target\":{\"@type\":\"EntryPoint\",\"urlTemplate\":\"https:\/\/www.notibras.com\/site\/?s={search_term_string}\"},\"query-input\":{\"@type\":\"PropertyValueSpecification\",\"valueRequired\":true,\"valueName\":\"search_term_string\"}}],\"inLanguage\":\"pt-BR\"},{\"@type\":\"Organization\",\"@id\":\"https:\/\/www.notibras.com\/site\/#organization\",\"name\":\"Grupo Notibras de Comunica\u00e7\u00e3o\",\"url\":\"https:\/\/www.notibras.com\/site\/\",\"logo\":{\"@type\":\"ImageObject\",\"inLanguage\":\"pt-BR\",\"@id\":\"https:\/\/www.notibras.com\/site\/#\/schema\/logo\/image\/\",\"url\":\"https:\/\/www.notibras.com\/site\/wp-content\/uploads\/2023\/01\/notibras23.png\",\"contentUrl\":\"https:\/\/www.notibras.com\/site\/wp-content\/uploads\/2023\/01\/notibras23.png\",\"width\":350,\"height\":87,\"caption\":\"Grupo Notibras de Comunica\u00e7\u00e3o\"},\"image\":{\"@id\":\"https:\/\/www.notibras.com\/site\/#\/schema\/logo\/image\/\"},\"sameAs\":[\"https:\/\/www.facebook.com\/notibras\/\",\"https:\/\/x.com\/Notibras\",\"https:\/\/www.instagram.com\/notibras\/\"]},{\"@type\":\"Person\",\"@id\":\"https:\/\/www.notibras.com\/site\/#\/schema\/person\/36ab0979449956132d3e5b517ea76ac8\",\"name\":\"Reda\u00e7\u00e3o\",\"image\":{\"@type\":\"ImageObject\",\"inLanguage\":\"pt-BR\",\"@id\":\"https:\/\/secure.gravatar.com\/avatar\/e0a867bdedb85fd243eadf09663511f96fc81e0720a4a42581f334ad4303aa6b?s=96&d=mm&r=g\",\"url\":\"https:\/\/secure.gravatar.com\/avatar\/e0a867bdedb85fd243eadf09663511f96fc81e0720a4a42581f334ad4303aa6b?s=96&d=mm&r=g\",\"contentUrl\":\"https:\/\/secure.gravatar.com\/avatar\/e0a867bdedb85fd243eadf09663511f96fc81e0720a4a42581f334ad4303aa6b?s=96&d=mm&r=g\",\"caption\":\"Reda\u00e7\u00e3o\"}}]}<\/script>\n<!-- \/ Yoast SEO plugin. -->","yoast_head_json":{"title":"Zico pede apoio da CBF para disputar presid\u00eancia da Fifa - Notibras","robots":{"index":"index","follow":"follow","max-snippet":"max-snippet:-1","max-image-preview":"max-image-preview:large","max-video-preview":"max-video-preview:-1"},"canonical":"https:\/\/www.notibras.com\/site\/zico-pede-apoio-da-cbf-para-disputar-presidencia-da-fifa\/","og_locale":"pt_BR","og_type":"article","og_title":"Zico pede apoio da CBF para disputar presid\u00eancia da Fifa - Notibras","og_description":"Zico deu mais um passo para se candidatar \u00e0 presid\u00eancia da Fifa. O ex-jogador e hoje t\u00e9cnico do Goa FC (time da \u00cdndia) encaminhou \u00e0 CBF uma carta solicitando o apoio da entidade para o registro de sua candidatura ao posto m\u00e1ximo da federa\u00e7\u00e3o internacional de futebol. A elei\u00e7\u00e3o est\u00e1 marcada para fevereiro de 2016. [&hellip;]","og_url":"https:\/\/www.notibras.com\/site\/zico-pede-apoio-da-cbf-para-disputar-presidencia-da-fifa\/","og_site_name":"Notibras","article_publisher":"https:\/\/www.facebook.com\/notibras\/","article_published_time":"2015-07-29T22:45:08+00:00","article_modified_time":"2015-07-30T03:46:40+00:00","og_image":[{"width":615,"height":300,"url":"https:\/\/www.notibras.com\/site\/wp-content\/uploads\/2015\/07\/zizofifa.jpg","type":"image\/jpeg"}],"author":"Reda\u00e7\u00e3o","twitter_card":"summary_large_image","twitter_creator":"@Notibras","twitter_site":"@Notibras","twitter_misc":{"Escrito por":"Reda\u00e7\u00e3o","Est. tempo de leitura":"1 minuto"},"schema":{"@context":"https:\/\/schema.org","@graph":[{"@type":"Article","@id":"https:\/\/www.notibras.com\/site\/zico-pede-apoio-da-cbf-para-disputar-presidencia-da-fifa\/#article","isPartOf":{"@id":"https:\/\/www.notibras.com\/site\/zico-pede-apoio-da-cbf-para-disputar-presidencia-da-fifa\/"},"author":{"name":"Reda\u00e7\u00e3o","@id":"https:\/\/www.notibras.com\/site\/#\/schema\/person\/36ab0979449956132d3e5b517ea76ac8"},"headline":"Zico pede apoio da CBF para disputar presid\u00eancia da Fifa","datePublished":"2015-07-29T22:45:08+00:00","dateModified":"2015-07-30T03:46:40+00:00","mainEntityOfPage":{"@id":"https:\/\/www.notibras.com\/site\/zico-pede-apoio-da-cbf-para-disputar-presidencia-da-fifa\/"},"wordCount":195,"commentCount":0,"publisher":{"@id":"https:\/\/www.notibras.com\/site\/#organization"},"image":{"@id":"https:\/\/www.notibras.com\/site\/zico-pede-apoio-da-cbf-para-disputar-presidencia-da-fifa\/#primaryimage"},"thumbnailUrl":"https:\/\/www.notibras.com\/site\/wp-content\/uploads\/2015\/07\/zizofifa.jpg","articleSection":["Esportes","Futebol"],"inLanguage":"pt-BR","potentialAction":[{"@type":"CommentAction","name":"Comment","target":["https:\/\/www.notibras.com\/site\/zico-pede-apoio-da-cbf-para-disputar-presidencia-da-fifa\/#respond"]}]},{"@type":"WebPage","@id":"https:\/\/www.notibras.com\/site\/zico-pede-apoio-da-cbf-para-disputar-presidencia-da-fifa\/","url":"https:\/\/www.notibras.com\/site\/zico-pede-apoio-da-cbf-para-disputar-presidencia-da-fifa\/","name":"Zico pede apoio da CBF para disputar presid\u00eancia da Fifa - Notibras","isPartOf":{"@id":"https:\/\/www.notibras.com\/site\/#website"},"primaryImageOfPage":{"@id":"https:\/\/www.notibras.com\/site\/zico-pede-apoio-da-cbf-para-disputar-presidencia-da-fifa\/#primaryimage"},"image":{"@id":"https:\/\/www.notibras.com\/site\/zico-pede-apoio-da-cbf-para-disputar-presidencia-da-fifa\/#primaryimage"},"thumbnailUrl":"https:\/\/www.notibras.com\/site\/wp-content\/uploads\/2015\/07\/zizofifa.jpg","datePublished":"2015-07-29T22:45:08+00:00","dateModified":"2015-07-30T03:46:40+00:00","breadcrumb":{"@id":"https:\/\/www.notibras.com\/site\/zico-pede-apoio-da-cbf-para-disputar-presidencia-da-fifa\/#breadcrumb"},"inLanguage":"pt-BR","potentialAction":[{"@type":"ReadAction","target":["https:\/\/www.notibras.com\/site\/zico-pede-apoio-da-cbf-para-disputar-presidencia-da-fifa\/"]}]},{"@type":"ImageObject","inLanguage":"pt-BR","@id":"https:\/\/www.notibras.com\/site\/zico-pede-apoio-da-cbf-para-disputar-presidencia-da-fifa\/#primaryimage","url":"https:\/\/www.notibras.com\/site\/wp-content\/uploads\/2015\/07\/zizofifa.jpg","contentUrl":"https:\/\/www.notibras.com\/site\/wp-content\/uploads\/2015\/07\/zizofifa.jpg","width":615,"height":300},{"@type":"BreadcrumbList","@id":"https:\/\/www.notibras.com\/site\/zico-pede-apoio-da-cbf-para-disputar-presidencia-da-fifa\/#breadcrumb","itemListElement":[{"@type":"ListItem","position":1,"name":"In\u00edcio","item":"https:\/\/www.notibras.com\/site\/"},{"@type":"ListItem","position":2,"name":"Zico pede apoio da CBF para disputar presid\u00eancia da Fifa"}]},{"@type":"WebSite","@id":"https:\/\/www.notibras.com\/site\/#website","url":"https:\/\/www.notibras.com\/site\/","name":"Notibras","description":"Not\u00edcias de Bras\u00edlia, do Brasil e do Mundo","publisher":{"@id":"https:\/\/www.notibras.com\/site\/#organization"},"potentialAction":[{"@type":"SearchAction","target":{"@type":"EntryPoint","urlTemplate":"https:\/\/www.notibras.com\/site\/?s={search_term_string}"},"query-input":{"@type":"PropertyValueSpecification","valueRequired":true,"valueName":"search_term_string"}}],"inLanguage":"pt-BR"},{"@type":"Organization","@id":"https:\/\/www.notibras.com\/site\/#organization","name":"Grupo Notibras de Comunica\u00e7\u00e3o","url":"https:\/\/www.notibras.com\/site\/","logo":{"@type":"ImageObject","inLanguage":"pt-BR","@id":"https:\/\/www.notibras.com\/site\/#\/schema\/logo\/image\/","url":"https:\/\/www.notibras.com\/site\/wp-content\/uploads\/2023\/01\/notibras23.png","contentUrl":"https:\/\/www.notibras.com\/site\/wp-content\/uploads\/2023\/01\/notibras23.png","width":350,"height":87,"caption":"Grupo Notibras de Comunica\u00e7\u00e3o"},"image":{"@id":"https:\/\/www.notibras.com\/site\/#\/schema\/logo\/image\/"},"sameAs":["https:\/\/www.facebook.com\/notibras\/","https:\/\/x.com\/Notibras","https:\/\/www.instagram.com\/notibras\/"]},{"@type":"Person","@id":"https:\/\/www.notibras.com\/site\/#\/schema\/person\/36ab0979449956132d3e5b517ea76ac8","name":"Reda\u00e7\u00e3o","image":{"@type":"ImageObject","inLanguage":"pt-BR","@id":"https:\/\/secure.gravatar.com\/avatar\/e0a867bdedb85fd243eadf09663511f96fc81e0720a4a42581f334ad4303aa6b?s=96&d=mm&r=g","url":"https:\/\/secure.gravatar.com\/avatar\/e0a867bdedb85fd243eadf09663511f96fc81e0720a4a42581f334ad4303aa6b?s=96&d=mm&r=g","contentUrl":"https:\/\/secure.gravatar.com\/avatar\/e0a867bdedb85fd243eadf09663511f96fc81e0720a4a42581f334ad4303aa6b?s=96&d=mm&r=g","caption":"Reda\u00e7\u00e3o"}}]}},"amp_enabled":true,"_links":{"self":[{"href":"https:\/\/www.notibras.com\/site\/wp-json\/wp\/v2\/posts\/59523","targetHints":{"allow":["GET"]}}],"collection":[{"href":"https:\/\/www.notibras.com\/site\/wp-json\/wp\/v2\/posts"}],"about":[{"href":"https:\/\/www.notibras.com\/site\/wp-json\/wp\/v2\/types\/post"}],"author":[{"embeddable":true,"href":"https:\/\/www.notibras.com\/site\/wp-json\/wp\/v2\/users\/2"}],"replies":[{"embeddable":true,"href":"https:\/\/www.notibras.com\/site\/wp-json\/wp\/v2\/comments?post=59523"}],"version-history":[{"count":0,"href":"https:\/\/www.notibras.com\/site\/wp-json\/wp\/v2\/posts\/59523\/revisions"}],"wp:featuredmedia":[{"embeddable":true,"href":"https:\/\/www.notibras.com\/site\/wp-json\/wp\/v2\/media\/59525"}],"wp:attachment":[{"href":"https:\/\/www.notibras.com\/site\/wp-json\/wp\/v2\/media?parent=59523"}],"wp:term":[{"taxonomy":"category","embeddable":true,"href":"https:\/\/www.notibras.com\/site\/wp-json\/wp\/v2\/categories?post=59523"},{"taxonomy":"post_tag","embeddable":true,"href":"https:\/\/www.notibras.com\/site\/wp-json\/wp\/v2\/tags?post=59523"}],"curies":[{"name":"wp","href":"https:\/\/api.w.org\/{rel}","templated":true}]}}