{"id":59827,"date":"2015-08-01T19:57:15","date_gmt":"2015-08-01T22:57:15","guid":{"rendered":"http:\/\/www.notibras.com\/site\/?p=59827"},"modified":"2015-08-01T19:57:15","modified_gmt":"2015-08-01T22:57:15","slug":"botafogo-troca-tecnico-mas-mantem-a-rotina-de-empatar-na-b","status":"publish","type":"post","link":"https:\/\/www.notibras.com\/site\/botafogo-troca-tecnico-mas-mantem-a-rotina-de-empatar-na-b\/","title":{"rendered":"Botafogo troca t\u00e9cnico mas mant\u00e9m a rotina de empatar na B"},"content":{"rendered":"<p class=\"text\">Nem a chegada de\u00a0Ricardo Gomes ao comando do Botafogo faz o time melhorar. Mais uma vez o Alvinegro\u00a0empatou, como aconteceu nas \u00faltimas tr\u00eas rodadas &#8211; sendo que dois desses empates foram no Est\u00e1dio Nilton Santos. Apesar dos trope\u00e7os, a equipe alvinegra segue na lideran\u00e7a da S\u00e9rie B, j\u00e1 que Vit\u00f3ria, Am\u00e9rica-MG e N\u00e1utico s\u00f3 empataram tamb\u00e9m.<\/p>\n<p class=\"text\">O Botafogo sofreu com um problema que tem se repetido ao longo da S\u00e9rie B: em casa, sempre enfrenta um rival\u00a0que se fecha bastante, mas\u00a0n\u00e3o consegue ter criatividade e organiza\u00e7\u00e3o suficientes para fazer gols. Dessa vez foi o Luverdense que mostrou qualidades defensivas e praticamente parou o clube alvinegro.<\/p>\n<p class=\"text\">No primeiro tempo a \u00fanica jogada boa aconteceu aos 25min: Diego Jardel cruzou nos p\u00e9s de Luis Henrique\u00a0dentro da \u00e1rea, mas ele finalizou para longe. No mais, os lances de perigo do Botafogo s\u00f3 surgiram em bolas paradas. Nem as jogadas individuais deram certo.<\/p>\n<blockquote>\n<p class=\"text\">A primeira boa participa\u00e7\u00e3o de Ricardo Gomes como t\u00e9cnico do Botafogo foi a substitui\u00e7\u00e3o feita no intervalo: ele tirou Sass\u00e1, que errou muitas jogadas, e colocou Neilton. S\u00f3 isso j\u00e1 bastou para o time ser mais perigoso, pelo menos na ponta esquerda. O ex-santista criou um lance de perigo aos 18min, mas o\u00a0chute cruzado foi para fora.<\/p>\n<\/blockquote>\n<p class=\"text\">Outros jogadores que receberam uma chance de Ricardo Gomes no segundo tempo\u00a0foram Lulinha e Daniel Carvalho, mas nem eles e nem os outros conseguiram mudar o panorama da partida. O\u00a0Botafogo seguiu com a posse de bola, mas sem objetividade e nem criatividade. Aos 30, a torcida j\u00e1 come\u00e7ou a perder a paci\u00eancia e vaiar o time. Isso deixou os jogadores desesperados e, sem organiza\u00e7\u00e3o, foi imposs\u00edvel criar chances de gol reais.<\/p>\n","protected":false},"excerpt":{"rendered":"<p>Nem a chegada de\u00a0Ricardo Gomes ao comando do Botafogo faz o time melhorar. Mais uma vez o Alvinegro\u00a0empatou, como aconteceu nas \u00faltimas tr\u00eas rodadas &#8211; sendo que dois desses empates foram no Est\u00e1dio Nilton Santos. Apesar dos trope\u00e7os, a equipe alvinegra segue na lideran\u00e7a da S\u00e9rie B, j\u00e1 que Vit\u00f3ria, Am\u00e9rica-MG e N\u00e1utico s\u00f3 empataram [&hellip;]<\/p>\n","protected":false},"author":2,"featured_media":59828,"comment_status":"open","ping_status":"closed","sticky":false,"template":"","format":"standard","meta":{"_acf_changed":false,"footnotes":""},"categories":[19,29],"tags":[],"class_list":["post-59827","post","type-post","status-publish","format-standard","has-post-thumbnail","hentry","category-esportes","category-futebol"],"acf":[],"yoast_head":"<!-- This site is optimized with the Yoast SEO plugin v27.2 - https:\/\/yoast.com\/product\/yoast-seo-wordpress\/ -->\n<title>Botafogo troca t\u00e9cnico mas mant\u00e9m a rotina de empatar na B - Notibras<\/title>\n<meta name=\"robots\" content=\"index, follow, max-snippet:-1, max-image-preview:large, max-video-preview:-1\" \/>\n<link rel=\"canonical\" href=\"https:\/\/www.notibras.com\/site\/botafogo-troca-tecnico-mas-mantem-a-rotina-de-empatar-na-b\/\" \/>\n<meta property=\"og:locale\" content=\"pt_BR\" \/>\n<meta property=\"og:type\" content=\"article\" \/>\n<meta property=\"og:title\" content=\"Botafogo troca t\u00e9cnico mas mant\u00e9m a rotina de empatar na B - Notibras\" \/>\n<meta property=\"og:description\" content=\"Nem a chegada de\u00a0Ricardo Gomes ao comando do Botafogo faz o time melhorar. Mais uma vez o Alvinegro\u00a0empatou, como aconteceu nas \u00faltimas tr\u00eas rodadas &#8211; sendo que dois desses empates foram no Est\u00e1dio Nilton Santos. Apesar dos trope\u00e7os, a equipe alvinegra segue na lideran\u00e7a da S\u00e9rie B, j\u00e1 que Vit\u00f3ria, Am\u00e9rica-MG e N\u00e1utico s\u00f3 empataram [&hellip;]\" \/>\n<meta property=\"og:url\" content=\"https:\/\/www.notibras.com\/site\/botafogo-troca-tecnico-mas-mantem-a-rotina-de-empatar-na-b\/\" \/>\n<meta property=\"og:site_name\" content=\"Notibras\" \/>\n<meta property=\"article:publisher\" content=\"https:\/\/www.facebook.com\/notibras\/\" \/>\n<meta property=\"article:published_time\" content=\"2015-08-01T22:57:15+00:00\" \/>\n<meta property=\"og:image\" content=\"https:\/\/www.notibras.com\/site\/wp-content\/uploads\/2015\/08\/fpogo.jpg\" \/>\n\t<meta property=\"og:image:width\" content=\"940\" \/>\n\t<meta property=\"og:image:height\" content=\"626\" \/>\n\t<meta property=\"og:image:type\" content=\"image\/jpeg\" \/>\n<meta name=\"author\" content=\"Reda\u00e7\u00e3o\" \/>\n<meta name=\"twitter:card\" content=\"summary_large_image\" \/>\n<meta name=\"twitter:creator\" content=\"@Notibras\" \/>\n<meta name=\"twitter:site\" content=\"@Notibras\" \/>\n<meta name=\"twitter:label1\" content=\"Escrito por\" \/>\n\t<meta name=\"twitter:data1\" content=\"Reda\u00e7\u00e3o\" \/>\n\t<meta name=\"twitter:label2\" content=\"Est. tempo de leitura\" \/>\n\t<meta name=\"twitter:data2\" content=\"2 minutos\" \/>\n<script type=\"application\/ld+json\" class=\"yoast-schema-graph\">{\"@context\":\"https:\/\/schema.org\",\"@graph\":[{\"@type\":\"Article\",\"@id\":\"https:\/\/www.notibras.com\/site\/botafogo-troca-tecnico-mas-mantem-a-rotina-de-empatar-na-b\/#article\",\"isPartOf\":{\"@id\":\"https:\/\/www.notibras.com\/site\/botafogo-troca-tecnico-mas-mantem-a-rotina-de-empatar-na-b\/\"},\"author\":{\"name\":\"Reda\u00e7\u00e3o\",\"@id\":\"https:\/\/www.notibras.com\/site\/#\/schema\/person\/36ab0979449956132d3e5b517ea76ac8\"},\"headline\":\"Botafogo troca t\u00e9cnico mas mant\u00e9m a rotina de empatar na B\",\"datePublished\":\"2015-08-01T22:57:15+00:00\",\"mainEntityOfPage\":{\"@id\":\"https:\/\/www.notibras.com\/site\/botafogo-troca-tecnico-mas-mantem-a-rotina-de-empatar-na-b\/\"},\"wordCount\":317,\"commentCount\":0,\"publisher\":{\"@id\":\"https:\/\/www.notibras.com\/site\/#organization\"},\"image\":{\"@id\":\"https:\/\/www.notibras.com\/site\/botafogo-troca-tecnico-mas-mantem-a-rotina-de-empatar-na-b\/#primaryimage\"},\"thumbnailUrl\":\"https:\/\/www.notibras.com\/site\/wp-content\/uploads\/2015\/08\/fpogo.jpg\",\"articleSection\":[\"Esportes\",\"Futebol\"],\"inLanguage\":\"pt-BR\",\"potentialAction\":[{\"@type\":\"CommentAction\",\"name\":\"Comment\",\"target\":[\"https:\/\/www.notibras.com\/site\/botafogo-troca-tecnico-mas-mantem-a-rotina-de-empatar-na-b\/#respond\"]}]},{\"@type\":\"WebPage\",\"@id\":\"https:\/\/www.notibras.com\/site\/botafogo-troca-tecnico-mas-mantem-a-rotina-de-empatar-na-b\/\",\"url\":\"https:\/\/www.notibras.com\/site\/botafogo-troca-tecnico-mas-mantem-a-rotina-de-empatar-na-b\/\",\"name\":\"Botafogo troca t\u00e9cnico mas mant\u00e9m a rotina de empatar na B - Notibras\",\"isPartOf\":{\"@id\":\"https:\/\/www.notibras.com\/site\/#website\"},\"primaryImageOfPage\":{\"@id\":\"https:\/\/www.notibras.com\/site\/botafogo-troca-tecnico-mas-mantem-a-rotina-de-empatar-na-b\/#primaryimage\"},\"image\":{\"@id\":\"https:\/\/www.notibras.com\/site\/botafogo-troca-tecnico-mas-mantem-a-rotina-de-empatar-na-b\/#primaryimage\"},\"thumbnailUrl\":\"https:\/\/www.notibras.com\/site\/wp-content\/uploads\/2015\/08\/fpogo.jpg\",\"datePublished\":\"2015-08-01T22:57:15+00:00\",\"breadcrumb\":{\"@id\":\"https:\/\/www.notibras.com\/site\/botafogo-troca-tecnico-mas-mantem-a-rotina-de-empatar-na-b\/#breadcrumb\"},\"inLanguage\":\"pt-BR\",\"potentialAction\":[{\"@type\":\"ReadAction\",\"target\":[\"https:\/\/www.notibras.com\/site\/botafogo-troca-tecnico-mas-mantem-a-rotina-de-empatar-na-b\/\"]}]},{\"@type\":\"ImageObject\",\"inLanguage\":\"pt-BR\",\"@id\":\"https:\/\/www.notibras.com\/site\/botafogo-troca-tecnico-mas-mantem-a-rotina-de-empatar-na-b\/#primaryimage\",\"url\":\"https:\/\/www.notibras.com\/site\/wp-content\/uploads\/2015\/08\/fpogo.jpg\",\"contentUrl\":\"https:\/\/www.notibras.com\/site\/wp-content\/uploads\/2015\/08\/fpogo.jpg\",\"width\":940,\"height\":626},{\"@type\":\"BreadcrumbList\",\"@id\":\"https:\/\/www.notibras.com\/site\/botafogo-troca-tecnico-mas-mantem-a-rotina-de-empatar-na-b\/#breadcrumb\",\"itemListElement\":[{\"@type\":\"ListItem\",\"position\":1,\"name\":\"In\u00edcio\",\"item\":\"https:\/\/www.notibras.com\/site\/\"},{\"@type\":\"ListItem\",\"position\":2,\"name\":\"Botafogo troca t\u00e9cnico mas mant\u00e9m a rotina de empatar na B\"}]},{\"@type\":\"WebSite\",\"@id\":\"https:\/\/www.notibras.com\/site\/#website\",\"url\":\"https:\/\/www.notibras.com\/site\/\",\"name\":\"Notibras\",\"description\":\"Not\u00edcias de Bras\u00edlia, do Brasil e do Mundo\",\"publisher\":{\"@id\":\"https:\/\/www.notibras.com\/site\/#organization\"},\"potentialAction\":[{\"@type\":\"SearchAction\",\"target\":{\"@type\":\"EntryPoint\",\"urlTemplate\":\"https:\/\/www.notibras.com\/site\/?s={search_term_string}\"},\"query-input\":{\"@type\":\"PropertyValueSpecification\",\"valueRequired\":true,\"valueName\":\"search_term_string\"}}],\"inLanguage\":\"pt-BR\"},{\"@type\":\"Organization\",\"@id\":\"https:\/\/www.notibras.com\/site\/#organization\",\"name\":\"Grupo Notibras de Comunica\u00e7\u00e3o\",\"url\":\"https:\/\/www.notibras.com\/site\/\",\"logo\":{\"@type\":\"ImageObject\",\"inLanguage\":\"pt-BR\",\"@id\":\"https:\/\/www.notibras.com\/site\/#\/schema\/logo\/image\/\",\"url\":\"https:\/\/www.notibras.com\/site\/wp-content\/uploads\/2023\/01\/notibras23.png\",\"contentUrl\":\"https:\/\/www.notibras.com\/site\/wp-content\/uploads\/2023\/01\/notibras23.png\",\"width\":350,\"height\":87,\"caption\":\"Grupo Notibras de Comunica\u00e7\u00e3o\"},\"image\":{\"@id\":\"https:\/\/www.notibras.com\/site\/#\/schema\/logo\/image\/\"},\"sameAs\":[\"https:\/\/www.facebook.com\/notibras\/\",\"https:\/\/x.com\/Notibras\",\"https:\/\/www.instagram.com\/notibras\/\"]},{\"@type\":\"Person\",\"@id\":\"https:\/\/www.notibras.com\/site\/#\/schema\/person\/36ab0979449956132d3e5b517ea76ac8\",\"name\":\"Reda\u00e7\u00e3o\",\"image\":{\"@type\":\"ImageObject\",\"inLanguage\":\"pt-BR\",\"@id\":\"https:\/\/secure.gravatar.com\/avatar\/e0a867bdedb85fd243eadf09663511f96fc81e0720a4a42581f334ad4303aa6b?s=96&d=mm&r=g\",\"url\":\"https:\/\/secure.gravatar.com\/avatar\/e0a867bdedb85fd243eadf09663511f96fc81e0720a4a42581f334ad4303aa6b?s=96&d=mm&r=g\",\"contentUrl\":\"https:\/\/secure.gravatar.com\/avatar\/e0a867bdedb85fd243eadf09663511f96fc81e0720a4a42581f334ad4303aa6b?s=96&d=mm&r=g\",\"caption\":\"Reda\u00e7\u00e3o\"}}]}<\/script>\n<!-- \/ Yoast SEO plugin. -->","yoast_head_json":{"title":"Botafogo troca t\u00e9cnico mas mant\u00e9m a rotina de empatar na B - Notibras","robots":{"index":"index","follow":"follow","max-snippet":"max-snippet:-1","max-image-preview":"max-image-preview:large","max-video-preview":"max-video-preview:-1"},"canonical":"https:\/\/www.notibras.com\/site\/botafogo-troca-tecnico-mas-mantem-a-rotina-de-empatar-na-b\/","og_locale":"pt_BR","og_type":"article","og_title":"Botafogo troca t\u00e9cnico mas mant\u00e9m a rotina de empatar na B - Notibras","og_description":"Nem a chegada de\u00a0Ricardo Gomes ao comando do Botafogo faz o time melhorar. Mais uma vez o Alvinegro\u00a0empatou, como aconteceu nas \u00faltimas tr\u00eas rodadas &#8211; sendo que dois desses empates foram no Est\u00e1dio Nilton Santos. Apesar dos trope\u00e7os, a equipe alvinegra segue na lideran\u00e7a da S\u00e9rie B, j\u00e1 que Vit\u00f3ria, Am\u00e9rica-MG e N\u00e1utico s\u00f3 empataram [&hellip;]","og_url":"https:\/\/www.notibras.com\/site\/botafogo-troca-tecnico-mas-mantem-a-rotina-de-empatar-na-b\/","og_site_name":"Notibras","article_publisher":"https:\/\/www.facebook.com\/notibras\/","article_published_time":"2015-08-01T22:57:15+00:00","og_image":[{"width":940,"height":626,"url":"https:\/\/www.notibras.com\/site\/wp-content\/uploads\/2015\/08\/fpogo.jpg","type":"image\/jpeg"}],"author":"Reda\u00e7\u00e3o","twitter_card":"summary_large_image","twitter_creator":"@Notibras","twitter_site":"@Notibras","twitter_misc":{"Escrito por":"Reda\u00e7\u00e3o","Est. tempo de leitura":"2 minutos"},"schema":{"@context":"https:\/\/schema.org","@graph":[{"@type":"Article","@id":"https:\/\/www.notibras.com\/site\/botafogo-troca-tecnico-mas-mantem-a-rotina-de-empatar-na-b\/#article","isPartOf":{"@id":"https:\/\/www.notibras.com\/site\/botafogo-troca-tecnico-mas-mantem-a-rotina-de-empatar-na-b\/"},"author":{"name":"Reda\u00e7\u00e3o","@id":"https:\/\/www.notibras.com\/site\/#\/schema\/person\/36ab0979449956132d3e5b517ea76ac8"},"headline":"Botafogo troca t\u00e9cnico mas mant\u00e9m a rotina de empatar na B","datePublished":"2015-08-01T22:57:15+00:00","mainEntityOfPage":{"@id":"https:\/\/www.notibras.com\/site\/botafogo-troca-tecnico-mas-mantem-a-rotina-de-empatar-na-b\/"},"wordCount":317,"commentCount":0,"publisher":{"@id":"https:\/\/www.notibras.com\/site\/#organization"},"image":{"@id":"https:\/\/www.notibras.com\/site\/botafogo-troca-tecnico-mas-mantem-a-rotina-de-empatar-na-b\/#primaryimage"},"thumbnailUrl":"https:\/\/www.notibras.com\/site\/wp-content\/uploads\/2015\/08\/fpogo.jpg","articleSection":["Esportes","Futebol"],"inLanguage":"pt-BR","potentialAction":[{"@type":"CommentAction","name":"Comment","target":["https:\/\/www.notibras.com\/site\/botafogo-troca-tecnico-mas-mantem-a-rotina-de-empatar-na-b\/#respond"]}]},{"@type":"WebPage","@id":"https:\/\/www.notibras.com\/site\/botafogo-troca-tecnico-mas-mantem-a-rotina-de-empatar-na-b\/","url":"https:\/\/www.notibras.com\/site\/botafogo-troca-tecnico-mas-mantem-a-rotina-de-empatar-na-b\/","name":"Botafogo troca t\u00e9cnico mas mant\u00e9m a rotina de empatar na B - Notibras","isPartOf":{"@id":"https:\/\/www.notibras.com\/site\/#website"},"primaryImageOfPage":{"@id":"https:\/\/www.notibras.com\/site\/botafogo-troca-tecnico-mas-mantem-a-rotina-de-empatar-na-b\/#primaryimage"},"image":{"@id":"https:\/\/www.notibras.com\/site\/botafogo-troca-tecnico-mas-mantem-a-rotina-de-empatar-na-b\/#primaryimage"},"thumbnailUrl":"https:\/\/www.notibras.com\/site\/wp-content\/uploads\/2015\/08\/fpogo.jpg","datePublished":"2015-08-01T22:57:15+00:00","breadcrumb":{"@id":"https:\/\/www.notibras.com\/site\/botafogo-troca-tecnico-mas-mantem-a-rotina-de-empatar-na-b\/#breadcrumb"},"inLanguage":"pt-BR","potentialAction":[{"@type":"ReadAction","target":["https:\/\/www.notibras.com\/site\/botafogo-troca-tecnico-mas-mantem-a-rotina-de-empatar-na-b\/"]}]},{"@type":"ImageObject","inLanguage":"pt-BR","@id":"https:\/\/www.notibras.com\/site\/botafogo-troca-tecnico-mas-mantem-a-rotina-de-empatar-na-b\/#primaryimage","url":"https:\/\/www.notibras.com\/site\/wp-content\/uploads\/2015\/08\/fpogo.jpg","contentUrl":"https:\/\/www.notibras.com\/site\/wp-content\/uploads\/2015\/08\/fpogo.jpg","width":940,"height":626},{"@type":"BreadcrumbList","@id":"https:\/\/www.notibras.com\/site\/botafogo-troca-tecnico-mas-mantem-a-rotina-de-empatar-na-b\/#breadcrumb","itemListElement":[{"@type":"ListItem","position":1,"name":"In\u00edcio","item":"https:\/\/www.notibras.com\/site\/"},{"@type":"ListItem","position":2,"name":"Botafogo troca t\u00e9cnico mas mant\u00e9m a rotina de empatar na B"}]},{"@type":"WebSite","@id":"https:\/\/www.notibras.com\/site\/#website","url":"https:\/\/www.notibras.com\/site\/","name":"Notibras","description":"Not\u00edcias de Bras\u00edlia, do Brasil e do Mundo","publisher":{"@id":"https:\/\/www.notibras.com\/site\/#organization"},"potentialAction":[{"@type":"SearchAction","target":{"@type":"EntryPoint","urlTemplate":"https:\/\/www.notibras.com\/site\/?s={search_term_string}"},"query-input":{"@type":"PropertyValueSpecification","valueRequired":true,"valueName":"search_term_string"}}],"inLanguage":"pt-BR"},{"@type":"Organization","@id":"https:\/\/www.notibras.com\/site\/#organization","name":"Grupo Notibras de Comunica\u00e7\u00e3o","url":"https:\/\/www.notibras.com\/site\/","logo":{"@type":"ImageObject","inLanguage":"pt-BR","@id":"https:\/\/www.notibras.com\/site\/#\/schema\/logo\/image\/","url":"https:\/\/www.notibras.com\/site\/wp-content\/uploads\/2023\/01\/notibras23.png","contentUrl":"https:\/\/www.notibras.com\/site\/wp-content\/uploads\/2023\/01\/notibras23.png","width":350,"height":87,"caption":"Grupo Notibras de Comunica\u00e7\u00e3o"},"image":{"@id":"https:\/\/www.notibras.com\/site\/#\/schema\/logo\/image\/"},"sameAs":["https:\/\/www.facebook.com\/notibras\/","https:\/\/x.com\/Notibras","https:\/\/www.instagram.com\/notibras\/"]},{"@type":"Person","@id":"https:\/\/www.notibras.com\/site\/#\/schema\/person\/36ab0979449956132d3e5b517ea76ac8","name":"Reda\u00e7\u00e3o","image":{"@type":"ImageObject","inLanguage":"pt-BR","@id":"https:\/\/secure.gravatar.com\/avatar\/e0a867bdedb85fd243eadf09663511f96fc81e0720a4a42581f334ad4303aa6b?s=96&d=mm&r=g","url":"https:\/\/secure.gravatar.com\/avatar\/e0a867bdedb85fd243eadf09663511f96fc81e0720a4a42581f334ad4303aa6b?s=96&d=mm&r=g","contentUrl":"https:\/\/secure.gravatar.com\/avatar\/e0a867bdedb85fd243eadf09663511f96fc81e0720a4a42581f334ad4303aa6b?s=96&d=mm&r=g","caption":"Reda\u00e7\u00e3o"}}]}},"amp_enabled":true,"_links":{"self":[{"href":"https:\/\/www.notibras.com\/site\/wp-json\/wp\/v2\/posts\/59827","targetHints":{"allow":["GET"]}}],"collection":[{"href":"https:\/\/www.notibras.com\/site\/wp-json\/wp\/v2\/posts"}],"about":[{"href":"https:\/\/www.notibras.com\/site\/wp-json\/wp\/v2\/types\/post"}],"author":[{"embeddable":true,"href":"https:\/\/www.notibras.com\/site\/wp-json\/wp\/v2\/users\/2"}],"replies":[{"embeddable":true,"href":"https:\/\/www.notibras.com\/site\/wp-json\/wp\/v2\/comments?post=59827"}],"version-history":[{"count":0,"href":"https:\/\/www.notibras.com\/site\/wp-json\/wp\/v2\/posts\/59827\/revisions"}],"wp:featuredmedia":[{"embeddable":true,"href":"https:\/\/www.notibras.com\/site\/wp-json\/wp\/v2\/media\/59828"}],"wp:attachment":[{"href":"https:\/\/www.notibras.com\/site\/wp-json\/wp\/v2\/media?parent=59827"}],"wp:term":[{"taxonomy":"category","embeddable":true,"href":"https:\/\/www.notibras.com\/site\/wp-json\/wp\/v2\/categories?post=59827"},{"taxonomy":"post_tag","embeddable":true,"href":"https:\/\/www.notibras.com\/site\/wp-json\/wp\/v2\/tags?post=59827"}],"curies":[{"name":"wp","href":"https:\/\/api.w.org\/{rel}","templated":true}]}}