{"id":59887,"date":"2015-08-02T13:08:32","date_gmt":"2015-08-02T16:08:32","guid":{"rendered":"http:\/\/www.notibras.com\/site\/?p=59887"},"modified":"2015-08-02T18:32:48","modified_gmt":"2015-08-02T21:32:48","slug":"furacao-vence-por-1-a-0-em-sao-paulo-e-toma-lugar-do-palmeiras-no-g-4","status":"publish","type":"post","link":"https:\/\/www.notibras.com\/site\/furacao-vence-por-1-a-0-em-sao-paulo-e-toma-lugar-do-palmeiras-no-g-4\/","title":{"rendered":"Furac\u00e3o vence por 1 a 0 e toma o lugar do Palmeiras no G-4"},"content":{"rendered":"<p>O Atl\u00e9tico-PR derrubou uma sequ\u00eancia de vit\u00f3rias do Palmeiras, na manh\u00e3 neste domingo, na casa do advers\u00e1rio, ao vencer por 1 a 0.\u00a0Com recorde de p\u00fablico e renda pelo Campeonato Brasileiro, os palmeirenses tiveram dificuldades para criar e, pouco a pouco, tiraram a paci\u00eancia de seus torcedores.<\/p>\n<p>A estrat\u00e9gia do Atl\u00e9tico era justamente aproveitar esse nervosismo e matar a partida em um lance isolado. Quando a oportunidade surgiu para Walter, depois de escanteio e bola desviada no primeiro pau, ele tocou com estilo sobre Fernando Prass e fez festa no gramado.<\/p>\n<blockquote><p>Com os pontos somados no Allianz Parque, o Atl\u00e9tico chegou a 28, assumiu a quarta posi\u00e7\u00e3o e deixou o Palmeiras para tr\u00e1s, tamb\u00e9m com 28, mas fora do G-4 por uma vit\u00f3ria a menos. Foi a primeira derrota de Marcelo Oliveira desde a estreia e o fim de uma sequ\u00eancia de oito partidas sem perder.<\/p><\/blockquote>\n<p>O Atl\u00e9tico-PR de Milton Mendes vinha de desempenho ruim como visitante, mas conquistou seis pontos em dois jogos seguidos fora de casa para anunciar que briga por G-4. O pr\u00f3ximo jogo dentro da Arena da Baixada, contra o Sport, ser\u00e1 vital.<\/p>\n","protected":false},"excerpt":{"rendered":"<p>O Atl\u00e9tico-PR derrubou uma sequ\u00eancia de vit\u00f3rias do Palmeiras, na manh\u00e3 neste domingo, na casa do advers\u00e1rio, ao vencer por 1 a 0.\u00a0Com recorde de p\u00fablico e renda pelo Campeonato Brasileiro, os palmeirenses tiveram dificuldades para criar e, pouco a pouco, tiraram a paci\u00eancia de seus torcedores. A estrat\u00e9gia do Atl\u00e9tico era justamente aproveitar esse [&hellip;]<\/p>\n","protected":false},"author":2,"featured_media":59906,"comment_status":"open","ping_status":"closed","sticky":false,"template":"","format":"standard","meta":{"_acf_changed":false,"footnotes":""},"categories":[19,29],"tags":[],"class_list":["post-59887","post","type-post","status-publish","format-standard","has-post-thumbnail","hentry","category-esportes","category-futebol"],"acf":[],"yoast_head":"<!-- This site is optimized with the Yoast SEO plugin v27.2 - https:\/\/yoast.com\/product\/yoast-seo-wordpress\/ -->\n<title>Furac\u00e3o vence por 1 a 0 e toma o lugar do Palmeiras no G-4 - Notibras<\/title>\n<meta name=\"robots\" content=\"index, follow, max-snippet:-1, max-image-preview:large, max-video-preview:-1\" \/>\n<link rel=\"canonical\" href=\"https:\/\/www.notibras.com\/site\/furacao-vence-por-1-a-0-em-sao-paulo-e-toma-lugar-do-palmeiras-no-g-4\/\" \/>\n<meta property=\"og:locale\" content=\"pt_BR\" \/>\n<meta property=\"og:type\" content=\"article\" \/>\n<meta property=\"og:title\" content=\"Furac\u00e3o vence por 1 a 0 e toma o lugar do Palmeiras no G-4 - Notibras\" \/>\n<meta property=\"og:description\" content=\"O Atl\u00e9tico-PR derrubou uma sequ\u00eancia de vit\u00f3rias do Palmeiras, na manh\u00e3 neste domingo, na casa do advers\u00e1rio, ao vencer por 1 a 0.\u00a0Com recorde de p\u00fablico e renda pelo Campeonato Brasileiro, os palmeirenses tiveram dificuldades para criar e, pouco a pouco, tiraram a paci\u00eancia de seus torcedores. A estrat\u00e9gia do Atl\u00e9tico era justamente aproveitar esse [&hellip;]\" \/>\n<meta property=\"og:url\" content=\"https:\/\/www.notibras.com\/site\/furacao-vence-por-1-a-0-em-sao-paulo-e-toma-lugar-do-palmeiras-no-g-4\/\" \/>\n<meta property=\"og:site_name\" content=\"Notibras\" \/>\n<meta property=\"article:publisher\" content=\"https:\/\/www.facebook.com\/notibras\/\" \/>\n<meta property=\"article:published_time\" content=\"2015-08-02T16:08:32+00:00\" \/>\n<meta property=\"article:modified_time\" content=\"2015-08-02T21:32:48+00:00\" \/>\n<meta property=\"og:image\" content=\"https:\/\/www.notibras.com\/site\/wp-content\/uploads\/2015\/08\/waltermiguelschincariolgazeta.jpg\" \/>\n\t<meta property=\"og:image:width\" content=\"600\" \/>\n\t<meta property=\"og:image:height\" content=\"382\" \/>\n\t<meta property=\"og:image:type\" content=\"image\/jpeg\" \/>\n<meta name=\"author\" content=\"Reda\u00e7\u00e3o\" \/>\n<meta name=\"twitter:card\" content=\"summary_large_image\" \/>\n<meta name=\"twitter:creator\" content=\"@Notibras\" \/>\n<meta name=\"twitter:site\" content=\"@Notibras\" \/>\n<meta name=\"twitter:label1\" content=\"Escrito por\" \/>\n\t<meta name=\"twitter:data1\" content=\"Reda\u00e7\u00e3o\" \/>\n\t<meta name=\"twitter:label2\" content=\"Est. tempo de leitura\" \/>\n\t<meta name=\"twitter:data2\" content=\"1 minuto\" \/>\n<script type=\"application\/ld+json\" class=\"yoast-schema-graph\">{\"@context\":\"https:\/\/schema.org\",\"@graph\":[{\"@type\":\"Article\",\"@id\":\"https:\/\/www.notibras.com\/site\/furacao-vence-por-1-a-0-em-sao-paulo-e-toma-lugar-do-palmeiras-no-g-4\/#article\",\"isPartOf\":{\"@id\":\"https:\/\/www.notibras.com\/site\/furacao-vence-por-1-a-0-em-sao-paulo-e-toma-lugar-do-palmeiras-no-g-4\/\"},\"author\":{\"name\":\"Reda\u00e7\u00e3o\",\"@id\":\"https:\/\/www.notibras.com\/site\/#\/schema\/person\/36ab0979449956132d3e5b517ea76ac8\"},\"headline\":\"Furac\u00e3o vence por 1 a 0 e toma o lugar do Palmeiras no G-4\",\"datePublished\":\"2015-08-02T16:08:32+00:00\",\"dateModified\":\"2015-08-02T21:32:48+00:00\",\"mainEntityOfPage\":{\"@id\":\"https:\/\/www.notibras.com\/site\/furacao-vence-por-1-a-0-em-sao-paulo-e-toma-lugar-do-palmeiras-no-g-4\/\"},\"wordCount\":213,\"commentCount\":0,\"publisher\":{\"@id\":\"https:\/\/www.notibras.com\/site\/#organization\"},\"image\":{\"@id\":\"https:\/\/www.notibras.com\/site\/furacao-vence-por-1-a-0-em-sao-paulo-e-toma-lugar-do-palmeiras-no-g-4\/#primaryimage\"},\"thumbnailUrl\":\"https:\/\/www.notibras.com\/site\/wp-content\/uploads\/2015\/08\/waltermiguelschincariolgazeta.jpg\",\"articleSection\":[\"Esportes\",\"Futebol\"],\"inLanguage\":\"pt-BR\",\"potentialAction\":[{\"@type\":\"CommentAction\",\"name\":\"Comment\",\"target\":[\"https:\/\/www.notibras.com\/site\/furacao-vence-por-1-a-0-em-sao-paulo-e-toma-lugar-do-palmeiras-no-g-4\/#respond\"]}]},{\"@type\":\"WebPage\",\"@id\":\"https:\/\/www.notibras.com\/site\/furacao-vence-por-1-a-0-em-sao-paulo-e-toma-lugar-do-palmeiras-no-g-4\/\",\"url\":\"https:\/\/www.notibras.com\/site\/furacao-vence-por-1-a-0-em-sao-paulo-e-toma-lugar-do-palmeiras-no-g-4\/\",\"name\":\"Furac\u00e3o vence por 1 a 0 e toma o lugar do Palmeiras no G-4 - Notibras\",\"isPartOf\":{\"@id\":\"https:\/\/www.notibras.com\/site\/#website\"},\"primaryImageOfPage\":{\"@id\":\"https:\/\/www.notibras.com\/site\/furacao-vence-por-1-a-0-em-sao-paulo-e-toma-lugar-do-palmeiras-no-g-4\/#primaryimage\"},\"image\":{\"@id\":\"https:\/\/www.notibras.com\/site\/furacao-vence-por-1-a-0-em-sao-paulo-e-toma-lugar-do-palmeiras-no-g-4\/#primaryimage\"},\"thumbnailUrl\":\"https:\/\/www.notibras.com\/site\/wp-content\/uploads\/2015\/08\/waltermiguelschincariolgazeta.jpg\",\"datePublished\":\"2015-08-02T16:08:32+00:00\",\"dateModified\":\"2015-08-02T21:32:48+00:00\",\"breadcrumb\":{\"@id\":\"https:\/\/www.notibras.com\/site\/furacao-vence-por-1-a-0-em-sao-paulo-e-toma-lugar-do-palmeiras-no-g-4\/#breadcrumb\"},\"inLanguage\":\"pt-BR\",\"potentialAction\":[{\"@type\":\"ReadAction\",\"target\":[\"https:\/\/www.notibras.com\/site\/furacao-vence-por-1-a-0-em-sao-paulo-e-toma-lugar-do-palmeiras-no-g-4\/\"]}]},{\"@type\":\"ImageObject\",\"inLanguage\":\"pt-BR\",\"@id\":\"https:\/\/www.notibras.com\/site\/furacao-vence-por-1-a-0-em-sao-paulo-e-toma-lugar-do-palmeiras-no-g-4\/#primaryimage\",\"url\":\"https:\/\/www.notibras.com\/site\/wp-content\/uploads\/2015\/08\/waltermiguelschincariolgazeta.jpg\",\"contentUrl\":\"https:\/\/www.notibras.com\/site\/wp-content\/uploads\/2015\/08\/waltermiguelschincariolgazeta.jpg\",\"width\":600,\"height\":382},{\"@type\":\"BreadcrumbList\",\"@id\":\"https:\/\/www.notibras.com\/site\/furacao-vence-por-1-a-0-em-sao-paulo-e-toma-lugar-do-palmeiras-no-g-4\/#breadcrumb\",\"itemListElement\":[{\"@type\":\"ListItem\",\"position\":1,\"name\":\"In\u00edcio\",\"item\":\"https:\/\/www.notibras.com\/site\/\"},{\"@type\":\"ListItem\",\"position\":2,\"name\":\"Furac\u00e3o vence por 1 a 0 e toma o lugar do Palmeiras no G-4\"}]},{\"@type\":\"WebSite\",\"@id\":\"https:\/\/www.notibras.com\/site\/#website\",\"url\":\"https:\/\/www.notibras.com\/site\/\",\"name\":\"Notibras\",\"description\":\"Not\u00edcias de Bras\u00edlia, do Brasil e do Mundo\",\"publisher\":{\"@id\":\"https:\/\/www.notibras.com\/site\/#organization\"},\"potentialAction\":[{\"@type\":\"SearchAction\",\"target\":{\"@type\":\"EntryPoint\",\"urlTemplate\":\"https:\/\/www.notibras.com\/site\/?s={search_term_string}\"},\"query-input\":{\"@type\":\"PropertyValueSpecification\",\"valueRequired\":true,\"valueName\":\"search_term_string\"}}],\"inLanguage\":\"pt-BR\"},{\"@type\":\"Organization\",\"@id\":\"https:\/\/www.notibras.com\/site\/#organization\",\"name\":\"Grupo Notibras de Comunica\u00e7\u00e3o\",\"url\":\"https:\/\/www.notibras.com\/site\/\",\"logo\":{\"@type\":\"ImageObject\",\"inLanguage\":\"pt-BR\",\"@id\":\"https:\/\/www.notibras.com\/site\/#\/schema\/logo\/image\/\",\"url\":\"https:\/\/www.notibras.com\/site\/wp-content\/uploads\/2023\/01\/notibras23.png\",\"contentUrl\":\"https:\/\/www.notibras.com\/site\/wp-content\/uploads\/2023\/01\/notibras23.png\",\"width\":350,\"height\":87,\"caption\":\"Grupo Notibras de Comunica\u00e7\u00e3o\"},\"image\":{\"@id\":\"https:\/\/www.notibras.com\/site\/#\/schema\/logo\/image\/\"},\"sameAs\":[\"https:\/\/www.facebook.com\/notibras\/\",\"https:\/\/x.com\/Notibras\",\"https:\/\/www.instagram.com\/notibras\/\"]},{\"@type\":\"Person\",\"@id\":\"https:\/\/www.notibras.com\/site\/#\/schema\/person\/36ab0979449956132d3e5b517ea76ac8\",\"name\":\"Reda\u00e7\u00e3o\",\"image\":{\"@type\":\"ImageObject\",\"inLanguage\":\"pt-BR\",\"@id\":\"https:\/\/secure.gravatar.com\/avatar\/e0a867bdedb85fd243eadf09663511f96fc81e0720a4a42581f334ad4303aa6b?s=96&d=mm&r=g\",\"url\":\"https:\/\/secure.gravatar.com\/avatar\/e0a867bdedb85fd243eadf09663511f96fc81e0720a4a42581f334ad4303aa6b?s=96&d=mm&r=g\",\"contentUrl\":\"https:\/\/secure.gravatar.com\/avatar\/e0a867bdedb85fd243eadf09663511f96fc81e0720a4a42581f334ad4303aa6b?s=96&d=mm&r=g\",\"caption\":\"Reda\u00e7\u00e3o\"}}]}<\/script>\n<!-- \/ Yoast SEO plugin. -->","yoast_head_json":{"title":"Furac\u00e3o vence por 1 a 0 e toma o lugar do Palmeiras no G-4 - Notibras","robots":{"index":"index","follow":"follow","max-snippet":"max-snippet:-1","max-image-preview":"max-image-preview:large","max-video-preview":"max-video-preview:-1"},"canonical":"https:\/\/www.notibras.com\/site\/furacao-vence-por-1-a-0-em-sao-paulo-e-toma-lugar-do-palmeiras-no-g-4\/","og_locale":"pt_BR","og_type":"article","og_title":"Furac\u00e3o vence por 1 a 0 e toma o lugar do Palmeiras no G-4 - Notibras","og_description":"O Atl\u00e9tico-PR derrubou uma sequ\u00eancia de vit\u00f3rias do Palmeiras, na manh\u00e3 neste domingo, na casa do advers\u00e1rio, ao vencer por 1 a 0.\u00a0Com recorde de p\u00fablico e renda pelo Campeonato Brasileiro, os palmeirenses tiveram dificuldades para criar e, pouco a pouco, tiraram a paci\u00eancia de seus torcedores. A estrat\u00e9gia do Atl\u00e9tico era justamente aproveitar esse [&hellip;]","og_url":"https:\/\/www.notibras.com\/site\/furacao-vence-por-1-a-0-em-sao-paulo-e-toma-lugar-do-palmeiras-no-g-4\/","og_site_name":"Notibras","article_publisher":"https:\/\/www.facebook.com\/notibras\/","article_published_time":"2015-08-02T16:08:32+00:00","article_modified_time":"2015-08-02T21:32:48+00:00","og_image":[{"width":600,"height":382,"url":"https:\/\/www.notibras.com\/site\/wp-content\/uploads\/2015\/08\/waltermiguelschincariolgazeta.jpg","type":"image\/jpeg"}],"author":"Reda\u00e7\u00e3o","twitter_card":"summary_large_image","twitter_creator":"@Notibras","twitter_site":"@Notibras","twitter_misc":{"Escrito por":"Reda\u00e7\u00e3o","Est. tempo de leitura":"1 minuto"},"schema":{"@context":"https:\/\/schema.org","@graph":[{"@type":"Article","@id":"https:\/\/www.notibras.com\/site\/furacao-vence-por-1-a-0-em-sao-paulo-e-toma-lugar-do-palmeiras-no-g-4\/#article","isPartOf":{"@id":"https:\/\/www.notibras.com\/site\/furacao-vence-por-1-a-0-em-sao-paulo-e-toma-lugar-do-palmeiras-no-g-4\/"},"author":{"name":"Reda\u00e7\u00e3o","@id":"https:\/\/www.notibras.com\/site\/#\/schema\/person\/36ab0979449956132d3e5b517ea76ac8"},"headline":"Furac\u00e3o vence por 1 a 0 e toma o lugar do Palmeiras no G-4","datePublished":"2015-08-02T16:08:32+00:00","dateModified":"2015-08-02T21:32:48+00:00","mainEntityOfPage":{"@id":"https:\/\/www.notibras.com\/site\/furacao-vence-por-1-a-0-em-sao-paulo-e-toma-lugar-do-palmeiras-no-g-4\/"},"wordCount":213,"commentCount":0,"publisher":{"@id":"https:\/\/www.notibras.com\/site\/#organization"},"image":{"@id":"https:\/\/www.notibras.com\/site\/furacao-vence-por-1-a-0-em-sao-paulo-e-toma-lugar-do-palmeiras-no-g-4\/#primaryimage"},"thumbnailUrl":"https:\/\/www.notibras.com\/site\/wp-content\/uploads\/2015\/08\/waltermiguelschincariolgazeta.jpg","articleSection":["Esportes","Futebol"],"inLanguage":"pt-BR","potentialAction":[{"@type":"CommentAction","name":"Comment","target":["https:\/\/www.notibras.com\/site\/furacao-vence-por-1-a-0-em-sao-paulo-e-toma-lugar-do-palmeiras-no-g-4\/#respond"]}]},{"@type":"WebPage","@id":"https:\/\/www.notibras.com\/site\/furacao-vence-por-1-a-0-em-sao-paulo-e-toma-lugar-do-palmeiras-no-g-4\/","url":"https:\/\/www.notibras.com\/site\/furacao-vence-por-1-a-0-em-sao-paulo-e-toma-lugar-do-palmeiras-no-g-4\/","name":"Furac\u00e3o vence por 1 a 0 e toma o lugar do Palmeiras no G-4 - Notibras","isPartOf":{"@id":"https:\/\/www.notibras.com\/site\/#website"},"primaryImageOfPage":{"@id":"https:\/\/www.notibras.com\/site\/furacao-vence-por-1-a-0-em-sao-paulo-e-toma-lugar-do-palmeiras-no-g-4\/#primaryimage"},"image":{"@id":"https:\/\/www.notibras.com\/site\/furacao-vence-por-1-a-0-em-sao-paulo-e-toma-lugar-do-palmeiras-no-g-4\/#primaryimage"},"thumbnailUrl":"https:\/\/www.notibras.com\/site\/wp-content\/uploads\/2015\/08\/waltermiguelschincariolgazeta.jpg","datePublished":"2015-08-02T16:08:32+00:00","dateModified":"2015-08-02T21:32:48+00:00","breadcrumb":{"@id":"https:\/\/www.notibras.com\/site\/furacao-vence-por-1-a-0-em-sao-paulo-e-toma-lugar-do-palmeiras-no-g-4\/#breadcrumb"},"inLanguage":"pt-BR","potentialAction":[{"@type":"ReadAction","target":["https:\/\/www.notibras.com\/site\/furacao-vence-por-1-a-0-em-sao-paulo-e-toma-lugar-do-palmeiras-no-g-4\/"]}]},{"@type":"ImageObject","inLanguage":"pt-BR","@id":"https:\/\/www.notibras.com\/site\/furacao-vence-por-1-a-0-em-sao-paulo-e-toma-lugar-do-palmeiras-no-g-4\/#primaryimage","url":"https:\/\/www.notibras.com\/site\/wp-content\/uploads\/2015\/08\/waltermiguelschincariolgazeta.jpg","contentUrl":"https:\/\/www.notibras.com\/site\/wp-content\/uploads\/2015\/08\/waltermiguelschincariolgazeta.jpg","width":600,"height":382},{"@type":"BreadcrumbList","@id":"https:\/\/www.notibras.com\/site\/furacao-vence-por-1-a-0-em-sao-paulo-e-toma-lugar-do-palmeiras-no-g-4\/#breadcrumb","itemListElement":[{"@type":"ListItem","position":1,"name":"In\u00edcio","item":"https:\/\/www.notibras.com\/site\/"},{"@type":"ListItem","position":2,"name":"Furac\u00e3o vence por 1 a 0 e toma o lugar do Palmeiras no G-4"}]},{"@type":"WebSite","@id":"https:\/\/www.notibras.com\/site\/#website","url":"https:\/\/www.notibras.com\/site\/","name":"Notibras","description":"Not\u00edcias de Bras\u00edlia, do Brasil e do Mundo","publisher":{"@id":"https:\/\/www.notibras.com\/site\/#organization"},"potentialAction":[{"@type":"SearchAction","target":{"@type":"EntryPoint","urlTemplate":"https:\/\/www.notibras.com\/site\/?s={search_term_string}"},"query-input":{"@type":"PropertyValueSpecification","valueRequired":true,"valueName":"search_term_string"}}],"inLanguage":"pt-BR"},{"@type":"Organization","@id":"https:\/\/www.notibras.com\/site\/#organization","name":"Grupo Notibras de Comunica\u00e7\u00e3o","url":"https:\/\/www.notibras.com\/site\/","logo":{"@type":"ImageObject","inLanguage":"pt-BR","@id":"https:\/\/www.notibras.com\/site\/#\/schema\/logo\/image\/","url":"https:\/\/www.notibras.com\/site\/wp-content\/uploads\/2023\/01\/notibras23.png","contentUrl":"https:\/\/www.notibras.com\/site\/wp-content\/uploads\/2023\/01\/notibras23.png","width":350,"height":87,"caption":"Grupo Notibras de Comunica\u00e7\u00e3o"},"image":{"@id":"https:\/\/www.notibras.com\/site\/#\/schema\/logo\/image\/"},"sameAs":["https:\/\/www.facebook.com\/notibras\/","https:\/\/x.com\/Notibras","https:\/\/www.instagram.com\/notibras\/"]},{"@type":"Person","@id":"https:\/\/www.notibras.com\/site\/#\/schema\/person\/36ab0979449956132d3e5b517ea76ac8","name":"Reda\u00e7\u00e3o","image":{"@type":"ImageObject","inLanguage":"pt-BR","@id":"https:\/\/secure.gravatar.com\/avatar\/e0a867bdedb85fd243eadf09663511f96fc81e0720a4a42581f334ad4303aa6b?s=96&d=mm&r=g","url":"https:\/\/secure.gravatar.com\/avatar\/e0a867bdedb85fd243eadf09663511f96fc81e0720a4a42581f334ad4303aa6b?s=96&d=mm&r=g","contentUrl":"https:\/\/secure.gravatar.com\/avatar\/e0a867bdedb85fd243eadf09663511f96fc81e0720a4a42581f334ad4303aa6b?s=96&d=mm&r=g","caption":"Reda\u00e7\u00e3o"}}]}},"amp_enabled":true,"_links":{"self":[{"href":"https:\/\/www.notibras.com\/site\/wp-json\/wp\/v2\/posts\/59887","targetHints":{"allow":["GET"]}}],"collection":[{"href":"https:\/\/www.notibras.com\/site\/wp-json\/wp\/v2\/posts"}],"about":[{"href":"https:\/\/www.notibras.com\/site\/wp-json\/wp\/v2\/types\/post"}],"author":[{"embeddable":true,"href":"https:\/\/www.notibras.com\/site\/wp-json\/wp\/v2\/users\/2"}],"replies":[{"embeddable":true,"href":"https:\/\/www.notibras.com\/site\/wp-json\/wp\/v2\/comments?post=59887"}],"version-history":[{"count":0,"href":"https:\/\/www.notibras.com\/site\/wp-json\/wp\/v2\/posts\/59887\/revisions"}],"wp:featuredmedia":[{"embeddable":true,"href":"https:\/\/www.notibras.com\/site\/wp-json\/wp\/v2\/media\/59906"}],"wp:attachment":[{"href":"https:\/\/www.notibras.com\/site\/wp-json\/wp\/v2\/media?parent=59887"}],"wp:term":[{"taxonomy":"category","embeddable":true,"href":"https:\/\/www.notibras.com\/site\/wp-json\/wp\/v2\/categories?post=59887"},{"taxonomy":"post_tag","embeddable":true,"href":"https:\/\/www.notibras.com\/site\/wp-json\/wp\/v2\/tags?post=59887"}],"curies":[{"name":"wp","href":"https:\/\/api.w.org\/{rel}","templated":true}]}}