{"id":59891,"date":"2015-08-02T13:14:26","date_gmt":"2015-08-02T16:14:26","guid":{"rendered":"http:\/\/www.notibras.com\/site\/?p=59891"},"modified":"2015-08-02T13:14:26","modified_gmt":"2015-08-02T16:14:26","slug":"coritiba-e-goias-empatam-em-1-a-1-no-jogo-da-degola","status":"publish","type":"post","link":"https:\/\/www.notibras.com\/site\/coritiba-e-goias-empatam-em-1-a-1-no-jogo-da-degola\/","title":{"rendered":"Coritiba e Goi\u00e1s empatam em 1 a 1 no jogo da degola"},"content":{"rendered":"<p>O Coritiba saiu atr\u00e1s, mas conseguiu buscar o empate por 1 a 1 com o Goi\u00e1s nos minutos finais neste domingo, no Couta Pereira, pela 16\u00aa rodada do Campeonato Brasileiro. Liniker abriu o placar para os goianos, mas Evandro igualou o marcador aos 46 minutos do segundo tempo.<\/p>\n<p>Com o empate, Coritiba e Goi\u00e1s seguem na zona de rebaixamento. O time paranaense soma apenas 13 pontos e est\u00e1 na 19\u00aa coloca\u00e7\u00e3o, na frente somente do lanterna Joinville. J\u00e1 os goianos t\u00eam 15 pontos e \u00e9 o 17\u00ba colocado, o primeiro time dentro da zona de rebaixamento.<\/p>\n<blockquote><p>Mesmo em casa, o Coritiba n\u00e3o conseguiu se impor durante o primeiro tempo da partida. O Goi\u00e1s come\u00e7ou superior e atormentou os paranaenses at\u00e9 Ney Franco trocar Henrique por H\u00e9lder j\u00e1 aos 20 minutos da etapa inicial. A substitui\u00e7\u00e3o deixou o Coxa mais organizado e equilibrou as a\u00e7\u00f5es, com direito a gol corretamente anulado de Rafhael Lucas aos 41 minutos. A igualdade no marcador, no entanto, seria mantida at\u00e9 o intervalo.<\/p><\/blockquote>\n<p>O Coritiba voltou melhor para o segundo tempo e passou a dar trabalho para os visitantes. A falta de criatividade, no entanto, atrapalhava o time paranaense, que pouco amea\u00e7ava o rival. E, para azar do Coxa, o Goi\u00e1s n\u00e3o desperdi\u00e7aria uma das raras oportunidades que teve na etapa final: aos 23 minutos, Liniker recebeu dentro da \u00e1rea e bateu forte para abrir o placar no Couto Pereira. O time da casa, no entanto, correu atr\u00e1s e conseguiu empatar com Evandro aos 45 minutos, evitando pelo menos uma derrota diante de sua torcida.<\/p>\n","protected":false},"excerpt":{"rendered":"<p>O Coritiba saiu atr\u00e1s, mas conseguiu buscar o empate por 1 a 1 com o Goi\u00e1s nos minutos finais neste domingo, no Couta Pereira, pela 16\u00aa rodada do Campeonato Brasileiro. Liniker abriu o placar para os goianos, mas Evandro igualou o marcador aos 46 minutos do segundo tempo. Com o empate, Coritiba e Goi\u00e1s seguem [&hellip;]<\/p>\n","protected":false},"author":2,"featured_media":59894,"comment_status":"open","ping_status":"closed","sticky":false,"template":"","format":"standard","meta":{"_acf_changed":false,"footnotes":""},"categories":[19,29],"tags":[],"class_list":["post-59891","post","type-post","status-publish","format-standard","has-post-thumbnail","hentry","category-esportes","category-futebol"],"acf":[],"yoast_head":"<!-- This site is optimized with the Yoast SEO plugin v27.2 - https:\/\/yoast.com\/product\/yoast-seo-wordpress\/ -->\n<title>Coritiba e Goi\u00e1s empatam em 1 a 1 no jogo da degola - Notibras<\/title>\n<meta name=\"robots\" content=\"index, follow, max-snippet:-1, max-image-preview:large, max-video-preview:-1\" \/>\n<link rel=\"canonical\" href=\"https:\/\/www.notibras.com\/site\/coritiba-e-goias-empatam-em-1-a-1-no-jogo-da-degola\/\" \/>\n<meta property=\"og:locale\" content=\"pt_BR\" \/>\n<meta property=\"og:type\" content=\"article\" \/>\n<meta property=\"og:title\" content=\"Coritiba e Goi\u00e1s empatam em 1 a 1 no jogo da degola - Notibras\" \/>\n<meta property=\"og:description\" content=\"O Coritiba saiu atr\u00e1s, mas conseguiu buscar o empate por 1 a 1 com o Goi\u00e1s nos minutos finais neste domingo, no Couta Pereira, pela 16\u00aa rodada do Campeonato Brasileiro. Liniker abriu o placar para os goianos, mas Evandro igualou o marcador aos 46 minutos do segundo tempo. Com o empate, Coritiba e Goi\u00e1s seguem [&hellip;]\" \/>\n<meta property=\"og:url\" content=\"https:\/\/www.notibras.com\/site\/coritiba-e-goias-empatam-em-1-a-1-no-jogo-da-degola\/\" \/>\n<meta property=\"og:site_name\" content=\"Notibras\" \/>\n<meta property=\"article:publisher\" content=\"https:\/\/www.facebook.com\/notibras\/\" \/>\n<meta property=\"article:published_time\" content=\"2015-08-02T16:14:26+00:00\" \/>\n<meta property=\"og:image\" content=\"https:\/\/www.notibras.com\/site\/wp-content\/uploads\/2015\/08\/goiascomemorajokamadrugagazeta.jpg\" \/>\n\t<meta property=\"og:image:width\" content=\"940\" \/>\n\t<meta property=\"og:image:height\" content=\"627\" \/>\n\t<meta property=\"og:image:type\" content=\"image\/jpeg\" \/>\n<meta name=\"author\" content=\"Reda\u00e7\u00e3o\" \/>\n<meta name=\"twitter:card\" content=\"summary_large_image\" \/>\n<meta name=\"twitter:creator\" content=\"@Notibras\" \/>\n<meta name=\"twitter:site\" content=\"@Notibras\" \/>\n<meta name=\"twitter:label1\" content=\"Escrito por\" \/>\n\t<meta name=\"twitter:data1\" content=\"Reda\u00e7\u00e3o\" \/>\n\t<meta name=\"twitter:label2\" content=\"Est. tempo de leitura\" \/>\n\t<meta name=\"twitter:data2\" content=\"1 minuto\" \/>\n<script type=\"application\/ld+json\" class=\"yoast-schema-graph\">{\"@context\":\"https:\/\/schema.org\",\"@graph\":[{\"@type\":\"Article\",\"@id\":\"https:\/\/www.notibras.com\/site\/coritiba-e-goias-empatam-em-1-a-1-no-jogo-da-degola\/#article\",\"isPartOf\":{\"@id\":\"https:\/\/www.notibras.com\/site\/coritiba-e-goias-empatam-em-1-a-1-no-jogo-da-degola\/\"},\"author\":{\"name\":\"Reda\u00e7\u00e3o\",\"@id\":\"https:\/\/www.notibras.com\/site\/#\/schema\/person\/36ab0979449956132d3e5b517ea76ac8\"},\"headline\":\"Coritiba e Goi\u00e1s empatam em 1 a 1 no jogo da degola\",\"datePublished\":\"2015-08-02T16:14:26+00:00\",\"mainEntityOfPage\":{\"@id\":\"https:\/\/www.notibras.com\/site\/coritiba-e-goias-empatam-em-1-a-1-no-jogo-da-degola\/\"},\"wordCount\":273,\"commentCount\":0,\"publisher\":{\"@id\":\"https:\/\/www.notibras.com\/site\/#organization\"},\"image\":{\"@id\":\"https:\/\/www.notibras.com\/site\/coritiba-e-goias-empatam-em-1-a-1-no-jogo-da-degola\/#primaryimage\"},\"thumbnailUrl\":\"https:\/\/www.notibras.com\/site\/wp-content\/uploads\/2015\/08\/goiascomemorajokamadrugagazeta.jpg\",\"articleSection\":[\"Esportes\",\"Futebol\"],\"inLanguage\":\"pt-BR\",\"potentialAction\":[{\"@type\":\"CommentAction\",\"name\":\"Comment\",\"target\":[\"https:\/\/www.notibras.com\/site\/coritiba-e-goias-empatam-em-1-a-1-no-jogo-da-degola\/#respond\"]}]},{\"@type\":\"WebPage\",\"@id\":\"https:\/\/www.notibras.com\/site\/coritiba-e-goias-empatam-em-1-a-1-no-jogo-da-degola\/\",\"url\":\"https:\/\/www.notibras.com\/site\/coritiba-e-goias-empatam-em-1-a-1-no-jogo-da-degola\/\",\"name\":\"Coritiba e Goi\u00e1s empatam em 1 a 1 no jogo da degola - Notibras\",\"isPartOf\":{\"@id\":\"https:\/\/www.notibras.com\/site\/#website\"},\"primaryImageOfPage\":{\"@id\":\"https:\/\/www.notibras.com\/site\/coritiba-e-goias-empatam-em-1-a-1-no-jogo-da-degola\/#primaryimage\"},\"image\":{\"@id\":\"https:\/\/www.notibras.com\/site\/coritiba-e-goias-empatam-em-1-a-1-no-jogo-da-degola\/#primaryimage\"},\"thumbnailUrl\":\"https:\/\/www.notibras.com\/site\/wp-content\/uploads\/2015\/08\/goiascomemorajokamadrugagazeta.jpg\",\"datePublished\":\"2015-08-02T16:14:26+00:00\",\"breadcrumb\":{\"@id\":\"https:\/\/www.notibras.com\/site\/coritiba-e-goias-empatam-em-1-a-1-no-jogo-da-degola\/#breadcrumb\"},\"inLanguage\":\"pt-BR\",\"potentialAction\":[{\"@type\":\"ReadAction\",\"target\":[\"https:\/\/www.notibras.com\/site\/coritiba-e-goias-empatam-em-1-a-1-no-jogo-da-degola\/\"]}]},{\"@type\":\"ImageObject\",\"inLanguage\":\"pt-BR\",\"@id\":\"https:\/\/www.notibras.com\/site\/coritiba-e-goias-empatam-em-1-a-1-no-jogo-da-degola\/#primaryimage\",\"url\":\"https:\/\/www.notibras.com\/site\/wp-content\/uploads\/2015\/08\/goiascomemorajokamadrugagazeta.jpg\",\"contentUrl\":\"https:\/\/www.notibras.com\/site\/wp-content\/uploads\/2015\/08\/goiascomemorajokamadrugagazeta.jpg\",\"width\":940,\"height\":627},{\"@type\":\"BreadcrumbList\",\"@id\":\"https:\/\/www.notibras.com\/site\/coritiba-e-goias-empatam-em-1-a-1-no-jogo-da-degola\/#breadcrumb\",\"itemListElement\":[{\"@type\":\"ListItem\",\"position\":1,\"name\":\"In\u00edcio\",\"item\":\"https:\/\/www.notibras.com\/site\/\"},{\"@type\":\"ListItem\",\"position\":2,\"name\":\"Coritiba e Goi\u00e1s empatam em 1 a 1 no jogo da degola\"}]},{\"@type\":\"WebSite\",\"@id\":\"https:\/\/www.notibras.com\/site\/#website\",\"url\":\"https:\/\/www.notibras.com\/site\/\",\"name\":\"Notibras\",\"description\":\"Not\u00edcias de Bras\u00edlia, do Brasil e do Mundo\",\"publisher\":{\"@id\":\"https:\/\/www.notibras.com\/site\/#organization\"},\"potentialAction\":[{\"@type\":\"SearchAction\",\"target\":{\"@type\":\"EntryPoint\",\"urlTemplate\":\"https:\/\/www.notibras.com\/site\/?s={search_term_string}\"},\"query-input\":{\"@type\":\"PropertyValueSpecification\",\"valueRequired\":true,\"valueName\":\"search_term_string\"}}],\"inLanguage\":\"pt-BR\"},{\"@type\":\"Organization\",\"@id\":\"https:\/\/www.notibras.com\/site\/#organization\",\"name\":\"Grupo Notibras de Comunica\u00e7\u00e3o\",\"url\":\"https:\/\/www.notibras.com\/site\/\",\"logo\":{\"@type\":\"ImageObject\",\"inLanguage\":\"pt-BR\",\"@id\":\"https:\/\/www.notibras.com\/site\/#\/schema\/logo\/image\/\",\"url\":\"https:\/\/www.notibras.com\/site\/wp-content\/uploads\/2023\/01\/notibras23.png\",\"contentUrl\":\"https:\/\/www.notibras.com\/site\/wp-content\/uploads\/2023\/01\/notibras23.png\",\"width\":350,\"height\":87,\"caption\":\"Grupo Notibras de Comunica\u00e7\u00e3o\"},\"image\":{\"@id\":\"https:\/\/www.notibras.com\/site\/#\/schema\/logo\/image\/\"},\"sameAs\":[\"https:\/\/www.facebook.com\/notibras\/\",\"https:\/\/x.com\/Notibras\",\"https:\/\/www.instagram.com\/notibras\/\"]},{\"@type\":\"Person\",\"@id\":\"https:\/\/www.notibras.com\/site\/#\/schema\/person\/36ab0979449956132d3e5b517ea76ac8\",\"name\":\"Reda\u00e7\u00e3o\",\"image\":{\"@type\":\"ImageObject\",\"inLanguage\":\"pt-BR\",\"@id\":\"https:\/\/secure.gravatar.com\/avatar\/e0a867bdedb85fd243eadf09663511f96fc81e0720a4a42581f334ad4303aa6b?s=96&d=mm&r=g\",\"url\":\"https:\/\/secure.gravatar.com\/avatar\/e0a867bdedb85fd243eadf09663511f96fc81e0720a4a42581f334ad4303aa6b?s=96&d=mm&r=g\",\"contentUrl\":\"https:\/\/secure.gravatar.com\/avatar\/e0a867bdedb85fd243eadf09663511f96fc81e0720a4a42581f334ad4303aa6b?s=96&d=mm&r=g\",\"caption\":\"Reda\u00e7\u00e3o\"}}]}<\/script>\n<!-- \/ Yoast SEO plugin. -->","yoast_head_json":{"title":"Coritiba e Goi\u00e1s empatam em 1 a 1 no jogo da degola - Notibras","robots":{"index":"index","follow":"follow","max-snippet":"max-snippet:-1","max-image-preview":"max-image-preview:large","max-video-preview":"max-video-preview:-1"},"canonical":"https:\/\/www.notibras.com\/site\/coritiba-e-goias-empatam-em-1-a-1-no-jogo-da-degola\/","og_locale":"pt_BR","og_type":"article","og_title":"Coritiba e Goi\u00e1s empatam em 1 a 1 no jogo da degola - Notibras","og_description":"O Coritiba saiu atr\u00e1s, mas conseguiu buscar o empate por 1 a 1 com o Goi\u00e1s nos minutos finais neste domingo, no Couta Pereira, pela 16\u00aa rodada do Campeonato Brasileiro. Liniker abriu o placar para os goianos, mas Evandro igualou o marcador aos 46 minutos do segundo tempo. Com o empate, Coritiba e Goi\u00e1s seguem [&hellip;]","og_url":"https:\/\/www.notibras.com\/site\/coritiba-e-goias-empatam-em-1-a-1-no-jogo-da-degola\/","og_site_name":"Notibras","article_publisher":"https:\/\/www.facebook.com\/notibras\/","article_published_time":"2015-08-02T16:14:26+00:00","og_image":[{"width":940,"height":627,"url":"https:\/\/www.notibras.com\/site\/wp-content\/uploads\/2015\/08\/goiascomemorajokamadrugagazeta.jpg","type":"image\/jpeg"}],"author":"Reda\u00e7\u00e3o","twitter_card":"summary_large_image","twitter_creator":"@Notibras","twitter_site":"@Notibras","twitter_misc":{"Escrito por":"Reda\u00e7\u00e3o","Est. tempo de leitura":"1 minuto"},"schema":{"@context":"https:\/\/schema.org","@graph":[{"@type":"Article","@id":"https:\/\/www.notibras.com\/site\/coritiba-e-goias-empatam-em-1-a-1-no-jogo-da-degola\/#article","isPartOf":{"@id":"https:\/\/www.notibras.com\/site\/coritiba-e-goias-empatam-em-1-a-1-no-jogo-da-degola\/"},"author":{"name":"Reda\u00e7\u00e3o","@id":"https:\/\/www.notibras.com\/site\/#\/schema\/person\/36ab0979449956132d3e5b517ea76ac8"},"headline":"Coritiba e Goi\u00e1s empatam em 1 a 1 no jogo da degola","datePublished":"2015-08-02T16:14:26+00:00","mainEntityOfPage":{"@id":"https:\/\/www.notibras.com\/site\/coritiba-e-goias-empatam-em-1-a-1-no-jogo-da-degola\/"},"wordCount":273,"commentCount":0,"publisher":{"@id":"https:\/\/www.notibras.com\/site\/#organization"},"image":{"@id":"https:\/\/www.notibras.com\/site\/coritiba-e-goias-empatam-em-1-a-1-no-jogo-da-degola\/#primaryimage"},"thumbnailUrl":"https:\/\/www.notibras.com\/site\/wp-content\/uploads\/2015\/08\/goiascomemorajokamadrugagazeta.jpg","articleSection":["Esportes","Futebol"],"inLanguage":"pt-BR","potentialAction":[{"@type":"CommentAction","name":"Comment","target":["https:\/\/www.notibras.com\/site\/coritiba-e-goias-empatam-em-1-a-1-no-jogo-da-degola\/#respond"]}]},{"@type":"WebPage","@id":"https:\/\/www.notibras.com\/site\/coritiba-e-goias-empatam-em-1-a-1-no-jogo-da-degola\/","url":"https:\/\/www.notibras.com\/site\/coritiba-e-goias-empatam-em-1-a-1-no-jogo-da-degola\/","name":"Coritiba e Goi\u00e1s empatam em 1 a 1 no jogo da degola - Notibras","isPartOf":{"@id":"https:\/\/www.notibras.com\/site\/#website"},"primaryImageOfPage":{"@id":"https:\/\/www.notibras.com\/site\/coritiba-e-goias-empatam-em-1-a-1-no-jogo-da-degola\/#primaryimage"},"image":{"@id":"https:\/\/www.notibras.com\/site\/coritiba-e-goias-empatam-em-1-a-1-no-jogo-da-degola\/#primaryimage"},"thumbnailUrl":"https:\/\/www.notibras.com\/site\/wp-content\/uploads\/2015\/08\/goiascomemorajokamadrugagazeta.jpg","datePublished":"2015-08-02T16:14:26+00:00","breadcrumb":{"@id":"https:\/\/www.notibras.com\/site\/coritiba-e-goias-empatam-em-1-a-1-no-jogo-da-degola\/#breadcrumb"},"inLanguage":"pt-BR","potentialAction":[{"@type":"ReadAction","target":["https:\/\/www.notibras.com\/site\/coritiba-e-goias-empatam-em-1-a-1-no-jogo-da-degola\/"]}]},{"@type":"ImageObject","inLanguage":"pt-BR","@id":"https:\/\/www.notibras.com\/site\/coritiba-e-goias-empatam-em-1-a-1-no-jogo-da-degola\/#primaryimage","url":"https:\/\/www.notibras.com\/site\/wp-content\/uploads\/2015\/08\/goiascomemorajokamadrugagazeta.jpg","contentUrl":"https:\/\/www.notibras.com\/site\/wp-content\/uploads\/2015\/08\/goiascomemorajokamadrugagazeta.jpg","width":940,"height":627},{"@type":"BreadcrumbList","@id":"https:\/\/www.notibras.com\/site\/coritiba-e-goias-empatam-em-1-a-1-no-jogo-da-degola\/#breadcrumb","itemListElement":[{"@type":"ListItem","position":1,"name":"In\u00edcio","item":"https:\/\/www.notibras.com\/site\/"},{"@type":"ListItem","position":2,"name":"Coritiba e Goi\u00e1s empatam em 1 a 1 no jogo da degola"}]},{"@type":"WebSite","@id":"https:\/\/www.notibras.com\/site\/#website","url":"https:\/\/www.notibras.com\/site\/","name":"Notibras","description":"Not\u00edcias de Bras\u00edlia, do Brasil e do Mundo","publisher":{"@id":"https:\/\/www.notibras.com\/site\/#organization"},"potentialAction":[{"@type":"SearchAction","target":{"@type":"EntryPoint","urlTemplate":"https:\/\/www.notibras.com\/site\/?s={search_term_string}"},"query-input":{"@type":"PropertyValueSpecification","valueRequired":true,"valueName":"search_term_string"}}],"inLanguage":"pt-BR"},{"@type":"Organization","@id":"https:\/\/www.notibras.com\/site\/#organization","name":"Grupo Notibras de Comunica\u00e7\u00e3o","url":"https:\/\/www.notibras.com\/site\/","logo":{"@type":"ImageObject","inLanguage":"pt-BR","@id":"https:\/\/www.notibras.com\/site\/#\/schema\/logo\/image\/","url":"https:\/\/www.notibras.com\/site\/wp-content\/uploads\/2023\/01\/notibras23.png","contentUrl":"https:\/\/www.notibras.com\/site\/wp-content\/uploads\/2023\/01\/notibras23.png","width":350,"height":87,"caption":"Grupo Notibras de Comunica\u00e7\u00e3o"},"image":{"@id":"https:\/\/www.notibras.com\/site\/#\/schema\/logo\/image\/"},"sameAs":["https:\/\/www.facebook.com\/notibras\/","https:\/\/x.com\/Notibras","https:\/\/www.instagram.com\/notibras\/"]},{"@type":"Person","@id":"https:\/\/www.notibras.com\/site\/#\/schema\/person\/36ab0979449956132d3e5b517ea76ac8","name":"Reda\u00e7\u00e3o","image":{"@type":"ImageObject","inLanguage":"pt-BR","@id":"https:\/\/secure.gravatar.com\/avatar\/e0a867bdedb85fd243eadf09663511f96fc81e0720a4a42581f334ad4303aa6b?s=96&d=mm&r=g","url":"https:\/\/secure.gravatar.com\/avatar\/e0a867bdedb85fd243eadf09663511f96fc81e0720a4a42581f334ad4303aa6b?s=96&d=mm&r=g","contentUrl":"https:\/\/secure.gravatar.com\/avatar\/e0a867bdedb85fd243eadf09663511f96fc81e0720a4a42581f334ad4303aa6b?s=96&d=mm&r=g","caption":"Reda\u00e7\u00e3o"}}]}},"amp_enabled":true,"_links":{"self":[{"href":"https:\/\/www.notibras.com\/site\/wp-json\/wp\/v2\/posts\/59891","targetHints":{"allow":["GET"]}}],"collection":[{"href":"https:\/\/www.notibras.com\/site\/wp-json\/wp\/v2\/posts"}],"about":[{"href":"https:\/\/www.notibras.com\/site\/wp-json\/wp\/v2\/types\/post"}],"author":[{"embeddable":true,"href":"https:\/\/www.notibras.com\/site\/wp-json\/wp\/v2\/users\/2"}],"replies":[{"embeddable":true,"href":"https:\/\/www.notibras.com\/site\/wp-json\/wp\/v2\/comments?post=59891"}],"version-history":[{"count":0,"href":"https:\/\/www.notibras.com\/site\/wp-json\/wp\/v2\/posts\/59891\/revisions"}],"wp:featuredmedia":[{"embeddable":true,"href":"https:\/\/www.notibras.com\/site\/wp-json\/wp\/v2\/media\/59894"}],"wp:attachment":[{"href":"https:\/\/www.notibras.com\/site\/wp-json\/wp\/v2\/media?parent=59891"}],"wp:term":[{"taxonomy":"category","embeddable":true,"href":"https:\/\/www.notibras.com\/site\/wp-json\/wp\/v2\/categories?post=59891"},{"taxonomy":"post_tag","embeddable":true,"href":"https:\/\/www.notibras.com\/site\/wp-json\/wp\/v2\/tags?post=59891"}],"curies":[{"name":"wp","href":"https:\/\/api.w.org\/{rel}","templated":true}]}}