{"id":59895,"date":"2015-08-02T18:14:24","date_gmt":"2015-08-02T21:14:24","guid":{"rendered":"http:\/\/www.notibras.com\/site\/?p=59895"},"modified":"2015-08-03T09:50:02","modified_gmt":"2015-08-03T12:50:02","slug":"fla-e-santos-fazem-tempos-distintos-em-empate-de-dois-gols-no-maracna","status":"publish","type":"post","link":"https:\/\/www.notibras.com\/site\/fla-e-santos-fazem-tempos-distintos-em-empate-de-dois-gols-no-maracna\/","title":{"rendered":"Fla e Santos fazem tempos distintos em empate de dois gols"},"content":{"rendered":"<p>A torcida do Flamengo lotou o Maracan\u00e3 neste domingo e ganhou at\u00e9 o refor\u00e7o da campe\u00e3 do UFC Ronda Rousey. Mas nem o apoio da norte-americana foi o suficiente para ajudar o Rubro-negro a seguir a recupera\u00e7\u00e3o no Campeonato Brasileiro. Os donos da casa abriram dois gols de vantagem, mas as falhas do goleiro Paulo Victor foram determinantes para o placar final de 2 a 2.<\/p>\n<p>Alan Patrick e Emerson Sheik marcaram para o Flamengo, enquanto Ricardo Oliveira e Lucas Lima garantiram a igualdade aos santistas. Depois de mais de 40 dias em recupera\u00e7\u00e3o de uma fratura na perna direita, Paulo Victor sentiu o ritmo de jogo. O Rubro-negro soma 20 pontos e est\u00e1 na 11\u00aa coloca\u00e7\u00e3o. J\u00e1 o Alvinegro tem 17 pontos e ocupa o 15\u00ba lugar.<\/p>\n<p>Empolgado com a recupera\u00e7\u00e3o no Campeonato Brasileiro e com direito at\u00e9 a torcida da campe\u00e3 do UFC Ronda Rousey, o Flamengo come\u00e7ou com tudo para cima do Santos. O Rubro-negro pressionou e teve oportunidades para abrir o placar.<\/p>\n<blockquote><p>O time paulista apresentou dificuldades e foi facilmente dominado pela marca\u00e7\u00e3o carioca. Apesar da press\u00e3o, os gols s\u00f3 sa\u00edram na parte final do primeiro tempo. Alan Patrick acertou um belo chute e marcou aos 41min. Quando ainda assimilava a desvantagem, o Santos foi surpreendido por r\u00e1pido contra-ataque. Emerson Sheik ampliou aos 43min.<\/p><\/blockquote>\n<p>A segunda etapa apresentou problemas para o Flamengo logo no in\u00edcio. Aos 6min, Lucas Lima cobrou escanteio. Paulo Victor falhou e Ricardo Oliveira teve liberdade para diminuir em um cabeceio. O Rubro-negro diminuiu o ritmo e terminou punido mais uma vez. Aos 27min, Lucas Lima bateu de fora da \u00e1rea. Paulo Victor vacilou e a bola morreu no fundo da rede.<\/p>\n<p>Os gols desanimaram a torcida e deixaram o dono da casa afobado em busca da vit\u00f3ria. No \u00faltimo lance da partida, Vanderlei salvou o Santos em chute de Everton e garantiu o empate para a frustra\u00e7\u00e3o dos mais de 60 mil flamenguistas presentes ao Maracan\u00e3.<\/p>\n","protected":false},"excerpt":{"rendered":"<p>A torcida do Flamengo lotou o Maracan\u00e3 neste domingo e ganhou at\u00e9 o refor\u00e7o da campe\u00e3 do UFC Ronda Rousey. Mas nem o apoio da norte-americana foi o suficiente para ajudar o Rubro-negro a seguir a recupera\u00e7\u00e3o no Campeonato Brasileiro. Os donos da casa abriram dois gols de vantagem, mas as falhas do goleiro Paulo [&hellip;]<\/p>\n","protected":false},"author":2,"featured_media":59907,"comment_status":"open","ping_status":"closed","sticky":false,"template":"","format":"standard","meta":{"_acf_changed":false,"footnotes":""},"categories":[19,29],"tags":[],"class_list":["post-59895","post","type-post","status-publish","format-standard","has-post-thumbnail","hentry","category-esportes","category-futebol"],"acf":[],"yoast_head":"<!-- This site is optimized with the Yoast SEO plugin v27.2 - https:\/\/yoast.com\/product\/yoast-seo-wordpress\/ -->\n<title>Fla e Santos fazem tempos distintos em empate de dois gols - Notibras<\/title>\n<meta name=\"robots\" content=\"index, follow, max-snippet:-1, max-image-preview:large, max-video-preview:-1\" \/>\n<link rel=\"canonical\" href=\"https:\/\/www.notibras.com\/site\/fla-e-santos-fazem-tempos-distintos-em-empate-de-dois-gols-no-maracna\/\" \/>\n<meta property=\"og:locale\" content=\"pt_BR\" \/>\n<meta property=\"og:type\" content=\"article\" \/>\n<meta property=\"og:title\" content=\"Fla e Santos fazem tempos distintos em empate de dois gols - Notibras\" \/>\n<meta property=\"og:description\" content=\"A torcida do Flamengo lotou o Maracan\u00e3 neste domingo e ganhou at\u00e9 o refor\u00e7o da campe\u00e3 do UFC Ronda Rousey. Mas nem o apoio da norte-americana foi o suficiente para ajudar o Rubro-negro a seguir a recupera\u00e7\u00e3o no Campeonato Brasileiro. Os donos da casa abriram dois gols de vantagem, mas as falhas do goleiro Paulo [&hellip;]\" \/>\n<meta property=\"og:url\" content=\"https:\/\/www.notibras.com\/site\/fla-e-santos-fazem-tempos-distintos-em-empate-de-dois-gols-no-maracna\/\" \/>\n<meta property=\"og:site_name\" content=\"Notibras\" \/>\n<meta property=\"article:publisher\" content=\"https:\/\/www.facebook.com\/notibras\/\" \/>\n<meta property=\"article:published_time\" content=\"2015-08-02T21:14:24+00:00\" \/>\n<meta property=\"article:modified_time\" content=\"2015-08-03T12:50:02+00:00\" \/>\n<meta property=\"og:image\" content=\"https:\/\/www.notibras.com\/site\/wp-content\/uploads\/2015\/08\/flasa.jpg\" \/>\n\t<meta property=\"og:image:width\" content=\"600\" \/>\n\t<meta property=\"og:image:height\" content=\"400\" \/>\n\t<meta property=\"og:image:type\" content=\"image\/jpeg\" \/>\n<meta name=\"author\" content=\"Reda\u00e7\u00e3o\" \/>\n<meta name=\"twitter:card\" content=\"summary_large_image\" \/>\n<meta name=\"twitter:creator\" content=\"@Notibras\" \/>\n<meta name=\"twitter:site\" content=\"@Notibras\" \/>\n<meta name=\"twitter:label1\" content=\"Escrito por\" \/>\n\t<meta name=\"twitter:data1\" content=\"Reda\u00e7\u00e3o\" \/>\n\t<meta name=\"twitter:label2\" content=\"Est. tempo de leitura\" \/>\n\t<meta name=\"twitter:data2\" content=\"2 minutos\" \/>\n<script type=\"application\/ld+json\" class=\"yoast-schema-graph\">{\"@context\":\"https:\/\/schema.org\",\"@graph\":[{\"@type\":\"Article\",\"@id\":\"https:\/\/www.notibras.com\/site\/fla-e-santos-fazem-tempos-distintos-em-empate-de-dois-gols-no-maracna\/#article\",\"isPartOf\":{\"@id\":\"https:\/\/www.notibras.com\/site\/fla-e-santos-fazem-tempos-distintos-em-empate-de-dois-gols-no-maracna\/\"},\"author\":{\"name\":\"Reda\u00e7\u00e3o\",\"@id\":\"https:\/\/www.notibras.com\/site\/#\/schema\/person\/36ab0979449956132d3e5b517ea76ac8\"},\"headline\":\"Fla e Santos fazem tempos distintos em empate de dois gols\",\"datePublished\":\"2015-08-02T21:14:24+00:00\",\"dateModified\":\"2015-08-03T12:50:02+00:00\",\"mainEntityOfPage\":{\"@id\":\"https:\/\/www.notibras.com\/site\/fla-e-santos-fazem-tempos-distintos-em-empate-de-dois-gols-no-maracna\/\"},\"wordCount\":340,\"commentCount\":0,\"publisher\":{\"@id\":\"https:\/\/www.notibras.com\/site\/#organization\"},\"image\":{\"@id\":\"https:\/\/www.notibras.com\/site\/fla-e-santos-fazem-tempos-distintos-em-empate-de-dois-gols-no-maracna\/#primaryimage\"},\"thumbnailUrl\":\"https:\/\/www.notibras.com\/site\/wp-content\/uploads\/2015\/08\/flasa.jpg\",\"articleSection\":[\"Esportes\",\"Futebol\"],\"inLanguage\":\"pt-BR\",\"potentialAction\":[{\"@type\":\"CommentAction\",\"name\":\"Comment\",\"target\":[\"https:\/\/www.notibras.com\/site\/fla-e-santos-fazem-tempos-distintos-em-empate-de-dois-gols-no-maracna\/#respond\"]}]},{\"@type\":\"WebPage\",\"@id\":\"https:\/\/www.notibras.com\/site\/fla-e-santos-fazem-tempos-distintos-em-empate-de-dois-gols-no-maracna\/\",\"url\":\"https:\/\/www.notibras.com\/site\/fla-e-santos-fazem-tempos-distintos-em-empate-de-dois-gols-no-maracna\/\",\"name\":\"Fla e Santos fazem tempos distintos em empate de dois gols - Notibras\",\"isPartOf\":{\"@id\":\"https:\/\/www.notibras.com\/site\/#website\"},\"primaryImageOfPage\":{\"@id\":\"https:\/\/www.notibras.com\/site\/fla-e-santos-fazem-tempos-distintos-em-empate-de-dois-gols-no-maracna\/#primaryimage\"},\"image\":{\"@id\":\"https:\/\/www.notibras.com\/site\/fla-e-santos-fazem-tempos-distintos-em-empate-de-dois-gols-no-maracna\/#primaryimage\"},\"thumbnailUrl\":\"https:\/\/www.notibras.com\/site\/wp-content\/uploads\/2015\/08\/flasa.jpg\",\"datePublished\":\"2015-08-02T21:14:24+00:00\",\"dateModified\":\"2015-08-03T12:50:02+00:00\",\"breadcrumb\":{\"@id\":\"https:\/\/www.notibras.com\/site\/fla-e-santos-fazem-tempos-distintos-em-empate-de-dois-gols-no-maracna\/#breadcrumb\"},\"inLanguage\":\"pt-BR\",\"potentialAction\":[{\"@type\":\"ReadAction\",\"target\":[\"https:\/\/www.notibras.com\/site\/fla-e-santos-fazem-tempos-distintos-em-empate-de-dois-gols-no-maracna\/\"]}]},{\"@type\":\"ImageObject\",\"inLanguage\":\"pt-BR\",\"@id\":\"https:\/\/www.notibras.com\/site\/fla-e-santos-fazem-tempos-distintos-em-empate-de-dois-gols-no-maracna\/#primaryimage\",\"url\":\"https:\/\/www.notibras.com\/site\/wp-content\/uploads\/2015\/08\/flasa.jpg\",\"contentUrl\":\"https:\/\/www.notibras.com\/site\/wp-content\/uploads\/2015\/08\/flasa.jpg\",\"width\":600,\"height\":400},{\"@type\":\"BreadcrumbList\",\"@id\":\"https:\/\/www.notibras.com\/site\/fla-e-santos-fazem-tempos-distintos-em-empate-de-dois-gols-no-maracna\/#breadcrumb\",\"itemListElement\":[{\"@type\":\"ListItem\",\"position\":1,\"name\":\"In\u00edcio\",\"item\":\"https:\/\/www.notibras.com\/site\/\"},{\"@type\":\"ListItem\",\"position\":2,\"name\":\"Fla e Santos fazem tempos distintos em empate de dois gols\"}]},{\"@type\":\"WebSite\",\"@id\":\"https:\/\/www.notibras.com\/site\/#website\",\"url\":\"https:\/\/www.notibras.com\/site\/\",\"name\":\"Notibras\",\"description\":\"Not\u00edcias de Bras\u00edlia, do Brasil e do Mundo\",\"publisher\":{\"@id\":\"https:\/\/www.notibras.com\/site\/#organization\"},\"potentialAction\":[{\"@type\":\"SearchAction\",\"target\":{\"@type\":\"EntryPoint\",\"urlTemplate\":\"https:\/\/www.notibras.com\/site\/?s={search_term_string}\"},\"query-input\":{\"@type\":\"PropertyValueSpecification\",\"valueRequired\":true,\"valueName\":\"search_term_string\"}}],\"inLanguage\":\"pt-BR\"},{\"@type\":\"Organization\",\"@id\":\"https:\/\/www.notibras.com\/site\/#organization\",\"name\":\"Grupo Notibras de Comunica\u00e7\u00e3o\",\"url\":\"https:\/\/www.notibras.com\/site\/\",\"logo\":{\"@type\":\"ImageObject\",\"inLanguage\":\"pt-BR\",\"@id\":\"https:\/\/www.notibras.com\/site\/#\/schema\/logo\/image\/\",\"url\":\"https:\/\/www.notibras.com\/site\/wp-content\/uploads\/2023\/01\/notibras23.png\",\"contentUrl\":\"https:\/\/www.notibras.com\/site\/wp-content\/uploads\/2023\/01\/notibras23.png\",\"width\":350,\"height\":87,\"caption\":\"Grupo Notibras de Comunica\u00e7\u00e3o\"},\"image\":{\"@id\":\"https:\/\/www.notibras.com\/site\/#\/schema\/logo\/image\/\"},\"sameAs\":[\"https:\/\/www.facebook.com\/notibras\/\",\"https:\/\/x.com\/Notibras\",\"https:\/\/www.instagram.com\/notibras\/\"]},{\"@type\":\"Person\",\"@id\":\"https:\/\/www.notibras.com\/site\/#\/schema\/person\/36ab0979449956132d3e5b517ea76ac8\",\"name\":\"Reda\u00e7\u00e3o\",\"image\":{\"@type\":\"ImageObject\",\"inLanguage\":\"pt-BR\",\"@id\":\"https:\/\/secure.gravatar.com\/avatar\/e0a867bdedb85fd243eadf09663511f96fc81e0720a4a42581f334ad4303aa6b?s=96&d=mm&r=g\",\"url\":\"https:\/\/secure.gravatar.com\/avatar\/e0a867bdedb85fd243eadf09663511f96fc81e0720a4a42581f334ad4303aa6b?s=96&d=mm&r=g\",\"contentUrl\":\"https:\/\/secure.gravatar.com\/avatar\/e0a867bdedb85fd243eadf09663511f96fc81e0720a4a42581f334ad4303aa6b?s=96&d=mm&r=g\",\"caption\":\"Reda\u00e7\u00e3o\"}}]}<\/script>\n<!-- \/ Yoast SEO plugin. -->","yoast_head_json":{"title":"Fla e Santos fazem tempos distintos em empate de dois gols - Notibras","robots":{"index":"index","follow":"follow","max-snippet":"max-snippet:-1","max-image-preview":"max-image-preview:large","max-video-preview":"max-video-preview:-1"},"canonical":"https:\/\/www.notibras.com\/site\/fla-e-santos-fazem-tempos-distintos-em-empate-de-dois-gols-no-maracna\/","og_locale":"pt_BR","og_type":"article","og_title":"Fla e Santos fazem tempos distintos em empate de dois gols - Notibras","og_description":"A torcida do Flamengo lotou o Maracan\u00e3 neste domingo e ganhou at\u00e9 o refor\u00e7o da campe\u00e3 do UFC Ronda Rousey. Mas nem o apoio da norte-americana foi o suficiente para ajudar o Rubro-negro a seguir a recupera\u00e7\u00e3o no Campeonato Brasileiro. Os donos da casa abriram dois gols de vantagem, mas as falhas do goleiro Paulo [&hellip;]","og_url":"https:\/\/www.notibras.com\/site\/fla-e-santos-fazem-tempos-distintos-em-empate-de-dois-gols-no-maracna\/","og_site_name":"Notibras","article_publisher":"https:\/\/www.facebook.com\/notibras\/","article_published_time":"2015-08-02T21:14:24+00:00","article_modified_time":"2015-08-03T12:50:02+00:00","og_image":[{"width":600,"height":400,"url":"https:\/\/www.notibras.com\/site\/wp-content\/uploads\/2015\/08\/flasa.jpg","type":"image\/jpeg"}],"author":"Reda\u00e7\u00e3o","twitter_card":"summary_large_image","twitter_creator":"@Notibras","twitter_site":"@Notibras","twitter_misc":{"Escrito por":"Reda\u00e7\u00e3o","Est. tempo de leitura":"2 minutos"},"schema":{"@context":"https:\/\/schema.org","@graph":[{"@type":"Article","@id":"https:\/\/www.notibras.com\/site\/fla-e-santos-fazem-tempos-distintos-em-empate-de-dois-gols-no-maracna\/#article","isPartOf":{"@id":"https:\/\/www.notibras.com\/site\/fla-e-santos-fazem-tempos-distintos-em-empate-de-dois-gols-no-maracna\/"},"author":{"name":"Reda\u00e7\u00e3o","@id":"https:\/\/www.notibras.com\/site\/#\/schema\/person\/36ab0979449956132d3e5b517ea76ac8"},"headline":"Fla e Santos fazem tempos distintos em empate de dois gols","datePublished":"2015-08-02T21:14:24+00:00","dateModified":"2015-08-03T12:50:02+00:00","mainEntityOfPage":{"@id":"https:\/\/www.notibras.com\/site\/fla-e-santos-fazem-tempos-distintos-em-empate-de-dois-gols-no-maracna\/"},"wordCount":340,"commentCount":0,"publisher":{"@id":"https:\/\/www.notibras.com\/site\/#organization"},"image":{"@id":"https:\/\/www.notibras.com\/site\/fla-e-santos-fazem-tempos-distintos-em-empate-de-dois-gols-no-maracna\/#primaryimage"},"thumbnailUrl":"https:\/\/www.notibras.com\/site\/wp-content\/uploads\/2015\/08\/flasa.jpg","articleSection":["Esportes","Futebol"],"inLanguage":"pt-BR","potentialAction":[{"@type":"CommentAction","name":"Comment","target":["https:\/\/www.notibras.com\/site\/fla-e-santos-fazem-tempos-distintos-em-empate-de-dois-gols-no-maracna\/#respond"]}]},{"@type":"WebPage","@id":"https:\/\/www.notibras.com\/site\/fla-e-santos-fazem-tempos-distintos-em-empate-de-dois-gols-no-maracna\/","url":"https:\/\/www.notibras.com\/site\/fla-e-santos-fazem-tempos-distintos-em-empate-de-dois-gols-no-maracna\/","name":"Fla e Santos fazem tempos distintos em empate de dois gols - Notibras","isPartOf":{"@id":"https:\/\/www.notibras.com\/site\/#website"},"primaryImageOfPage":{"@id":"https:\/\/www.notibras.com\/site\/fla-e-santos-fazem-tempos-distintos-em-empate-de-dois-gols-no-maracna\/#primaryimage"},"image":{"@id":"https:\/\/www.notibras.com\/site\/fla-e-santos-fazem-tempos-distintos-em-empate-de-dois-gols-no-maracna\/#primaryimage"},"thumbnailUrl":"https:\/\/www.notibras.com\/site\/wp-content\/uploads\/2015\/08\/flasa.jpg","datePublished":"2015-08-02T21:14:24+00:00","dateModified":"2015-08-03T12:50:02+00:00","breadcrumb":{"@id":"https:\/\/www.notibras.com\/site\/fla-e-santos-fazem-tempos-distintos-em-empate-de-dois-gols-no-maracna\/#breadcrumb"},"inLanguage":"pt-BR","potentialAction":[{"@type":"ReadAction","target":["https:\/\/www.notibras.com\/site\/fla-e-santos-fazem-tempos-distintos-em-empate-de-dois-gols-no-maracna\/"]}]},{"@type":"ImageObject","inLanguage":"pt-BR","@id":"https:\/\/www.notibras.com\/site\/fla-e-santos-fazem-tempos-distintos-em-empate-de-dois-gols-no-maracna\/#primaryimage","url":"https:\/\/www.notibras.com\/site\/wp-content\/uploads\/2015\/08\/flasa.jpg","contentUrl":"https:\/\/www.notibras.com\/site\/wp-content\/uploads\/2015\/08\/flasa.jpg","width":600,"height":400},{"@type":"BreadcrumbList","@id":"https:\/\/www.notibras.com\/site\/fla-e-santos-fazem-tempos-distintos-em-empate-de-dois-gols-no-maracna\/#breadcrumb","itemListElement":[{"@type":"ListItem","position":1,"name":"In\u00edcio","item":"https:\/\/www.notibras.com\/site\/"},{"@type":"ListItem","position":2,"name":"Fla e Santos fazem tempos distintos em empate de dois gols"}]},{"@type":"WebSite","@id":"https:\/\/www.notibras.com\/site\/#website","url":"https:\/\/www.notibras.com\/site\/","name":"Notibras","description":"Not\u00edcias de Bras\u00edlia, do Brasil e do Mundo","publisher":{"@id":"https:\/\/www.notibras.com\/site\/#organization"},"potentialAction":[{"@type":"SearchAction","target":{"@type":"EntryPoint","urlTemplate":"https:\/\/www.notibras.com\/site\/?s={search_term_string}"},"query-input":{"@type":"PropertyValueSpecification","valueRequired":true,"valueName":"search_term_string"}}],"inLanguage":"pt-BR"},{"@type":"Organization","@id":"https:\/\/www.notibras.com\/site\/#organization","name":"Grupo Notibras de Comunica\u00e7\u00e3o","url":"https:\/\/www.notibras.com\/site\/","logo":{"@type":"ImageObject","inLanguage":"pt-BR","@id":"https:\/\/www.notibras.com\/site\/#\/schema\/logo\/image\/","url":"https:\/\/www.notibras.com\/site\/wp-content\/uploads\/2023\/01\/notibras23.png","contentUrl":"https:\/\/www.notibras.com\/site\/wp-content\/uploads\/2023\/01\/notibras23.png","width":350,"height":87,"caption":"Grupo Notibras de Comunica\u00e7\u00e3o"},"image":{"@id":"https:\/\/www.notibras.com\/site\/#\/schema\/logo\/image\/"},"sameAs":["https:\/\/www.facebook.com\/notibras\/","https:\/\/x.com\/Notibras","https:\/\/www.instagram.com\/notibras\/"]},{"@type":"Person","@id":"https:\/\/www.notibras.com\/site\/#\/schema\/person\/36ab0979449956132d3e5b517ea76ac8","name":"Reda\u00e7\u00e3o","image":{"@type":"ImageObject","inLanguage":"pt-BR","@id":"https:\/\/secure.gravatar.com\/avatar\/e0a867bdedb85fd243eadf09663511f96fc81e0720a4a42581f334ad4303aa6b?s=96&d=mm&r=g","url":"https:\/\/secure.gravatar.com\/avatar\/e0a867bdedb85fd243eadf09663511f96fc81e0720a4a42581f334ad4303aa6b?s=96&d=mm&r=g","contentUrl":"https:\/\/secure.gravatar.com\/avatar\/e0a867bdedb85fd243eadf09663511f96fc81e0720a4a42581f334ad4303aa6b?s=96&d=mm&r=g","caption":"Reda\u00e7\u00e3o"}}]}},"amp_enabled":true,"_links":{"self":[{"href":"https:\/\/www.notibras.com\/site\/wp-json\/wp\/v2\/posts\/59895","targetHints":{"allow":["GET"]}}],"collection":[{"href":"https:\/\/www.notibras.com\/site\/wp-json\/wp\/v2\/posts"}],"about":[{"href":"https:\/\/www.notibras.com\/site\/wp-json\/wp\/v2\/types\/post"}],"author":[{"embeddable":true,"href":"https:\/\/www.notibras.com\/site\/wp-json\/wp\/v2\/users\/2"}],"replies":[{"embeddable":true,"href":"https:\/\/www.notibras.com\/site\/wp-json\/wp\/v2\/comments?post=59895"}],"version-history":[{"count":0,"href":"https:\/\/www.notibras.com\/site\/wp-json\/wp\/v2\/posts\/59895\/revisions"}],"wp:featuredmedia":[{"embeddable":true,"href":"https:\/\/www.notibras.com\/site\/wp-json\/wp\/v2\/media\/59907"}],"wp:attachment":[{"href":"https:\/\/www.notibras.com\/site\/wp-json\/wp\/v2\/media?parent=59895"}],"wp:term":[{"taxonomy":"category","embeddable":true,"href":"https:\/\/www.notibras.com\/site\/wp-json\/wp\/v2\/categories?post=59895"},{"taxonomy":"post_tag","embeddable":true,"href":"https:\/\/www.notibras.com\/site\/wp-json\/wp\/v2\/tags?post=59895"}],"curies":[{"name":"wp","href":"https:\/\/api.w.org\/{rel}","templated":true}]}}