{"id":5996,"date":"2014-04-04T09:55:36","date_gmt":"2014-04-04T12:55:36","guid":{"rendered":"http:\/\/www.notibras.com\/site\/?p=5996"},"modified":"2014-04-04T13:44:36","modified_gmt":"2014-04-04T16:44:36","slug":"mercedes-da-as-cartas-e-hamilton-e-mais-rapido-no-primeiro-treino-livre","status":"publish","type":"post","link":"https:\/\/www.notibras.com\/site\/mercedes-da-as-cartas-e-hamilton-e-mais-rapido-no-primeiro-treino-livre\/","title":{"rendered":"Mercedes d\u00e1 as cartas e Hamilton \u00e9 mais r\u00e1pido no primeiro treino"},"content":{"rendered":"<p>A primeira sess\u00e3o de treinos livres para o Grande Pr\u00eamio do Bahrein, no Circuito de Sakhir, terminou mais uma vez com dom\u00ednio da Mercedes. Ao fim de 1h30min de sess\u00e3o, coube ao brit\u00e2nico Lewis Hamilton \u2013 pole position nas duas primeiras etapas do calend\u00e1rio &#8211; encabe\u00e7ar a lista de classifica\u00e7\u00e3o, marcando 1min37s502.<\/p>\n<p>Pouco amea\u00e7ado por rivais de outras equipes, Hamilton teve como segundo colocado o companheiro Nico Rosberg, que marcou 1min37s733 em sua melhor volta. Fernando Alonso (Ferrari) e Nico Hulkenberg (Force India) vieram logo atr\u00e1s, respectivamente na terceira e na quarta coloca\u00e7\u00f5es.<\/p>\n<p>Uma das novidades da sess\u00e3o foi a dupla 100% brasileira da Williams na pista. Substituindo o finland\u00eas Valtteri Bottas, Felipe Nasr fez sua estreia oficial como piloto reserva do time de Frank Williams. Nasr \u2013 que j\u00e1 havia treinado no Bahrein pela pr\u00e9-temporada com a Williams \u2013 foi o 13\u00ba colocado, marcando.<\/p>\n<p>Felipe Massa teve desempenho discreto, com o 11\u00ba lugar. Na Red Bull, Sebastian Vettel e Daniel Ricciardo foram, respectivamente, 10\u00ba e 14\u00ba colocados; na McLaren, Jenson Button foi o quinto, enquanto Kevin Magnussen terminou como o s\u00e9timo.<\/p>\n","protected":false},"excerpt":{"rendered":"<p>A primeira sess\u00e3o de treinos livres para o Grande Pr\u00eamio do Bahrein, no Circuito de Sakhir, terminou mais uma vez com dom\u00ednio da Mercedes. Ao fim de 1h30min de sess\u00e3o, coube ao brit\u00e2nico Lewis Hamilton \u2013 pole position nas duas primeiras etapas do calend\u00e1rio &#8211; encabe\u00e7ar a lista de classifica\u00e7\u00e3o, marcando 1min37s502. Pouco amea\u00e7ado por [&hellip;]<\/p>\n","protected":false},"author":2,"featured_media":5997,"comment_status":"open","ping_status":"closed","sticky":false,"template":"","format":"standard","meta":{"_acf_changed":false,"footnotes":""},"categories":[19],"tags":[],"class_list":["post-5996","post","type-post","status-publish","format-standard","has-post-thumbnail","hentry","category-esportes"],"acf":[],"yoast_head":"<!-- This site is optimized with the Yoast SEO plugin v27.2 - https:\/\/yoast.com\/product\/yoast-seo-wordpress\/ -->\n<title>Mercedes d\u00e1 as cartas e Hamilton \u00e9 mais r\u00e1pido no primeiro treino - Notibras<\/title>\n<meta name=\"robots\" content=\"index, follow, max-snippet:-1, max-image-preview:large, max-video-preview:-1\" \/>\n<link rel=\"canonical\" href=\"https:\/\/www.notibras.com\/site\/mercedes-da-as-cartas-e-hamilton-e-mais-rapido-no-primeiro-treino-livre\/\" \/>\n<meta property=\"og:locale\" content=\"pt_BR\" \/>\n<meta property=\"og:type\" content=\"article\" \/>\n<meta property=\"og:title\" content=\"Mercedes d\u00e1 as cartas e Hamilton \u00e9 mais r\u00e1pido no primeiro treino - Notibras\" \/>\n<meta property=\"og:description\" content=\"A primeira sess\u00e3o de treinos livres para o Grande Pr\u00eamio do Bahrein, no Circuito de Sakhir, terminou mais uma vez com dom\u00ednio da Mercedes. Ao fim de 1h30min de sess\u00e3o, coube ao brit\u00e2nico Lewis Hamilton \u2013 pole position nas duas primeiras etapas do calend\u00e1rio &#8211; encabe\u00e7ar a lista de classifica\u00e7\u00e3o, marcando 1min37s502. Pouco amea\u00e7ado por [&hellip;]\" \/>\n<meta property=\"og:url\" content=\"https:\/\/www.notibras.com\/site\/mercedes-da-as-cartas-e-hamilton-e-mais-rapido-no-primeiro-treino-livre\/\" \/>\n<meta property=\"og:site_name\" content=\"Notibras\" \/>\n<meta property=\"article:publisher\" content=\"https:\/\/www.facebook.com\/notibras\/\" \/>\n<meta property=\"article:published_time\" content=\"2014-04-04T12:55:36+00:00\" \/>\n<meta property=\"article:modified_time\" content=\"2014-04-04T16:44:36+00:00\" \/>\n<meta property=\"og:image\" content=\"https:\/\/www.notibras.com\/site\/wp-content\/uploads\/2014\/04\/Lewis-Hamilton-Mercedes.jpg\" \/>\n\t<meta property=\"og:image:width\" content=\"1024\" \/>\n\t<meta property=\"og:image:height\" content=\"683\" \/>\n\t<meta property=\"og:image:type\" content=\"image\/jpeg\" \/>\n<meta name=\"author\" content=\"Reda\u00e7\u00e3o\" \/>\n<meta name=\"twitter:card\" content=\"summary_large_image\" \/>\n<meta name=\"twitter:creator\" content=\"@Notibras\" \/>\n<meta name=\"twitter:site\" content=\"@Notibras\" \/>\n<meta name=\"twitter:label1\" content=\"Escrito por\" \/>\n\t<meta name=\"twitter:data1\" content=\"Reda\u00e7\u00e3o\" \/>\n\t<meta name=\"twitter:label2\" content=\"Est. tempo de leitura\" \/>\n\t<meta name=\"twitter:data2\" content=\"1 minuto\" \/>\n<script type=\"application\/ld+json\" class=\"yoast-schema-graph\">{\"@context\":\"https:\/\/schema.org\",\"@graph\":[{\"@type\":\"Article\",\"@id\":\"https:\/\/www.notibras.com\/site\/mercedes-da-as-cartas-e-hamilton-e-mais-rapido-no-primeiro-treino-livre\/#article\",\"isPartOf\":{\"@id\":\"https:\/\/www.notibras.com\/site\/mercedes-da-as-cartas-e-hamilton-e-mais-rapido-no-primeiro-treino-livre\/\"},\"author\":{\"name\":\"Reda\u00e7\u00e3o\",\"@id\":\"https:\/\/www.notibras.com\/site\/#\/schema\/person\/36ab0979449956132d3e5b517ea76ac8\"},\"headline\":\"Mercedes d\u00e1 as cartas e Hamilton \u00e9 mais r\u00e1pido no primeiro treino\",\"datePublished\":\"2014-04-04T12:55:36+00:00\",\"dateModified\":\"2014-04-04T16:44:36+00:00\",\"mainEntityOfPage\":{\"@id\":\"https:\/\/www.notibras.com\/site\/mercedes-da-as-cartas-e-hamilton-e-mais-rapido-no-primeiro-treino-livre\/\"},\"wordCount\":204,\"commentCount\":0,\"publisher\":{\"@id\":\"https:\/\/www.notibras.com\/site\/#organization\"},\"image\":{\"@id\":\"https:\/\/www.notibras.com\/site\/mercedes-da-as-cartas-e-hamilton-e-mais-rapido-no-primeiro-treino-livre\/#primaryimage\"},\"thumbnailUrl\":\"https:\/\/www.notibras.com\/site\/wp-content\/uploads\/2014\/04\/Lewis-Hamilton-Mercedes.jpg\",\"articleSection\":[\"Esportes\"],\"inLanguage\":\"pt-BR\",\"potentialAction\":[{\"@type\":\"CommentAction\",\"name\":\"Comment\",\"target\":[\"https:\/\/www.notibras.com\/site\/mercedes-da-as-cartas-e-hamilton-e-mais-rapido-no-primeiro-treino-livre\/#respond\"]}]},{\"@type\":\"WebPage\",\"@id\":\"https:\/\/www.notibras.com\/site\/mercedes-da-as-cartas-e-hamilton-e-mais-rapido-no-primeiro-treino-livre\/\",\"url\":\"https:\/\/www.notibras.com\/site\/mercedes-da-as-cartas-e-hamilton-e-mais-rapido-no-primeiro-treino-livre\/\",\"name\":\"Mercedes d\u00e1 as cartas e Hamilton \u00e9 mais r\u00e1pido no primeiro treino - Notibras\",\"isPartOf\":{\"@id\":\"https:\/\/www.notibras.com\/site\/#website\"},\"primaryImageOfPage\":{\"@id\":\"https:\/\/www.notibras.com\/site\/mercedes-da-as-cartas-e-hamilton-e-mais-rapido-no-primeiro-treino-livre\/#primaryimage\"},\"image\":{\"@id\":\"https:\/\/www.notibras.com\/site\/mercedes-da-as-cartas-e-hamilton-e-mais-rapido-no-primeiro-treino-livre\/#primaryimage\"},\"thumbnailUrl\":\"https:\/\/www.notibras.com\/site\/wp-content\/uploads\/2014\/04\/Lewis-Hamilton-Mercedes.jpg\",\"datePublished\":\"2014-04-04T12:55:36+00:00\",\"dateModified\":\"2014-04-04T16:44:36+00:00\",\"breadcrumb\":{\"@id\":\"https:\/\/www.notibras.com\/site\/mercedes-da-as-cartas-e-hamilton-e-mais-rapido-no-primeiro-treino-livre\/#breadcrumb\"},\"inLanguage\":\"pt-BR\",\"potentialAction\":[{\"@type\":\"ReadAction\",\"target\":[\"https:\/\/www.notibras.com\/site\/mercedes-da-as-cartas-e-hamilton-e-mais-rapido-no-primeiro-treino-livre\/\"]}]},{\"@type\":\"ImageObject\",\"inLanguage\":\"pt-BR\",\"@id\":\"https:\/\/www.notibras.com\/site\/mercedes-da-as-cartas-e-hamilton-e-mais-rapido-no-primeiro-treino-livre\/#primaryimage\",\"url\":\"https:\/\/www.notibras.com\/site\/wp-content\/uploads\/2014\/04\/Lewis-Hamilton-Mercedes.jpg\",\"contentUrl\":\"https:\/\/www.notibras.com\/site\/wp-content\/uploads\/2014\/04\/Lewis-Hamilton-Mercedes.jpg\",\"width\":1024,\"height\":683},{\"@type\":\"BreadcrumbList\",\"@id\":\"https:\/\/www.notibras.com\/site\/mercedes-da-as-cartas-e-hamilton-e-mais-rapido-no-primeiro-treino-livre\/#breadcrumb\",\"itemListElement\":[{\"@type\":\"ListItem\",\"position\":1,\"name\":\"In\u00edcio\",\"item\":\"https:\/\/www.notibras.com\/site\/\"},{\"@type\":\"ListItem\",\"position\":2,\"name\":\"Mercedes d\u00e1 as cartas e Hamilton \u00e9 mais r\u00e1pido no primeiro treino\"}]},{\"@type\":\"WebSite\",\"@id\":\"https:\/\/www.notibras.com\/site\/#website\",\"url\":\"https:\/\/www.notibras.com\/site\/\",\"name\":\"Notibras\",\"description\":\"Not\u00edcias de Bras\u00edlia, do Brasil e do Mundo\",\"publisher\":{\"@id\":\"https:\/\/www.notibras.com\/site\/#organization\"},\"potentialAction\":[{\"@type\":\"SearchAction\",\"target\":{\"@type\":\"EntryPoint\",\"urlTemplate\":\"https:\/\/www.notibras.com\/site\/?s={search_term_string}\"},\"query-input\":{\"@type\":\"PropertyValueSpecification\",\"valueRequired\":true,\"valueName\":\"search_term_string\"}}],\"inLanguage\":\"pt-BR\"},{\"@type\":\"Organization\",\"@id\":\"https:\/\/www.notibras.com\/site\/#organization\",\"name\":\"Grupo Notibras de Comunica\u00e7\u00e3o\",\"url\":\"https:\/\/www.notibras.com\/site\/\",\"logo\":{\"@type\":\"ImageObject\",\"inLanguage\":\"pt-BR\",\"@id\":\"https:\/\/www.notibras.com\/site\/#\/schema\/logo\/image\/\",\"url\":\"https:\/\/www.notibras.com\/site\/wp-content\/uploads\/2023\/01\/notibras23.png\",\"contentUrl\":\"https:\/\/www.notibras.com\/site\/wp-content\/uploads\/2023\/01\/notibras23.png\",\"width\":350,\"height\":87,\"caption\":\"Grupo Notibras de Comunica\u00e7\u00e3o\"},\"image\":{\"@id\":\"https:\/\/www.notibras.com\/site\/#\/schema\/logo\/image\/\"},\"sameAs\":[\"https:\/\/www.facebook.com\/notibras\/\",\"https:\/\/x.com\/Notibras\",\"https:\/\/www.instagram.com\/notibras\/\"]},{\"@type\":\"Person\",\"@id\":\"https:\/\/www.notibras.com\/site\/#\/schema\/person\/36ab0979449956132d3e5b517ea76ac8\",\"name\":\"Reda\u00e7\u00e3o\",\"image\":{\"@type\":\"ImageObject\",\"inLanguage\":\"pt-BR\",\"@id\":\"https:\/\/secure.gravatar.com\/avatar\/e0a867bdedb85fd243eadf09663511f96fc81e0720a4a42581f334ad4303aa6b?s=96&d=mm&r=g\",\"url\":\"https:\/\/secure.gravatar.com\/avatar\/e0a867bdedb85fd243eadf09663511f96fc81e0720a4a42581f334ad4303aa6b?s=96&d=mm&r=g\",\"contentUrl\":\"https:\/\/secure.gravatar.com\/avatar\/e0a867bdedb85fd243eadf09663511f96fc81e0720a4a42581f334ad4303aa6b?s=96&d=mm&r=g\",\"caption\":\"Reda\u00e7\u00e3o\"}}]}<\/script>\n<!-- \/ Yoast SEO plugin. -->","yoast_head_json":{"title":"Mercedes d\u00e1 as cartas e Hamilton \u00e9 mais r\u00e1pido no primeiro treino - Notibras","robots":{"index":"index","follow":"follow","max-snippet":"max-snippet:-1","max-image-preview":"max-image-preview:large","max-video-preview":"max-video-preview:-1"},"canonical":"https:\/\/www.notibras.com\/site\/mercedes-da-as-cartas-e-hamilton-e-mais-rapido-no-primeiro-treino-livre\/","og_locale":"pt_BR","og_type":"article","og_title":"Mercedes d\u00e1 as cartas e Hamilton \u00e9 mais r\u00e1pido no primeiro treino - Notibras","og_description":"A primeira sess\u00e3o de treinos livres para o Grande Pr\u00eamio do Bahrein, no Circuito de Sakhir, terminou mais uma vez com dom\u00ednio da Mercedes. Ao fim de 1h30min de sess\u00e3o, coube ao brit\u00e2nico Lewis Hamilton \u2013 pole position nas duas primeiras etapas do calend\u00e1rio &#8211; encabe\u00e7ar a lista de classifica\u00e7\u00e3o, marcando 1min37s502. Pouco amea\u00e7ado por [&hellip;]","og_url":"https:\/\/www.notibras.com\/site\/mercedes-da-as-cartas-e-hamilton-e-mais-rapido-no-primeiro-treino-livre\/","og_site_name":"Notibras","article_publisher":"https:\/\/www.facebook.com\/notibras\/","article_published_time":"2014-04-04T12:55:36+00:00","article_modified_time":"2014-04-04T16:44:36+00:00","og_image":[{"width":1024,"height":683,"url":"https:\/\/www.notibras.com\/site\/wp-content\/uploads\/2014\/04\/Lewis-Hamilton-Mercedes.jpg","type":"image\/jpeg"}],"author":"Reda\u00e7\u00e3o","twitter_card":"summary_large_image","twitter_creator":"@Notibras","twitter_site":"@Notibras","twitter_misc":{"Escrito por":"Reda\u00e7\u00e3o","Est. tempo de leitura":"1 minuto"},"schema":{"@context":"https:\/\/schema.org","@graph":[{"@type":"Article","@id":"https:\/\/www.notibras.com\/site\/mercedes-da-as-cartas-e-hamilton-e-mais-rapido-no-primeiro-treino-livre\/#article","isPartOf":{"@id":"https:\/\/www.notibras.com\/site\/mercedes-da-as-cartas-e-hamilton-e-mais-rapido-no-primeiro-treino-livre\/"},"author":{"name":"Reda\u00e7\u00e3o","@id":"https:\/\/www.notibras.com\/site\/#\/schema\/person\/36ab0979449956132d3e5b517ea76ac8"},"headline":"Mercedes d\u00e1 as cartas e Hamilton \u00e9 mais r\u00e1pido no primeiro treino","datePublished":"2014-04-04T12:55:36+00:00","dateModified":"2014-04-04T16:44:36+00:00","mainEntityOfPage":{"@id":"https:\/\/www.notibras.com\/site\/mercedes-da-as-cartas-e-hamilton-e-mais-rapido-no-primeiro-treino-livre\/"},"wordCount":204,"commentCount":0,"publisher":{"@id":"https:\/\/www.notibras.com\/site\/#organization"},"image":{"@id":"https:\/\/www.notibras.com\/site\/mercedes-da-as-cartas-e-hamilton-e-mais-rapido-no-primeiro-treino-livre\/#primaryimage"},"thumbnailUrl":"https:\/\/www.notibras.com\/site\/wp-content\/uploads\/2014\/04\/Lewis-Hamilton-Mercedes.jpg","articleSection":["Esportes"],"inLanguage":"pt-BR","potentialAction":[{"@type":"CommentAction","name":"Comment","target":["https:\/\/www.notibras.com\/site\/mercedes-da-as-cartas-e-hamilton-e-mais-rapido-no-primeiro-treino-livre\/#respond"]}]},{"@type":"WebPage","@id":"https:\/\/www.notibras.com\/site\/mercedes-da-as-cartas-e-hamilton-e-mais-rapido-no-primeiro-treino-livre\/","url":"https:\/\/www.notibras.com\/site\/mercedes-da-as-cartas-e-hamilton-e-mais-rapido-no-primeiro-treino-livre\/","name":"Mercedes d\u00e1 as cartas e Hamilton \u00e9 mais r\u00e1pido no primeiro treino - Notibras","isPartOf":{"@id":"https:\/\/www.notibras.com\/site\/#website"},"primaryImageOfPage":{"@id":"https:\/\/www.notibras.com\/site\/mercedes-da-as-cartas-e-hamilton-e-mais-rapido-no-primeiro-treino-livre\/#primaryimage"},"image":{"@id":"https:\/\/www.notibras.com\/site\/mercedes-da-as-cartas-e-hamilton-e-mais-rapido-no-primeiro-treino-livre\/#primaryimage"},"thumbnailUrl":"https:\/\/www.notibras.com\/site\/wp-content\/uploads\/2014\/04\/Lewis-Hamilton-Mercedes.jpg","datePublished":"2014-04-04T12:55:36+00:00","dateModified":"2014-04-04T16:44:36+00:00","breadcrumb":{"@id":"https:\/\/www.notibras.com\/site\/mercedes-da-as-cartas-e-hamilton-e-mais-rapido-no-primeiro-treino-livre\/#breadcrumb"},"inLanguage":"pt-BR","potentialAction":[{"@type":"ReadAction","target":["https:\/\/www.notibras.com\/site\/mercedes-da-as-cartas-e-hamilton-e-mais-rapido-no-primeiro-treino-livre\/"]}]},{"@type":"ImageObject","inLanguage":"pt-BR","@id":"https:\/\/www.notibras.com\/site\/mercedes-da-as-cartas-e-hamilton-e-mais-rapido-no-primeiro-treino-livre\/#primaryimage","url":"https:\/\/www.notibras.com\/site\/wp-content\/uploads\/2014\/04\/Lewis-Hamilton-Mercedes.jpg","contentUrl":"https:\/\/www.notibras.com\/site\/wp-content\/uploads\/2014\/04\/Lewis-Hamilton-Mercedes.jpg","width":1024,"height":683},{"@type":"BreadcrumbList","@id":"https:\/\/www.notibras.com\/site\/mercedes-da-as-cartas-e-hamilton-e-mais-rapido-no-primeiro-treino-livre\/#breadcrumb","itemListElement":[{"@type":"ListItem","position":1,"name":"In\u00edcio","item":"https:\/\/www.notibras.com\/site\/"},{"@type":"ListItem","position":2,"name":"Mercedes d\u00e1 as cartas e Hamilton \u00e9 mais r\u00e1pido no primeiro treino"}]},{"@type":"WebSite","@id":"https:\/\/www.notibras.com\/site\/#website","url":"https:\/\/www.notibras.com\/site\/","name":"Notibras","description":"Not\u00edcias de Bras\u00edlia, do Brasil e do Mundo","publisher":{"@id":"https:\/\/www.notibras.com\/site\/#organization"},"potentialAction":[{"@type":"SearchAction","target":{"@type":"EntryPoint","urlTemplate":"https:\/\/www.notibras.com\/site\/?s={search_term_string}"},"query-input":{"@type":"PropertyValueSpecification","valueRequired":true,"valueName":"search_term_string"}}],"inLanguage":"pt-BR"},{"@type":"Organization","@id":"https:\/\/www.notibras.com\/site\/#organization","name":"Grupo Notibras de Comunica\u00e7\u00e3o","url":"https:\/\/www.notibras.com\/site\/","logo":{"@type":"ImageObject","inLanguage":"pt-BR","@id":"https:\/\/www.notibras.com\/site\/#\/schema\/logo\/image\/","url":"https:\/\/www.notibras.com\/site\/wp-content\/uploads\/2023\/01\/notibras23.png","contentUrl":"https:\/\/www.notibras.com\/site\/wp-content\/uploads\/2023\/01\/notibras23.png","width":350,"height":87,"caption":"Grupo Notibras de Comunica\u00e7\u00e3o"},"image":{"@id":"https:\/\/www.notibras.com\/site\/#\/schema\/logo\/image\/"},"sameAs":["https:\/\/www.facebook.com\/notibras\/","https:\/\/x.com\/Notibras","https:\/\/www.instagram.com\/notibras\/"]},{"@type":"Person","@id":"https:\/\/www.notibras.com\/site\/#\/schema\/person\/36ab0979449956132d3e5b517ea76ac8","name":"Reda\u00e7\u00e3o","image":{"@type":"ImageObject","inLanguage":"pt-BR","@id":"https:\/\/secure.gravatar.com\/avatar\/e0a867bdedb85fd243eadf09663511f96fc81e0720a4a42581f334ad4303aa6b?s=96&d=mm&r=g","url":"https:\/\/secure.gravatar.com\/avatar\/e0a867bdedb85fd243eadf09663511f96fc81e0720a4a42581f334ad4303aa6b?s=96&d=mm&r=g","contentUrl":"https:\/\/secure.gravatar.com\/avatar\/e0a867bdedb85fd243eadf09663511f96fc81e0720a4a42581f334ad4303aa6b?s=96&d=mm&r=g","caption":"Reda\u00e7\u00e3o"}}]}},"amp_enabled":true,"_links":{"self":[{"href":"https:\/\/www.notibras.com\/site\/wp-json\/wp\/v2\/posts\/5996","targetHints":{"allow":["GET"]}}],"collection":[{"href":"https:\/\/www.notibras.com\/site\/wp-json\/wp\/v2\/posts"}],"about":[{"href":"https:\/\/www.notibras.com\/site\/wp-json\/wp\/v2\/types\/post"}],"author":[{"embeddable":true,"href":"https:\/\/www.notibras.com\/site\/wp-json\/wp\/v2\/users\/2"}],"replies":[{"embeddable":true,"href":"https:\/\/www.notibras.com\/site\/wp-json\/wp\/v2\/comments?post=5996"}],"version-history":[{"count":0,"href":"https:\/\/www.notibras.com\/site\/wp-json\/wp\/v2\/posts\/5996\/revisions"}],"wp:featuredmedia":[{"embeddable":true,"href":"https:\/\/www.notibras.com\/site\/wp-json\/wp\/v2\/media\/5997"}],"wp:attachment":[{"href":"https:\/\/www.notibras.com\/site\/wp-json\/wp\/v2\/media?parent=5996"}],"wp:term":[{"taxonomy":"category","embeddable":true,"href":"https:\/\/www.notibras.com\/site\/wp-json\/wp\/v2\/categories?post=5996"},{"taxonomy":"post_tag","embeddable":true,"href":"https:\/\/www.notibras.com\/site\/wp-json\/wp\/v2\/tags?post=5996"}],"curies":[{"name":"wp","href":"https:\/\/api.w.org\/{rel}","templated":true}]}}