{"id":60058,"date":"2015-08-03T23:12:58","date_gmt":"2015-08-04T02:12:58","guid":{"rendered":"http:\/\/www.notibras.com\/site\/?p=60058"},"modified":"2015-08-14T11:59:39","modified_gmt":"2015-08-14T14:59:39","slug":"247-precisa-mudar-pena-de-tres-meses-para-safadeza-e-muito-pouco","status":"publish","type":"post","link":"https:\/\/www.notibras.com\/site\/247-precisa-mudar-pena-de-tres-meses-para-safadeza-e-muito-pouco\/","title":{"rendered":"247 precisa mudar; pena de tr\u00eas meses para a safadeza \u00e9 muito pouco"},"content":{"rendered":"<p>\u00c9 incr\u00edvel a hist\u00f3ria. No dia 14 de junho de 1940 os alem\u00e3es ocuparam Paris. No dia 27 de setembro, a Alemanha, a It\u00e1lia e o Jap\u00e3o comem Streuselkuchen, que no Sul do Brasil \u00e9 conhecido como cuca. A\u00ed v\u00eam pizza e sashimi, para o sabor de Hitler. Em dezembro do mesmo ano o Decreto Lei n\u00ba 2.848 do C\u00f3digo Penal brasileiro publica:<\/p>\n<blockquote><p>Art. 247 &#8211; Permitir algu\u00e9m que menor de dezoito anos, sujeito a seu poder ou confiado \u00e0 sua guarda ou vigil\u00e2ncia:<br \/>\nI &#8211; freq\u00fcente casa de jogo ou mal-afamada, ou conviva com pessoa viciosa ou de m\u00e1 vida;<br \/>\nII &#8211; freq\u00fcente espet\u00e1culo capaz de pervert\u00ea-lo ou de ofender-lhe o pudor, ou participe de representa\u00e7\u00e3o de igual natureza;<br \/>\nIII &#8211; resida ou trabalhe em casa de prostitui\u00e7\u00e3o;<br \/>\nIV &#8211; mendigue ou sirva a mendigo para excitar a comisera\u00e7\u00e3o p\u00fablica:<br \/>\nPena &#8211; deten\u00e7\u00e3o, de um a tr\u00eas meses, ou multa.<\/p><\/blockquote>\n<p>Quem defende a revis\u00e3o do CPB est\u00e1 certo. O Artigo 247 \u00e9 abundantemente utilizado por aqui, mas muito atualizado. Informa\u00e7\u00f5es que chegam agora interpretam o Artigo 247, que quis ser famoso e ser\u00e1, por outros motivos. \u00c9 uma quest\u00e3o de interpreta\u00e7\u00e3o: natural de Nova Hampshire, Dan Brown utilizou e misturou muito bem a realidade com a fic\u00e7\u00e3o. Mas ele n\u00e3o conhecia o Brasil onde a realidade e a fic\u00e7\u00e3o s\u00e3o ambas realidade. Pirou? Calma, tem mais.<\/p>\n<p>O Artigo 247, dos anos 40, \u00e9 manso. O texto \u00e9 erudito, pr\u00f3prio da \u00e9poca. As penas tamb\u00e9m.<\/p>\n<blockquote><p>Agora a Justi\u00e7a Federal acaba de enquadrar o Artigo 247, est\u00e1 levando representantes ao c\u00e1rcere, mas o referido artigo est\u00e1 muito pr\u00f3ximo de representantes do GDF, de alguns jornalistas, o que \u00e9 lament\u00e1vel, e de governantes incipientes. A manchete do Artigo 247 no seu portal de not\u00edcias (sim, o C\u00f3digo Penal Brasileiro, aparentemente, tem um portal de not\u00edcias, acredite) n\u00e3o faz refer\u00eancia \u00e0s apreens\u00f5es de pessoas desta segunda-feira, 3 de agosto.<\/p><\/blockquote>\n<p>Mas h\u00e1 raz\u00f5es para isso. O v\u00edcio \u00e9 antigo, a pr\u00e1tica nem se fala. Agora o Artigo 247 tem um aliado muito forte, pelo menos politicamente, no \u00e2mbito dos dom\u00ednios da loba que \u00e9, de fato, uma organiza\u00e7\u00e3o operadora infiltrada no governo de Rollemberg. Chegamos ao momento em que devemos celebrar Carmem Miranda, que mesmo n\u00e3o tendo nada a ver com o Brasil, virou celebridade cantando Brasil nos anos 40. \u00c9 mesmo incr\u00edvel.<\/p>\n<p>Todos sabem de tudo e ningu\u00e9m revela nada a n\u00e3o ser por meio de dela\u00e7\u00e3o premiada orientada pela advogada Gata Preta, ops, Catta Preta, que foi levada a deixar o pa\u00eds, antes que o poder chegasse ao calcanhar de seu homem. O amor \u00e9 lindo.<\/p>\n<p>Mas vamos deixar Miami de lado para falar do Artigo 247. Precisamos revisar o C\u00f3digo Penal Brasileiro. N\u00e3o \u00e9 poss\u00edvel conviver e ser enquadrado por um artigo penal dos anos 40.<\/p>\n<blockquote><p>Nenhum grupo S.A. tem medo disso, mesmo porque a penalidade \u00e9 frouxa para quem j\u00e1 experimentou outras san\u00e7\u00f5es em terras distantes. O problema do Brasil \u00e9 que o desenho de poder para a Am\u00e9rica do Sul desprezou o Artigo 247. Imaginou ele menor. O Brasil, claro, n\u00e3o o 247. Mas n\u00e3o \u00e9.<\/p><\/blockquote>\n<p>Em alguns casos privilegiados de acusados ouviremos os supremos ministros ilustres com suas falas decoradas, dizer: \u201co 247 n\u00e3o traduz o rombo provocado por empreiteiros, publicit\u00e1rios, lobistas, pol\u00edticos e outras fac\u00e7\u00f5es no Brasil e muito menos em Bras\u00edlia\u201d.<\/p>\n<p>A centena 247 \u00e9 campe\u00e3 em apostas hoje no Distrito Federal: Elefante, 47. N\u00e3o \u00e9 nenhuma refer\u00eancia ao titular que hoje comanda boa parte do GDF com a coniv\u00eancia do governador, apenas coincid\u00eancia.<\/p>\n<blockquote><p>\u00c0 \u00e9poca do Artigo 247, Charles Chaplin foi consagrado com o filme o Grande Ditador. Inocente&#8230; ele n\u00e3o previa a exist\u00eancia de uma corpora\u00e7\u00e3o S.A. nem do Artigo 247. Anote: 247. \u00c9 cabal\u00edstico&#8230;<\/p><\/blockquote>\n","protected":false},"excerpt":{"rendered":"<p>\u00c9 incr\u00edvel a hist\u00f3ria. No dia 14 de junho de 1940 os alem\u00e3es ocuparam Paris. No dia 27 de setembro, a Alemanha, a It\u00e1lia e o Jap\u00e3o comem Streuselkuchen, que no Sul do Brasil \u00e9 conhecido como cuca. A\u00ed v\u00eam pizza e sashimi, para o sabor de Hitler. Em dezembro do mesmo ano o Decreto [&hellip;]<\/p>\n","protected":false},"author":2,"featured_media":60059,"comment_status":"open","ping_status":"closed","sticky":false,"template":"","format":"standard","meta":{"_acf_changed":false,"footnotes":""},"categories":[48],"tags":[],"class_list":["post-60058","post","type-post","status-publish","format-standard","has-post-thumbnail","hentry","category-ferriche"],"acf":[],"yoast_head":"<!-- This site is optimized with the Yoast SEO plugin v27.2 - https:\/\/yoast.com\/product\/yoast-seo-wordpress\/ -->\n<title>247 precisa mudar; pena de tr\u00eas meses para a safadeza \u00e9 muito pouco - Notibras<\/title>\n<meta name=\"robots\" content=\"index, follow, max-snippet:-1, max-image-preview:large, max-video-preview:-1\" \/>\n<link rel=\"canonical\" href=\"https:\/\/www.notibras.com\/site\/247-precisa-mudar-pena-de-tres-meses-para-safadeza-e-muito-pouco\/\" \/>\n<meta property=\"og:locale\" content=\"pt_BR\" \/>\n<meta property=\"og:type\" content=\"article\" \/>\n<meta property=\"og:title\" content=\"247 precisa mudar; pena de tr\u00eas meses para a safadeza \u00e9 muito pouco - Notibras\" \/>\n<meta property=\"og:description\" content=\"\u00c9 incr\u00edvel a hist\u00f3ria. No dia 14 de junho de 1940 os alem\u00e3es ocuparam Paris. No dia 27 de setembro, a Alemanha, a It\u00e1lia e o Jap\u00e3o comem Streuselkuchen, que no Sul do Brasil \u00e9 conhecido como cuca. A\u00ed v\u00eam pizza e sashimi, para o sabor de Hitler. Em dezembro do mesmo ano o Decreto [&hellip;]\" \/>\n<meta property=\"og:url\" content=\"https:\/\/www.notibras.com\/site\/247-precisa-mudar-pena-de-tres-meses-para-safadeza-e-muito-pouco\/\" \/>\n<meta property=\"og:site_name\" content=\"Notibras\" \/>\n<meta property=\"article:publisher\" content=\"https:\/\/www.facebook.com\/notibras\/\" \/>\n<meta property=\"article:published_time\" content=\"2015-08-04T02:12:58+00:00\" \/>\n<meta property=\"article:modified_time\" content=\"2015-08-14T14:59:39+00:00\" \/>\n<meta property=\"og:image\" content=\"https:\/\/www.notibras.com\/site\/wp-content\/uploads\/2015\/08\/014.jpg\" \/>\n\t<meta property=\"og:image:width\" content=\"619\" \/>\n\t<meta property=\"og:image:height\" content=\"480\" \/>\n\t<meta property=\"og:image:type\" content=\"image\/jpeg\" \/>\n<meta name=\"author\" content=\"Reda\u00e7\u00e3o\" \/>\n<meta name=\"twitter:card\" content=\"summary_large_image\" \/>\n<meta name=\"twitter:creator\" content=\"@Notibras\" \/>\n<meta name=\"twitter:site\" content=\"@Notibras\" \/>\n<meta name=\"twitter:label1\" content=\"Escrito por\" \/>\n\t<meta name=\"twitter:data1\" content=\"Reda\u00e7\u00e3o\" \/>\n\t<meta name=\"twitter:label2\" content=\"Est. tempo de leitura\" \/>\n\t<meta name=\"twitter:data2\" content=\"3 minutos\" \/>\n<script type=\"application\/ld+json\" class=\"yoast-schema-graph\">{\"@context\":\"https:\/\/schema.org\",\"@graph\":[{\"@type\":\"Article\",\"@id\":\"https:\/\/www.notibras.com\/site\/247-precisa-mudar-pena-de-tres-meses-para-safadeza-e-muito-pouco\/#article\",\"isPartOf\":{\"@id\":\"https:\/\/www.notibras.com\/site\/247-precisa-mudar-pena-de-tres-meses-para-safadeza-e-muito-pouco\/\"},\"author\":{\"name\":\"Reda\u00e7\u00e3o\",\"@id\":\"https:\/\/www.notibras.com\/site\/#\/schema\/person\/36ab0979449956132d3e5b517ea76ac8\"},\"headline\":\"247 precisa mudar; pena de tr\u00eas meses para a safadeza \u00e9 muito pouco\",\"datePublished\":\"2015-08-04T02:12:58+00:00\",\"dateModified\":\"2015-08-14T14:59:39+00:00\",\"mainEntityOfPage\":{\"@id\":\"https:\/\/www.notibras.com\/site\/247-precisa-mudar-pena-de-tres-meses-para-safadeza-e-muito-pouco\/\"},\"wordCount\":661,\"commentCount\":0,\"publisher\":{\"@id\":\"https:\/\/www.notibras.com\/site\/#organization\"},\"image\":{\"@id\":\"https:\/\/www.notibras.com\/site\/247-precisa-mudar-pena-de-tres-meses-para-safadeza-e-muito-pouco\/#primaryimage\"},\"thumbnailUrl\":\"https:\/\/www.notibras.com\/site\/wp-content\/uploads\/2015\/08\/014.jpg\",\"articleSection\":[\"Kleber Ferriche\"],\"inLanguage\":\"pt-BR\",\"potentialAction\":[{\"@type\":\"CommentAction\",\"name\":\"Comment\",\"target\":[\"https:\/\/www.notibras.com\/site\/247-precisa-mudar-pena-de-tres-meses-para-safadeza-e-muito-pouco\/#respond\"]}]},{\"@type\":\"WebPage\",\"@id\":\"https:\/\/www.notibras.com\/site\/247-precisa-mudar-pena-de-tres-meses-para-safadeza-e-muito-pouco\/\",\"url\":\"https:\/\/www.notibras.com\/site\/247-precisa-mudar-pena-de-tres-meses-para-safadeza-e-muito-pouco\/\",\"name\":\"247 precisa mudar; pena de tr\u00eas meses para a safadeza \u00e9 muito pouco - Notibras\",\"isPartOf\":{\"@id\":\"https:\/\/www.notibras.com\/site\/#website\"},\"primaryImageOfPage\":{\"@id\":\"https:\/\/www.notibras.com\/site\/247-precisa-mudar-pena-de-tres-meses-para-safadeza-e-muito-pouco\/#primaryimage\"},\"image\":{\"@id\":\"https:\/\/www.notibras.com\/site\/247-precisa-mudar-pena-de-tres-meses-para-safadeza-e-muito-pouco\/#primaryimage\"},\"thumbnailUrl\":\"https:\/\/www.notibras.com\/site\/wp-content\/uploads\/2015\/08\/014.jpg\",\"datePublished\":\"2015-08-04T02:12:58+00:00\",\"dateModified\":\"2015-08-14T14:59:39+00:00\",\"breadcrumb\":{\"@id\":\"https:\/\/www.notibras.com\/site\/247-precisa-mudar-pena-de-tres-meses-para-safadeza-e-muito-pouco\/#breadcrumb\"},\"inLanguage\":\"pt-BR\",\"potentialAction\":[{\"@type\":\"ReadAction\",\"target\":[\"https:\/\/www.notibras.com\/site\/247-precisa-mudar-pena-de-tres-meses-para-safadeza-e-muito-pouco\/\"]}]},{\"@type\":\"ImageObject\",\"inLanguage\":\"pt-BR\",\"@id\":\"https:\/\/www.notibras.com\/site\/247-precisa-mudar-pena-de-tres-meses-para-safadeza-e-muito-pouco\/#primaryimage\",\"url\":\"https:\/\/www.notibras.com\/site\/wp-content\/uploads\/2015\/08\/014.jpg\",\"contentUrl\":\"https:\/\/www.notibras.com\/site\/wp-content\/uploads\/2015\/08\/014.jpg\",\"width\":619,\"height\":480,\"caption\":\"*\"},{\"@type\":\"BreadcrumbList\",\"@id\":\"https:\/\/www.notibras.com\/site\/247-precisa-mudar-pena-de-tres-meses-para-safadeza-e-muito-pouco\/#breadcrumb\",\"itemListElement\":[{\"@type\":\"ListItem\",\"position\":1,\"name\":\"In\u00edcio\",\"item\":\"https:\/\/www.notibras.com\/site\/\"},{\"@type\":\"ListItem\",\"position\":2,\"name\":\"247 precisa mudar; pena de tr\u00eas meses para a safadeza \u00e9 muito pouco\"}]},{\"@type\":\"WebSite\",\"@id\":\"https:\/\/www.notibras.com\/site\/#website\",\"url\":\"https:\/\/www.notibras.com\/site\/\",\"name\":\"Notibras\",\"description\":\"Not\u00edcias de Bras\u00edlia, do Brasil e do Mundo\",\"publisher\":{\"@id\":\"https:\/\/www.notibras.com\/site\/#organization\"},\"potentialAction\":[{\"@type\":\"SearchAction\",\"target\":{\"@type\":\"EntryPoint\",\"urlTemplate\":\"https:\/\/www.notibras.com\/site\/?s={search_term_string}\"},\"query-input\":{\"@type\":\"PropertyValueSpecification\",\"valueRequired\":true,\"valueName\":\"search_term_string\"}}],\"inLanguage\":\"pt-BR\"},{\"@type\":\"Organization\",\"@id\":\"https:\/\/www.notibras.com\/site\/#organization\",\"name\":\"Grupo Notibras de Comunica\u00e7\u00e3o\",\"url\":\"https:\/\/www.notibras.com\/site\/\",\"logo\":{\"@type\":\"ImageObject\",\"inLanguage\":\"pt-BR\",\"@id\":\"https:\/\/www.notibras.com\/site\/#\/schema\/logo\/image\/\",\"url\":\"https:\/\/www.notibras.com\/site\/wp-content\/uploads\/2023\/01\/notibras23.png\",\"contentUrl\":\"https:\/\/www.notibras.com\/site\/wp-content\/uploads\/2023\/01\/notibras23.png\",\"width\":350,\"height\":87,\"caption\":\"Grupo Notibras de Comunica\u00e7\u00e3o\"},\"image\":{\"@id\":\"https:\/\/www.notibras.com\/site\/#\/schema\/logo\/image\/\"},\"sameAs\":[\"https:\/\/www.facebook.com\/notibras\/\",\"https:\/\/x.com\/Notibras\",\"https:\/\/www.instagram.com\/notibras\/\"]},{\"@type\":\"Person\",\"@id\":\"https:\/\/www.notibras.com\/site\/#\/schema\/person\/36ab0979449956132d3e5b517ea76ac8\",\"name\":\"Reda\u00e7\u00e3o\",\"image\":{\"@type\":\"ImageObject\",\"inLanguage\":\"pt-BR\",\"@id\":\"https:\/\/secure.gravatar.com\/avatar\/e0a867bdedb85fd243eadf09663511f96fc81e0720a4a42581f334ad4303aa6b?s=96&d=mm&r=g\",\"url\":\"https:\/\/secure.gravatar.com\/avatar\/e0a867bdedb85fd243eadf09663511f96fc81e0720a4a42581f334ad4303aa6b?s=96&d=mm&r=g\",\"contentUrl\":\"https:\/\/secure.gravatar.com\/avatar\/e0a867bdedb85fd243eadf09663511f96fc81e0720a4a42581f334ad4303aa6b?s=96&d=mm&r=g\",\"caption\":\"Reda\u00e7\u00e3o\"}}]}<\/script>\n<!-- \/ Yoast SEO plugin. -->","yoast_head_json":{"title":"247 precisa mudar; pena de tr\u00eas meses para a safadeza \u00e9 muito pouco - Notibras","robots":{"index":"index","follow":"follow","max-snippet":"max-snippet:-1","max-image-preview":"max-image-preview:large","max-video-preview":"max-video-preview:-1"},"canonical":"https:\/\/www.notibras.com\/site\/247-precisa-mudar-pena-de-tres-meses-para-safadeza-e-muito-pouco\/","og_locale":"pt_BR","og_type":"article","og_title":"247 precisa mudar; pena de tr\u00eas meses para a safadeza \u00e9 muito pouco - Notibras","og_description":"\u00c9 incr\u00edvel a hist\u00f3ria. No dia 14 de junho de 1940 os alem\u00e3es ocuparam Paris. No dia 27 de setembro, a Alemanha, a It\u00e1lia e o Jap\u00e3o comem Streuselkuchen, que no Sul do Brasil \u00e9 conhecido como cuca. A\u00ed v\u00eam pizza e sashimi, para o sabor de Hitler. Em dezembro do mesmo ano o Decreto [&hellip;]","og_url":"https:\/\/www.notibras.com\/site\/247-precisa-mudar-pena-de-tres-meses-para-safadeza-e-muito-pouco\/","og_site_name":"Notibras","article_publisher":"https:\/\/www.facebook.com\/notibras\/","article_published_time":"2015-08-04T02:12:58+00:00","article_modified_time":"2015-08-14T14:59:39+00:00","og_image":[{"width":619,"height":480,"url":"https:\/\/www.notibras.com\/site\/wp-content\/uploads\/2015\/08\/014.jpg","type":"image\/jpeg"}],"author":"Reda\u00e7\u00e3o","twitter_card":"summary_large_image","twitter_creator":"@Notibras","twitter_site":"@Notibras","twitter_misc":{"Escrito por":"Reda\u00e7\u00e3o","Est. tempo de leitura":"3 minutos"},"schema":{"@context":"https:\/\/schema.org","@graph":[{"@type":"Article","@id":"https:\/\/www.notibras.com\/site\/247-precisa-mudar-pena-de-tres-meses-para-safadeza-e-muito-pouco\/#article","isPartOf":{"@id":"https:\/\/www.notibras.com\/site\/247-precisa-mudar-pena-de-tres-meses-para-safadeza-e-muito-pouco\/"},"author":{"name":"Reda\u00e7\u00e3o","@id":"https:\/\/www.notibras.com\/site\/#\/schema\/person\/36ab0979449956132d3e5b517ea76ac8"},"headline":"247 precisa mudar; pena de tr\u00eas meses para a safadeza \u00e9 muito pouco","datePublished":"2015-08-04T02:12:58+00:00","dateModified":"2015-08-14T14:59:39+00:00","mainEntityOfPage":{"@id":"https:\/\/www.notibras.com\/site\/247-precisa-mudar-pena-de-tres-meses-para-safadeza-e-muito-pouco\/"},"wordCount":661,"commentCount":0,"publisher":{"@id":"https:\/\/www.notibras.com\/site\/#organization"},"image":{"@id":"https:\/\/www.notibras.com\/site\/247-precisa-mudar-pena-de-tres-meses-para-safadeza-e-muito-pouco\/#primaryimage"},"thumbnailUrl":"https:\/\/www.notibras.com\/site\/wp-content\/uploads\/2015\/08\/014.jpg","articleSection":["Kleber Ferriche"],"inLanguage":"pt-BR","potentialAction":[{"@type":"CommentAction","name":"Comment","target":["https:\/\/www.notibras.com\/site\/247-precisa-mudar-pena-de-tres-meses-para-safadeza-e-muito-pouco\/#respond"]}]},{"@type":"WebPage","@id":"https:\/\/www.notibras.com\/site\/247-precisa-mudar-pena-de-tres-meses-para-safadeza-e-muito-pouco\/","url":"https:\/\/www.notibras.com\/site\/247-precisa-mudar-pena-de-tres-meses-para-safadeza-e-muito-pouco\/","name":"247 precisa mudar; pena de tr\u00eas meses para a safadeza \u00e9 muito pouco - Notibras","isPartOf":{"@id":"https:\/\/www.notibras.com\/site\/#website"},"primaryImageOfPage":{"@id":"https:\/\/www.notibras.com\/site\/247-precisa-mudar-pena-de-tres-meses-para-safadeza-e-muito-pouco\/#primaryimage"},"image":{"@id":"https:\/\/www.notibras.com\/site\/247-precisa-mudar-pena-de-tres-meses-para-safadeza-e-muito-pouco\/#primaryimage"},"thumbnailUrl":"https:\/\/www.notibras.com\/site\/wp-content\/uploads\/2015\/08\/014.jpg","datePublished":"2015-08-04T02:12:58+00:00","dateModified":"2015-08-14T14:59:39+00:00","breadcrumb":{"@id":"https:\/\/www.notibras.com\/site\/247-precisa-mudar-pena-de-tres-meses-para-safadeza-e-muito-pouco\/#breadcrumb"},"inLanguage":"pt-BR","potentialAction":[{"@type":"ReadAction","target":["https:\/\/www.notibras.com\/site\/247-precisa-mudar-pena-de-tres-meses-para-safadeza-e-muito-pouco\/"]}]},{"@type":"ImageObject","inLanguage":"pt-BR","@id":"https:\/\/www.notibras.com\/site\/247-precisa-mudar-pena-de-tres-meses-para-safadeza-e-muito-pouco\/#primaryimage","url":"https:\/\/www.notibras.com\/site\/wp-content\/uploads\/2015\/08\/014.jpg","contentUrl":"https:\/\/www.notibras.com\/site\/wp-content\/uploads\/2015\/08\/014.jpg","width":619,"height":480,"caption":"*"},{"@type":"BreadcrumbList","@id":"https:\/\/www.notibras.com\/site\/247-precisa-mudar-pena-de-tres-meses-para-safadeza-e-muito-pouco\/#breadcrumb","itemListElement":[{"@type":"ListItem","position":1,"name":"In\u00edcio","item":"https:\/\/www.notibras.com\/site\/"},{"@type":"ListItem","position":2,"name":"247 precisa mudar; pena de tr\u00eas meses para a safadeza \u00e9 muito pouco"}]},{"@type":"WebSite","@id":"https:\/\/www.notibras.com\/site\/#website","url":"https:\/\/www.notibras.com\/site\/","name":"Notibras","description":"Not\u00edcias de Bras\u00edlia, do Brasil e do Mundo","publisher":{"@id":"https:\/\/www.notibras.com\/site\/#organization"},"potentialAction":[{"@type":"SearchAction","target":{"@type":"EntryPoint","urlTemplate":"https:\/\/www.notibras.com\/site\/?s={search_term_string}"},"query-input":{"@type":"PropertyValueSpecification","valueRequired":true,"valueName":"search_term_string"}}],"inLanguage":"pt-BR"},{"@type":"Organization","@id":"https:\/\/www.notibras.com\/site\/#organization","name":"Grupo Notibras de Comunica\u00e7\u00e3o","url":"https:\/\/www.notibras.com\/site\/","logo":{"@type":"ImageObject","inLanguage":"pt-BR","@id":"https:\/\/www.notibras.com\/site\/#\/schema\/logo\/image\/","url":"https:\/\/www.notibras.com\/site\/wp-content\/uploads\/2023\/01\/notibras23.png","contentUrl":"https:\/\/www.notibras.com\/site\/wp-content\/uploads\/2023\/01\/notibras23.png","width":350,"height":87,"caption":"Grupo Notibras de Comunica\u00e7\u00e3o"},"image":{"@id":"https:\/\/www.notibras.com\/site\/#\/schema\/logo\/image\/"},"sameAs":["https:\/\/www.facebook.com\/notibras\/","https:\/\/x.com\/Notibras","https:\/\/www.instagram.com\/notibras\/"]},{"@type":"Person","@id":"https:\/\/www.notibras.com\/site\/#\/schema\/person\/36ab0979449956132d3e5b517ea76ac8","name":"Reda\u00e7\u00e3o","image":{"@type":"ImageObject","inLanguage":"pt-BR","@id":"https:\/\/secure.gravatar.com\/avatar\/e0a867bdedb85fd243eadf09663511f96fc81e0720a4a42581f334ad4303aa6b?s=96&d=mm&r=g","url":"https:\/\/secure.gravatar.com\/avatar\/e0a867bdedb85fd243eadf09663511f96fc81e0720a4a42581f334ad4303aa6b?s=96&d=mm&r=g","contentUrl":"https:\/\/secure.gravatar.com\/avatar\/e0a867bdedb85fd243eadf09663511f96fc81e0720a4a42581f334ad4303aa6b?s=96&d=mm&r=g","caption":"Reda\u00e7\u00e3o"}}]}},"amp_enabled":true,"_links":{"self":[{"href":"https:\/\/www.notibras.com\/site\/wp-json\/wp\/v2\/posts\/60058","targetHints":{"allow":["GET"]}}],"collection":[{"href":"https:\/\/www.notibras.com\/site\/wp-json\/wp\/v2\/posts"}],"about":[{"href":"https:\/\/www.notibras.com\/site\/wp-json\/wp\/v2\/types\/post"}],"author":[{"embeddable":true,"href":"https:\/\/www.notibras.com\/site\/wp-json\/wp\/v2\/users\/2"}],"replies":[{"embeddable":true,"href":"https:\/\/www.notibras.com\/site\/wp-json\/wp\/v2\/comments?post=60058"}],"version-history":[{"count":0,"href":"https:\/\/www.notibras.com\/site\/wp-json\/wp\/v2\/posts\/60058\/revisions"}],"wp:featuredmedia":[{"embeddable":true,"href":"https:\/\/www.notibras.com\/site\/wp-json\/wp\/v2\/media\/60059"}],"wp:attachment":[{"href":"https:\/\/www.notibras.com\/site\/wp-json\/wp\/v2\/media?parent=60058"}],"wp:term":[{"taxonomy":"category","embeddable":true,"href":"https:\/\/www.notibras.com\/site\/wp-json\/wp\/v2\/categories?post=60058"},{"taxonomy":"post_tag","embeddable":true,"href":"https:\/\/www.notibras.com\/site\/wp-json\/wp\/v2\/tags?post=60058"}],"curies":[{"name":"wp","href":"https:\/\/api.w.org\/{rel}","templated":true}]}}