{"id":60074,"date":"2015-08-03T23:31:12","date_gmt":"2015-08-04T02:31:12","guid":{"rendered":"http:\/\/www.notibras.com\/site\/?p=60074"},"modified":"2015-08-25T20:06:20","modified_gmt":"2015-08-25T23:06:20","slug":"etica-na-politica-e-na-sociedade-precisa-deixar-de-ser-questao-relativa","status":"publish","type":"post","link":"https:\/\/www.notibras.com\/site\/etica-na-politica-e-na-sociedade-precisa-deixar-de-ser-questao-relativa\/","title":{"rendered":"\u00c9tica na pol\u00edtica e na sociedade precisa deixar de ser quest\u00e3o relativa"},"content":{"rendered":"<p>A primeira frase no cl\u00e1ssico A Luta pelo Direito do alem\u00e3o Rudolf von Ihering \u00e9 \u201cO objetivo do Direito \u00e9 a paz, a luta \u00e9 o meio para consegui-la.\u201d. A afirmativa soa bastante contradit\u00f3ria ao sugerir que por meio da luta e\/ou viol\u00eancia, se alcan\u00e7a a paz.<\/p>\n<p>Regredindo um pouco mais no tempo, j\u00e1 dizia Paulo em ep\u00edstola a Tim\u00f3teo que combatera o bom combate, numa clara alus\u00e3o de que sem ele n\u00e3o se alcan\u00e7aria minimamente tanto o objetivo almejado quanto a satisfa\u00e7\u00e3o de ter ao menos tentado.<\/p>\n<p>A luta \u00e9 inerente ao ser humano, desde as pinturas rupestres \u2013 como aquelas mesmas encontradas nas cavernas do Piau\u00ed \u2013, at\u00e9 aos conflitos cuja repercuss\u00e3o chega ao alto conselho das Na\u00e7\u00f5es Unidas para delibera\u00e7\u00e3o acerca de san\u00e7\u00f5es ou ajuda humanit\u00e1ria.<\/p>\n<p>O que distancia os seres humanos dos animais \u2013 e aqui n\u00e3o estamos falando da capacidade de vida harmoniosa e equilibrada \u2013 \u00e9 a aplica\u00e7\u00e3o de conceitos sobre respeito e conviv\u00eancia em sociedade, conjunto de valores ao qual se denomina \u00e9tica.<\/p>\n<p>A \u00e9tica nos acompanha diariamente, como uma sombra que \u00e0s vezes adentra at\u00e9 mesmo nosso subconsciente enquanto sonhamos, sendo poss\u00edvel a aplica\u00e7\u00e3o no ambiente familiar e nas rela\u00e7\u00f5es de trabalho e conviv\u00eancia social.<\/p>\n<p>A observ\u00e2ncia de preceitos \u00e9ticos n\u00e3o est\u00e1 ligada ao local onde o indiv\u00edduo se encontra na sociedade ou na sua condi\u00e7\u00e3o econ\u00f4mica. Vemos not\u00edcias na imprensa sobre pessoas que devolvem quantias de dinheiro achadas na rua e t\u00eam suas vidas alteradas a partir desse acontecimento.<\/p>\n<p>Surge a pergunta: a atitude de devolver um achado que n\u00e3o lhe pertence \u00e9 uma atitude inesperada do ser humano? Parece-me que a resposta, ao menos de acordo com a cultura da terra brazilis, \u00e9 um sonoro SIM.<\/p>\n<p>Da\u00ed, pra relativiza\u00e7\u00e3o da \u00c9tica \u00e9 um pulo, com a ampla difus\u00e3o do dito popular \u201crouba, mas faz\u201d aplicado na pol\u00edtica do ponto de vista mais amplo.<\/p>\n<p>Entretanto, ao se aplicar o mesmo dito dentro de casa, nos deparamos com aquela situa\u00e7\u00e3o da empregada que \u00e9 pontual, excelente na limpeza, \u00f3tima cozinheira, carinhosa com as crian\u00e7as, por\u00e9m, subtrai objetos da sua casa.<\/p>\n<p>Rapidamente, o leitor ao vislumbrar o exemplo acontecendo debaixo de seu teto, se indigna com a hip\u00f3tese de ter em casa algu\u00e9m que rouba, mas faz.<\/p>\n<p>Esse relativismo da \u00e9tica explica porque se tornou normal o cidad\u00e3o em nosso pa\u00eds se escandalizar com uma viola\u00e7\u00e3o dentro de casa, mas parecer n\u00e3o se incomodar com outras de valores nababescos que ocorrem na administra\u00e7\u00e3o p\u00fablica.<\/p>\n<p>O relativismo da \u00e9tica \u00e9 que permite que o cidad\u00e3o jogue lixo na rua, mas n\u00e3o no ch\u00e3o de sua casa. O mesmo relativismo que faz o traficante atirar de fuzil contra a pol\u00edcia, mas levantar os bra\u00e7os apelando pra legalidade gritando \u201cperdi!\u201d quando encurralado.<\/p>\n<p>\u00c9 necess\u00e1rio o enfrentamento dos relativismos que permeiam a sociedade atualmente, e isso somente se iniciar\u00e1 se as perguntas certas forem feitas: voc\u00ea que \u00e9 a favor das invas\u00f5es de propriedades rurais, e se fosse na sua casa? Voc\u00ea que bloqueia a rua num protesto, e se fosse voc\u00ea em p\u00e9 dentro do \u00f4nibus lotado e parado? Voc\u00ea que n\u00e3o se importa com a m\u00e1 gest\u00e3o de recursos p\u00fablicos, sabia que o dinheiro \u00e9 seu tamb\u00e9m?<\/p>\n<p>Essa reflex\u00e3o apenas exp\u00f5e um conceito b\u00e1sico para o conv\u00edvio social que para alguns \u00e9 teoria (\u00e9tica) e para outros \u00e9 pr\u00e1tica (moral) e nos acompanha do ber\u00e7o ao t\u00famulo. Isso mesmo, pra nascer e pra morrer tamb\u00e9m h\u00e1 preceitos a serem seguidos, mas isso fica pra outra coluna.<\/p>\n<p>E assim eu estreio neste espa\u00e7o, comprometendo-me a trazer textos mais leves e afetos ao Direito no dia a dia do leitor.<\/p>\n","protected":false},"excerpt":{"rendered":"<p>A primeira frase no cl\u00e1ssico A Luta pelo Direito do alem\u00e3o Rudolf von Ihering \u00e9 \u201cO objetivo do Direito \u00e9 a paz, a luta \u00e9 o meio para consegui-la.\u201d. A afirmativa soa bastante contradit\u00f3ria ao sugerir que por meio da luta e\/ou viol\u00eancia, se alcan\u00e7a a paz. Regredindo um pouco mais no tempo, j\u00e1 dizia [&hellip;]<\/p>\n","protected":false},"author":2,"featured_media":60075,"comment_status":"open","ping_status":"closed","sticky":false,"template":"","format":"standard","meta":{"_acf_changed":false,"footnotes":""},"categories":[47],"tags":[],"class_list":["post-60074","post","type-post","status-publish","format-standard","has-post-thumbnail","hentry","category-denia"],"acf":[],"yoast_head":"<!-- This site is optimized with the Yoast SEO plugin v27.2 - https:\/\/yoast.com\/product\/yoast-seo-wordpress\/ -->\n<title>\u00c9tica na pol\u00edtica e na sociedade precisa deixar de ser quest\u00e3o relativa - Notibras<\/title>\n<meta name=\"robots\" content=\"index, follow, max-snippet:-1, max-image-preview:large, max-video-preview:-1\" \/>\n<link rel=\"canonical\" href=\"https:\/\/www.notibras.com\/site\/etica-na-politica-e-na-sociedade-precisa-deixar-de-ser-questao-relativa\/\" \/>\n<meta property=\"og:locale\" content=\"pt_BR\" \/>\n<meta property=\"og:type\" content=\"article\" \/>\n<meta property=\"og:title\" content=\"\u00c9tica na pol\u00edtica e na sociedade precisa deixar de ser quest\u00e3o relativa - Notibras\" \/>\n<meta property=\"og:description\" content=\"A primeira frase no cl\u00e1ssico A Luta pelo Direito do alem\u00e3o Rudolf von Ihering \u00e9 \u201cO objetivo do Direito \u00e9 a paz, a luta \u00e9 o meio para consegui-la.\u201d. A afirmativa soa bastante contradit\u00f3ria ao sugerir que por meio da luta e\/ou viol\u00eancia, se alcan\u00e7a a paz. Regredindo um pouco mais no tempo, j\u00e1 dizia [&hellip;]\" \/>\n<meta property=\"og:url\" content=\"https:\/\/www.notibras.com\/site\/etica-na-politica-e-na-sociedade-precisa-deixar-de-ser-questao-relativa\/\" \/>\n<meta property=\"og:site_name\" content=\"Notibras\" \/>\n<meta property=\"article:publisher\" content=\"https:\/\/www.facebook.com\/notibras\/\" \/>\n<meta property=\"article:published_time\" content=\"2015-08-04T02:31:12+00:00\" \/>\n<meta property=\"article:modified_time\" content=\"2015-08-25T23:06:20+00:00\" \/>\n<meta property=\"og:image\" content=\"https:\/\/www.notibras.com\/site\/wp-content\/uploads\/2015\/08\/deni.jpg\" \/>\n\t<meta property=\"og:image:width\" content=\"1260\" \/>\n\t<meta property=\"og:image:height\" content=\"840\" \/>\n\t<meta property=\"og:image:type\" content=\"image\/jpeg\" \/>\n<meta name=\"author\" content=\"Reda\u00e7\u00e3o\" \/>\n<meta name=\"twitter:card\" content=\"summary_large_image\" \/>\n<meta name=\"twitter:creator\" content=\"@Notibras\" \/>\n<meta name=\"twitter:site\" content=\"@Notibras\" \/>\n<meta name=\"twitter:label1\" content=\"Escrito por\" \/>\n\t<meta name=\"twitter:data1\" content=\"Reda\u00e7\u00e3o\" \/>\n\t<meta name=\"twitter:label2\" content=\"Est. tempo de leitura\" \/>\n\t<meta name=\"twitter:data2\" content=\"3 minutos\" \/>\n<script type=\"application\/ld+json\" class=\"yoast-schema-graph\">{\"@context\":\"https:\/\/schema.org\",\"@graph\":[{\"@type\":\"Article\",\"@id\":\"https:\/\/www.notibras.com\/site\/etica-na-politica-e-na-sociedade-precisa-deixar-de-ser-questao-relativa\/#article\",\"isPartOf\":{\"@id\":\"https:\/\/www.notibras.com\/site\/etica-na-politica-e-na-sociedade-precisa-deixar-de-ser-questao-relativa\/\"},\"author\":{\"name\":\"Reda\u00e7\u00e3o\",\"@id\":\"https:\/\/www.notibras.com\/site\/#\/schema\/person\/36ab0979449956132d3e5b517ea76ac8\"},\"headline\":\"\u00c9tica na pol\u00edtica e na sociedade precisa deixar de ser quest\u00e3o relativa\",\"datePublished\":\"2015-08-04T02:31:12+00:00\",\"dateModified\":\"2015-08-25T23:06:20+00:00\",\"mainEntityOfPage\":{\"@id\":\"https:\/\/www.notibras.com\/site\/etica-na-politica-e-na-sociedade-precisa-deixar-de-ser-questao-relativa\/\"},\"wordCount\":664,\"commentCount\":0,\"publisher\":{\"@id\":\"https:\/\/www.notibras.com\/site\/#organization\"},\"image\":{\"@id\":\"https:\/\/www.notibras.com\/site\/etica-na-politica-e-na-sociedade-precisa-deixar-de-ser-questao-relativa\/#primaryimage\"},\"thumbnailUrl\":\"https:\/\/www.notibras.com\/site\/wp-content\/uploads\/2015\/08\/deni.jpg\",\"articleSection\":[\"D\u00eania Magalh\u00e3es\"],\"inLanguage\":\"pt-BR\",\"potentialAction\":[{\"@type\":\"CommentAction\",\"name\":\"Comment\",\"target\":[\"https:\/\/www.notibras.com\/site\/etica-na-politica-e-na-sociedade-precisa-deixar-de-ser-questao-relativa\/#respond\"]}]},{\"@type\":\"WebPage\",\"@id\":\"https:\/\/www.notibras.com\/site\/etica-na-politica-e-na-sociedade-precisa-deixar-de-ser-questao-relativa\/\",\"url\":\"https:\/\/www.notibras.com\/site\/etica-na-politica-e-na-sociedade-precisa-deixar-de-ser-questao-relativa\/\",\"name\":\"\u00c9tica na pol\u00edtica e na sociedade precisa deixar de ser quest\u00e3o relativa - Notibras\",\"isPartOf\":{\"@id\":\"https:\/\/www.notibras.com\/site\/#website\"},\"primaryImageOfPage\":{\"@id\":\"https:\/\/www.notibras.com\/site\/etica-na-politica-e-na-sociedade-precisa-deixar-de-ser-questao-relativa\/#primaryimage\"},\"image\":{\"@id\":\"https:\/\/www.notibras.com\/site\/etica-na-politica-e-na-sociedade-precisa-deixar-de-ser-questao-relativa\/#primaryimage\"},\"thumbnailUrl\":\"https:\/\/www.notibras.com\/site\/wp-content\/uploads\/2015\/08\/deni.jpg\",\"datePublished\":\"2015-08-04T02:31:12+00:00\",\"dateModified\":\"2015-08-25T23:06:20+00:00\",\"breadcrumb\":{\"@id\":\"https:\/\/www.notibras.com\/site\/etica-na-politica-e-na-sociedade-precisa-deixar-de-ser-questao-relativa\/#breadcrumb\"},\"inLanguage\":\"pt-BR\",\"potentialAction\":[{\"@type\":\"ReadAction\",\"target\":[\"https:\/\/www.notibras.com\/site\/etica-na-politica-e-na-sociedade-precisa-deixar-de-ser-questao-relativa\/\"]}]},{\"@type\":\"ImageObject\",\"inLanguage\":\"pt-BR\",\"@id\":\"https:\/\/www.notibras.com\/site\/etica-na-politica-e-na-sociedade-precisa-deixar-de-ser-questao-relativa\/#primaryimage\",\"url\":\"https:\/\/www.notibras.com\/site\/wp-content\/uploads\/2015\/08\/deni.jpg\",\"contentUrl\":\"https:\/\/www.notibras.com\/site\/wp-content\/uploads\/2015\/08\/deni.jpg\",\"width\":1260,\"height\":840},{\"@type\":\"BreadcrumbList\",\"@id\":\"https:\/\/www.notibras.com\/site\/etica-na-politica-e-na-sociedade-precisa-deixar-de-ser-questao-relativa\/#breadcrumb\",\"itemListElement\":[{\"@type\":\"ListItem\",\"position\":1,\"name\":\"In\u00edcio\",\"item\":\"https:\/\/www.notibras.com\/site\/\"},{\"@type\":\"ListItem\",\"position\":2,\"name\":\"\u00c9tica na pol\u00edtica e na sociedade precisa deixar de ser quest\u00e3o relativa\"}]},{\"@type\":\"WebSite\",\"@id\":\"https:\/\/www.notibras.com\/site\/#website\",\"url\":\"https:\/\/www.notibras.com\/site\/\",\"name\":\"Notibras\",\"description\":\"Not\u00edcias de Bras\u00edlia, do Brasil e do Mundo\",\"publisher\":{\"@id\":\"https:\/\/www.notibras.com\/site\/#organization\"},\"potentialAction\":[{\"@type\":\"SearchAction\",\"target\":{\"@type\":\"EntryPoint\",\"urlTemplate\":\"https:\/\/www.notibras.com\/site\/?s={search_term_string}\"},\"query-input\":{\"@type\":\"PropertyValueSpecification\",\"valueRequired\":true,\"valueName\":\"search_term_string\"}}],\"inLanguage\":\"pt-BR\"},{\"@type\":\"Organization\",\"@id\":\"https:\/\/www.notibras.com\/site\/#organization\",\"name\":\"Grupo Notibras de Comunica\u00e7\u00e3o\",\"url\":\"https:\/\/www.notibras.com\/site\/\",\"logo\":{\"@type\":\"ImageObject\",\"inLanguage\":\"pt-BR\",\"@id\":\"https:\/\/www.notibras.com\/site\/#\/schema\/logo\/image\/\",\"url\":\"https:\/\/www.notibras.com\/site\/wp-content\/uploads\/2023\/01\/notibras23.png\",\"contentUrl\":\"https:\/\/www.notibras.com\/site\/wp-content\/uploads\/2023\/01\/notibras23.png\",\"width\":350,\"height\":87,\"caption\":\"Grupo Notibras de Comunica\u00e7\u00e3o\"},\"image\":{\"@id\":\"https:\/\/www.notibras.com\/site\/#\/schema\/logo\/image\/\"},\"sameAs\":[\"https:\/\/www.facebook.com\/notibras\/\",\"https:\/\/x.com\/Notibras\",\"https:\/\/www.instagram.com\/notibras\/\"]},{\"@type\":\"Person\",\"@id\":\"https:\/\/www.notibras.com\/site\/#\/schema\/person\/36ab0979449956132d3e5b517ea76ac8\",\"name\":\"Reda\u00e7\u00e3o\",\"image\":{\"@type\":\"ImageObject\",\"inLanguage\":\"pt-BR\",\"@id\":\"https:\/\/secure.gravatar.com\/avatar\/e0a867bdedb85fd243eadf09663511f96fc81e0720a4a42581f334ad4303aa6b?s=96&d=mm&r=g\",\"url\":\"https:\/\/secure.gravatar.com\/avatar\/e0a867bdedb85fd243eadf09663511f96fc81e0720a4a42581f334ad4303aa6b?s=96&d=mm&r=g\",\"contentUrl\":\"https:\/\/secure.gravatar.com\/avatar\/e0a867bdedb85fd243eadf09663511f96fc81e0720a4a42581f334ad4303aa6b?s=96&d=mm&r=g\",\"caption\":\"Reda\u00e7\u00e3o\"}}]}<\/script>\n<!-- \/ Yoast SEO plugin. -->","yoast_head_json":{"title":"\u00c9tica na pol\u00edtica e na sociedade precisa deixar de ser quest\u00e3o relativa - Notibras","robots":{"index":"index","follow":"follow","max-snippet":"max-snippet:-1","max-image-preview":"max-image-preview:large","max-video-preview":"max-video-preview:-1"},"canonical":"https:\/\/www.notibras.com\/site\/etica-na-politica-e-na-sociedade-precisa-deixar-de-ser-questao-relativa\/","og_locale":"pt_BR","og_type":"article","og_title":"\u00c9tica na pol\u00edtica e na sociedade precisa deixar de ser quest\u00e3o relativa - Notibras","og_description":"A primeira frase no cl\u00e1ssico A Luta pelo Direito do alem\u00e3o Rudolf von Ihering \u00e9 \u201cO objetivo do Direito \u00e9 a paz, a luta \u00e9 o meio para consegui-la.\u201d. A afirmativa soa bastante contradit\u00f3ria ao sugerir que por meio da luta e\/ou viol\u00eancia, se alcan\u00e7a a paz. Regredindo um pouco mais no tempo, j\u00e1 dizia [&hellip;]","og_url":"https:\/\/www.notibras.com\/site\/etica-na-politica-e-na-sociedade-precisa-deixar-de-ser-questao-relativa\/","og_site_name":"Notibras","article_publisher":"https:\/\/www.facebook.com\/notibras\/","article_published_time":"2015-08-04T02:31:12+00:00","article_modified_time":"2015-08-25T23:06:20+00:00","og_image":[{"width":1260,"height":840,"url":"https:\/\/www.notibras.com\/site\/wp-content\/uploads\/2015\/08\/deni.jpg","type":"image\/jpeg"}],"author":"Reda\u00e7\u00e3o","twitter_card":"summary_large_image","twitter_creator":"@Notibras","twitter_site":"@Notibras","twitter_misc":{"Escrito por":"Reda\u00e7\u00e3o","Est. tempo de leitura":"3 minutos"},"schema":{"@context":"https:\/\/schema.org","@graph":[{"@type":"Article","@id":"https:\/\/www.notibras.com\/site\/etica-na-politica-e-na-sociedade-precisa-deixar-de-ser-questao-relativa\/#article","isPartOf":{"@id":"https:\/\/www.notibras.com\/site\/etica-na-politica-e-na-sociedade-precisa-deixar-de-ser-questao-relativa\/"},"author":{"name":"Reda\u00e7\u00e3o","@id":"https:\/\/www.notibras.com\/site\/#\/schema\/person\/36ab0979449956132d3e5b517ea76ac8"},"headline":"\u00c9tica na pol\u00edtica e na sociedade precisa deixar de ser quest\u00e3o relativa","datePublished":"2015-08-04T02:31:12+00:00","dateModified":"2015-08-25T23:06:20+00:00","mainEntityOfPage":{"@id":"https:\/\/www.notibras.com\/site\/etica-na-politica-e-na-sociedade-precisa-deixar-de-ser-questao-relativa\/"},"wordCount":664,"commentCount":0,"publisher":{"@id":"https:\/\/www.notibras.com\/site\/#organization"},"image":{"@id":"https:\/\/www.notibras.com\/site\/etica-na-politica-e-na-sociedade-precisa-deixar-de-ser-questao-relativa\/#primaryimage"},"thumbnailUrl":"https:\/\/www.notibras.com\/site\/wp-content\/uploads\/2015\/08\/deni.jpg","articleSection":["D\u00eania Magalh\u00e3es"],"inLanguage":"pt-BR","potentialAction":[{"@type":"CommentAction","name":"Comment","target":["https:\/\/www.notibras.com\/site\/etica-na-politica-e-na-sociedade-precisa-deixar-de-ser-questao-relativa\/#respond"]}]},{"@type":"WebPage","@id":"https:\/\/www.notibras.com\/site\/etica-na-politica-e-na-sociedade-precisa-deixar-de-ser-questao-relativa\/","url":"https:\/\/www.notibras.com\/site\/etica-na-politica-e-na-sociedade-precisa-deixar-de-ser-questao-relativa\/","name":"\u00c9tica na pol\u00edtica e na sociedade precisa deixar de ser quest\u00e3o relativa - Notibras","isPartOf":{"@id":"https:\/\/www.notibras.com\/site\/#website"},"primaryImageOfPage":{"@id":"https:\/\/www.notibras.com\/site\/etica-na-politica-e-na-sociedade-precisa-deixar-de-ser-questao-relativa\/#primaryimage"},"image":{"@id":"https:\/\/www.notibras.com\/site\/etica-na-politica-e-na-sociedade-precisa-deixar-de-ser-questao-relativa\/#primaryimage"},"thumbnailUrl":"https:\/\/www.notibras.com\/site\/wp-content\/uploads\/2015\/08\/deni.jpg","datePublished":"2015-08-04T02:31:12+00:00","dateModified":"2015-08-25T23:06:20+00:00","breadcrumb":{"@id":"https:\/\/www.notibras.com\/site\/etica-na-politica-e-na-sociedade-precisa-deixar-de-ser-questao-relativa\/#breadcrumb"},"inLanguage":"pt-BR","potentialAction":[{"@type":"ReadAction","target":["https:\/\/www.notibras.com\/site\/etica-na-politica-e-na-sociedade-precisa-deixar-de-ser-questao-relativa\/"]}]},{"@type":"ImageObject","inLanguage":"pt-BR","@id":"https:\/\/www.notibras.com\/site\/etica-na-politica-e-na-sociedade-precisa-deixar-de-ser-questao-relativa\/#primaryimage","url":"https:\/\/www.notibras.com\/site\/wp-content\/uploads\/2015\/08\/deni.jpg","contentUrl":"https:\/\/www.notibras.com\/site\/wp-content\/uploads\/2015\/08\/deni.jpg","width":1260,"height":840},{"@type":"BreadcrumbList","@id":"https:\/\/www.notibras.com\/site\/etica-na-politica-e-na-sociedade-precisa-deixar-de-ser-questao-relativa\/#breadcrumb","itemListElement":[{"@type":"ListItem","position":1,"name":"In\u00edcio","item":"https:\/\/www.notibras.com\/site\/"},{"@type":"ListItem","position":2,"name":"\u00c9tica na pol\u00edtica e na sociedade precisa deixar de ser quest\u00e3o relativa"}]},{"@type":"WebSite","@id":"https:\/\/www.notibras.com\/site\/#website","url":"https:\/\/www.notibras.com\/site\/","name":"Notibras","description":"Not\u00edcias de Bras\u00edlia, do Brasil e do Mundo","publisher":{"@id":"https:\/\/www.notibras.com\/site\/#organization"},"potentialAction":[{"@type":"SearchAction","target":{"@type":"EntryPoint","urlTemplate":"https:\/\/www.notibras.com\/site\/?s={search_term_string}"},"query-input":{"@type":"PropertyValueSpecification","valueRequired":true,"valueName":"search_term_string"}}],"inLanguage":"pt-BR"},{"@type":"Organization","@id":"https:\/\/www.notibras.com\/site\/#organization","name":"Grupo Notibras de Comunica\u00e7\u00e3o","url":"https:\/\/www.notibras.com\/site\/","logo":{"@type":"ImageObject","inLanguage":"pt-BR","@id":"https:\/\/www.notibras.com\/site\/#\/schema\/logo\/image\/","url":"https:\/\/www.notibras.com\/site\/wp-content\/uploads\/2023\/01\/notibras23.png","contentUrl":"https:\/\/www.notibras.com\/site\/wp-content\/uploads\/2023\/01\/notibras23.png","width":350,"height":87,"caption":"Grupo Notibras de Comunica\u00e7\u00e3o"},"image":{"@id":"https:\/\/www.notibras.com\/site\/#\/schema\/logo\/image\/"},"sameAs":["https:\/\/www.facebook.com\/notibras\/","https:\/\/x.com\/Notibras","https:\/\/www.instagram.com\/notibras\/"]},{"@type":"Person","@id":"https:\/\/www.notibras.com\/site\/#\/schema\/person\/36ab0979449956132d3e5b517ea76ac8","name":"Reda\u00e7\u00e3o","image":{"@type":"ImageObject","inLanguage":"pt-BR","@id":"https:\/\/secure.gravatar.com\/avatar\/e0a867bdedb85fd243eadf09663511f96fc81e0720a4a42581f334ad4303aa6b?s=96&d=mm&r=g","url":"https:\/\/secure.gravatar.com\/avatar\/e0a867bdedb85fd243eadf09663511f96fc81e0720a4a42581f334ad4303aa6b?s=96&d=mm&r=g","contentUrl":"https:\/\/secure.gravatar.com\/avatar\/e0a867bdedb85fd243eadf09663511f96fc81e0720a4a42581f334ad4303aa6b?s=96&d=mm&r=g","caption":"Reda\u00e7\u00e3o"}}]}},"amp_enabled":true,"_links":{"self":[{"href":"https:\/\/www.notibras.com\/site\/wp-json\/wp\/v2\/posts\/60074","targetHints":{"allow":["GET"]}}],"collection":[{"href":"https:\/\/www.notibras.com\/site\/wp-json\/wp\/v2\/posts"}],"about":[{"href":"https:\/\/www.notibras.com\/site\/wp-json\/wp\/v2\/types\/post"}],"author":[{"embeddable":true,"href":"https:\/\/www.notibras.com\/site\/wp-json\/wp\/v2\/users\/2"}],"replies":[{"embeddable":true,"href":"https:\/\/www.notibras.com\/site\/wp-json\/wp\/v2\/comments?post=60074"}],"version-history":[{"count":0,"href":"https:\/\/www.notibras.com\/site\/wp-json\/wp\/v2\/posts\/60074\/revisions"}],"wp:featuredmedia":[{"embeddable":true,"href":"https:\/\/www.notibras.com\/site\/wp-json\/wp\/v2\/media\/60075"}],"wp:attachment":[{"href":"https:\/\/www.notibras.com\/site\/wp-json\/wp\/v2\/media?parent=60074"}],"wp:term":[{"taxonomy":"category","embeddable":true,"href":"https:\/\/www.notibras.com\/site\/wp-json\/wp\/v2\/categories?post=60074"},{"taxonomy":"post_tag","embeddable":true,"href":"https:\/\/www.notibras.com\/site\/wp-json\/wp\/v2\/tags?post=60074"}],"curies":[{"name":"wp","href":"https:\/\/api.w.org\/{rel}","templated":true}]}}