{"id":60077,"date":"2015-08-03T23:59:13","date_gmt":"2015-08-04T02:59:13","guid":{"rendered":"http:\/\/www.notibras.com\/site\/?p=60077"},"modified":"2015-08-14T11:59:03","modified_gmt":"2015-08-14T14:59:03","slug":"ministro-esbraveja-por-us-15-milhoes-e-a-propina-muda-de-maos","status":"publish","type":"post","link":"https:\/\/www.notibras.com\/site\/ministro-esbraveja-por-us-15-milhoes-e-a-propina-muda-de-maos\/","title":{"rendered":"Ministro esbraveja por US$ 15 milh\u00f5es. E a propina muda de m\u00e3os"},"content":{"rendered":"<p>As lendas urbanas j\u00e1 se incorporaram a cultura do nosso Pa\u00eds.<\/p>\n<p>Lenda urbana \u00e9 aquela pequena hist\u00f3ria fabulosa ou sensacionalista que \u00e9 divulgada pela imprensa, rede social e, principalmente, pelo povo que no boca-a-boca se encarrega de ampliar e alterar as diversas vers\u00f5es. Existe at\u00e9 mesmo um ditado que diz: \u201co povo aumenta, mas n\u00e3o inventa\u201d.<\/p>\n<p>Mas lenda urbana n\u00e3o s\u00e3o somente aquelas hist\u00f3rias fant\u00e1sticas da mula sem cabe\u00e7a, da noiva do cemit\u00e9rio, do ET de Varginha e outras tantas que entraram para o folclore brasileiro. A hist\u00f3ria daquele empres\u00e1rio que chegou a Bras\u00edlia no in\u00edcio da constru\u00e7\u00e3o da cidade dirigindo um caminh\u00e3o e que hoje deixou uma heran\u00e7a milion\u00e1ria.<\/p>\n<blockquote><p>Aquele outro empres\u00e1rio que tinha como hobby \u201cnamorar\u201d as meninas sobrevoando a cidade em seu avi\u00e3o particular. Ou mesmo o que simulou um assalto a sua casa para receber o dinheiro do seguro das suas joias.<\/p><\/blockquote>\n<p>Essas hist\u00f3rias n\u00e3o foram inventadas. Alguma coisa de verdade tem. No entanto, com o passar do tempo, elas foram ampliadas, modernizadas e se transformaram em lenda urbana.<\/p>\n<p>Certo dia, durante a ditadura militar que governou o Brasil de 1964 at\u00e9 1985, um ministro muito respeitado, influente e reconhecido internacionalmente pelos seus conhecimentos da \u00e1rea em que atuava, chamou o seu assessor particular ao seu gabinete.<\/p>\n<p>O assessor (vamos cham\u00e1-lo pelo nome de Roberto) era um rapaz jovem, inteligente, falava diversos idiomas e de extrema confian\u00e7a . J\u00e1 tinha provado isso em diversas ocasi\u00f5es.<\/p>\n<p>Roberto entra na sala do ministro, cumprimenta com toda a rever\u00eancia:<\/p>\n<p>&#8211; Pois n\u00e3o, ministro.<\/p>\n<blockquote><p>&#8211; Roberto, eu tenho uma miss\u00e3o para voc\u00ea. N\u00e3o \u00e9 complicada, mas \u00e9 de muita responsabilidade e preciso do seu sigilo absoluto, pois se trata de segredo de Estado.<\/p><\/blockquote>\n<p>&#8211; Claro, ministro. Pode contar comigo. O senhor sabe que pode contar comigo sempre. Sou muito grato por tudo o que senhor fez por mim e por minha fam\u00edlia, disse o assessor.<\/p>\n<p>O ministro passou a explicar qual seria a miss\u00e3o importante sem, contudo, falar em detalhes.<\/p>\n<p>&#8211; Roberto, est\u00e1 aqui passagem a\u00e9rea para Paris, com a reserva de hotel e tudo o mais. O que voc\u00ea tem que fazer \u00e9 passear um dia pela cidade. Voc\u00ea conhece Paris? A Torre Eiffel \u00e9 uma beleza. Arco do Triunfo, Champs \u2013Elyse\u00e9s&#8230; uma maravilha. O importante \u00e9 que voc\u00ea esteja no restaurante do hotel nesse hor\u00e1rio que est\u00e1 aqui marcado no papel.<\/p>\n<p>O assessor j\u00e1 come\u00e7ou a ficar preocupado, achando que a miss\u00e3o n\u00e3o era t\u00e3o simples como tinha imaginado.<\/p>\n<blockquote><p>&#8211; Pois bem \u2013 continuou o ministro \u2013 voc\u00ea ocupa a mesa n\u00famero 32 e fica esperando uma pessoa que vai te entregar um envelope. Sem conversa. Ele entrega o envelope e vai embora. A\u00ed voc\u00ea volta para o apartamento, prepara suas malas e abre o envelope que estou entregando com novas instru\u00e7\u00f5es. E \u00e9 s\u00f3. Ah, s\u00f3 um lembrete importante: n\u00e3o abra o envelope que o mensageiro vai te entregar. Posso contar com voc\u00ea?<\/p><\/blockquote>\n<p>Claro que sim. Roberto tinha servido nas For\u00e7as Armadas e estava acostumado a receber ordens e cumpri-las sem fazer perguntas. O assessor saiu da sala se sentindo o pr\u00f3prio agente secreto dos filmes de Hollywood, sem antes receber o desejo de uma \u201cboa viagem\u201d do seu chefe.<\/p>\n<p>No dia seguinte, Roberto desembarcou no Aeroporto Charles De Gaulle, pegou um t\u00e1xi e foi para o hotel indicado. Fez exatamente o que o ministro havia sugerido: passeou pelos pontos tur\u00edsticos e lanchou no charmoso bistr\u00f4\/caf\u00e9 Marly, que fica em frente ao Louvre. Dormiu cedo, ansioso pelo encontro na manh\u00e3 seguinte, no restaurante do hotel, mesa 32.<\/p>\n<p>\u00c0s 8:15, em ponto, Roberto estava com o card\u00e1pio na m\u00e3o escolhendo o desjejum. Chega um homem de meia idade, t\u00eamporas brancas, camisa polo e um cachecol em volta do pesco\u00e7o. Apenas uma palavra interrogativa: \u201cRoberto?\u201d. O assessor acenou positivamente com a cabe\u00e7a. Sentou na cadeira da frente e entregou um envelope. Olhou para os lados e saiu.<\/p>\n<p>Nervoso, Roberto mal tomou o caf\u00e9 que estava na mesa e saiu \u00e0s pressas em dire\u00e7\u00e3o ao quarto para abrir o envelope que o ministro havia lhe entregue, e saber quais eram os pr\u00f3ximos passos.<\/p>\n<p>No quarto, o assessor abriu o envelope que tinhas as novas instru\u00e7\u00f5es. Um bilhete, explicando o que deveria fazer. \u201cPegue o envelope que recebeu do mensageiro e entregue ao gerente do banco Cr\u00e8dit Suisse, em Berna, Su\u00ed\u00e7a\u201d.\u00a0As passagens e voucher do hotel estavam em anexo. Ainda sob tens\u00e3o, Roberto arrumou as malas, saiu do hotel em Paris e rumou para a continua\u00e7\u00e3o da sua miss\u00e3o.<\/p>\n<p>Dentro do voo da Swiss Air, depois de tomar um u\u00edsque, Roberto se acalmou. Ficou pensando sobre o envelope ainda lacrado que recebeu do mensageiro e que deveria entregar ao gerente do banco. Relaxou e tentou dormir um pouco, mas a curiosidade \u00e9 um defeito inerente do ser humano. Tirava o envelope do bolso do palet\u00f3 e ficava olhando.<\/p>\n<blockquote><p>A d\u00favida o atormentava. N\u00e3o resistindo \u00e0 curiosidade, o assessor abriu o envelope. Afinal, imaginou, ningu\u00e9m ficaria sabendo que ele teria feito aquilo. Veio a surpresa. O conte\u00fado era um cheque de 15 milh\u00f5es de d\u00f3lares!\u00a0\u201cMeu Deus! Quinze milh\u00f5es de d\u00f3lares aqui na minha m\u00e3o\u201d, pensou.<\/p><\/blockquote>\n<p>O resto da viagem foi um tormento para Roberto. Mil ideias passavam por sua cabe\u00e7a. N\u00e3o, ele n\u00e3o poderia fazer nada que a sua consci\u00eancia reprovasse. Ele era honesto, de fam\u00edlia honesta&#8230; Dinheiro nenhum poderia mudar os seus princ\u00edpios.<\/p>\n<p>Assim, atormentado por pensamentos mirabolantes, Roberto chega \u00e0 Su\u00ed\u00e7a e vai ao banco cumprir a sua miss\u00e3o.\u00a0De volta ao Brasil o assessor chega ao seu local de trabalho e \u00e9 chamado pelo ministro.<\/p>\n<p>&#8211; E ent\u00e3o, Roberto, foi bem de viagem? Miss\u00e3o cumprida?, perguntou o ministro.<\/p>\n<p>&#8211; Bom, ministro, a viagem foi boa, mas a miss\u00e3o n\u00e3o foi totalmente cumprida, disse.<\/p>\n<p>&#8211; Como assim, n\u00e3o totalmente cumprida?, reagiu o ministro, espantado. E acrescentou: O que aconteceu?<\/p>\n<blockquote><p>&#8211; Acontece que o mensageiro que o senhor disse que iria me encontrar no restaurante do hotel em Paris n\u00e3o apareceu. Esperei um temp\u00e3o. Andei pelo hall do hotel e nada. Como a instru\u00e7\u00e3o \u00e9 que eu deveria abrir o envelope que o senhor me deu depois que recebesse a encomenda do mensageiro, eu n\u00e3o abri. A\u00ed eu voltei. Desculpa, mas segui as instru\u00e7\u00f5es \u00e0 risca. N\u00e3o liguei para o senhor porque o senhor disse que n\u00e3o precisaria.<\/p><\/blockquote>\n<p>O ministro, chateado, disse que iria procurar saber o que aconteceu e agradeceu. No dia seguinte, o assessor Roberto foi demitido.<\/p>\n<p>O resto \u00e9 lenda urbana.<\/p>\n","protected":false},"excerpt":{"rendered":"<p>As lendas urbanas j\u00e1 se incorporaram a cultura do nosso Pa\u00eds. Lenda urbana \u00e9 aquela pequena hist\u00f3ria fabulosa ou sensacionalista que \u00e9 divulgada pela imprensa, rede social e, principalmente, pelo povo que no boca-a-boca se encarrega de ampliar e alterar as diversas vers\u00f5es. Existe at\u00e9 mesmo um ditado que diz: \u201co povo aumenta, mas n\u00e3o [&hellip;]<\/p>\n","protected":false},"author":2,"featured_media":0,"comment_status":"open","ping_status":"closed","sticky":false,"template":"","format":"standard","meta":{"_acf_changed":false,"footnotes":""},"categories":[46],"tags":[],"class_list":["post-60077","post","type-post","status-publish","format-standard","hentry","category-maia"],"acf":[],"yoast_head":"<!-- This site is optimized with the Yoast SEO plugin v27.2 - https:\/\/yoast.com\/product\/yoast-seo-wordpress\/ -->\n<title>Ministro esbraveja por US$ 15 milh\u00f5es. E a propina muda de m\u00e3os - Notibras<\/title>\n<meta name=\"robots\" content=\"index, follow, max-snippet:-1, max-image-preview:large, max-video-preview:-1\" \/>\n<link rel=\"canonical\" href=\"https:\/\/www.notibras.com\/site\/ministro-esbraveja-por-us-15-milhoes-e-a-propina-muda-de-maos\/\" \/>\n<meta property=\"og:locale\" content=\"pt_BR\" \/>\n<meta property=\"og:type\" content=\"article\" \/>\n<meta property=\"og:title\" content=\"Ministro esbraveja por US$ 15 milh\u00f5es. E a propina muda de m\u00e3os - Notibras\" \/>\n<meta property=\"og:description\" content=\"As lendas urbanas j\u00e1 se incorporaram a cultura do nosso Pa\u00eds. Lenda urbana \u00e9 aquela pequena hist\u00f3ria fabulosa ou sensacionalista que \u00e9 divulgada pela imprensa, rede social e, principalmente, pelo povo que no boca-a-boca se encarrega de ampliar e alterar as diversas vers\u00f5es. Existe at\u00e9 mesmo um ditado que diz: \u201co povo aumenta, mas n\u00e3o [&hellip;]\" \/>\n<meta property=\"og:url\" content=\"https:\/\/www.notibras.com\/site\/ministro-esbraveja-por-us-15-milhoes-e-a-propina-muda-de-maos\/\" \/>\n<meta property=\"og:site_name\" content=\"Notibras\" \/>\n<meta property=\"article:publisher\" content=\"https:\/\/www.facebook.com\/notibras\/\" \/>\n<meta property=\"article:published_time\" content=\"2015-08-04T02:59:13+00:00\" \/>\n<meta property=\"article:modified_time\" content=\"2015-08-14T14:59:03+00:00\" \/>\n<meta property=\"og:image\" content=\"https:\/\/www.notibras.com\/site\/wp-content\/uploads\/2015\/08\/mala-de-dinheiro.jpg\" \/>\n\t<meta property=\"og:image:width\" content=\"800\" \/>\n\t<meta property=\"og:image:height\" content=\"530\" \/>\n\t<meta property=\"og:image:type\" content=\"image\/jpeg\" \/>\n<meta name=\"author\" content=\"Reda\u00e7\u00e3o\" \/>\n<meta name=\"twitter:card\" content=\"summary_large_image\" \/>\n<meta name=\"twitter:creator\" content=\"@Notibras\" \/>\n<meta name=\"twitter:site\" content=\"@Notibras\" \/>\n<meta name=\"twitter:label1\" content=\"Escrito por\" \/>\n\t<meta name=\"twitter:data1\" content=\"Reda\u00e7\u00e3o\" \/>\n\t<meta name=\"twitter:label2\" content=\"Est. tempo de leitura\" \/>\n\t<meta name=\"twitter:data2\" content=\"6 minutos\" \/>\n<script type=\"application\/ld+json\" class=\"yoast-schema-graph\">{\"@context\":\"https:\/\/schema.org\",\"@graph\":[{\"@type\":\"Article\",\"@id\":\"https:\/\/www.notibras.com\/site\/ministro-esbraveja-por-us-15-milhoes-e-a-propina-muda-de-maos\/#article\",\"isPartOf\":{\"@id\":\"https:\/\/www.notibras.com\/site\/ministro-esbraveja-por-us-15-milhoes-e-a-propina-muda-de-maos\/\"},\"author\":{\"name\":\"Reda\u00e7\u00e3o\",\"@id\":\"https:\/\/www.notibras.com\/site\/#\/schema\/person\/36ab0979449956132d3e5b517ea76ac8\"},\"headline\":\"Ministro esbraveja por US$ 15 milh\u00f5es. E a propina muda de m\u00e3os\",\"datePublished\":\"2015-08-04T02:59:13+00:00\",\"dateModified\":\"2015-08-14T14:59:03+00:00\",\"mainEntityOfPage\":{\"@id\":\"https:\/\/www.notibras.com\/site\/ministro-esbraveja-por-us-15-milhoes-e-a-propina-muda-de-maos\/\"},\"wordCount\":1153,\"commentCount\":0,\"publisher\":{\"@id\":\"https:\/\/www.notibras.com\/site\/#organization\"},\"articleSection\":[\"Airton Maia\"],\"inLanguage\":\"pt-BR\",\"potentialAction\":[{\"@type\":\"CommentAction\",\"name\":\"Comment\",\"target\":[\"https:\/\/www.notibras.com\/site\/ministro-esbraveja-por-us-15-milhoes-e-a-propina-muda-de-maos\/#respond\"]}]},{\"@type\":\"WebPage\",\"@id\":\"https:\/\/www.notibras.com\/site\/ministro-esbraveja-por-us-15-milhoes-e-a-propina-muda-de-maos\/\",\"url\":\"https:\/\/www.notibras.com\/site\/ministro-esbraveja-por-us-15-milhoes-e-a-propina-muda-de-maos\/\",\"name\":\"Ministro esbraveja por US$ 15 milh\u00f5es. E a propina muda de m\u00e3os - Notibras\",\"isPartOf\":{\"@id\":\"https:\/\/www.notibras.com\/site\/#website\"},\"datePublished\":\"2015-08-04T02:59:13+00:00\",\"dateModified\":\"2015-08-14T14:59:03+00:00\",\"breadcrumb\":{\"@id\":\"https:\/\/www.notibras.com\/site\/ministro-esbraveja-por-us-15-milhoes-e-a-propina-muda-de-maos\/#breadcrumb\"},\"inLanguage\":\"pt-BR\",\"potentialAction\":[{\"@type\":\"ReadAction\",\"target\":[\"https:\/\/www.notibras.com\/site\/ministro-esbraveja-por-us-15-milhoes-e-a-propina-muda-de-maos\/\"]}]},{\"@type\":\"BreadcrumbList\",\"@id\":\"https:\/\/www.notibras.com\/site\/ministro-esbraveja-por-us-15-milhoes-e-a-propina-muda-de-maos\/#breadcrumb\",\"itemListElement\":[{\"@type\":\"ListItem\",\"position\":1,\"name\":\"In\u00edcio\",\"item\":\"https:\/\/www.notibras.com\/site\/\"},{\"@type\":\"ListItem\",\"position\":2,\"name\":\"Ministro esbraveja por US$ 15 milh\u00f5es. E a propina muda de m\u00e3os\"}]},{\"@type\":\"WebSite\",\"@id\":\"https:\/\/www.notibras.com\/site\/#website\",\"url\":\"https:\/\/www.notibras.com\/site\/\",\"name\":\"Notibras\",\"description\":\"Not\u00edcias de Bras\u00edlia, do Brasil e do Mundo\",\"publisher\":{\"@id\":\"https:\/\/www.notibras.com\/site\/#organization\"},\"potentialAction\":[{\"@type\":\"SearchAction\",\"target\":{\"@type\":\"EntryPoint\",\"urlTemplate\":\"https:\/\/www.notibras.com\/site\/?s={search_term_string}\"},\"query-input\":{\"@type\":\"PropertyValueSpecification\",\"valueRequired\":true,\"valueName\":\"search_term_string\"}}],\"inLanguage\":\"pt-BR\"},{\"@type\":\"Organization\",\"@id\":\"https:\/\/www.notibras.com\/site\/#organization\",\"name\":\"Grupo Notibras de Comunica\u00e7\u00e3o\",\"url\":\"https:\/\/www.notibras.com\/site\/\",\"logo\":{\"@type\":\"ImageObject\",\"inLanguage\":\"pt-BR\",\"@id\":\"https:\/\/www.notibras.com\/site\/#\/schema\/logo\/image\/\",\"url\":\"https:\/\/www.notibras.com\/site\/wp-content\/uploads\/2023\/01\/notibras23.png\",\"contentUrl\":\"https:\/\/www.notibras.com\/site\/wp-content\/uploads\/2023\/01\/notibras23.png\",\"width\":350,\"height\":87,\"caption\":\"Grupo Notibras de Comunica\u00e7\u00e3o\"},\"image\":{\"@id\":\"https:\/\/www.notibras.com\/site\/#\/schema\/logo\/image\/\"},\"sameAs\":[\"https:\/\/www.facebook.com\/notibras\/\",\"https:\/\/x.com\/Notibras\",\"https:\/\/www.instagram.com\/notibras\/\"]},{\"@type\":\"Person\",\"@id\":\"https:\/\/www.notibras.com\/site\/#\/schema\/person\/36ab0979449956132d3e5b517ea76ac8\",\"name\":\"Reda\u00e7\u00e3o\",\"image\":{\"@type\":\"ImageObject\",\"inLanguage\":\"pt-BR\",\"@id\":\"https:\/\/secure.gravatar.com\/avatar\/e0a867bdedb85fd243eadf09663511f96fc81e0720a4a42581f334ad4303aa6b?s=96&d=mm&r=g\",\"url\":\"https:\/\/secure.gravatar.com\/avatar\/e0a867bdedb85fd243eadf09663511f96fc81e0720a4a42581f334ad4303aa6b?s=96&d=mm&r=g\",\"contentUrl\":\"https:\/\/secure.gravatar.com\/avatar\/e0a867bdedb85fd243eadf09663511f96fc81e0720a4a42581f334ad4303aa6b?s=96&d=mm&r=g\",\"caption\":\"Reda\u00e7\u00e3o\"}}]}<\/script>\n<!-- \/ Yoast SEO plugin. -->","yoast_head_json":{"title":"Ministro esbraveja por US$ 15 milh\u00f5es. E a propina muda de m\u00e3os - Notibras","robots":{"index":"index","follow":"follow","max-snippet":"max-snippet:-1","max-image-preview":"max-image-preview:large","max-video-preview":"max-video-preview:-1"},"canonical":"https:\/\/www.notibras.com\/site\/ministro-esbraveja-por-us-15-milhoes-e-a-propina-muda-de-maos\/","og_locale":"pt_BR","og_type":"article","og_title":"Ministro esbraveja por US$ 15 milh\u00f5es. E a propina muda de m\u00e3os - Notibras","og_description":"As lendas urbanas j\u00e1 se incorporaram a cultura do nosso Pa\u00eds. Lenda urbana \u00e9 aquela pequena hist\u00f3ria fabulosa ou sensacionalista que \u00e9 divulgada pela imprensa, rede social e, principalmente, pelo povo que no boca-a-boca se encarrega de ampliar e alterar as diversas vers\u00f5es. Existe at\u00e9 mesmo um ditado que diz: \u201co povo aumenta, mas n\u00e3o [&hellip;]","og_url":"https:\/\/www.notibras.com\/site\/ministro-esbraveja-por-us-15-milhoes-e-a-propina-muda-de-maos\/","og_site_name":"Notibras","article_publisher":"https:\/\/www.facebook.com\/notibras\/","article_published_time":"2015-08-04T02:59:13+00:00","article_modified_time":"2015-08-14T14:59:03+00:00","og_image":[{"width":800,"height":530,"url":"https:\/\/www.notibras.com\/site\/wp-content\/uploads\/2015\/08\/mala-de-dinheiro.jpg","type":"image\/jpeg"}],"author":"Reda\u00e7\u00e3o","twitter_card":"summary_large_image","twitter_creator":"@Notibras","twitter_site":"@Notibras","twitter_misc":{"Escrito por":"Reda\u00e7\u00e3o","Est. tempo de leitura":"6 minutos"},"schema":{"@context":"https:\/\/schema.org","@graph":[{"@type":"Article","@id":"https:\/\/www.notibras.com\/site\/ministro-esbraveja-por-us-15-milhoes-e-a-propina-muda-de-maos\/#article","isPartOf":{"@id":"https:\/\/www.notibras.com\/site\/ministro-esbraveja-por-us-15-milhoes-e-a-propina-muda-de-maos\/"},"author":{"name":"Reda\u00e7\u00e3o","@id":"https:\/\/www.notibras.com\/site\/#\/schema\/person\/36ab0979449956132d3e5b517ea76ac8"},"headline":"Ministro esbraveja por US$ 15 milh\u00f5es. E a propina muda de m\u00e3os","datePublished":"2015-08-04T02:59:13+00:00","dateModified":"2015-08-14T14:59:03+00:00","mainEntityOfPage":{"@id":"https:\/\/www.notibras.com\/site\/ministro-esbraveja-por-us-15-milhoes-e-a-propina-muda-de-maos\/"},"wordCount":1153,"commentCount":0,"publisher":{"@id":"https:\/\/www.notibras.com\/site\/#organization"},"articleSection":["Airton Maia"],"inLanguage":"pt-BR","potentialAction":[{"@type":"CommentAction","name":"Comment","target":["https:\/\/www.notibras.com\/site\/ministro-esbraveja-por-us-15-milhoes-e-a-propina-muda-de-maos\/#respond"]}]},{"@type":"WebPage","@id":"https:\/\/www.notibras.com\/site\/ministro-esbraveja-por-us-15-milhoes-e-a-propina-muda-de-maos\/","url":"https:\/\/www.notibras.com\/site\/ministro-esbraveja-por-us-15-milhoes-e-a-propina-muda-de-maos\/","name":"Ministro esbraveja por US$ 15 milh\u00f5es. E a propina muda de m\u00e3os - Notibras","isPartOf":{"@id":"https:\/\/www.notibras.com\/site\/#website"},"datePublished":"2015-08-04T02:59:13+00:00","dateModified":"2015-08-14T14:59:03+00:00","breadcrumb":{"@id":"https:\/\/www.notibras.com\/site\/ministro-esbraveja-por-us-15-milhoes-e-a-propina-muda-de-maos\/#breadcrumb"},"inLanguage":"pt-BR","potentialAction":[{"@type":"ReadAction","target":["https:\/\/www.notibras.com\/site\/ministro-esbraveja-por-us-15-milhoes-e-a-propina-muda-de-maos\/"]}]},{"@type":"BreadcrumbList","@id":"https:\/\/www.notibras.com\/site\/ministro-esbraveja-por-us-15-milhoes-e-a-propina-muda-de-maos\/#breadcrumb","itemListElement":[{"@type":"ListItem","position":1,"name":"In\u00edcio","item":"https:\/\/www.notibras.com\/site\/"},{"@type":"ListItem","position":2,"name":"Ministro esbraveja por US$ 15 milh\u00f5es. E a propina muda de m\u00e3os"}]},{"@type":"WebSite","@id":"https:\/\/www.notibras.com\/site\/#website","url":"https:\/\/www.notibras.com\/site\/","name":"Notibras","description":"Not\u00edcias de Bras\u00edlia, do Brasil e do Mundo","publisher":{"@id":"https:\/\/www.notibras.com\/site\/#organization"},"potentialAction":[{"@type":"SearchAction","target":{"@type":"EntryPoint","urlTemplate":"https:\/\/www.notibras.com\/site\/?s={search_term_string}"},"query-input":{"@type":"PropertyValueSpecification","valueRequired":true,"valueName":"search_term_string"}}],"inLanguage":"pt-BR"},{"@type":"Organization","@id":"https:\/\/www.notibras.com\/site\/#organization","name":"Grupo Notibras de Comunica\u00e7\u00e3o","url":"https:\/\/www.notibras.com\/site\/","logo":{"@type":"ImageObject","inLanguage":"pt-BR","@id":"https:\/\/www.notibras.com\/site\/#\/schema\/logo\/image\/","url":"https:\/\/www.notibras.com\/site\/wp-content\/uploads\/2023\/01\/notibras23.png","contentUrl":"https:\/\/www.notibras.com\/site\/wp-content\/uploads\/2023\/01\/notibras23.png","width":350,"height":87,"caption":"Grupo Notibras de Comunica\u00e7\u00e3o"},"image":{"@id":"https:\/\/www.notibras.com\/site\/#\/schema\/logo\/image\/"},"sameAs":["https:\/\/www.facebook.com\/notibras\/","https:\/\/x.com\/Notibras","https:\/\/www.instagram.com\/notibras\/"]},{"@type":"Person","@id":"https:\/\/www.notibras.com\/site\/#\/schema\/person\/36ab0979449956132d3e5b517ea76ac8","name":"Reda\u00e7\u00e3o","image":{"@type":"ImageObject","inLanguage":"pt-BR","@id":"https:\/\/secure.gravatar.com\/avatar\/e0a867bdedb85fd243eadf09663511f96fc81e0720a4a42581f334ad4303aa6b?s=96&d=mm&r=g","url":"https:\/\/secure.gravatar.com\/avatar\/e0a867bdedb85fd243eadf09663511f96fc81e0720a4a42581f334ad4303aa6b?s=96&d=mm&r=g","contentUrl":"https:\/\/secure.gravatar.com\/avatar\/e0a867bdedb85fd243eadf09663511f96fc81e0720a4a42581f334ad4303aa6b?s=96&d=mm&r=g","caption":"Reda\u00e7\u00e3o"}}]}},"amp_enabled":true,"_links":{"self":[{"href":"https:\/\/www.notibras.com\/site\/wp-json\/wp\/v2\/posts\/60077","targetHints":{"allow":["GET"]}}],"collection":[{"href":"https:\/\/www.notibras.com\/site\/wp-json\/wp\/v2\/posts"}],"about":[{"href":"https:\/\/www.notibras.com\/site\/wp-json\/wp\/v2\/types\/post"}],"author":[{"embeddable":true,"href":"https:\/\/www.notibras.com\/site\/wp-json\/wp\/v2\/users\/2"}],"replies":[{"embeddable":true,"href":"https:\/\/www.notibras.com\/site\/wp-json\/wp\/v2\/comments?post=60077"}],"version-history":[{"count":0,"href":"https:\/\/www.notibras.com\/site\/wp-json\/wp\/v2\/posts\/60077\/revisions"}],"wp:attachment":[{"href":"https:\/\/www.notibras.com\/site\/wp-json\/wp\/v2\/media?parent=60077"}],"wp:term":[{"taxonomy":"category","embeddable":true,"href":"https:\/\/www.notibras.com\/site\/wp-json\/wp\/v2\/categories?post=60077"},{"taxonomy":"post_tag","embeddable":true,"href":"https:\/\/www.notibras.com\/site\/wp-json\/wp\/v2\/tags?post=60077"}],"curies":[{"name":"wp","href":"https:\/\/api.w.org\/{rel}","templated":true}]}}