{"id":60089,"date":"2015-08-03T23:50:05","date_gmt":"2015-08-04T02:50:05","guid":{"rendered":"http:\/\/www.notibras.com\/site\/?p=60089"},"modified":"2015-08-14T11:59:17","modified_gmt":"2015-08-14T14:59:17","slug":"janot-vive-pesadelo-e-michel-temer-alimenta-sonho-de-assumir-o-planalto","status":"publish","type":"post","link":"https:\/\/www.notibras.com\/site\/janot-vive-pesadelo-e-michel-temer-alimenta-sonho-de-assumir-o-planalto\/","title":{"rendered":"Janot vive pesadelo e Michel Temer tem sonho de assumir o Planalto"},"content":{"rendered":"<p>O mandato de Rodrigo Janot como procurador-geral da Rep\u00fablica encerra no\u00a0dia 17 de setembro. Justamente no momento em que estar\u00e3o sendo encaminhados ao Supremo Tribunal Federal pedidos de abertura de processos contra pol\u00edticos importantes, entre eles senadores, benefici\u00e1rios de recursos desviados da Petrobras.<\/p>\n<p>Nesta quarta-feira (5), procuradores de todo o pais, escolher\u00e3o os tr\u00eas nomes que v\u00e3o compor a lista tr\u00edplice que ser\u00e1 encaminhada \u00e0 presidente Dilma Rousseff.<\/p>\n<p>Rodrigo Janot \u00e9 apontado como o favorito para ser o primeiro da lista. Isto ocorrendo, por tradi\u00e7\u00e3o, a presidente dever\u00e1 indic\u00e1-lo ao Senado para continuar \u00e0 frente da PGR por mais dois anos.<\/p>\n<p>Ser\u00e1 sabatinado pelos senadores na Comiss\u00e3o de Constitui\u00e7\u00e3o e Justi\u00e7a, e seu nome votado no plen\u00e1rio pelos 81 senadores. A vota\u00e7\u00e3o ser\u00e1 secreta.<\/p>\n<blockquote><p>Os senadores Renan Calheiros e Fernando Collor j\u00e1 anunciaram que n\u00e3o pretendem v\u00ea-lo reconduzido a t\u00e3o importante cargo. A oposi\u00e7\u00e3o anunciou que votar\u00e1 favor\u00e1vel a Janot. Sua recondu\u00e7\u00e3o vai depender do voto de senadores independentes e daqueles que n\u00e3o seguem a cartilha de Renan e Collor.<\/p><\/blockquote>\n<p>Enquanto Janot vive o que muita gente considera pesadelo, o vice-presidente Michel Temer est\u00e1 determinado a deixar o Pal\u00e1cio do Jaburu para morar no Pal\u00e1cio da Alvorada.<\/p>\n<p>Para tanto, procura aproveitar ao m\u00e1ximo a miss\u00e3o que lhe foi confiada pela presidente Dilma Rousseff de pacificar a \u00e1rea pol\u00edtica e melhorar as rela\u00e7\u00f5es entre o Pal\u00e1cio do Planalto e o Congresso Nacional. Adotou a estrat\u00e9gia de um equilibrista de circo, que tudo faz para n\u00e3o cair dos fios de a\u00e7o utilizados para suas apresenta\u00e7\u00f5es.<\/p>\n<blockquote><p>Michel Temer procura estar de bem com os pol\u00edticos e partidos, mesmo os da oposi\u00e7\u00e3o. N\u00e3o entra em bola dividida com ningu\u00e9m. Sempre surge como bombeiro para apagar inc\u00eandio. Assim fez na grave crise que acabou levando o presidente da C\u00e2mara dos Deputados, Eduardo Cunha, seu colega de partido, a romper com a presidente Dilma e com \u201cos aloprados do Pal\u00e1cio do Planalto\u201d. Segundo Temer \u201cfoi uma crisezinha, j\u00e1 contornada\u201d.<\/p><\/blockquote>\n<p>Ele age sempre mirando no que possa lhe trazer benef\u00edcios pol\u00edticos. Sabe que a situa\u00e7\u00e3o da presidente Dilma se agrava a cada dia.<\/p>\n<p>De um momento para outro, a presidente corre o risco de ser defenestrada do comando do governo. Certamente, cairia no seu colo a tarefa de conduzir a chapa eleita em 2014 e comandar o Brasil at\u00e9 o fim de dezembro de 2018.<\/p>\n<p>Isso n\u00e3o ocorrendo, Michel Temer teria o plano B: ser o candidato do PMDB \u00e0 Presid\u00eancia da Rep\u00fablica em 2018.<\/p>\n<p>Essa estrat\u00e9gia seria colocada um funcionamento em outubro pr\u00f3ximo, quando o PMDB promover\u00e1 sua conven\u00e7\u00e3o nacional. Nesse momento, a legenda dever\u00e1 estar desligada do governo e em oposi\u00e7\u00e3o ao PT do ex-presidente Lula.<\/p>\n","protected":false},"excerpt":{"rendered":"<p>O mandato de Rodrigo Janot como procurador-geral da Rep\u00fablica encerra no\u00a0dia 17 de setembro. Justamente no momento em que estar\u00e3o sendo encaminhados ao Supremo Tribunal Federal pedidos de abertura de processos contra pol\u00edticos importantes, entre eles senadores, benefici\u00e1rios de recursos desviados da Petrobras. Nesta quarta-feira (5), procuradores de todo o pais, escolher\u00e3o os tr\u00eas nomes [&hellip;]<\/p>\n","protected":false},"author":2,"featured_media":60090,"comment_status":"open","ping_status":"closed","sticky":false,"template":"","format":"standard","meta":{"_acf_changed":false,"footnotes":""},"categories":[42],"tags":[],"class_list":["post-60089","post","type-post","status-publish","format-standard","has-post-thumbnail","hentry","category-coletti"],"acf":[],"yoast_head":"<!-- This site is optimized with the Yoast SEO plugin v27.2 - https:\/\/yoast.com\/product\/yoast-seo-wordpress\/ -->\n<title>Janot vive pesadelo e Michel Temer tem sonho de assumir o Planalto - Notibras<\/title>\n<meta name=\"robots\" content=\"index, follow, max-snippet:-1, max-image-preview:large, max-video-preview:-1\" \/>\n<link rel=\"canonical\" href=\"https:\/\/www.notibras.com\/site\/janot-vive-pesadelo-e-michel-temer-alimenta-sonho-de-assumir-o-planalto\/\" \/>\n<meta property=\"og:locale\" content=\"pt_BR\" \/>\n<meta property=\"og:type\" content=\"article\" \/>\n<meta property=\"og:title\" content=\"Janot vive pesadelo e Michel Temer tem sonho de assumir o Planalto - Notibras\" \/>\n<meta property=\"og:description\" content=\"O mandato de Rodrigo Janot como procurador-geral da Rep\u00fablica encerra no\u00a0dia 17 de setembro. Justamente no momento em que estar\u00e3o sendo encaminhados ao Supremo Tribunal Federal pedidos de abertura de processos contra pol\u00edticos importantes, entre eles senadores, benefici\u00e1rios de recursos desviados da Petrobras. Nesta quarta-feira (5), procuradores de todo o pais, escolher\u00e3o os tr\u00eas nomes [&hellip;]\" \/>\n<meta property=\"og:url\" content=\"https:\/\/www.notibras.com\/site\/janot-vive-pesadelo-e-michel-temer-alimenta-sonho-de-assumir-o-planalto\/\" \/>\n<meta property=\"og:site_name\" content=\"Notibras\" \/>\n<meta property=\"article:publisher\" content=\"https:\/\/www.facebook.com\/notibras\/\" \/>\n<meta property=\"article:published_time\" content=\"2015-08-04T02:50:05+00:00\" \/>\n<meta property=\"article:modified_time\" content=\"2015-08-14T14:59:17+00:00\" \/>\n<meta property=\"og:image\" content=\"https:\/\/www.notibras.com\/site\/wp-content\/uploads\/2015\/08\/Temer-Janot.jpg\" \/>\n\t<meta property=\"og:image:width\" content=\"1196\" \/>\n\t<meta property=\"og:image:height\" content=\"768\" \/>\n\t<meta property=\"og:image:type\" content=\"image\/jpeg\" \/>\n<meta name=\"author\" content=\"Reda\u00e7\u00e3o\" \/>\n<meta name=\"twitter:card\" content=\"summary_large_image\" \/>\n<meta name=\"twitter:creator\" content=\"@Notibras\" \/>\n<meta name=\"twitter:site\" content=\"@Notibras\" \/>\n<meta name=\"twitter:label1\" content=\"Escrito por\" \/>\n\t<meta name=\"twitter:data1\" content=\"Reda\u00e7\u00e3o\" \/>\n\t<meta name=\"twitter:label2\" content=\"Est. tempo de leitura\" \/>\n\t<meta name=\"twitter:data2\" content=\"2 minutos\" \/>\n<script type=\"application\/ld+json\" class=\"yoast-schema-graph\">{\"@context\":\"https:\/\/schema.org\",\"@graph\":[{\"@type\":\"Article\",\"@id\":\"https:\/\/www.notibras.com\/site\/janot-vive-pesadelo-e-michel-temer-alimenta-sonho-de-assumir-o-planalto\/#article\",\"isPartOf\":{\"@id\":\"https:\/\/www.notibras.com\/site\/janot-vive-pesadelo-e-michel-temer-alimenta-sonho-de-assumir-o-planalto\/\"},\"author\":{\"name\":\"Reda\u00e7\u00e3o\",\"@id\":\"https:\/\/www.notibras.com\/site\/#\/schema\/person\/36ab0979449956132d3e5b517ea76ac8\"},\"headline\":\"Janot vive pesadelo e Michel Temer tem sonho de assumir o Planalto\",\"datePublished\":\"2015-08-04T02:50:05+00:00\",\"dateModified\":\"2015-08-14T14:59:17+00:00\",\"mainEntityOfPage\":{\"@id\":\"https:\/\/www.notibras.com\/site\/janot-vive-pesadelo-e-michel-temer-alimenta-sonho-de-assumir-o-planalto\/\"},\"wordCount\":494,\"commentCount\":0,\"publisher\":{\"@id\":\"https:\/\/www.notibras.com\/site\/#organization\"},\"image\":{\"@id\":\"https:\/\/www.notibras.com\/site\/janot-vive-pesadelo-e-michel-temer-alimenta-sonho-de-assumir-o-planalto\/#primaryimage\"},\"thumbnailUrl\":\"https:\/\/www.notibras.com\/site\/wp-content\/uploads\/2015\/08\/Temer-Janot.jpg\",\"articleSection\":[\"Cl\u00e1udio Coletti\"],\"inLanguage\":\"pt-BR\",\"potentialAction\":[{\"@type\":\"CommentAction\",\"name\":\"Comment\",\"target\":[\"https:\/\/www.notibras.com\/site\/janot-vive-pesadelo-e-michel-temer-alimenta-sonho-de-assumir-o-planalto\/#respond\"]}]},{\"@type\":\"WebPage\",\"@id\":\"https:\/\/www.notibras.com\/site\/janot-vive-pesadelo-e-michel-temer-alimenta-sonho-de-assumir-o-planalto\/\",\"url\":\"https:\/\/www.notibras.com\/site\/janot-vive-pesadelo-e-michel-temer-alimenta-sonho-de-assumir-o-planalto\/\",\"name\":\"Janot vive pesadelo e Michel Temer tem sonho de assumir o Planalto - Notibras\",\"isPartOf\":{\"@id\":\"https:\/\/www.notibras.com\/site\/#website\"},\"primaryImageOfPage\":{\"@id\":\"https:\/\/www.notibras.com\/site\/janot-vive-pesadelo-e-michel-temer-alimenta-sonho-de-assumir-o-planalto\/#primaryimage\"},\"image\":{\"@id\":\"https:\/\/www.notibras.com\/site\/janot-vive-pesadelo-e-michel-temer-alimenta-sonho-de-assumir-o-planalto\/#primaryimage\"},\"thumbnailUrl\":\"https:\/\/www.notibras.com\/site\/wp-content\/uploads\/2015\/08\/Temer-Janot.jpg\",\"datePublished\":\"2015-08-04T02:50:05+00:00\",\"dateModified\":\"2015-08-14T14:59:17+00:00\",\"breadcrumb\":{\"@id\":\"https:\/\/www.notibras.com\/site\/janot-vive-pesadelo-e-michel-temer-alimenta-sonho-de-assumir-o-planalto\/#breadcrumb\"},\"inLanguage\":\"pt-BR\",\"potentialAction\":[{\"@type\":\"ReadAction\",\"target\":[\"https:\/\/www.notibras.com\/site\/janot-vive-pesadelo-e-michel-temer-alimenta-sonho-de-assumir-o-planalto\/\"]}]},{\"@type\":\"ImageObject\",\"inLanguage\":\"pt-BR\",\"@id\":\"https:\/\/www.notibras.com\/site\/janot-vive-pesadelo-e-michel-temer-alimenta-sonho-de-assumir-o-planalto\/#primaryimage\",\"url\":\"https:\/\/www.notibras.com\/site\/wp-content\/uploads\/2015\/08\/Temer-Janot.jpg\",\"contentUrl\":\"https:\/\/www.notibras.com\/site\/wp-content\/uploads\/2015\/08\/Temer-Janot.jpg\",\"width\":1196,\"height\":768},{\"@type\":\"BreadcrumbList\",\"@id\":\"https:\/\/www.notibras.com\/site\/janot-vive-pesadelo-e-michel-temer-alimenta-sonho-de-assumir-o-planalto\/#breadcrumb\",\"itemListElement\":[{\"@type\":\"ListItem\",\"position\":1,\"name\":\"In\u00edcio\",\"item\":\"https:\/\/www.notibras.com\/site\/\"},{\"@type\":\"ListItem\",\"position\":2,\"name\":\"Janot vive pesadelo e Michel Temer tem sonho de assumir o Planalto\"}]},{\"@type\":\"WebSite\",\"@id\":\"https:\/\/www.notibras.com\/site\/#website\",\"url\":\"https:\/\/www.notibras.com\/site\/\",\"name\":\"Notibras\",\"description\":\"Not\u00edcias de Bras\u00edlia, do Brasil e do Mundo\",\"publisher\":{\"@id\":\"https:\/\/www.notibras.com\/site\/#organization\"},\"potentialAction\":[{\"@type\":\"SearchAction\",\"target\":{\"@type\":\"EntryPoint\",\"urlTemplate\":\"https:\/\/www.notibras.com\/site\/?s={search_term_string}\"},\"query-input\":{\"@type\":\"PropertyValueSpecification\",\"valueRequired\":true,\"valueName\":\"search_term_string\"}}],\"inLanguage\":\"pt-BR\"},{\"@type\":\"Organization\",\"@id\":\"https:\/\/www.notibras.com\/site\/#organization\",\"name\":\"Grupo Notibras de Comunica\u00e7\u00e3o\",\"url\":\"https:\/\/www.notibras.com\/site\/\",\"logo\":{\"@type\":\"ImageObject\",\"inLanguage\":\"pt-BR\",\"@id\":\"https:\/\/www.notibras.com\/site\/#\/schema\/logo\/image\/\",\"url\":\"https:\/\/www.notibras.com\/site\/wp-content\/uploads\/2023\/01\/notibras23.png\",\"contentUrl\":\"https:\/\/www.notibras.com\/site\/wp-content\/uploads\/2023\/01\/notibras23.png\",\"width\":350,\"height\":87,\"caption\":\"Grupo Notibras de Comunica\u00e7\u00e3o\"},\"image\":{\"@id\":\"https:\/\/www.notibras.com\/site\/#\/schema\/logo\/image\/\"},\"sameAs\":[\"https:\/\/www.facebook.com\/notibras\/\",\"https:\/\/x.com\/Notibras\",\"https:\/\/www.instagram.com\/notibras\/\"]},{\"@type\":\"Person\",\"@id\":\"https:\/\/www.notibras.com\/site\/#\/schema\/person\/36ab0979449956132d3e5b517ea76ac8\",\"name\":\"Reda\u00e7\u00e3o\",\"image\":{\"@type\":\"ImageObject\",\"inLanguage\":\"pt-BR\",\"@id\":\"https:\/\/secure.gravatar.com\/avatar\/e0a867bdedb85fd243eadf09663511f96fc81e0720a4a42581f334ad4303aa6b?s=96&d=mm&r=g\",\"url\":\"https:\/\/secure.gravatar.com\/avatar\/e0a867bdedb85fd243eadf09663511f96fc81e0720a4a42581f334ad4303aa6b?s=96&d=mm&r=g\",\"contentUrl\":\"https:\/\/secure.gravatar.com\/avatar\/e0a867bdedb85fd243eadf09663511f96fc81e0720a4a42581f334ad4303aa6b?s=96&d=mm&r=g\",\"caption\":\"Reda\u00e7\u00e3o\"}}]}<\/script>\n<!-- \/ Yoast SEO plugin. -->","yoast_head_json":{"title":"Janot vive pesadelo e Michel Temer tem sonho de assumir o Planalto - Notibras","robots":{"index":"index","follow":"follow","max-snippet":"max-snippet:-1","max-image-preview":"max-image-preview:large","max-video-preview":"max-video-preview:-1"},"canonical":"https:\/\/www.notibras.com\/site\/janot-vive-pesadelo-e-michel-temer-alimenta-sonho-de-assumir-o-planalto\/","og_locale":"pt_BR","og_type":"article","og_title":"Janot vive pesadelo e Michel Temer tem sonho de assumir o Planalto - Notibras","og_description":"O mandato de Rodrigo Janot como procurador-geral da Rep\u00fablica encerra no\u00a0dia 17 de setembro. Justamente no momento em que estar\u00e3o sendo encaminhados ao Supremo Tribunal Federal pedidos de abertura de processos contra pol\u00edticos importantes, entre eles senadores, benefici\u00e1rios de recursos desviados da Petrobras. Nesta quarta-feira (5), procuradores de todo o pais, escolher\u00e3o os tr\u00eas nomes [&hellip;]","og_url":"https:\/\/www.notibras.com\/site\/janot-vive-pesadelo-e-michel-temer-alimenta-sonho-de-assumir-o-planalto\/","og_site_name":"Notibras","article_publisher":"https:\/\/www.facebook.com\/notibras\/","article_published_time":"2015-08-04T02:50:05+00:00","article_modified_time":"2015-08-14T14:59:17+00:00","og_image":[{"width":1196,"height":768,"url":"https:\/\/www.notibras.com\/site\/wp-content\/uploads\/2015\/08\/Temer-Janot.jpg","type":"image\/jpeg"}],"author":"Reda\u00e7\u00e3o","twitter_card":"summary_large_image","twitter_creator":"@Notibras","twitter_site":"@Notibras","twitter_misc":{"Escrito por":"Reda\u00e7\u00e3o","Est. tempo de leitura":"2 minutos"},"schema":{"@context":"https:\/\/schema.org","@graph":[{"@type":"Article","@id":"https:\/\/www.notibras.com\/site\/janot-vive-pesadelo-e-michel-temer-alimenta-sonho-de-assumir-o-planalto\/#article","isPartOf":{"@id":"https:\/\/www.notibras.com\/site\/janot-vive-pesadelo-e-michel-temer-alimenta-sonho-de-assumir-o-planalto\/"},"author":{"name":"Reda\u00e7\u00e3o","@id":"https:\/\/www.notibras.com\/site\/#\/schema\/person\/36ab0979449956132d3e5b517ea76ac8"},"headline":"Janot vive pesadelo e Michel Temer tem sonho de assumir o Planalto","datePublished":"2015-08-04T02:50:05+00:00","dateModified":"2015-08-14T14:59:17+00:00","mainEntityOfPage":{"@id":"https:\/\/www.notibras.com\/site\/janot-vive-pesadelo-e-michel-temer-alimenta-sonho-de-assumir-o-planalto\/"},"wordCount":494,"commentCount":0,"publisher":{"@id":"https:\/\/www.notibras.com\/site\/#organization"},"image":{"@id":"https:\/\/www.notibras.com\/site\/janot-vive-pesadelo-e-michel-temer-alimenta-sonho-de-assumir-o-planalto\/#primaryimage"},"thumbnailUrl":"https:\/\/www.notibras.com\/site\/wp-content\/uploads\/2015\/08\/Temer-Janot.jpg","articleSection":["Cl\u00e1udio Coletti"],"inLanguage":"pt-BR","potentialAction":[{"@type":"CommentAction","name":"Comment","target":["https:\/\/www.notibras.com\/site\/janot-vive-pesadelo-e-michel-temer-alimenta-sonho-de-assumir-o-planalto\/#respond"]}]},{"@type":"WebPage","@id":"https:\/\/www.notibras.com\/site\/janot-vive-pesadelo-e-michel-temer-alimenta-sonho-de-assumir-o-planalto\/","url":"https:\/\/www.notibras.com\/site\/janot-vive-pesadelo-e-michel-temer-alimenta-sonho-de-assumir-o-planalto\/","name":"Janot vive pesadelo e Michel Temer tem sonho de assumir o Planalto - Notibras","isPartOf":{"@id":"https:\/\/www.notibras.com\/site\/#website"},"primaryImageOfPage":{"@id":"https:\/\/www.notibras.com\/site\/janot-vive-pesadelo-e-michel-temer-alimenta-sonho-de-assumir-o-planalto\/#primaryimage"},"image":{"@id":"https:\/\/www.notibras.com\/site\/janot-vive-pesadelo-e-michel-temer-alimenta-sonho-de-assumir-o-planalto\/#primaryimage"},"thumbnailUrl":"https:\/\/www.notibras.com\/site\/wp-content\/uploads\/2015\/08\/Temer-Janot.jpg","datePublished":"2015-08-04T02:50:05+00:00","dateModified":"2015-08-14T14:59:17+00:00","breadcrumb":{"@id":"https:\/\/www.notibras.com\/site\/janot-vive-pesadelo-e-michel-temer-alimenta-sonho-de-assumir-o-planalto\/#breadcrumb"},"inLanguage":"pt-BR","potentialAction":[{"@type":"ReadAction","target":["https:\/\/www.notibras.com\/site\/janot-vive-pesadelo-e-michel-temer-alimenta-sonho-de-assumir-o-planalto\/"]}]},{"@type":"ImageObject","inLanguage":"pt-BR","@id":"https:\/\/www.notibras.com\/site\/janot-vive-pesadelo-e-michel-temer-alimenta-sonho-de-assumir-o-planalto\/#primaryimage","url":"https:\/\/www.notibras.com\/site\/wp-content\/uploads\/2015\/08\/Temer-Janot.jpg","contentUrl":"https:\/\/www.notibras.com\/site\/wp-content\/uploads\/2015\/08\/Temer-Janot.jpg","width":1196,"height":768},{"@type":"BreadcrumbList","@id":"https:\/\/www.notibras.com\/site\/janot-vive-pesadelo-e-michel-temer-alimenta-sonho-de-assumir-o-planalto\/#breadcrumb","itemListElement":[{"@type":"ListItem","position":1,"name":"In\u00edcio","item":"https:\/\/www.notibras.com\/site\/"},{"@type":"ListItem","position":2,"name":"Janot vive pesadelo e Michel Temer tem sonho de assumir o Planalto"}]},{"@type":"WebSite","@id":"https:\/\/www.notibras.com\/site\/#website","url":"https:\/\/www.notibras.com\/site\/","name":"Notibras","description":"Not\u00edcias de Bras\u00edlia, do Brasil e do Mundo","publisher":{"@id":"https:\/\/www.notibras.com\/site\/#organization"},"potentialAction":[{"@type":"SearchAction","target":{"@type":"EntryPoint","urlTemplate":"https:\/\/www.notibras.com\/site\/?s={search_term_string}"},"query-input":{"@type":"PropertyValueSpecification","valueRequired":true,"valueName":"search_term_string"}}],"inLanguage":"pt-BR"},{"@type":"Organization","@id":"https:\/\/www.notibras.com\/site\/#organization","name":"Grupo Notibras de Comunica\u00e7\u00e3o","url":"https:\/\/www.notibras.com\/site\/","logo":{"@type":"ImageObject","inLanguage":"pt-BR","@id":"https:\/\/www.notibras.com\/site\/#\/schema\/logo\/image\/","url":"https:\/\/www.notibras.com\/site\/wp-content\/uploads\/2023\/01\/notibras23.png","contentUrl":"https:\/\/www.notibras.com\/site\/wp-content\/uploads\/2023\/01\/notibras23.png","width":350,"height":87,"caption":"Grupo Notibras de Comunica\u00e7\u00e3o"},"image":{"@id":"https:\/\/www.notibras.com\/site\/#\/schema\/logo\/image\/"},"sameAs":["https:\/\/www.facebook.com\/notibras\/","https:\/\/x.com\/Notibras","https:\/\/www.instagram.com\/notibras\/"]},{"@type":"Person","@id":"https:\/\/www.notibras.com\/site\/#\/schema\/person\/36ab0979449956132d3e5b517ea76ac8","name":"Reda\u00e7\u00e3o","image":{"@type":"ImageObject","inLanguage":"pt-BR","@id":"https:\/\/secure.gravatar.com\/avatar\/e0a867bdedb85fd243eadf09663511f96fc81e0720a4a42581f334ad4303aa6b?s=96&d=mm&r=g","url":"https:\/\/secure.gravatar.com\/avatar\/e0a867bdedb85fd243eadf09663511f96fc81e0720a4a42581f334ad4303aa6b?s=96&d=mm&r=g","contentUrl":"https:\/\/secure.gravatar.com\/avatar\/e0a867bdedb85fd243eadf09663511f96fc81e0720a4a42581f334ad4303aa6b?s=96&d=mm&r=g","caption":"Reda\u00e7\u00e3o"}}]}},"amp_enabled":true,"_links":{"self":[{"href":"https:\/\/www.notibras.com\/site\/wp-json\/wp\/v2\/posts\/60089","targetHints":{"allow":["GET"]}}],"collection":[{"href":"https:\/\/www.notibras.com\/site\/wp-json\/wp\/v2\/posts"}],"about":[{"href":"https:\/\/www.notibras.com\/site\/wp-json\/wp\/v2\/types\/post"}],"author":[{"embeddable":true,"href":"https:\/\/www.notibras.com\/site\/wp-json\/wp\/v2\/users\/2"}],"replies":[{"embeddable":true,"href":"https:\/\/www.notibras.com\/site\/wp-json\/wp\/v2\/comments?post=60089"}],"version-history":[{"count":0,"href":"https:\/\/www.notibras.com\/site\/wp-json\/wp\/v2\/posts\/60089\/revisions"}],"wp:featuredmedia":[{"embeddable":true,"href":"https:\/\/www.notibras.com\/site\/wp-json\/wp\/v2\/media\/60090"}],"wp:attachment":[{"href":"https:\/\/www.notibras.com\/site\/wp-json\/wp\/v2\/media?parent=60089"}],"wp:term":[{"taxonomy":"category","embeddable":true,"href":"https:\/\/www.notibras.com\/site\/wp-json\/wp\/v2\/categories?post=60089"},{"taxonomy":"post_tag","embeddable":true,"href":"https:\/\/www.notibras.com\/site\/wp-json\/wp\/v2\/tags?post=60089"}],"curies":[{"name":"wp","href":"https:\/\/api.w.org\/{rel}","templated":true}]}}