{"id":60212,"date":"2015-08-05T19:47:25","date_gmt":"2015-08-05T22:47:25","guid":{"rendered":"http:\/\/www.notibras.com\/site\/?p=60212"},"modified":"2015-08-14T11:58:40","modified_gmt":"2015-08-14T14:58:40","slug":"brasilia-precisa-de-tatuzao-dourado-para-que-o-metro-ande-nos-trilhos","status":"publish","type":"post","link":"https:\/\/www.notibras.com\/site\/brasilia-precisa-de-tatuzao-dourado-para-que-o-metro-ande-nos-trilhos\/","title":{"rendered":"Bras\u00edlia precisa de tatuz\u00e3o dourado para metr\u00f4 andar na linha"},"content":{"rendered":"<p>O equipamento conhecido como tatuz\u00e3o fura 5 cm por dia as pedras subterr\u00e2neas do Rio de Janeiro para levar o metr\u00f4 at\u00e9 a Barra da Tijuca. Mas n\u00e3o para. S\u00e3o Paulo tem o sistema de metr\u00f4 mais antigo do Brasil. O mais antigo na Am\u00e9rica do Sul \u00e9 o de Buenos Aires, inaugurado em 1913. Naquele ano o Brasil puxava bonde com burros. O de Nova York, que \u00e9 dos mais antigos do mundo, tem 400 km de linhas. O de Londres, de 1864, faz do subsolo de Londres um queijo su\u00ed\u00e7o. O de Paris, que \u00e9 apenas o quarto da Europa, atr\u00e1s dos de Londres, de Moscou e do de Madrid (310 km de trilhos), \u00e9 reconhecido como eficaz e muito bem mantido.<\/p>\n<p>Especialistas nesse modal de transporte de massa afirmam que ele s\u00f3 \u00e9 poss\u00edvel se for subsidiado. N\u00e3o h\u00e1 tarifa capaz de manter um metr\u00f4 em expans\u00e3o se a popula\u00e7\u00e3o n\u00e3o pagar por isso, por meio dos impostos que j\u00e1 s\u00e3o cobrados. Outra verdade sobre o melhor transporte urbano coletivo que existe atualmente \u00e9 que ele \u00e9 uma obra permanente, ininterrupta. S\u00f3 assim \u00e9 poss\u00edvel chegar onde est\u00e1 o cidad\u00e3o e seu posto de trabalho, com conforto e seguran\u00e7a.<\/p>\n<blockquote><p>Ent\u00e3o vamos falar do Distrito Federal e as equivocadas medidas das \u00faltimas d\u00e9cadas. Joaquim Roriz iniciou a implanta\u00e7\u00e3o do trem e foi criticado. Cristovam Buarque, ao assumir, interrompeu a obra por quatro anos, s\u00f3 porque deu piti sobre a iniciativa de Roriz e atrasou por 20 anos a solu\u00e7\u00e3o para o inferno que o tr\u00e2nsito vive hoje. Em compensa\u00e7\u00e3o liberou os pedestres para cruzar as ruas em suas faixas. Que lindo!<\/p><\/blockquote>\n<p>H\u00e9lio Doyle estava ao seu lado mas n\u00e3o foi capaz de convenc\u00ea-lo de que aquela atitude era uma irresponsabilidade. Depois, o mesmo H\u00e9lio Doyle, ao lado de Roriz, acatou a decis\u00e3o de retomar a obra e inaugurar a linha fantasma que n\u00e3o tinha as esta\u00e7\u00f5es conclu\u00eddas. Dos males, o menor, o metr\u00f4 finalmente foi feito.<\/p>\n<p>A seguir, o mesmo H\u00e9lio Doyle \u2013 como anda pra l\u00e1 e pra c\u00e1 esse rapaz&#8230; \u2013, ao lado de Rollemberg, anunciou a amplia\u00e7\u00e3o do metr\u00f4 para a Asa Norte. Ainda que o GDF (n\u00e3o o GB) n\u00e3o encontrasse nos cofres os recursos para pagar pessoal. Mas Rollemberg anunciou diversas obras vi\u00e1rias que v\u00e3o beneficiar, acreditem, autom\u00f3veis.<\/p>\n<p>Devemos torcer para que o mesmo H\u00e9lio Doyle, que \u00e9 personagem que est\u00e1 em todas as situa\u00e7\u00f5es de ocasi\u00e3o e anda tomando cafezinho com Reguffe, resolva ser um primeiro-ministro, da pr\u00f3xima vez, mais elaborado. E se acertar, que n\u00e3o seja t\u00e3o breve em suas fun\u00e7\u00f5es como revela sua hist\u00f3ria.<\/p>\n<blockquote><p>Nomear correligion\u00e1rios, principalmente quando n\u00e3o h\u00e1 quadros, \u00e9 comum. Marcelo Dourado foi pin\u00e7ado e \u00e9 presidente do Metr\u00f4 DF. Era vice do PSB de Rodrigo governador. Dourado n\u00e3o tem nada a dizer a n\u00e3o ser o mesmo lenga lenga atual de que Agnelo Queiroz n\u00e3o deixou um tost\u00e3o para comprar um biscoito. Ningu\u00e9m aguenta mais essa desculpa esfarrapada.<\/p><\/blockquote>\n<p>Muitos pa\u00edses consolidados e organiza\u00e7\u00f5es internacionais est\u00e3o dispostos a investir nos modais de transporte coletivo. Os contribuintes &#8211; j\u00e1 extorquidos &#8211; nem v\u00e3o precisar pagar a conta das obras, desde que mediante a concess\u00e3o de explora\u00e7\u00e3o das linhas por 20, 30, mil anos, n\u00e3o importa.<\/p>\n<p>Estamos na contram\u00e3o da hist\u00f3ria. Ainda praticamos pol\u00edticas de governo, n\u00e3o de Estado. Dizem que Marcelo Dourado \u00e9 muito bom nisso, em pol\u00edticas de governo, imediatas, toma l\u00e1, d\u00e1 c\u00e1, ou seja, vai uma ordem de servi\u00e7o e vem uma nova esta\u00e7\u00e3o do metr\u00f4. Ou trem. Ou planejamento. Ou estudo. Ou projeto. Ou esbo\u00e7o. Ou qualquer coisa que seja do tema subterr\u00e2neo, no bom sentido, claro, \u00e9 sua fun\u00e7\u00e3o.<\/p>\n<p>No Distrito Federal, especialistas afirmam que o tatuz\u00e3o \u00e9 capaz de furar dez ou vinte vezes mais do que no Rio de Janeiro. Manter a constru\u00e7\u00e3o permanente do metr\u00f4 e sua amplia\u00e7\u00e3o para vencer os n\u00fameros dos queridos hermanos vizinhos que usam metr\u00f4 h\u00e1 mais de cem anos, \u00e9 uma quest\u00e3o de honra.<\/p>\n<blockquote><p>Mas&#8230; honra? Deixa pra l\u00e1. Afinal, eles sempre vencem nas quatro linhas. Imaginem nas duas paralelas.<\/p><\/blockquote>\n","protected":false},"excerpt":{"rendered":"<p>O equipamento conhecido como tatuz\u00e3o fura 5 cm por dia as pedras subterr\u00e2neas do Rio de Janeiro para levar o metr\u00f4 at\u00e9 a Barra da Tijuca. Mas n\u00e3o para. S\u00e3o Paulo tem o sistema de metr\u00f4 mais antigo do Brasil. O mais antigo na Am\u00e9rica do Sul \u00e9 o de Buenos Aires, inaugurado em 1913. [&hellip;]<\/p>\n","protected":false},"author":2,"featured_media":60213,"comment_status":"open","ping_status":"closed","sticky":false,"template":"","format":"standard","meta":{"_acf_changed":false,"footnotes":""},"categories":[49],"tags":[],"class_list":["post-60212","post","type-post","status-publish","format-standard","has-post-thumbnail","hentry","category-max"],"acf":[],"yoast_head":"<!-- This site is optimized with the Yoast SEO plugin v27.2 - https:\/\/yoast.com\/product\/yoast-seo-wordpress\/ -->\n<title>Bras\u00edlia precisa de tatuz\u00e3o dourado para metr\u00f4 andar na linha - Notibras<\/title>\n<meta name=\"robots\" content=\"index, follow, max-snippet:-1, max-image-preview:large, max-video-preview:-1\" \/>\n<link rel=\"canonical\" href=\"https:\/\/www.notibras.com\/site\/brasilia-precisa-de-tatuzao-dourado-para-que-o-metro-ande-nos-trilhos\/\" \/>\n<meta property=\"og:locale\" content=\"pt_BR\" \/>\n<meta property=\"og:type\" content=\"article\" \/>\n<meta property=\"og:title\" content=\"Bras\u00edlia precisa de tatuz\u00e3o dourado para metr\u00f4 andar na linha - Notibras\" \/>\n<meta property=\"og:description\" content=\"O equipamento conhecido como tatuz\u00e3o fura 5 cm por dia as pedras subterr\u00e2neas do Rio de Janeiro para levar o metr\u00f4 at\u00e9 a Barra da Tijuca. Mas n\u00e3o para. S\u00e3o Paulo tem o sistema de metr\u00f4 mais antigo do Brasil. O mais antigo na Am\u00e9rica do Sul \u00e9 o de Buenos Aires, inaugurado em 1913. [&hellip;]\" \/>\n<meta property=\"og:url\" content=\"https:\/\/www.notibras.com\/site\/brasilia-precisa-de-tatuzao-dourado-para-que-o-metro-ande-nos-trilhos\/\" \/>\n<meta property=\"og:site_name\" content=\"Notibras\" \/>\n<meta property=\"article:publisher\" content=\"https:\/\/www.facebook.com\/notibras\/\" \/>\n<meta property=\"article:published_time\" content=\"2015-08-05T22:47:25+00:00\" \/>\n<meta property=\"article:modified_time\" content=\"2015-08-14T14:58:40+00:00\" \/>\n<meta property=\"og:image\" content=\"https:\/\/www.notibras.com\/site\/wp-content\/uploads\/2015\/08\/met.jpeg\" \/>\n\t<meta property=\"og:image:width\" content=\"1276\" \/>\n\t<meta property=\"og:image:height\" content=\"850\" \/>\n\t<meta property=\"og:image:type\" content=\"image\/jpeg\" \/>\n<meta name=\"author\" content=\"Reda\u00e7\u00e3o\" \/>\n<meta name=\"twitter:card\" content=\"summary_large_image\" \/>\n<meta name=\"twitter:creator\" content=\"@Notibras\" \/>\n<meta name=\"twitter:site\" content=\"@Notibras\" \/>\n<meta name=\"twitter:label1\" content=\"Escrito por\" \/>\n\t<meta name=\"twitter:data1\" content=\"Reda\u00e7\u00e3o\" \/>\n\t<meta name=\"twitter:label2\" content=\"Est. tempo de leitura\" \/>\n\t<meta name=\"twitter:data2\" content=\"4 minutos\" \/>\n<script type=\"application\/ld+json\" class=\"yoast-schema-graph\">{\"@context\":\"https:\/\/schema.org\",\"@graph\":[{\"@type\":\"Article\",\"@id\":\"https:\/\/www.notibras.com\/site\/brasilia-precisa-de-tatuzao-dourado-para-que-o-metro-ande-nos-trilhos\/#article\",\"isPartOf\":{\"@id\":\"https:\/\/www.notibras.com\/site\/brasilia-precisa-de-tatuzao-dourado-para-que-o-metro-ande-nos-trilhos\/\"},\"author\":{\"name\":\"Reda\u00e7\u00e3o\",\"@id\":\"https:\/\/www.notibras.com\/site\/#\/schema\/person\/36ab0979449956132d3e5b517ea76ac8\"},\"headline\":\"Bras\u00edlia precisa de tatuz\u00e3o dourado para metr\u00f4 andar na linha\",\"datePublished\":\"2015-08-05T22:47:25+00:00\",\"dateModified\":\"2015-08-14T14:58:40+00:00\",\"mainEntityOfPage\":{\"@id\":\"https:\/\/www.notibras.com\/site\/brasilia-precisa-de-tatuzao-dourado-para-que-o-metro-ande-nos-trilhos\/\"},\"wordCount\":737,\"commentCount\":0,\"publisher\":{\"@id\":\"https:\/\/www.notibras.com\/site\/#organization\"},\"image\":{\"@id\":\"https:\/\/www.notibras.com\/site\/brasilia-precisa-de-tatuzao-dourado-para-que-o-metro-ande-nos-trilhos\/#primaryimage\"},\"thumbnailUrl\":\"https:\/\/www.notibras.com\/site\/wp-content\/uploads\/2015\/08\/met.jpeg\",\"articleSection\":[\"Max de Quental\"],\"inLanguage\":\"pt-BR\",\"potentialAction\":[{\"@type\":\"CommentAction\",\"name\":\"Comment\",\"target\":[\"https:\/\/www.notibras.com\/site\/brasilia-precisa-de-tatuzao-dourado-para-que-o-metro-ande-nos-trilhos\/#respond\"]}]},{\"@type\":\"WebPage\",\"@id\":\"https:\/\/www.notibras.com\/site\/brasilia-precisa-de-tatuzao-dourado-para-que-o-metro-ande-nos-trilhos\/\",\"url\":\"https:\/\/www.notibras.com\/site\/brasilia-precisa-de-tatuzao-dourado-para-que-o-metro-ande-nos-trilhos\/\",\"name\":\"Bras\u00edlia precisa de tatuz\u00e3o dourado para metr\u00f4 andar na linha - Notibras\",\"isPartOf\":{\"@id\":\"https:\/\/www.notibras.com\/site\/#website\"},\"primaryImageOfPage\":{\"@id\":\"https:\/\/www.notibras.com\/site\/brasilia-precisa-de-tatuzao-dourado-para-que-o-metro-ande-nos-trilhos\/#primaryimage\"},\"image\":{\"@id\":\"https:\/\/www.notibras.com\/site\/brasilia-precisa-de-tatuzao-dourado-para-que-o-metro-ande-nos-trilhos\/#primaryimage\"},\"thumbnailUrl\":\"https:\/\/www.notibras.com\/site\/wp-content\/uploads\/2015\/08\/met.jpeg\",\"datePublished\":\"2015-08-05T22:47:25+00:00\",\"dateModified\":\"2015-08-14T14:58:40+00:00\",\"breadcrumb\":{\"@id\":\"https:\/\/www.notibras.com\/site\/brasilia-precisa-de-tatuzao-dourado-para-que-o-metro-ande-nos-trilhos\/#breadcrumb\"},\"inLanguage\":\"pt-BR\",\"potentialAction\":[{\"@type\":\"ReadAction\",\"target\":[\"https:\/\/www.notibras.com\/site\/brasilia-precisa-de-tatuzao-dourado-para-que-o-metro-ande-nos-trilhos\/\"]}]},{\"@type\":\"ImageObject\",\"inLanguage\":\"pt-BR\",\"@id\":\"https:\/\/www.notibras.com\/site\/brasilia-precisa-de-tatuzao-dourado-para-que-o-metro-ande-nos-trilhos\/#primaryimage\",\"url\":\"https:\/\/www.notibras.com\/site\/wp-content\/uploads\/2015\/08\/met.jpeg\",\"contentUrl\":\"https:\/\/www.notibras.com\/site\/wp-content\/uploads\/2015\/08\/met.jpeg\",\"width\":1276,\"height\":850},{\"@type\":\"BreadcrumbList\",\"@id\":\"https:\/\/www.notibras.com\/site\/brasilia-precisa-de-tatuzao-dourado-para-que-o-metro-ande-nos-trilhos\/#breadcrumb\",\"itemListElement\":[{\"@type\":\"ListItem\",\"position\":1,\"name\":\"In\u00edcio\",\"item\":\"https:\/\/www.notibras.com\/site\/\"},{\"@type\":\"ListItem\",\"position\":2,\"name\":\"Bras\u00edlia precisa de tatuz\u00e3o dourado para metr\u00f4 andar na linha\"}]},{\"@type\":\"WebSite\",\"@id\":\"https:\/\/www.notibras.com\/site\/#website\",\"url\":\"https:\/\/www.notibras.com\/site\/\",\"name\":\"Notibras\",\"description\":\"Not\u00edcias de Bras\u00edlia, do Brasil e do Mundo\",\"publisher\":{\"@id\":\"https:\/\/www.notibras.com\/site\/#organization\"},\"potentialAction\":[{\"@type\":\"SearchAction\",\"target\":{\"@type\":\"EntryPoint\",\"urlTemplate\":\"https:\/\/www.notibras.com\/site\/?s={search_term_string}\"},\"query-input\":{\"@type\":\"PropertyValueSpecification\",\"valueRequired\":true,\"valueName\":\"search_term_string\"}}],\"inLanguage\":\"pt-BR\"},{\"@type\":\"Organization\",\"@id\":\"https:\/\/www.notibras.com\/site\/#organization\",\"name\":\"Grupo Notibras de Comunica\u00e7\u00e3o\",\"url\":\"https:\/\/www.notibras.com\/site\/\",\"logo\":{\"@type\":\"ImageObject\",\"inLanguage\":\"pt-BR\",\"@id\":\"https:\/\/www.notibras.com\/site\/#\/schema\/logo\/image\/\",\"url\":\"https:\/\/www.notibras.com\/site\/wp-content\/uploads\/2023\/01\/notibras23.png\",\"contentUrl\":\"https:\/\/www.notibras.com\/site\/wp-content\/uploads\/2023\/01\/notibras23.png\",\"width\":350,\"height\":87,\"caption\":\"Grupo Notibras de Comunica\u00e7\u00e3o\"},\"image\":{\"@id\":\"https:\/\/www.notibras.com\/site\/#\/schema\/logo\/image\/\"},\"sameAs\":[\"https:\/\/www.facebook.com\/notibras\/\",\"https:\/\/x.com\/Notibras\",\"https:\/\/www.instagram.com\/notibras\/\"]},{\"@type\":\"Person\",\"@id\":\"https:\/\/www.notibras.com\/site\/#\/schema\/person\/36ab0979449956132d3e5b517ea76ac8\",\"name\":\"Reda\u00e7\u00e3o\",\"image\":{\"@type\":\"ImageObject\",\"inLanguage\":\"pt-BR\",\"@id\":\"https:\/\/secure.gravatar.com\/avatar\/e0a867bdedb85fd243eadf09663511f96fc81e0720a4a42581f334ad4303aa6b?s=96&d=mm&r=g\",\"url\":\"https:\/\/secure.gravatar.com\/avatar\/e0a867bdedb85fd243eadf09663511f96fc81e0720a4a42581f334ad4303aa6b?s=96&d=mm&r=g\",\"contentUrl\":\"https:\/\/secure.gravatar.com\/avatar\/e0a867bdedb85fd243eadf09663511f96fc81e0720a4a42581f334ad4303aa6b?s=96&d=mm&r=g\",\"caption\":\"Reda\u00e7\u00e3o\"}}]}<\/script>\n<!-- \/ Yoast SEO plugin. -->","yoast_head_json":{"title":"Bras\u00edlia precisa de tatuz\u00e3o dourado para metr\u00f4 andar na linha - Notibras","robots":{"index":"index","follow":"follow","max-snippet":"max-snippet:-1","max-image-preview":"max-image-preview:large","max-video-preview":"max-video-preview:-1"},"canonical":"https:\/\/www.notibras.com\/site\/brasilia-precisa-de-tatuzao-dourado-para-que-o-metro-ande-nos-trilhos\/","og_locale":"pt_BR","og_type":"article","og_title":"Bras\u00edlia precisa de tatuz\u00e3o dourado para metr\u00f4 andar na linha - Notibras","og_description":"O equipamento conhecido como tatuz\u00e3o fura 5 cm por dia as pedras subterr\u00e2neas do Rio de Janeiro para levar o metr\u00f4 at\u00e9 a Barra da Tijuca. Mas n\u00e3o para. S\u00e3o Paulo tem o sistema de metr\u00f4 mais antigo do Brasil. O mais antigo na Am\u00e9rica do Sul \u00e9 o de Buenos Aires, inaugurado em 1913. [&hellip;]","og_url":"https:\/\/www.notibras.com\/site\/brasilia-precisa-de-tatuzao-dourado-para-que-o-metro-ande-nos-trilhos\/","og_site_name":"Notibras","article_publisher":"https:\/\/www.facebook.com\/notibras\/","article_published_time":"2015-08-05T22:47:25+00:00","article_modified_time":"2015-08-14T14:58:40+00:00","og_image":[{"width":1276,"height":850,"url":"https:\/\/www.notibras.com\/site\/wp-content\/uploads\/2015\/08\/met.jpeg","type":"image\/jpeg"}],"author":"Reda\u00e7\u00e3o","twitter_card":"summary_large_image","twitter_creator":"@Notibras","twitter_site":"@Notibras","twitter_misc":{"Escrito por":"Reda\u00e7\u00e3o","Est. tempo de leitura":"4 minutos"},"schema":{"@context":"https:\/\/schema.org","@graph":[{"@type":"Article","@id":"https:\/\/www.notibras.com\/site\/brasilia-precisa-de-tatuzao-dourado-para-que-o-metro-ande-nos-trilhos\/#article","isPartOf":{"@id":"https:\/\/www.notibras.com\/site\/brasilia-precisa-de-tatuzao-dourado-para-que-o-metro-ande-nos-trilhos\/"},"author":{"name":"Reda\u00e7\u00e3o","@id":"https:\/\/www.notibras.com\/site\/#\/schema\/person\/36ab0979449956132d3e5b517ea76ac8"},"headline":"Bras\u00edlia precisa de tatuz\u00e3o dourado para metr\u00f4 andar na linha","datePublished":"2015-08-05T22:47:25+00:00","dateModified":"2015-08-14T14:58:40+00:00","mainEntityOfPage":{"@id":"https:\/\/www.notibras.com\/site\/brasilia-precisa-de-tatuzao-dourado-para-que-o-metro-ande-nos-trilhos\/"},"wordCount":737,"commentCount":0,"publisher":{"@id":"https:\/\/www.notibras.com\/site\/#organization"},"image":{"@id":"https:\/\/www.notibras.com\/site\/brasilia-precisa-de-tatuzao-dourado-para-que-o-metro-ande-nos-trilhos\/#primaryimage"},"thumbnailUrl":"https:\/\/www.notibras.com\/site\/wp-content\/uploads\/2015\/08\/met.jpeg","articleSection":["Max de Quental"],"inLanguage":"pt-BR","potentialAction":[{"@type":"CommentAction","name":"Comment","target":["https:\/\/www.notibras.com\/site\/brasilia-precisa-de-tatuzao-dourado-para-que-o-metro-ande-nos-trilhos\/#respond"]}]},{"@type":"WebPage","@id":"https:\/\/www.notibras.com\/site\/brasilia-precisa-de-tatuzao-dourado-para-que-o-metro-ande-nos-trilhos\/","url":"https:\/\/www.notibras.com\/site\/brasilia-precisa-de-tatuzao-dourado-para-que-o-metro-ande-nos-trilhos\/","name":"Bras\u00edlia precisa de tatuz\u00e3o dourado para metr\u00f4 andar na linha - Notibras","isPartOf":{"@id":"https:\/\/www.notibras.com\/site\/#website"},"primaryImageOfPage":{"@id":"https:\/\/www.notibras.com\/site\/brasilia-precisa-de-tatuzao-dourado-para-que-o-metro-ande-nos-trilhos\/#primaryimage"},"image":{"@id":"https:\/\/www.notibras.com\/site\/brasilia-precisa-de-tatuzao-dourado-para-que-o-metro-ande-nos-trilhos\/#primaryimage"},"thumbnailUrl":"https:\/\/www.notibras.com\/site\/wp-content\/uploads\/2015\/08\/met.jpeg","datePublished":"2015-08-05T22:47:25+00:00","dateModified":"2015-08-14T14:58:40+00:00","breadcrumb":{"@id":"https:\/\/www.notibras.com\/site\/brasilia-precisa-de-tatuzao-dourado-para-que-o-metro-ande-nos-trilhos\/#breadcrumb"},"inLanguage":"pt-BR","potentialAction":[{"@type":"ReadAction","target":["https:\/\/www.notibras.com\/site\/brasilia-precisa-de-tatuzao-dourado-para-que-o-metro-ande-nos-trilhos\/"]}]},{"@type":"ImageObject","inLanguage":"pt-BR","@id":"https:\/\/www.notibras.com\/site\/brasilia-precisa-de-tatuzao-dourado-para-que-o-metro-ande-nos-trilhos\/#primaryimage","url":"https:\/\/www.notibras.com\/site\/wp-content\/uploads\/2015\/08\/met.jpeg","contentUrl":"https:\/\/www.notibras.com\/site\/wp-content\/uploads\/2015\/08\/met.jpeg","width":1276,"height":850},{"@type":"BreadcrumbList","@id":"https:\/\/www.notibras.com\/site\/brasilia-precisa-de-tatuzao-dourado-para-que-o-metro-ande-nos-trilhos\/#breadcrumb","itemListElement":[{"@type":"ListItem","position":1,"name":"In\u00edcio","item":"https:\/\/www.notibras.com\/site\/"},{"@type":"ListItem","position":2,"name":"Bras\u00edlia precisa de tatuz\u00e3o dourado para metr\u00f4 andar na linha"}]},{"@type":"WebSite","@id":"https:\/\/www.notibras.com\/site\/#website","url":"https:\/\/www.notibras.com\/site\/","name":"Notibras","description":"Not\u00edcias de Bras\u00edlia, do Brasil e do Mundo","publisher":{"@id":"https:\/\/www.notibras.com\/site\/#organization"},"potentialAction":[{"@type":"SearchAction","target":{"@type":"EntryPoint","urlTemplate":"https:\/\/www.notibras.com\/site\/?s={search_term_string}"},"query-input":{"@type":"PropertyValueSpecification","valueRequired":true,"valueName":"search_term_string"}}],"inLanguage":"pt-BR"},{"@type":"Organization","@id":"https:\/\/www.notibras.com\/site\/#organization","name":"Grupo Notibras de Comunica\u00e7\u00e3o","url":"https:\/\/www.notibras.com\/site\/","logo":{"@type":"ImageObject","inLanguage":"pt-BR","@id":"https:\/\/www.notibras.com\/site\/#\/schema\/logo\/image\/","url":"https:\/\/www.notibras.com\/site\/wp-content\/uploads\/2023\/01\/notibras23.png","contentUrl":"https:\/\/www.notibras.com\/site\/wp-content\/uploads\/2023\/01\/notibras23.png","width":350,"height":87,"caption":"Grupo Notibras de Comunica\u00e7\u00e3o"},"image":{"@id":"https:\/\/www.notibras.com\/site\/#\/schema\/logo\/image\/"},"sameAs":["https:\/\/www.facebook.com\/notibras\/","https:\/\/x.com\/Notibras","https:\/\/www.instagram.com\/notibras\/"]},{"@type":"Person","@id":"https:\/\/www.notibras.com\/site\/#\/schema\/person\/36ab0979449956132d3e5b517ea76ac8","name":"Reda\u00e7\u00e3o","image":{"@type":"ImageObject","inLanguage":"pt-BR","@id":"https:\/\/secure.gravatar.com\/avatar\/e0a867bdedb85fd243eadf09663511f96fc81e0720a4a42581f334ad4303aa6b?s=96&d=mm&r=g","url":"https:\/\/secure.gravatar.com\/avatar\/e0a867bdedb85fd243eadf09663511f96fc81e0720a4a42581f334ad4303aa6b?s=96&d=mm&r=g","contentUrl":"https:\/\/secure.gravatar.com\/avatar\/e0a867bdedb85fd243eadf09663511f96fc81e0720a4a42581f334ad4303aa6b?s=96&d=mm&r=g","caption":"Reda\u00e7\u00e3o"}}]}},"amp_enabled":true,"_links":{"self":[{"href":"https:\/\/www.notibras.com\/site\/wp-json\/wp\/v2\/posts\/60212","targetHints":{"allow":["GET"]}}],"collection":[{"href":"https:\/\/www.notibras.com\/site\/wp-json\/wp\/v2\/posts"}],"about":[{"href":"https:\/\/www.notibras.com\/site\/wp-json\/wp\/v2\/types\/post"}],"author":[{"embeddable":true,"href":"https:\/\/www.notibras.com\/site\/wp-json\/wp\/v2\/users\/2"}],"replies":[{"embeddable":true,"href":"https:\/\/www.notibras.com\/site\/wp-json\/wp\/v2\/comments?post=60212"}],"version-history":[{"count":0,"href":"https:\/\/www.notibras.com\/site\/wp-json\/wp\/v2\/posts\/60212\/revisions"}],"wp:featuredmedia":[{"embeddable":true,"href":"https:\/\/www.notibras.com\/site\/wp-json\/wp\/v2\/media\/60213"}],"wp:attachment":[{"href":"https:\/\/www.notibras.com\/site\/wp-json\/wp\/v2\/media?parent=60212"}],"wp:term":[{"taxonomy":"category","embeddable":true,"href":"https:\/\/www.notibras.com\/site\/wp-json\/wp\/v2\/categories?post=60212"},{"taxonomy":"post_tag","embeddable":true,"href":"https:\/\/www.notibras.com\/site\/wp-json\/wp\/v2\/tags?post=60212"}],"curies":[{"name":"wp","href":"https:\/\/api.w.org\/{rel}","templated":true}]}}