{"id":60248,"date":"2015-08-05T09:36:28","date_gmt":"2015-08-05T12:36:28","guid":{"rendered":"http:\/\/www.notibras.com\/site\/?p=60248"},"modified":"2015-08-05T11:22:21","modified_gmt":"2015-08-05T14:22:21","slug":"crise-traz-perdas-ao-pais-mas-nao-e-o-caso-de-mudar-para-miami","status":"publish","type":"post","link":"https:\/\/www.notibras.com\/site\/crise-traz-perdas-ao-pais-mas-nao-e-o-caso-de-mudar-para-miami\/","title":{"rendered":"Crise traz perdas ao Pa\u00eds, mas n\u00e3o \u00e9 o caso de mudar para Miami"},"content":{"rendered":"<p>Mais uma vez a economia do Brasil passa por um momento dif\u00edcil. Paramos de crescer e voltamos a ficar vulner\u00e1veis. Esta situa\u00e7\u00e3o trouxe um sentimento de pessimismo tanto dos brasileiros como dos investidores estrangeiros. Estamos vivendo uma crise de expectativas com rela\u00e7\u00e3o ao nosso futuro o que compromete e destr\u00f3i o valor das companhias, mas entendo que h\u00e1 oportunidades trazidas pela crise. N\u00e3o estamos crescendo e isto \u00e9 grave, mas n\u00e3o quer dizer que tudo esteja perdido.<\/p>\n<p>As companhias valem pela sua capacidade de gerar fluxos de caixa e de crescer. Quanto maior sua capacidade de crescimento e competitividade, maior o valor. Em contrapartida, quanto maior seu custo de capital e risco, menor o valor. As companhias t\u00eam perdido valor pois v\u00eam crescendo menos em m\u00e9dia, aumentado seu risco e, por consequ\u00eancia, seu custo de capital.<\/p>\n<p>A Bolsa de Valores brasileira n\u00e3o tem sido um bom par\u00e2metro de valor das companhias. Sua depend\u00eancia de recursos externos aliada \u00e0 baixa quantidade de investidores e de empresas listadas fez com que a volatilidade aumentasse, n\u00e3o refletindo no valor das companhias a realidade dos seus fundamentos.<\/p>\n<p>Adicionalmente, e para piorar a situa\u00e7\u00e3o dos \u00faltimos anos, a Bolsa brasileira ficou extremamente concentrada em empresas de commodities e de servi\u00e7os financeiros. Os problemas enfrentados pelas finan\u00e7as da Petrobras e do grupo EBX \u2013 da queda dos pre\u00e7os do petr\u00f3leo e do min\u00e9rio de ferro, da piora macroecon\u00f4mica \u2013 prejudicaram ainda mais sua capacidade de retorno. O resultado \u00e9 uma Bolsa que valoriza pouco, que n\u00e3o cresce, tem baixa liquidez e capacidade de atra\u00e7\u00e3o de recursos.<\/p>\n<blockquote><p>N\u00e3o h\u00e1 como deixar de mencionar que as companhias brasileiras perdem valor pelo que chamo de fator governamental. A extrema interven\u00e7\u00e3o nos setores privados, leni\u00eancia com a corrup\u00e7\u00e3o, alto n\u00edvel de subs\u00eddios, gastan\u00e7a, falta de transpar\u00eancia, gan\u00e2ncia e falta de planejamento e de efici\u00eancia t\u00eam aumentado a percep\u00e7\u00e3o negativa sobre o futuro, aumentando o risco e vulnerabilidade das companhias e, por consequ\u00eancia, reduzindo seu valor.<\/p><\/blockquote>\n<p>Muitas companhias surfaram os benef\u00edcios governamentais das medidas tempor\u00e1rias direcionadas para alguns setores da economia, como por exemplo, o Minha Casa Minha Vida que favoreceu construtoras, o aumento dos recursos para educa\u00e7\u00e3o via fundos educacionais, o programa de biodiesel e os gastos enormes na cadeia de \u00f3leo e g\u00e1s.<\/p>\n<p>Algumas destas iniciativas trouxeram uma pseudo valoriza\u00e7\u00e3o das companhias, mas muitas se mostraram iniciativas desastrosas gerando enorme destrui\u00e7\u00e3o de valor. H\u00e1 diversos outros fatores que v\u00eam destruindo o valor das companhias: o alto custo da energia, a eminente falta de \u00e1gua, alt\u00edssimos impostos, baixa industrializa\u00e7\u00e3o, cr\u00e9dito privado caro e escasso.<\/p>\n<p><strong>Onde est\u00e3o as oportunidades<\/strong><\/p>\n<p>Contudo, geralmente os melhores investimentos n\u00e3o est\u00e3o nos melhores e mais organizados pa\u00edses, ou mesmo nas melhores companhias listadas em Bolsa, mas sim nas empresas menos visadas, naquelas que poucos est\u00e3o avaliando ou que a maioria dos investidores ainda n\u00e3o percebeu que t\u00eam um futuro promissor. O momento que vivemos traz grandes oportunidades para investimentos pois os recursos est\u00e3o escassos, o risco alto e a percep\u00e7\u00e3o de curto prazo extremamente negativa. Os pre\u00e7os dos ativos tendem a cair e, aliados \u00e0 desvaloriza\u00e7\u00e3o do real, geram enorme atratividade especialmente para investidores internacionais ou para repatria\u00e7\u00e3o de recursos.<\/p>\n<p>Vejo oportunidades nas empresas que focam na produtividade e execu\u00e7\u00e3o com alta performance, que n\u00e3o dependem do governo e que t\u00eam rep\u00fadio \u00e0 corrup\u00e7\u00e3o. S\u00e3o empresas que inovam, diferenciam seus produtos e servi\u00e7os, buscam a internacionaliza\u00e7\u00e3o, investem em pesquisa e desenvolvem pessoas.<\/p>\n<p>\u00c9 evidente o retrocesso do pa\u00eds e do valor das nossas companhias. Mas o que fazer? \u00c9 necess\u00e1ria uma r\u00e1pida corre\u00e7\u00e3o dos fatores macroecon\u00f4micos. N\u00e3o h\u00e1 como conviver no longo prazo com alt\u00edssimas taxas de juros e infla\u00e7\u00e3o associados a deficit prim\u00e1rio, de conta corrente e comercial. Sem essa corre\u00e7\u00e3o colocaremos em risco o crescimento e perderemos ainda mais valor.<\/p>\n<p>Contudo, n\u00e3o podemos depender tanto do governo. Parte da solu\u00e7\u00e3o est\u00e1 nas pr\u00f3prias companhias, por\u00e9m h\u00e1 quem tenha se acostumado com o assistencialismo e com os ganhos f\u00e1ceis dos \u00faltimos anos.<\/p>\n<p>Precisamos rapidamente acelerar o crescimento e restaurar a credibilidade do pa\u00eds e das empresas, evidentemente exigindo do governo uma administra\u00e7\u00e3o mais austera e eficaz. Retornos sustent\u00e1veis altos est\u00e3o associados \u00e0 constru\u00e7\u00e3o de bases s\u00f3lidas de neg\u00f3cios com foco no longo prazo. Os resultados m\u00e1gicos das grandes consolida\u00e7\u00f5es n\u00e3o acontecem sempre. Assim, n\u00e3o basta simplesmente juntar companhias: \u00e9 necess\u00e1rio desenvolv\u00ea-las.<\/p>\n<p>Vejo essa crise como mais uma oportunidade. \u00c9 evidente que estamos irritados porque mais uma vez o Brasil perde chances de crescimento acelerado. Mas isso n\u00e3o quer dizer que todos precisemos levar nossos recursos para fora do pa\u00eds e nos mudemos para Miami. A crise passar\u00e1 como muitas j\u00e1 passaram e as oportunidades continuar\u00e3o aqui.<\/p>\n<p>Como acreditar no Brasil e nos investimentos no longo prazo? N\u00e3o \u00e9 uma quest\u00e3o de otimismo, mas de oportunismo, pois em fases como essa, quem se beneficia s\u00e3o os mais informados, corajosos e trabalhadores.<\/p>\n<p>Os momentos de dificuldade s\u00e3o importantes para a evolu\u00e7\u00e3o. Essa fase dura traz oportunidades de reflex\u00e3o para melhorias, cortes de custos e principalmente de busca de efici\u00eancia. Inspira o desenvolvimento de um esp\u00edrito empreendedor mais eficaz, intolerante \u00e0 corrup\u00e7\u00e3o, imune \u00e0s ilus\u00f5es das promessas de ganhos f\u00e1ceis de curto prazo e acima de tudo, que foca na busca constante por cria\u00e7\u00e3o de valor.<\/p>\n<p><strong>Ricardo Mollo<\/strong><\/p>\n","protected":false},"excerpt":{"rendered":"<p>Mais uma vez a economia do Brasil passa por um momento dif\u00edcil. Paramos de crescer e voltamos a ficar vulner\u00e1veis. Esta situa\u00e7\u00e3o trouxe um sentimento de pessimismo tanto dos brasileiros como dos investidores estrangeiros. Estamos vivendo uma crise de expectativas com rela\u00e7\u00e3o ao nosso futuro o que compromete e destr\u00f3i o valor das companhias, mas [&hellip;]<\/p>\n","protected":false},"author":2,"featured_media":60249,"comment_status":"open","ping_status":"closed","sticky":false,"template":"","format":"standard","meta":{"_acf_changed":false,"footnotes":""},"categories":[25],"tags":[],"class_list":["post-60248","post","type-post","status-publish","format-standard","has-post-thumbnail","hentry","category-opina-ai"],"acf":[],"yoast_head":"<!-- This site is optimized with the Yoast SEO plugin v27.2 - https:\/\/yoast.com\/product\/yoast-seo-wordpress\/ -->\n<title>Crise traz perdas ao Pa\u00eds, mas n\u00e3o \u00e9 o caso de mudar para Miami - Notibras<\/title>\n<meta name=\"robots\" content=\"index, follow, max-snippet:-1, max-image-preview:large, max-video-preview:-1\" \/>\n<link rel=\"canonical\" href=\"https:\/\/www.notibras.com\/site\/crise-traz-perdas-ao-pais-mas-nao-e-o-caso-de-mudar-para-miami\/\" \/>\n<meta property=\"og:locale\" content=\"pt_BR\" \/>\n<meta property=\"og:type\" content=\"article\" \/>\n<meta property=\"og:title\" content=\"Crise traz perdas ao Pa\u00eds, mas n\u00e3o \u00e9 o caso de mudar para Miami - Notibras\" \/>\n<meta property=\"og:description\" content=\"Mais uma vez a economia do Brasil passa por um momento dif\u00edcil. Paramos de crescer e voltamos a ficar vulner\u00e1veis. Esta situa\u00e7\u00e3o trouxe um sentimento de pessimismo tanto dos brasileiros como dos investidores estrangeiros. Estamos vivendo uma crise de expectativas com rela\u00e7\u00e3o ao nosso futuro o que compromete e destr\u00f3i o valor das companhias, mas [&hellip;]\" \/>\n<meta property=\"og:url\" content=\"https:\/\/www.notibras.com\/site\/crise-traz-perdas-ao-pais-mas-nao-e-o-caso-de-mudar-para-miami\/\" \/>\n<meta property=\"og:site_name\" content=\"Notibras\" \/>\n<meta property=\"article:publisher\" content=\"https:\/\/www.facebook.com\/notibras\/\" \/>\n<meta property=\"article:published_time\" content=\"2015-08-05T12:36:28+00:00\" \/>\n<meta property=\"article:modified_time\" content=\"2015-08-05T14:22:21+00:00\" \/>\n<meta property=\"og:image\" content=\"https:\/\/www.notibras.com\/site\/wp-content\/uploads\/2015\/08\/M_3229e47b78ebeb9.jpg\" \/>\n\t<meta property=\"og:image:width\" content=\"1280\" \/>\n\t<meta property=\"og:image:height\" content=\"1024\" \/>\n\t<meta property=\"og:image:type\" content=\"image\/jpeg\" \/>\n<meta name=\"author\" content=\"Reda\u00e7\u00e3o\" \/>\n<meta name=\"twitter:card\" content=\"summary_large_image\" \/>\n<meta name=\"twitter:creator\" content=\"@Notibras\" \/>\n<meta name=\"twitter:site\" content=\"@Notibras\" \/>\n<meta name=\"twitter:label1\" content=\"Escrito por\" \/>\n\t<meta name=\"twitter:data1\" content=\"Reda\u00e7\u00e3o\" \/>\n\t<meta name=\"twitter:label2\" content=\"Est. tempo de leitura\" \/>\n\t<meta name=\"twitter:data2\" content=\"5 minutos\" \/>\n<script type=\"application\/ld+json\" class=\"yoast-schema-graph\">{\"@context\":\"https:\/\/schema.org\",\"@graph\":[{\"@type\":\"Article\",\"@id\":\"https:\/\/www.notibras.com\/site\/crise-traz-perdas-ao-pais-mas-nao-e-o-caso-de-mudar-para-miami\/#article\",\"isPartOf\":{\"@id\":\"https:\/\/www.notibras.com\/site\/crise-traz-perdas-ao-pais-mas-nao-e-o-caso-de-mudar-para-miami\/\"},\"author\":{\"name\":\"Reda\u00e7\u00e3o\",\"@id\":\"https:\/\/www.notibras.com\/site\/#\/schema\/person\/36ab0979449956132d3e5b517ea76ac8\"},\"headline\":\"Crise traz perdas ao Pa\u00eds, mas n\u00e3o \u00e9 o caso de mudar para Miami\",\"datePublished\":\"2015-08-05T12:36:28+00:00\",\"dateModified\":\"2015-08-05T14:22:21+00:00\",\"mainEntityOfPage\":{\"@id\":\"https:\/\/www.notibras.com\/site\/crise-traz-perdas-ao-pais-mas-nao-e-o-caso-de-mudar-para-miami\/\"},\"wordCount\":981,\"commentCount\":0,\"publisher\":{\"@id\":\"https:\/\/www.notibras.com\/site\/#organization\"},\"image\":{\"@id\":\"https:\/\/www.notibras.com\/site\/crise-traz-perdas-ao-pais-mas-nao-e-o-caso-de-mudar-para-miami\/#primaryimage\"},\"thumbnailUrl\":\"https:\/\/www.notibras.com\/site\/wp-content\/uploads\/2015\/08\/M_3229e47b78ebeb9.jpg\",\"articleSection\":[\"Opina a\u00ed\"],\"inLanguage\":\"pt-BR\",\"potentialAction\":[{\"@type\":\"CommentAction\",\"name\":\"Comment\",\"target\":[\"https:\/\/www.notibras.com\/site\/crise-traz-perdas-ao-pais-mas-nao-e-o-caso-de-mudar-para-miami\/#respond\"]}]},{\"@type\":\"WebPage\",\"@id\":\"https:\/\/www.notibras.com\/site\/crise-traz-perdas-ao-pais-mas-nao-e-o-caso-de-mudar-para-miami\/\",\"url\":\"https:\/\/www.notibras.com\/site\/crise-traz-perdas-ao-pais-mas-nao-e-o-caso-de-mudar-para-miami\/\",\"name\":\"Crise traz perdas ao Pa\u00eds, mas n\u00e3o \u00e9 o caso de mudar para Miami - Notibras\",\"isPartOf\":{\"@id\":\"https:\/\/www.notibras.com\/site\/#website\"},\"primaryImageOfPage\":{\"@id\":\"https:\/\/www.notibras.com\/site\/crise-traz-perdas-ao-pais-mas-nao-e-o-caso-de-mudar-para-miami\/#primaryimage\"},\"image\":{\"@id\":\"https:\/\/www.notibras.com\/site\/crise-traz-perdas-ao-pais-mas-nao-e-o-caso-de-mudar-para-miami\/#primaryimage\"},\"thumbnailUrl\":\"https:\/\/www.notibras.com\/site\/wp-content\/uploads\/2015\/08\/M_3229e47b78ebeb9.jpg\",\"datePublished\":\"2015-08-05T12:36:28+00:00\",\"dateModified\":\"2015-08-05T14:22:21+00:00\",\"breadcrumb\":{\"@id\":\"https:\/\/www.notibras.com\/site\/crise-traz-perdas-ao-pais-mas-nao-e-o-caso-de-mudar-para-miami\/#breadcrumb\"},\"inLanguage\":\"pt-BR\",\"potentialAction\":[{\"@type\":\"ReadAction\",\"target\":[\"https:\/\/www.notibras.com\/site\/crise-traz-perdas-ao-pais-mas-nao-e-o-caso-de-mudar-para-miami\/\"]}]},{\"@type\":\"ImageObject\",\"inLanguage\":\"pt-BR\",\"@id\":\"https:\/\/www.notibras.com\/site\/crise-traz-perdas-ao-pais-mas-nao-e-o-caso-de-mudar-para-miami\/#primaryimage\",\"url\":\"https:\/\/www.notibras.com\/site\/wp-content\/uploads\/2015\/08\/M_3229e47b78ebeb9.jpg\",\"contentUrl\":\"https:\/\/www.notibras.com\/site\/wp-content\/uploads\/2015\/08\/M_3229e47b78ebeb9.jpg\",\"width\":1280,\"height\":1024},{\"@type\":\"BreadcrumbList\",\"@id\":\"https:\/\/www.notibras.com\/site\/crise-traz-perdas-ao-pais-mas-nao-e-o-caso-de-mudar-para-miami\/#breadcrumb\",\"itemListElement\":[{\"@type\":\"ListItem\",\"position\":1,\"name\":\"In\u00edcio\",\"item\":\"https:\/\/www.notibras.com\/site\/\"},{\"@type\":\"ListItem\",\"position\":2,\"name\":\"Crise traz perdas ao Pa\u00eds, mas n\u00e3o \u00e9 o caso de mudar para Miami\"}]},{\"@type\":\"WebSite\",\"@id\":\"https:\/\/www.notibras.com\/site\/#website\",\"url\":\"https:\/\/www.notibras.com\/site\/\",\"name\":\"Notibras\",\"description\":\"Not\u00edcias de Bras\u00edlia, do Brasil e do Mundo\",\"publisher\":{\"@id\":\"https:\/\/www.notibras.com\/site\/#organization\"},\"potentialAction\":[{\"@type\":\"SearchAction\",\"target\":{\"@type\":\"EntryPoint\",\"urlTemplate\":\"https:\/\/www.notibras.com\/site\/?s={search_term_string}\"},\"query-input\":{\"@type\":\"PropertyValueSpecification\",\"valueRequired\":true,\"valueName\":\"search_term_string\"}}],\"inLanguage\":\"pt-BR\"},{\"@type\":\"Organization\",\"@id\":\"https:\/\/www.notibras.com\/site\/#organization\",\"name\":\"Grupo Notibras de Comunica\u00e7\u00e3o\",\"url\":\"https:\/\/www.notibras.com\/site\/\",\"logo\":{\"@type\":\"ImageObject\",\"inLanguage\":\"pt-BR\",\"@id\":\"https:\/\/www.notibras.com\/site\/#\/schema\/logo\/image\/\",\"url\":\"https:\/\/www.notibras.com\/site\/wp-content\/uploads\/2023\/01\/notibras23.png\",\"contentUrl\":\"https:\/\/www.notibras.com\/site\/wp-content\/uploads\/2023\/01\/notibras23.png\",\"width\":350,\"height\":87,\"caption\":\"Grupo Notibras de Comunica\u00e7\u00e3o\"},\"image\":{\"@id\":\"https:\/\/www.notibras.com\/site\/#\/schema\/logo\/image\/\"},\"sameAs\":[\"https:\/\/www.facebook.com\/notibras\/\",\"https:\/\/x.com\/Notibras\",\"https:\/\/www.instagram.com\/notibras\/\"]},{\"@type\":\"Person\",\"@id\":\"https:\/\/www.notibras.com\/site\/#\/schema\/person\/36ab0979449956132d3e5b517ea76ac8\",\"name\":\"Reda\u00e7\u00e3o\",\"image\":{\"@type\":\"ImageObject\",\"inLanguage\":\"pt-BR\",\"@id\":\"https:\/\/secure.gravatar.com\/avatar\/e0a867bdedb85fd243eadf09663511f96fc81e0720a4a42581f334ad4303aa6b?s=96&d=mm&r=g\",\"url\":\"https:\/\/secure.gravatar.com\/avatar\/e0a867bdedb85fd243eadf09663511f96fc81e0720a4a42581f334ad4303aa6b?s=96&d=mm&r=g\",\"contentUrl\":\"https:\/\/secure.gravatar.com\/avatar\/e0a867bdedb85fd243eadf09663511f96fc81e0720a4a42581f334ad4303aa6b?s=96&d=mm&r=g\",\"caption\":\"Reda\u00e7\u00e3o\"}}]}<\/script>\n<!-- \/ Yoast SEO plugin. -->","yoast_head_json":{"title":"Crise traz perdas ao Pa\u00eds, mas n\u00e3o \u00e9 o caso de mudar para Miami - Notibras","robots":{"index":"index","follow":"follow","max-snippet":"max-snippet:-1","max-image-preview":"max-image-preview:large","max-video-preview":"max-video-preview:-1"},"canonical":"https:\/\/www.notibras.com\/site\/crise-traz-perdas-ao-pais-mas-nao-e-o-caso-de-mudar-para-miami\/","og_locale":"pt_BR","og_type":"article","og_title":"Crise traz perdas ao Pa\u00eds, mas n\u00e3o \u00e9 o caso de mudar para Miami - Notibras","og_description":"Mais uma vez a economia do Brasil passa por um momento dif\u00edcil. Paramos de crescer e voltamos a ficar vulner\u00e1veis. Esta situa\u00e7\u00e3o trouxe um sentimento de pessimismo tanto dos brasileiros como dos investidores estrangeiros. Estamos vivendo uma crise de expectativas com rela\u00e7\u00e3o ao nosso futuro o que compromete e destr\u00f3i o valor das companhias, mas [&hellip;]","og_url":"https:\/\/www.notibras.com\/site\/crise-traz-perdas-ao-pais-mas-nao-e-o-caso-de-mudar-para-miami\/","og_site_name":"Notibras","article_publisher":"https:\/\/www.facebook.com\/notibras\/","article_published_time":"2015-08-05T12:36:28+00:00","article_modified_time":"2015-08-05T14:22:21+00:00","og_image":[{"width":1280,"height":1024,"url":"https:\/\/www.notibras.com\/site\/wp-content\/uploads\/2015\/08\/M_3229e47b78ebeb9.jpg","type":"image\/jpeg"}],"author":"Reda\u00e7\u00e3o","twitter_card":"summary_large_image","twitter_creator":"@Notibras","twitter_site":"@Notibras","twitter_misc":{"Escrito por":"Reda\u00e7\u00e3o","Est. tempo de leitura":"5 minutos"},"schema":{"@context":"https:\/\/schema.org","@graph":[{"@type":"Article","@id":"https:\/\/www.notibras.com\/site\/crise-traz-perdas-ao-pais-mas-nao-e-o-caso-de-mudar-para-miami\/#article","isPartOf":{"@id":"https:\/\/www.notibras.com\/site\/crise-traz-perdas-ao-pais-mas-nao-e-o-caso-de-mudar-para-miami\/"},"author":{"name":"Reda\u00e7\u00e3o","@id":"https:\/\/www.notibras.com\/site\/#\/schema\/person\/36ab0979449956132d3e5b517ea76ac8"},"headline":"Crise traz perdas ao Pa\u00eds, mas n\u00e3o \u00e9 o caso de mudar para Miami","datePublished":"2015-08-05T12:36:28+00:00","dateModified":"2015-08-05T14:22:21+00:00","mainEntityOfPage":{"@id":"https:\/\/www.notibras.com\/site\/crise-traz-perdas-ao-pais-mas-nao-e-o-caso-de-mudar-para-miami\/"},"wordCount":981,"commentCount":0,"publisher":{"@id":"https:\/\/www.notibras.com\/site\/#organization"},"image":{"@id":"https:\/\/www.notibras.com\/site\/crise-traz-perdas-ao-pais-mas-nao-e-o-caso-de-mudar-para-miami\/#primaryimage"},"thumbnailUrl":"https:\/\/www.notibras.com\/site\/wp-content\/uploads\/2015\/08\/M_3229e47b78ebeb9.jpg","articleSection":["Opina a\u00ed"],"inLanguage":"pt-BR","potentialAction":[{"@type":"CommentAction","name":"Comment","target":["https:\/\/www.notibras.com\/site\/crise-traz-perdas-ao-pais-mas-nao-e-o-caso-de-mudar-para-miami\/#respond"]}]},{"@type":"WebPage","@id":"https:\/\/www.notibras.com\/site\/crise-traz-perdas-ao-pais-mas-nao-e-o-caso-de-mudar-para-miami\/","url":"https:\/\/www.notibras.com\/site\/crise-traz-perdas-ao-pais-mas-nao-e-o-caso-de-mudar-para-miami\/","name":"Crise traz perdas ao Pa\u00eds, mas n\u00e3o \u00e9 o caso de mudar para Miami - Notibras","isPartOf":{"@id":"https:\/\/www.notibras.com\/site\/#website"},"primaryImageOfPage":{"@id":"https:\/\/www.notibras.com\/site\/crise-traz-perdas-ao-pais-mas-nao-e-o-caso-de-mudar-para-miami\/#primaryimage"},"image":{"@id":"https:\/\/www.notibras.com\/site\/crise-traz-perdas-ao-pais-mas-nao-e-o-caso-de-mudar-para-miami\/#primaryimage"},"thumbnailUrl":"https:\/\/www.notibras.com\/site\/wp-content\/uploads\/2015\/08\/M_3229e47b78ebeb9.jpg","datePublished":"2015-08-05T12:36:28+00:00","dateModified":"2015-08-05T14:22:21+00:00","breadcrumb":{"@id":"https:\/\/www.notibras.com\/site\/crise-traz-perdas-ao-pais-mas-nao-e-o-caso-de-mudar-para-miami\/#breadcrumb"},"inLanguage":"pt-BR","potentialAction":[{"@type":"ReadAction","target":["https:\/\/www.notibras.com\/site\/crise-traz-perdas-ao-pais-mas-nao-e-o-caso-de-mudar-para-miami\/"]}]},{"@type":"ImageObject","inLanguage":"pt-BR","@id":"https:\/\/www.notibras.com\/site\/crise-traz-perdas-ao-pais-mas-nao-e-o-caso-de-mudar-para-miami\/#primaryimage","url":"https:\/\/www.notibras.com\/site\/wp-content\/uploads\/2015\/08\/M_3229e47b78ebeb9.jpg","contentUrl":"https:\/\/www.notibras.com\/site\/wp-content\/uploads\/2015\/08\/M_3229e47b78ebeb9.jpg","width":1280,"height":1024},{"@type":"BreadcrumbList","@id":"https:\/\/www.notibras.com\/site\/crise-traz-perdas-ao-pais-mas-nao-e-o-caso-de-mudar-para-miami\/#breadcrumb","itemListElement":[{"@type":"ListItem","position":1,"name":"In\u00edcio","item":"https:\/\/www.notibras.com\/site\/"},{"@type":"ListItem","position":2,"name":"Crise traz perdas ao Pa\u00eds, mas n\u00e3o \u00e9 o caso de mudar para Miami"}]},{"@type":"WebSite","@id":"https:\/\/www.notibras.com\/site\/#website","url":"https:\/\/www.notibras.com\/site\/","name":"Notibras","description":"Not\u00edcias de Bras\u00edlia, do Brasil e do Mundo","publisher":{"@id":"https:\/\/www.notibras.com\/site\/#organization"},"potentialAction":[{"@type":"SearchAction","target":{"@type":"EntryPoint","urlTemplate":"https:\/\/www.notibras.com\/site\/?s={search_term_string}"},"query-input":{"@type":"PropertyValueSpecification","valueRequired":true,"valueName":"search_term_string"}}],"inLanguage":"pt-BR"},{"@type":"Organization","@id":"https:\/\/www.notibras.com\/site\/#organization","name":"Grupo Notibras de Comunica\u00e7\u00e3o","url":"https:\/\/www.notibras.com\/site\/","logo":{"@type":"ImageObject","inLanguage":"pt-BR","@id":"https:\/\/www.notibras.com\/site\/#\/schema\/logo\/image\/","url":"https:\/\/www.notibras.com\/site\/wp-content\/uploads\/2023\/01\/notibras23.png","contentUrl":"https:\/\/www.notibras.com\/site\/wp-content\/uploads\/2023\/01\/notibras23.png","width":350,"height":87,"caption":"Grupo Notibras de Comunica\u00e7\u00e3o"},"image":{"@id":"https:\/\/www.notibras.com\/site\/#\/schema\/logo\/image\/"},"sameAs":["https:\/\/www.facebook.com\/notibras\/","https:\/\/x.com\/Notibras","https:\/\/www.instagram.com\/notibras\/"]},{"@type":"Person","@id":"https:\/\/www.notibras.com\/site\/#\/schema\/person\/36ab0979449956132d3e5b517ea76ac8","name":"Reda\u00e7\u00e3o","image":{"@type":"ImageObject","inLanguage":"pt-BR","@id":"https:\/\/secure.gravatar.com\/avatar\/e0a867bdedb85fd243eadf09663511f96fc81e0720a4a42581f334ad4303aa6b?s=96&d=mm&r=g","url":"https:\/\/secure.gravatar.com\/avatar\/e0a867bdedb85fd243eadf09663511f96fc81e0720a4a42581f334ad4303aa6b?s=96&d=mm&r=g","contentUrl":"https:\/\/secure.gravatar.com\/avatar\/e0a867bdedb85fd243eadf09663511f96fc81e0720a4a42581f334ad4303aa6b?s=96&d=mm&r=g","caption":"Reda\u00e7\u00e3o"}}]}},"amp_enabled":true,"_links":{"self":[{"href":"https:\/\/www.notibras.com\/site\/wp-json\/wp\/v2\/posts\/60248","targetHints":{"allow":["GET"]}}],"collection":[{"href":"https:\/\/www.notibras.com\/site\/wp-json\/wp\/v2\/posts"}],"about":[{"href":"https:\/\/www.notibras.com\/site\/wp-json\/wp\/v2\/types\/post"}],"author":[{"embeddable":true,"href":"https:\/\/www.notibras.com\/site\/wp-json\/wp\/v2\/users\/2"}],"replies":[{"embeddable":true,"href":"https:\/\/www.notibras.com\/site\/wp-json\/wp\/v2\/comments?post=60248"}],"version-history":[{"count":0,"href":"https:\/\/www.notibras.com\/site\/wp-json\/wp\/v2\/posts\/60248\/revisions"}],"wp:featuredmedia":[{"embeddable":true,"href":"https:\/\/www.notibras.com\/site\/wp-json\/wp\/v2\/media\/60249"}],"wp:attachment":[{"href":"https:\/\/www.notibras.com\/site\/wp-json\/wp\/v2\/media?parent=60248"}],"wp:term":[{"taxonomy":"category","embeddable":true,"href":"https:\/\/www.notibras.com\/site\/wp-json\/wp\/v2\/categories?post=60248"},{"taxonomy":"post_tag","embeddable":true,"href":"https:\/\/www.notibras.com\/site\/wp-json\/wp\/v2\/tags?post=60248"}],"curies":[{"name":"wp","href":"https:\/\/api.w.org\/{rel}","templated":true}]}}