{"id":60331,"date":"2015-08-05T19:30:45","date_gmt":"2015-08-05T22:30:45","guid":{"rendered":"http:\/\/www.notibras.com\/site\/?p=60331"},"modified":"2015-08-14T11:58:48","modified_gmt":"2015-08-14T14:58:48","slug":"cenario-politico-faz-do-brasil-um-vesuvio-prestes-a-explodir","status":"publish","type":"post","link":"https:\/\/www.notibras.com\/site\/cenario-politico-faz-do-brasil-um-vesuvio-prestes-a-explodir\/","title":{"rendered":"Cen\u00e1rio pol\u00edtico faz do Brasil um Ves\u00favio pronto para entrar em erup\u00e7\u00e3o"},"content":{"rendered":"<p>O Brasil transformou-se num vulc\u00e3o em erup\u00e7\u00e3o, espalhando cinzas e lavas para todos os lados. Na recente hist\u00f3ria do Brasil n\u00e3o se viu um cen\u00e1rio nacional t\u00e3o grave como os dias de hoje.<\/p>\n<p>A situa\u00e7\u00e3o piorou com a pris\u00e3o de Jos\u00e9 Dirceu, na segunda-feira, que \u00e9 o principal \u00edcone do PT, depois de Lula, claro. A pris\u00e3o veio acompanhada de sinais de que as investiga\u00e7\u00f5es sobre as roubalheiras na Petrobras est\u00e3o se aproximando da presidente Dilma Rousseff e do ex-presidente Lula.<\/p>\n<p>Jos\u00e9 Dirceu foi apontado pelo juiz federal S\u00e9rgio Moro como um dos maiores articuladores de todas as maracutaias ocorridas na maior estatal do pa\u00eds. Ele repetiu na Petrobras o mesmo esquema de ilicitudes que usou no mensal\u00e3o, em cujo processo foi condenado \u00e0 pris\u00e3o.<\/p>\n<blockquote><p>O quadro poder\u00e1 ganhar propor\u00e7\u00f5es maiores ainda no domingo (16). Nesse dia, est\u00e1 prevista a realiza\u00e7\u00e3o de concentra\u00e7\u00f5es populares por todo o Brasil, para defender o impeachment imediato da presidente Dilma.\u00a0<span style=\"font-size: 1em; line-height: 1.5;\">Dependendo das propor\u00e7\u00f5es e repercuss\u00e3o desse movimento de rua, o Brasil poder\u00e1 ter novos rumos a partir da\u00ed.<\/span><\/p><\/blockquote>\n<p>Para complicar mais ainda o cen\u00e1rio, o presidente da C\u00e2mara dos Deputados, Eduardo Cunha (PMDB-SP) decidiu cumprir a promessa da semana anterior de tratar como advers\u00e1rios a presidente Dilma Rousseff e o PT.<\/p>\n<p>J\u00e1 na segunda-feira, deixou os petistas fora dos comandos e relatorias das quatro CPIS que ser\u00e3o instaladas: BNDES, Fundos de Pens\u00e3o, Crimes Cibern\u00e9ticos e Maus-Tratos de Animais. Esses colegiados ser\u00e3o coordenados e relatados por deputados do PMDB e partidos da oposi\u00e7\u00e3o.<\/p>\n<p>Eduardo Cunha avisou que, depois do julgamento das contas da presidente Dilma pelo Tribunal de Contas da Uni\u00e3o, dar\u00e1 andamento a todos os pedidos de impeachment da presidente.<\/p>\n<p>No embalo da sua \u201cdecis\u00e3o pessoal\u201d de oposi\u00e7\u00e3o ao governo, ele pretende colocar em vota\u00e7\u00e3o todas as presta\u00e7\u00f5es de contas pendentes dos ex-presidentes Itamar Franco, FHC e Lula. Isso para deixar livre a pauta da C\u00e2mara, a fim de examinar as contas de Dilma, hoje examinadas pelo TCU.<\/p>\n<p>Colocou tamb\u00e9m na agenda de vota\u00e7\u00f5es o projeto que remunera o FGTS, a partir de 1\u00ba janeiro de 2016, com as mesmas taxas da caderneta de poupan\u00e7a. Esse projeto, se transformado em lei, provocar\u00e1 um grande rombo nas contas p\u00fablicas. Isso \u00e9, exatamente, o que o governo n\u00e3o quer.<\/p>\n<blockquote><p>O ministro aposentado do Supremo Tribunal Federal, Joaquim Barbosa, que se destacou como relator, no processo do mensal\u00e3o, assim definiu o momento do Brasil: \u201cO pa\u00eds vive hoje a primavera da esperan\u00e7a\u201d.<\/p><\/blockquote>\n","protected":false},"excerpt":{"rendered":"<p>O Brasil transformou-se num vulc\u00e3o em erup\u00e7\u00e3o, espalhando cinzas e lavas para todos os lados. Na recente hist\u00f3ria do Brasil n\u00e3o se viu um cen\u00e1rio nacional t\u00e3o grave como os dias de hoje. A situa\u00e7\u00e3o piorou com a pris\u00e3o de Jos\u00e9 Dirceu, na segunda-feira, que \u00e9 o principal \u00edcone do PT, depois de Lula, claro. [&hellip;]<\/p>\n","protected":false},"author":2,"featured_media":60337,"comment_status":"open","ping_status":"closed","sticky":false,"template":"","format":"standard","meta":{"_acf_changed":false,"footnotes":""},"categories":[42],"tags":[],"class_list":["post-60331","post","type-post","status-publish","format-standard","has-post-thumbnail","hentry","category-coletti"],"acf":[],"yoast_head":"<!-- This site is optimized with the Yoast SEO plugin v27.2 - https:\/\/yoast.com\/product\/yoast-seo-wordpress\/ -->\n<title>Cen\u00e1rio pol\u00edtico faz do Brasil um Ves\u00favio pronto para entrar em erup\u00e7\u00e3o - Notibras<\/title>\n<meta name=\"robots\" content=\"index, follow, max-snippet:-1, max-image-preview:large, max-video-preview:-1\" \/>\n<link rel=\"canonical\" href=\"https:\/\/www.notibras.com\/site\/cenario-politico-faz-do-brasil-um-vesuvio-prestes-a-explodir\/\" \/>\n<meta property=\"og:locale\" content=\"pt_BR\" \/>\n<meta property=\"og:type\" content=\"article\" \/>\n<meta property=\"og:title\" content=\"Cen\u00e1rio pol\u00edtico faz do Brasil um Ves\u00favio pronto para entrar em erup\u00e7\u00e3o - Notibras\" \/>\n<meta property=\"og:description\" content=\"O Brasil transformou-se num vulc\u00e3o em erup\u00e7\u00e3o, espalhando cinzas e lavas para todos os lados. Na recente hist\u00f3ria do Brasil n\u00e3o se viu um cen\u00e1rio nacional t\u00e3o grave como os dias de hoje. A situa\u00e7\u00e3o piorou com a pris\u00e3o de Jos\u00e9 Dirceu, na segunda-feira, que \u00e9 o principal \u00edcone do PT, depois de Lula, claro. [&hellip;]\" \/>\n<meta property=\"og:url\" content=\"https:\/\/www.notibras.com\/site\/cenario-politico-faz-do-brasil-um-vesuvio-prestes-a-explodir\/\" \/>\n<meta property=\"og:site_name\" content=\"Notibras\" \/>\n<meta property=\"article:publisher\" content=\"https:\/\/www.facebook.com\/notibras\/\" \/>\n<meta property=\"article:published_time\" content=\"2015-08-05T22:30:45+00:00\" \/>\n<meta property=\"article:modified_time\" content=\"2015-08-14T14:58:48+00:00\" \/>\n<meta property=\"og:image\" content=\"https:\/\/www.notibras.com\/site\/wp-content\/uploads\/2015\/08\/Fora-Dilma-manifesta\u00e7\u00e3o.jpg\" \/>\n\t<meta property=\"og:image:width\" content=\"940\" \/>\n\t<meta property=\"og:image:height\" content=\"579\" \/>\n\t<meta property=\"og:image:type\" content=\"image\/jpeg\" \/>\n<meta name=\"author\" content=\"Reda\u00e7\u00e3o\" \/>\n<meta name=\"twitter:card\" content=\"summary_large_image\" \/>\n<meta name=\"twitter:creator\" content=\"@Notibras\" \/>\n<meta name=\"twitter:site\" content=\"@Notibras\" \/>\n<meta name=\"twitter:label1\" content=\"Escrito por\" \/>\n\t<meta name=\"twitter:data1\" content=\"Reda\u00e7\u00e3o\" \/>\n\t<meta name=\"twitter:label2\" content=\"Est. tempo de leitura\" \/>\n\t<meta name=\"twitter:data2\" content=\"2 minutos\" \/>\n<script type=\"application\/ld+json\" class=\"yoast-schema-graph\">{\"@context\":\"https:\/\/schema.org\",\"@graph\":[{\"@type\":\"Article\",\"@id\":\"https:\/\/www.notibras.com\/site\/cenario-politico-faz-do-brasil-um-vesuvio-prestes-a-explodir\/#article\",\"isPartOf\":{\"@id\":\"https:\/\/www.notibras.com\/site\/cenario-politico-faz-do-brasil-um-vesuvio-prestes-a-explodir\/\"},\"author\":{\"name\":\"Reda\u00e7\u00e3o\",\"@id\":\"https:\/\/www.notibras.com\/site\/#\/schema\/person\/36ab0979449956132d3e5b517ea76ac8\"},\"headline\":\"Cen\u00e1rio pol\u00edtico faz do Brasil um Ves\u00favio pronto para entrar em erup\u00e7\u00e3o\",\"datePublished\":\"2015-08-05T22:30:45+00:00\",\"dateModified\":\"2015-08-14T14:58:48+00:00\",\"mainEntityOfPage\":{\"@id\":\"https:\/\/www.notibras.com\/site\/cenario-politico-faz-do-brasil-um-vesuvio-prestes-a-explodir\/\"},\"wordCount\":457,\"commentCount\":0,\"publisher\":{\"@id\":\"https:\/\/www.notibras.com\/site\/#organization\"},\"image\":{\"@id\":\"https:\/\/www.notibras.com\/site\/cenario-politico-faz-do-brasil-um-vesuvio-prestes-a-explodir\/#primaryimage\"},\"thumbnailUrl\":\"https:\/\/www.notibras.com\/site\/wp-content\/uploads\/2015\/08\/Fora-Dilma-manifesta\u00e7\u00e3o.jpg\",\"articleSection\":[\"Cl\u00e1udio Coletti\"],\"inLanguage\":\"pt-BR\",\"potentialAction\":[{\"@type\":\"CommentAction\",\"name\":\"Comment\",\"target\":[\"https:\/\/www.notibras.com\/site\/cenario-politico-faz-do-brasil-um-vesuvio-prestes-a-explodir\/#respond\"]}]},{\"@type\":\"WebPage\",\"@id\":\"https:\/\/www.notibras.com\/site\/cenario-politico-faz-do-brasil-um-vesuvio-prestes-a-explodir\/\",\"url\":\"https:\/\/www.notibras.com\/site\/cenario-politico-faz-do-brasil-um-vesuvio-prestes-a-explodir\/\",\"name\":\"Cen\u00e1rio pol\u00edtico faz do Brasil um Ves\u00favio pronto para entrar em erup\u00e7\u00e3o - Notibras\",\"isPartOf\":{\"@id\":\"https:\/\/www.notibras.com\/site\/#website\"},\"primaryImageOfPage\":{\"@id\":\"https:\/\/www.notibras.com\/site\/cenario-politico-faz-do-brasil-um-vesuvio-prestes-a-explodir\/#primaryimage\"},\"image\":{\"@id\":\"https:\/\/www.notibras.com\/site\/cenario-politico-faz-do-brasil-um-vesuvio-prestes-a-explodir\/#primaryimage\"},\"thumbnailUrl\":\"https:\/\/www.notibras.com\/site\/wp-content\/uploads\/2015\/08\/Fora-Dilma-manifesta\u00e7\u00e3o.jpg\",\"datePublished\":\"2015-08-05T22:30:45+00:00\",\"dateModified\":\"2015-08-14T14:58:48+00:00\",\"breadcrumb\":{\"@id\":\"https:\/\/www.notibras.com\/site\/cenario-politico-faz-do-brasil-um-vesuvio-prestes-a-explodir\/#breadcrumb\"},\"inLanguage\":\"pt-BR\",\"potentialAction\":[{\"@type\":\"ReadAction\",\"target\":[\"https:\/\/www.notibras.com\/site\/cenario-politico-faz-do-brasil-um-vesuvio-prestes-a-explodir\/\"]}]},{\"@type\":\"ImageObject\",\"inLanguage\":\"pt-BR\",\"@id\":\"https:\/\/www.notibras.com\/site\/cenario-politico-faz-do-brasil-um-vesuvio-prestes-a-explodir\/#primaryimage\",\"url\":\"https:\/\/www.notibras.com\/site\/wp-content\/uploads\/2015\/08\/Fora-Dilma-manifesta\u00e7\u00e3o.jpg\",\"contentUrl\":\"https:\/\/www.notibras.com\/site\/wp-content\/uploads\/2015\/08\/Fora-Dilma-manifesta\u00e7\u00e3o.jpg\",\"width\":940,\"height\":579},{\"@type\":\"BreadcrumbList\",\"@id\":\"https:\/\/www.notibras.com\/site\/cenario-politico-faz-do-brasil-um-vesuvio-prestes-a-explodir\/#breadcrumb\",\"itemListElement\":[{\"@type\":\"ListItem\",\"position\":1,\"name\":\"In\u00edcio\",\"item\":\"https:\/\/www.notibras.com\/site\/\"},{\"@type\":\"ListItem\",\"position\":2,\"name\":\"Cen\u00e1rio pol\u00edtico faz do Brasil um Ves\u00favio pronto para entrar em erup\u00e7\u00e3o\"}]},{\"@type\":\"WebSite\",\"@id\":\"https:\/\/www.notibras.com\/site\/#website\",\"url\":\"https:\/\/www.notibras.com\/site\/\",\"name\":\"Notibras\",\"description\":\"Not\u00edcias de Bras\u00edlia, do Brasil e do Mundo\",\"publisher\":{\"@id\":\"https:\/\/www.notibras.com\/site\/#organization\"},\"potentialAction\":[{\"@type\":\"SearchAction\",\"target\":{\"@type\":\"EntryPoint\",\"urlTemplate\":\"https:\/\/www.notibras.com\/site\/?s={search_term_string}\"},\"query-input\":{\"@type\":\"PropertyValueSpecification\",\"valueRequired\":true,\"valueName\":\"search_term_string\"}}],\"inLanguage\":\"pt-BR\"},{\"@type\":\"Organization\",\"@id\":\"https:\/\/www.notibras.com\/site\/#organization\",\"name\":\"Grupo Notibras de Comunica\u00e7\u00e3o\",\"url\":\"https:\/\/www.notibras.com\/site\/\",\"logo\":{\"@type\":\"ImageObject\",\"inLanguage\":\"pt-BR\",\"@id\":\"https:\/\/www.notibras.com\/site\/#\/schema\/logo\/image\/\",\"url\":\"https:\/\/www.notibras.com\/site\/wp-content\/uploads\/2023\/01\/notibras23.png\",\"contentUrl\":\"https:\/\/www.notibras.com\/site\/wp-content\/uploads\/2023\/01\/notibras23.png\",\"width\":350,\"height\":87,\"caption\":\"Grupo Notibras de Comunica\u00e7\u00e3o\"},\"image\":{\"@id\":\"https:\/\/www.notibras.com\/site\/#\/schema\/logo\/image\/\"},\"sameAs\":[\"https:\/\/www.facebook.com\/notibras\/\",\"https:\/\/x.com\/Notibras\",\"https:\/\/www.instagram.com\/notibras\/\"]},{\"@type\":\"Person\",\"@id\":\"https:\/\/www.notibras.com\/site\/#\/schema\/person\/36ab0979449956132d3e5b517ea76ac8\",\"name\":\"Reda\u00e7\u00e3o\",\"image\":{\"@type\":\"ImageObject\",\"inLanguage\":\"pt-BR\",\"@id\":\"https:\/\/secure.gravatar.com\/avatar\/e0a867bdedb85fd243eadf09663511f96fc81e0720a4a42581f334ad4303aa6b?s=96&d=mm&r=g\",\"url\":\"https:\/\/secure.gravatar.com\/avatar\/e0a867bdedb85fd243eadf09663511f96fc81e0720a4a42581f334ad4303aa6b?s=96&d=mm&r=g\",\"contentUrl\":\"https:\/\/secure.gravatar.com\/avatar\/e0a867bdedb85fd243eadf09663511f96fc81e0720a4a42581f334ad4303aa6b?s=96&d=mm&r=g\",\"caption\":\"Reda\u00e7\u00e3o\"}}]}<\/script>\n<!-- \/ Yoast SEO plugin. -->","yoast_head_json":{"title":"Cen\u00e1rio pol\u00edtico faz do Brasil um Ves\u00favio pronto para entrar em erup\u00e7\u00e3o - Notibras","robots":{"index":"index","follow":"follow","max-snippet":"max-snippet:-1","max-image-preview":"max-image-preview:large","max-video-preview":"max-video-preview:-1"},"canonical":"https:\/\/www.notibras.com\/site\/cenario-politico-faz-do-brasil-um-vesuvio-prestes-a-explodir\/","og_locale":"pt_BR","og_type":"article","og_title":"Cen\u00e1rio pol\u00edtico faz do Brasil um Ves\u00favio pronto para entrar em erup\u00e7\u00e3o - Notibras","og_description":"O Brasil transformou-se num vulc\u00e3o em erup\u00e7\u00e3o, espalhando cinzas e lavas para todos os lados. Na recente hist\u00f3ria do Brasil n\u00e3o se viu um cen\u00e1rio nacional t\u00e3o grave como os dias de hoje. A situa\u00e7\u00e3o piorou com a pris\u00e3o de Jos\u00e9 Dirceu, na segunda-feira, que \u00e9 o principal \u00edcone do PT, depois de Lula, claro. [&hellip;]","og_url":"https:\/\/www.notibras.com\/site\/cenario-politico-faz-do-brasil-um-vesuvio-prestes-a-explodir\/","og_site_name":"Notibras","article_publisher":"https:\/\/www.facebook.com\/notibras\/","article_published_time":"2015-08-05T22:30:45+00:00","article_modified_time":"2015-08-14T14:58:48+00:00","og_image":[{"width":940,"height":579,"url":"https:\/\/www.notibras.com\/site\/wp-content\/uploads\/2015\/08\/Fora-Dilma-manifesta\u00e7\u00e3o.jpg","type":"image\/jpeg"}],"author":"Reda\u00e7\u00e3o","twitter_card":"summary_large_image","twitter_creator":"@Notibras","twitter_site":"@Notibras","twitter_misc":{"Escrito por":"Reda\u00e7\u00e3o","Est. tempo de leitura":"2 minutos"},"schema":{"@context":"https:\/\/schema.org","@graph":[{"@type":"Article","@id":"https:\/\/www.notibras.com\/site\/cenario-politico-faz-do-brasil-um-vesuvio-prestes-a-explodir\/#article","isPartOf":{"@id":"https:\/\/www.notibras.com\/site\/cenario-politico-faz-do-brasil-um-vesuvio-prestes-a-explodir\/"},"author":{"name":"Reda\u00e7\u00e3o","@id":"https:\/\/www.notibras.com\/site\/#\/schema\/person\/36ab0979449956132d3e5b517ea76ac8"},"headline":"Cen\u00e1rio pol\u00edtico faz do Brasil um Ves\u00favio pronto para entrar em erup\u00e7\u00e3o","datePublished":"2015-08-05T22:30:45+00:00","dateModified":"2015-08-14T14:58:48+00:00","mainEntityOfPage":{"@id":"https:\/\/www.notibras.com\/site\/cenario-politico-faz-do-brasil-um-vesuvio-prestes-a-explodir\/"},"wordCount":457,"commentCount":0,"publisher":{"@id":"https:\/\/www.notibras.com\/site\/#organization"},"image":{"@id":"https:\/\/www.notibras.com\/site\/cenario-politico-faz-do-brasil-um-vesuvio-prestes-a-explodir\/#primaryimage"},"thumbnailUrl":"https:\/\/www.notibras.com\/site\/wp-content\/uploads\/2015\/08\/Fora-Dilma-manifesta\u00e7\u00e3o.jpg","articleSection":["Cl\u00e1udio Coletti"],"inLanguage":"pt-BR","potentialAction":[{"@type":"CommentAction","name":"Comment","target":["https:\/\/www.notibras.com\/site\/cenario-politico-faz-do-brasil-um-vesuvio-prestes-a-explodir\/#respond"]}]},{"@type":"WebPage","@id":"https:\/\/www.notibras.com\/site\/cenario-politico-faz-do-brasil-um-vesuvio-prestes-a-explodir\/","url":"https:\/\/www.notibras.com\/site\/cenario-politico-faz-do-brasil-um-vesuvio-prestes-a-explodir\/","name":"Cen\u00e1rio pol\u00edtico faz do Brasil um Ves\u00favio pronto para entrar em erup\u00e7\u00e3o - Notibras","isPartOf":{"@id":"https:\/\/www.notibras.com\/site\/#website"},"primaryImageOfPage":{"@id":"https:\/\/www.notibras.com\/site\/cenario-politico-faz-do-brasil-um-vesuvio-prestes-a-explodir\/#primaryimage"},"image":{"@id":"https:\/\/www.notibras.com\/site\/cenario-politico-faz-do-brasil-um-vesuvio-prestes-a-explodir\/#primaryimage"},"thumbnailUrl":"https:\/\/www.notibras.com\/site\/wp-content\/uploads\/2015\/08\/Fora-Dilma-manifesta\u00e7\u00e3o.jpg","datePublished":"2015-08-05T22:30:45+00:00","dateModified":"2015-08-14T14:58:48+00:00","breadcrumb":{"@id":"https:\/\/www.notibras.com\/site\/cenario-politico-faz-do-brasil-um-vesuvio-prestes-a-explodir\/#breadcrumb"},"inLanguage":"pt-BR","potentialAction":[{"@type":"ReadAction","target":["https:\/\/www.notibras.com\/site\/cenario-politico-faz-do-brasil-um-vesuvio-prestes-a-explodir\/"]}]},{"@type":"ImageObject","inLanguage":"pt-BR","@id":"https:\/\/www.notibras.com\/site\/cenario-politico-faz-do-brasil-um-vesuvio-prestes-a-explodir\/#primaryimage","url":"https:\/\/www.notibras.com\/site\/wp-content\/uploads\/2015\/08\/Fora-Dilma-manifesta\u00e7\u00e3o.jpg","contentUrl":"https:\/\/www.notibras.com\/site\/wp-content\/uploads\/2015\/08\/Fora-Dilma-manifesta\u00e7\u00e3o.jpg","width":940,"height":579},{"@type":"BreadcrumbList","@id":"https:\/\/www.notibras.com\/site\/cenario-politico-faz-do-brasil-um-vesuvio-prestes-a-explodir\/#breadcrumb","itemListElement":[{"@type":"ListItem","position":1,"name":"In\u00edcio","item":"https:\/\/www.notibras.com\/site\/"},{"@type":"ListItem","position":2,"name":"Cen\u00e1rio pol\u00edtico faz do Brasil um Ves\u00favio pronto para entrar em erup\u00e7\u00e3o"}]},{"@type":"WebSite","@id":"https:\/\/www.notibras.com\/site\/#website","url":"https:\/\/www.notibras.com\/site\/","name":"Notibras","description":"Not\u00edcias de Bras\u00edlia, do Brasil e do Mundo","publisher":{"@id":"https:\/\/www.notibras.com\/site\/#organization"},"potentialAction":[{"@type":"SearchAction","target":{"@type":"EntryPoint","urlTemplate":"https:\/\/www.notibras.com\/site\/?s={search_term_string}"},"query-input":{"@type":"PropertyValueSpecification","valueRequired":true,"valueName":"search_term_string"}}],"inLanguage":"pt-BR"},{"@type":"Organization","@id":"https:\/\/www.notibras.com\/site\/#organization","name":"Grupo Notibras de Comunica\u00e7\u00e3o","url":"https:\/\/www.notibras.com\/site\/","logo":{"@type":"ImageObject","inLanguage":"pt-BR","@id":"https:\/\/www.notibras.com\/site\/#\/schema\/logo\/image\/","url":"https:\/\/www.notibras.com\/site\/wp-content\/uploads\/2023\/01\/notibras23.png","contentUrl":"https:\/\/www.notibras.com\/site\/wp-content\/uploads\/2023\/01\/notibras23.png","width":350,"height":87,"caption":"Grupo Notibras de Comunica\u00e7\u00e3o"},"image":{"@id":"https:\/\/www.notibras.com\/site\/#\/schema\/logo\/image\/"},"sameAs":["https:\/\/www.facebook.com\/notibras\/","https:\/\/x.com\/Notibras","https:\/\/www.instagram.com\/notibras\/"]},{"@type":"Person","@id":"https:\/\/www.notibras.com\/site\/#\/schema\/person\/36ab0979449956132d3e5b517ea76ac8","name":"Reda\u00e7\u00e3o","image":{"@type":"ImageObject","inLanguage":"pt-BR","@id":"https:\/\/secure.gravatar.com\/avatar\/e0a867bdedb85fd243eadf09663511f96fc81e0720a4a42581f334ad4303aa6b?s=96&d=mm&r=g","url":"https:\/\/secure.gravatar.com\/avatar\/e0a867bdedb85fd243eadf09663511f96fc81e0720a4a42581f334ad4303aa6b?s=96&d=mm&r=g","contentUrl":"https:\/\/secure.gravatar.com\/avatar\/e0a867bdedb85fd243eadf09663511f96fc81e0720a4a42581f334ad4303aa6b?s=96&d=mm&r=g","caption":"Reda\u00e7\u00e3o"}}]}},"amp_enabled":true,"_links":{"self":[{"href":"https:\/\/www.notibras.com\/site\/wp-json\/wp\/v2\/posts\/60331","targetHints":{"allow":["GET"]}}],"collection":[{"href":"https:\/\/www.notibras.com\/site\/wp-json\/wp\/v2\/posts"}],"about":[{"href":"https:\/\/www.notibras.com\/site\/wp-json\/wp\/v2\/types\/post"}],"author":[{"embeddable":true,"href":"https:\/\/www.notibras.com\/site\/wp-json\/wp\/v2\/users\/2"}],"replies":[{"embeddable":true,"href":"https:\/\/www.notibras.com\/site\/wp-json\/wp\/v2\/comments?post=60331"}],"version-history":[{"count":0,"href":"https:\/\/www.notibras.com\/site\/wp-json\/wp\/v2\/posts\/60331\/revisions"}],"wp:featuredmedia":[{"embeddable":true,"href":"https:\/\/www.notibras.com\/site\/wp-json\/wp\/v2\/media\/60337"}],"wp:attachment":[{"href":"https:\/\/www.notibras.com\/site\/wp-json\/wp\/v2\/media?parent=60331"}],"wp:term":[{"taxonomy":"category","embeddable":true,"href":"https:\/\/www.notibras.com\/site\/wp-json\/wp\/v2\/categories?post=60331"},{"taxonomy":"post_tag","embeddable":true,"href":"https:\/\/www.notibras.com\/site\/wp-json\/wp\/v2\/tags?post=60331"}],"curies":[{"name":"wp","href":"https:\/\/api.w.org\/{rel}","templated":true}]}}