{"id":60349,"date":"2015-08-05T19:56:26","date_gmt":"2015-08-05T22:56:26","guid":{"rendered":"http:\/\/www.notibras.com\/site\/?p=60349"},"modified":"2015-08-14T11:58:33","modified_gmt":"2015-08-14T14:58:33","slug":"na-festa-para-roriz-rollemberg-pode-ter-aprendido-mais-alguma-coisa","status":"publish","type":"post","link":"https:\/\/www.notibras.com\/site\/na-festa-para-roriz-rollemberg-pode-ter-aprendido-mais-alguma-coisa\/","title":{"rendered":"Na festa para Roriz, Rollemberg pode ter aprendido alguma coisa"},"content":{"rendered":"<p>Uma das primeiras atitudes do governador Rollemberg no come\u00e7o do seu mandato foi visitar o ex-governador Joaquim Roriz. Em entrevista, Rollemberg disse que queria aprender o segredo do sucesso que fez de Roriz o \u00edcone pol\u00edtico do Distrito Federal.<\/p>\n<p>Na ter\u00e7a-feira, 4, Roriz completou seus 79 anos de idade com toda pompa e honrarias pol\u00edticas que um governante querido pelo povo possa ter. E recebeu o t\u00edtulo de Cidad\u00e3o Honor\u00e1rio em sess\u00e3o presidida por sua filha e deputada distrital Liliane Roriz.<\/p>\n<blockquote><p>Em meio aos convidados estava o governador de Bras\u00edlia, que na entrada de Roriz no audit\u00f3rio lotado, juntou-se aos demais gritando e cantando jingles de campanhas de Roriz, guardados na mente dos que sabem do seu trabalho realizado, pregando sempre o amor, principalmente no meio dos mais humildes.<\/p><\/blockquote>\n<p>Mas um di\u00e1logo imagin\u00e1rio surgiu para quem presenciava Rollemberg ao lado de Roriz na mesa das autoridades. A primeira indaga\u00e7\u00e3o era: ser\u00e1 que ele foi visitar Roriz e, ao contr\u00e1rio de aprender a definir prioridades, ele pegou s\u00f3 a parte de ouvir o povo, mas fez ouvido de mercador?<\/p>\n<p>O que os rorizistas queriam com as vaias dadas a Rollemberg no evento, era que o di\u00e1logo com o campe\u00e3o pol\u00edtico de quatro mandatos nesta cidade servisse para que ele entendesse que a maior obra que existe no mundo \u00e9 a obra que Deus fez: o ser humano. E que esta obra merece ser acolhida e n\u00e3o destru\u00edda como vem fazendo com suas a\u00e7\u00f5es constrangedoras, como as derrubadas realizadas pela Agefis e sua presidente Dama de M\u00e3o de Ferro, moralizando a legalidade para os mais necessitados e fazendo \u201cvista grossa\u201d para os ricos da Orla do Lago e suas constru\u00e7\u00f5es fara\u00f4nicas. A lei \u00e9 para todos, ou pelo menos era para ser assim.<\/p>\n<p>Rollemberg n\u00e3o aprendeu nadinha do lado bom da hist\u00f3ria de sucesso de Roriz, e est\u00e1 cada dia mais antipatizado com o seu lema: \u201cO mal eu fa\u00e7o de uma vez, e o bem eu vou fazendo aos pouquinhos.\u201d O trabalho de preven\u00e7\u00e3o das invas\u00f5es tem de\u00a0ser maior do que o das derrubadas.<\/p>\n<blockquote><p>Lembrando que a fome que castiga o homem, aumenta na cidade outrora de Roriz: falta qualidade de vida, falta educa\u00e7\u00e3o \u2013 que vai de mal a pior; e tem arbitrariedade com a ilegal retirada de direitos adquiridos de servidores p\u00fablicos. J\u00e1 na sa\u00fade, n\u00e3o h\u00e1 respeito tamb\u00e9m com as m\u00e3es em trabalho de parto. Um vexame desumano.<\/p><\/blockquote>\n<p>O desastre da Gera\u00e7\u00e3o Bras\u00edlia em sete meses pode render a volta de nomes j\u00e1 enterrados no mundo pol\u00edtico do DF. Basta esperar para ver.<\/p>\n","protected":false},"excerpt":{"rendered":"<p>Uma das primeiras atitudes do governador Rollemberg no come\u00e7o do seu mandato foi visitar o ex-governador Joaquim Roriz. Em entrevista, Rollemberg disse que queria aprender o segredo do sucesso que fez de Roriz o \u00edcone pol\u00edtico do Distrito Federal. Na ter\u00e7a-feira, 4, Roriz completou seus 79 anos de idade com toda pompa e honrarias pol\u00edticas [&hellip;]<\/p>\n","protected":false},"author":2,"featured_media":60354,"comment_status":"open","ping_status":"closed","sticky":false,"template":"","format":"standard","meta":{"_acf_changed":false,"footnotes":""},"categories":[45],"tags":[],"class_list":["post-60349","post","type-post","status-publish","format-standard","has-post-thumbnail","hentry","category-cris"],"acf":[],"yoast_head":"<!-- This site is optimized with the Yoast SEO plugin v27.2 - https:\/\/yoast.com\/product\/yoast-seo-wordpress\/ -->\n<title>Na festa para Roriz, Rollemberg pode ter aprendido alguma coisa - Notibras<\/title>\n<meta name=\"robots\" content=\"index, follow, max-snippet:-1, max-image-preview:large, max-video-preview:-1\" \/>\n<link rel=\"canonical\" href=\"https:\/\/www.notibras.com\/site\/na-festa-para-roriz-rollemberg-pode-ter-aprendido-mais-alguma-coisa\/\" \/>\n<meta property=\"og:locale\" content=\"pt_BR\" \/>\n<meta property=\"og:type\" content=\"article\" \/>\n<meta property=\"og:title\" content=\"Na festa para Roriz, Rollemberg pode ter aprendido alguma coisa - Notibras\" \/>\n<meta property=\"og:description\" content=\"Uma das primeiras atitudes do governador Rollemberg no come\u00e7o do seu mandato foi visitar o ex-governador Joaquim Roriz. Em entrevista, Rollemberg disse que queria aprender o segredo do sucesso que fez de Roriz o \u00edcone pol\u00edtico do Distrito Federal. Na ter\u00e7a-feira, 4, Roriz completou seus 79 anos de idade com toda pompa e honrarias pol\u00edticas [&hellip;]\" \/>\n<meta property=\"og:url\" content=\"https:\/\/www.notibras.com\/site\/na-festa-para-roriz-rollemberg-pode-ter-aprendido-mais-alguma-coisa\/\" \/>\n<meta property=\"og:site_name\" content=\"Notibras\" \/>\n<meta property=\"article:publisher\" content=\"https:\/\/www.facebook.com\/notibras\/\" \/>\n<meta property=\"article:published_time\" content=\"2015-08-05T22:56:26+00:00\" \/>\n<meta property=\"article:modified_time\" content=\"2015-08-14T14:58:33+00:00\" \/>\n<meta property=\"og:image\" content=\"https:\/\/www.notibras.com\/site\/wp-content\/uploads\/2015\/08\/roriz-do-bem.jpg\" \/>\n\t<meta property=\"og:image:width\" content=\"960\" \/>\n\t<meta property=\"og:image:height\" content=\"528\" \/>\n\t<meta property=\"og:image:type\" content=\"image\/jpeg\" \/>\n<meta name=\"author\" content=\"Reda\u00e7\u00e3o\" \/>\n<meta name=\"twitter:card\" content=\"summary_large_image\" \/>\n<meta name=\"twitter:creator\" content=\"@Notibras\" \/>\n<meta name=\"twitter:site\" content=\"@Notibras\" \/>\n<meta name=\"twitter:label1\" content=\"Escrito por\" \/>\n\t<meta name=\"twitter:data1\" content=\"Reda\u00e7\u00e3o\" \/>\n\t<meta name=\"twitter:label2\" content=\"Est. tempo de leitura\" \/>\n\t<meta name=\"twitter:data2\" content=\"2 minutos\" \/>\n<script type=\"application\/ld+json\" class=\"yoast-schema-graph\">{\"@context\":\"https:\/\/schema.org\",\"@graph\":[{\"@type\":\"Article\",\"@id\":\"https:\/\/www.notibras.com\/site\/na-festa-para-roriz-rollemberg-pode-ter-aprendido-mais-alguma-coisa\/#article\",\"isPartOf\":{\"@id\":\"https:\/\/www.notibras.com\/site\/na-festa-para-roriz-rollemberg-pode-ter-aprendido-mais-alguma-coisa\/\"},\"author\":{\"name\":\"Reda\u00e7\u00e3o\",\"@id\":\"https:\/\/www.notibras.com\/site\/#\/schema\/person\/36ab0979449956132d3e5b517ea76ac8\"},\"headline\":\"Na festa para Roriz, Rollemberg pode ter aprendido alguma coisa\",\"datePublished\":\"2015-08-05T22:56:26+00:00\",\"dateModified\":\"2015-08-14T14:58:33+00:00\",\"mainEntityOfPage\":{\"@id\":\"https:\/\/www.notibras.com\/site\/na-festa-para-roriz-rollemberg-pode-ter-aprendido-mais-alguma-coisa\/\"},\"wordCount\":468,\"commentCount\":0,\"publisher\":{\"@id\":\"https:\/\/www.notibras.com\/site\/#organization\"},\"image\":{\"@id\":\"https:\/\/www.notibras.com\/site\/na-festa-para-roriz-rollemberg-pode-ter-aprendido-mais-alguma-coisa\/#primaryimage\"},\"thumbnailUrl\":\"https:\/\/www.notibras.com\/site\/wp-content\/uploads\/2015\/08\/roriz-do-bem.jpg\",\"articleSection\":[\"Cris Oliveira\"],\"inLanguage\":\"pt-BR\",\"potentialAction\":[{\"@type\":\"CommentAction\",\"name\":\"Comment\",\"target\":[\"https:\/\/www.notibras.com\/site\/na-festa-para-roriz-rollemberg-pode-ter-aprendido-mais-alguma-coisa\/#respond\"]}]},{\"@type\":\"WebPage\",\"@id\":\"https:\/\/www.notibras.com\/site\/na-festa-para-roriz-rollemberg-pode-ter-aprendido-mais-alguma-coisa\/\",\"url\":\"https:\/\/www.notibras.com\/site\/na-festa-para-roriz-rollemberg-pode-ter-aprendido-mais-alguma-coisa\/\",\"name\":\"Na festa para Roriz, Rollemberg pode ter aprendido alguma coisa - Notibras\",\"isPartOf\":{\"@id\":\"https:\/\/www.notibras.com\/site\/#website\"},\"primaryImageOfPage\":{\"@id\":\"https:\/\/www.notibras.com\/site\/na-festa-para-roriz-rollemberg-pode-ter-aprendido-mais-alguma-coisa\/#primaryimage\"},\"image\":{\"@id\":\"https:\/\/www.notibras.com\/site\/na-festa-para-roriz-rollemberg-pode-ter-aprendido-mais-alguma-coisa\/#primaryimage\"},\"thumbnailUrl\":\"https:\/\/www.notibras.com\/site\/wp-content\/uploads\/2015\/08\/roriz-do-bem.jpg\",\"datePublished\":\"2015-08-05T22:56:26+00:00\",\"dateModified\":\"2015-08-14T14:58:33+00:00\",\"breadcrumb\":{\"@id\":\"https:\/\/www.notibras.com\/site\/na-festa-para-roriz-rollemberg-pode-ter-aprendido-mais-alguma-coisa\/#breadcrumb\"},\"inLanguage\":\"pt-BR\",\"potentialAction\":[{\"@type\":\"ReadAction\",\"target\":[\"https:\/\/www.notibras.com\/site\/na-festa-para-roriz-rollemberg-pode-ter-aprendido-mais-alguma-coisa\/\"]}]},{\"@type\":\"ImageObject\",\"inLanguage\":\"pt-BR\",\"@id\":\"https:\/\/www.notibras.com\/site\/na-festa-para-roriz-rollemberg-pode-ter-aprendido-mais-alguma-coisa\/#primaryimage\",\"url\":\"https:\/\/www.notibras.com\/site\/wp-content\/uploads\/2015\/08\/roriz-do-bem.jpg\",\"contentUrl\":\"https:\/\/www.notibras.com\/site\/wp-content\/uploads\/2015\/08\/roriz-do-bem.jpg\",\"width\":960,\"height\":528},{\"@type\":\"BreadcrumbList\",\"@id\":\"https:\/\/www.notibras.com\/site\/na-festa-para-roriz-rollemberg-pode-ter-aprendido-mais-alguma-coisa\/#breadcrumb\",\"itemListElement\":[{\"@type\":\"ListItem\",\"position\":1,\"name\":\"In\u00edcio\",\"item\":\"https:\/\/www.notibras.com\/site\/\"},{\"@type\":\"ListItem\",\"position\":2,\"name\":\"Na festa para Roriz, Rollemberg pode ter aprendido alguma coisa\"}]},{\"@type\":\"WebSite\",\"@id\":\"https:\/\/www.notibras.com\/site\/#website\",\"url\":\"https:\/\/www.notibras.com\/site\/\",\"name\":\"Notibras\",\"description\":\"Not\u00edcias de Bras\u00edlia, do Brasil e do Mundo\",\"publisher\":{\"@id\":\"https:\/\/www.notibras.com\/site\/#organization\"},\"potentialAction\":[{\"@type\":\"SearchAction\",\"target\":{\"@type\":\"EntryPoint\",\"urlTemplate\":\"https:\/\/www.notibras.com\/site\/?s={search_term_string}\"},\"query-input\":{\"@type\":\"PropertyValueSpecification\",\"valueRequired\":true,\"valueName\":\"search_term_string\"}}],\"inLanguage\":\"pt-BR\"},{\"@type\":\"Organization\",\"@id\":\"https:\/\/www.notibras.com\/site\/#organization\",\"name\":\"Grupo Notibras de Comunica\u00e7\u00e3o\",\"url\":\"https:\/\/www.notibras.com\/site\/\",\"logo\":{\"@type\":\"ImageObject\",\"inLanguage\":\"pt-BR\",\"@id\":\"https:\/\/www.notibras.com\/site\/#\/schema\/logo\/image\/\",\"url\":\"https:\/\/www.notibras.com\/site\/wp-content\/uploads\/2023\/01\/notibras23.png\",\"contentUrl\":\"https:\/\/www.notibras.com\/site\/wp-content\/uploads\/2023\/01\/notibras23.png\",\"width\":350,\"height\":87,\"caption\":\"Grupo Notibras de Comunica\u00e7\u00e3o\"},\"image\":{\"@id\":\"https:\/\/www.notibras.com\/site\/#\/schema\/logo\/image\/\"},\"sameAs\":[\"https:\/\/www.facebook.com\/notibras\/\",\"https:\/\/x.com\/Notibras\",\"https:\/\/www.instagram.com\/notibras\/\"]},{\"@type\":\"Person\",\"@id\":\"https:\/\/www.notibras.com\/site\/#\/schema\/person\/36ab0979449956132d3e5b517ea76ac8\",\"name\":\"Reda\u00e7\u00e3o\",\"image\":{\"@type\":\"ImageObject\",\"inLanguage\":\"pt-BR\",\"@id\":\"https:\/\/secure.gravatar.com\/avatar\/e0a867bdedb85fd243eadf09663511f96fc81e0720a4a42581f334ad4303aa6b?s=96&d=mm&r=g\",\"url\":\"https:\/\/secure.gravatar.com\/avatar\/e0a867bdedb85fd243eadf09663511f96fc81e0720a4a42581f334ad4303aa6b?s=96&d=mm&r=g\",\"contentUrl\":\"https:\/\/secure.gravatar.com\/avatar\/e0a867bdedb85fd243eadf09663511f96fc81e0720a4a42581f334ad4303aa6b?s=96&d=mm&r=g\",\"caption\":\"Reda\u00e7\u00e3o\"}}]}<\/script>\n<!-- \/ Yoast SEO plugin. -->","yoast_head_json":{"title":"Na festa para Roriz, Rollemberg pode ter aprendido alguma coisa - Notibras","robots":{"index":"index","follow":"follow","max-snippet":"max-snippet:-1","max-image-preview":"max-image-preview:large","max-video-preview":"max-video-preview:-1"},"canonical":"https:\/\/www.notibras.com\/site\/na-festa-para-roriz-rollemberg-pode-ter-aprendido-mais-alguma-coisa\/","og_locale":"pt_BR","og_type":"article","og_title":"Na festa para Roriz, Rollemberg pode ter aprendido alguma coisa - Notibras","og_description":"Uma das primeiras atitudes do governador Rollemberg no come\u00e7o do seu mandato foi visitar o ex-governador Joaquim Roriz. Em entrevista, Rollemberg disse que queria aprender o segredo do sucesso que fez de Roriz o \u00edcone pol\u00edtico do Distrito Federal. Na ter\u00e7a-feira, 4, Roriz completou seus 79 anos de idade com toda pompa e honrarias pol\u00edticas [&hellip;]","og_url":"https:\/\/www.notibras.com\/site\/na-festa-para-roriz-rollemberg-pode-ter-aprendido-mais-alguma-coisa\/","og_site_name":"Notibras","article_publisher":"https:\/\/www.facebook.com\/notibras\/","article_published_time":"2015-08-05T22:56:26+00:00","article_modified_time":"2015-08-14T14:58:33+00:00","og_image":[{"width":960,"height":528,"url":"https:\/\/www.notibras.com\/site\/wp-content\/uploads\/2015\/08\/roriz-do-bem.jpg","type":"image\/jpeg"}],"author":"Reda\u00e7\u00e3o","twitter_card":"summary_large_image","twitter_creator":"@Notibras","twitter_site":"@Notibras","twitter_misc":{"Escrito por":"Reda\u00e7\u00e3o","Est. tempo de leitura":"2 minutos"},"schema":{"@context":"https:\/\/schema.org","@graph":[{"@type":"Article","@id":"https:\/\/www.notibras.com\/site\/na-festa-para-roriz-rollemberg-pode-ter-aprendido-mais-alguma-coisa\/#article","isPartOf":{"@id":"https:\/\/www.notibras.com\/site\/na-festa-para-roriz-rollemberg-pode-ter-aprendido-mais-alguma-coisa\/"},"author":{"name":"Reda\u00e7\u00e3o","@id":"https:\/\/www.notibras.com\/site\/#\/schema\/person\/36ab0979449956132d3e5b517ea76ac8"},"headline":"Na festa para Roriz, Rollemberg pode ter aprendido alguma coisa","datePublished":"2015-08-05T22:56:26+00:00","dateModified":"2015-08-14T14:58:33+00:00","mainEntityOfPage":{"@id":"https:\/\/www.notibras.com\/site\/na-festa-para-roriz-rollemberg-pode-ter-aprendido-mais-alguma-coisa\/"},"wordCount":468,"commentCount":0,"publisher":{"@id":"https:\/\/www.notibras.com\/site\/#organization"},"image":{"@id":"https:\/\/www.notibras.com\/site\/na-festa-para-roriz-rollemberg-pode-ter-aprendido-mais-alguma-coisa\/#primaryimage"},"thumbnailUrl":"https:\/\/www.notibras.com\/site\/wp-content\/uploads\/2015\/08\/roriz-do-bem.jpg","articleSection":["Cris Oliveira"],"inLanguage":"pt-BR","potentialAction":[{"@type":"CommentAction","name":"Comment","target":["https:\/\/www.notibras.com\/site\/na-festa-para-roriz-rollemberg-pode-ter-aprendido-mais-alguma-coisa\/#respond"]}]},{"@type":"WebPage","@id":"https:\/\/www.notibras.com\/site\/na-festa-para-roriz-rollemberg-pode-ter-aprendido-mais-alguma-coisa\/","url":"https:\/\/www.notibras.com\/site\/na-festa-para-roriz-rollemberg-pode-ter-aprendido-mais-alguma-coisa\/","name":"Na festa para Roriz, Rollemberg pode ter aprendido alguma coisa - Notibras","isPartOf":{"@id":"https:\/\/www.notibras.com\/site\/#website"},"primaryImageOfPage":{"@id":"https:\/\/www.notibras.com\/site\/na-festa-para-roriz-rollemberg-pode-ter-aprendido-mais-alguma-coisa\/#primaryimage"},"image":{"@id":"https:\/\/www.notibras.com\/site\/na-festa-para-roriz-rollemberg-pode-ter-aprendido-mais-alguma-coisa\/#primaryimage"},"thumbnailUrl":"https:\/\/www.notibras.com\/site\/wp-content\/uploads\/2015\/08\/roriz-do-bem.jpg","datePublished":"2015-08-05T22:56:26+00:00","dateModified":"2015-08-14T14:58:33+00:00","breadcrumb":{"@id":"https:\/\/www.notibras.com\/site\/na-festa-para-roriz-rollemberg-pode-ter-aprendido-mais-alguma-coisa\/#breadcrumb"},"inLanguage":"pt-BR","potentialAction":[{"@type":"ReadAction","target":["https:\/\/www.notibras.com\/site\/na-festa-para-roriz-rollemberg-pode-ter-aprendido-mais-alguma-coisa\/"]}]},{"@type":"ImageObject","inLanguage":"pt-BR","@id":"https:\/\/www.notibras.com\/site\/na-festa-para-roriz-rollemberg-pode-ter-aprendido-mais-alguma-coisa\/#primaryimage","url":"https:\/\/www.notibras.com\/site\/wp-content\/uploads\/2015\/08\/roriz-do-bem.jpg","contentUrl":"https:\/\/www.notibras.com\/site\/wp-content\/uploads\/2015\/08\/roriz-do-bem.jpg","width":960,"height":528},{"@type":"BreadcrumbList","@id":"https:\/\/www.notibras.com\/site\/na-festa-para-roriz-rollemberg-pode-ter-aprendido-mais-alguma-coisa\/#breadcrumb","itemListElement":[{"@type":"ListItem","position":1,"name":"In\u00edcio","item":"https:\/\/www.notibras.com\/site\/"},{"@type":"ListItem","position":2,"name":"Na festa para Roriz, Rollemberg pode ter aprendido alguma coisa"}]},{"@type":"WebSite","@id":"https:\/\/www.notibras.com\/site\/#website","url":"https:\/\/www.notibras.com\/site\/","name":"Notibras","description":"Not\u00edcias de Bras\u00edlia, do Brasil e do Mundo","publisher":{"@id":"https:\/\/www.notibras.com\/site\/#organization"},"potentialAction":[{"@type":"SearchAction","target":{"@type":"EntryPoint","urlTemplate":"https:\/\/www.notibras.com\/site\/?s={search_term_string}"},"query-input":{"@type":"PropertyValueSpecification","valueRequired":true,"valueName":"search_term_string"}}],"inLanguage":"pt-BR"},{"@type":"Organization","@id":"https:\/\/www.notibras.com\/site\/#organization","name":"Grupo Notibras de Comunica\u00e7\u00e3o","url":"https:\/\/www.notibras.com\/site\/","logo":{"@type":"ImageObject","inLanguage":"pt-BR","@id":"https:\/\/www.notibras.com\/site\/#\/schema\/logo\/image\/","url":"https:\/\/www.notibras.com\/site\/wp-content\/uploads\/2023\/01\/notibras23.png","contentUrl":"https:\/\/www.notibras.com\/site\/wp-content\/uploads\/2023\/01\/notibras23.png","width":350,"height":87,"caption":"Grupo Notibras de Comunica\u00e7\u00e3o"},"image":{"@id":"https:\/\/www.notibras.com\/site\/#\/schema\/logo\/image\/"},"sameAs":["https:\/\/www.facebook.com\/notibras\/","https:\/\/x.com\/Notibras","https:\/\/www.instagram.com\/notibras\/"]},{"@type":"Person","@id":"https:\/\/www.notibras.com\/site\/#\/schema\/person\/36ab0979449956132d3e5b517ea76ac8","name":"Reda\u00e7\u00e3o","image":{"@type":"ImageObject","inLanguage":"pt-BR","@id":"https:\/\/secure.gravatar.com\/avatar\/e0a867bdedb85fd243eadf09663511f96fc81e0720a4a42581f334ad4303aa6b?s=96&d=mm&r=g","url":"https:\/\/secure.gravatar.com\/avatar\/e0a867bdedb85fd243eadf09663511f96fc81e0720a4a42581f334ad4303aa6b?s=96&d=mm&r=g","contentUrl":"https:\/\/secure.gravatar.com\/avatar\/e0a867bdedb85fd243eadf09663511f96fc81e0720a4a42581f334ad4303aa6b?s=96&d=mm&r=g","caption":"Reda\u00e7\u00e3o"}}]}},"amp_enabled":true,"_links":{"self":[{"href":"https:\/\/www.notibras.com\/site\/wp-json\/wp\/v2\/posts\/60349","targetHints":{"allow":["GET"]}}],"collection":[{"href":"https:\/\/www.notibras.com\/site\/wp-json\/wp\/v2\/posts"}],"about":[{"href":"https:\/\/www.notibras.com\/site\/wp-json\/wp\/v2\/types\/post"}],"author":[{"embeddable":true,"href":"https:\/\/www.notibras.com\/site\/wp-json\/wp\/v2\/users\/2"}],"replies":[{"embeddable":true,"href":"https:\/\/www.notibras.com\/site\/wp-json\/wp\/v2\/comments?post=60349"}],"version-history":[{"count":0,"href":"https:\/\/www.notibras.com\/site\/wp-json\/wp\/v2\/posts\/60349\/revisions"}],"wp:featuredmedia":[{"embeddable":true,"href":"https:\/\/www.notibras.com\/site\/wp-json\/wp\/v2\/media\/60354"}],"wp:attachment":[{"href":"https:\/\/www.notibras.com\/site\/wp-json\/wp\/v2\/media?parent=60349"}],"wp:term":[{"taxonomy":"category","embeddable":true,"href":"https:\/\/www.notibras.com\/site\/wp-json\/wp\/v2\/categories?post=60349"},{"taxonomy":"post_tag","embeddable":true,"href":"https:\/\/www.notibras.com\/site\/wp-json\/wp\/v2\/tags?post=60349"}],"curies":[{"name":"wp","href":"https:\/\/api.w.org\/{rel}","templated":true}]}}