{"id":60582,"date":"2015-08-07T10:59:29","date_gmt":"2015-08-07T13:59:29","guid":{"rendered":"http:\/\/www.notibras.com\/site\/?p=60582"},"modified":"2015-08-14T11:58:27","modified_gmt":"2015-08-14T14:58:27","slug":"oposicao-traca-caminhos-para-pedir-o-impeachment-de-dilma","status":"publish","type":"post","link":"https:\/\/www.notibras.com\/site\/oposicao-traca-caminhos-para-pedir-o-impeachment-de-dilma\/","title":{"rendered":"Oposi\u00e7\u00e3o tra\u00e7a com pedaladas caminhos do impeachment de Dilma"},"content":{"rendered":"<p>A cada dia que passa, consolida-se a percep\u00e7\u00e3o de que a presidente Dilma Rousseff est\u00e1 perdendo todas as condi\u00e7\u00f5es para contornar a grave crise pol\u00edtica, econ\u00f4mica e \u00e9tica em que est\u00e1 atolado seu governo. O ano de 2015 j\u00e1 est\u00e1 perdido.<\/p>\n<p>O governo terminou o semestre no vermelho. Estima-se que o crescimento do pa\u00eds este ano ficar\u00e1 em torno de zero. O desemprego cresce m\u00eas ap\u00f3s m\u00eas. A infla\u00e7\u00e3o j\u00e1 beirando os 10%. As taxas de juros s\u00e3o as mais altas do mundo. O pa\u00eds \u00e0 beira do colapso fiscal.<\/p>\n<p>O n\u00edvel de credibilidade do Brasil no exterior est\u00e1 pr\u00f3ximo de rebaixamento. A popularidade da presidente Dilma j\u00e1 chegou ao fundo do po\u00e7o, uma situa\u00e7\u00e3o jamais vivida por um presidente, desde a proclama\u00e7\u00e3o da Rep\u00fablica, em 1889.<\/p>\n<blockquote><p>Seu relacionamento com o Congresso Nacional mais parece uma guerra. Seu pr\u00f3prio partido, o PT fala em descart\u00e1-la para evitar que seu fracasso como governante contamine o caminho que o ex-presidente Lula pretende trilhar para tentar sua volta ao Pal\u00e1cio do Planalto, em 2018.<\/p><\/blockquote>\n<p>Ante este \u201cquadro de horror\u201d- express\u00e3o do jornal ingl\u00eas Financial, a pergunta que se faz \u00e9 como tir\u00e1-la do comando do Brasil sem bater de frente com a nossa Constitui\u00e7\u00e3o. O que \u00e9 positivo no momento \u00e9 que nenhum aloprado apareceu para defender sa\u00eddas \u201cna marra\u201d.<\/p>\n<p>A oposi\u00e7\u00e3o, \u00e0 frente o PSDB, est\u00e1 atenta ao desfecho de tr\u00eas situa\u00e7\u00f5es, com decis\u00f5es previstas ainda para este m\u00eas. A torcida dos tucanos \u00e9 que essas defini\u00e7\u00f5es sejam favor\u00e1veis \u00e0s teses defendidas por eles.<\/p>\n<blockquote><p>A primeira situa\u00e7\u00e3o seria a recusa pelo Tribunal de Contas da Uni\u00e3o das contas da presidente Dilma, relativas a 2014. Nesse caso, sob o argumento de que ela afrontou a Lei de Responsabilidade Fiscal. Uma decis\u00e3o que poderia sustentar um pedido de impeachment da presidente.<\/p><\/blockquote>\n<p>Junto ao TSE, o PSDB entrou com a\u00e7\u00e3o acusando o PT de, nas \u00faltimas elei\u00e7\u00f5es presidenciais, ter abusado do poder econ\u00f4mico e pol\u00edtico para financiar, com o dinheiro da corrup\u00e7\u00e3o, o que tornaria a reelei\u00e7\u00e3o de Dilma \u201cileg\u00edtima\u201d. Decis\u00e3o favor\u00e1vel da Justi\u00e7a Eleitoral nesta acusa\u00e7\u00e3o animaria os tucanos a propor o impeachment contra Dilma.<\/p>\n<p>Uma terceira esperan\u00e7a do PSDB estaria na confirma\u00e7\u00e3o, pela Opera\u00e7\u00e3o Lava-Jato, de que recursos roubados da Petrobras teriam sido usados na campanha da reelei\u00e7\u00e3o de Dilma.<\/p>\n<blockquote><p>Fracassando essas tr\u00eas possibilidades de processar a presidente Dilma, o PSDB pretende refor\u00e7ar a estrat\u00e9gia de fazer sangrar a presidente e o ex-presidente Lula. N\u00e3o sair\u00e1 dos p\u00e9s deles em nenhum momento. A meta seria promover o desgaste de Dilma e Lula nas duas pr\u00f3ximas elei\u00e7\u00f5es, em 2016 &#8211; municipais, e 2018 -presidencial.<\/p><\/blockquote>\n","protected":false},"excerpt":{"rendered":"<p>A cada dia que passa, consolida-se a percep\u00e7\u00e3o de que a presidente Dilma Rousseff est\u00e1 perdendo todas as condi\u00e7\u00f5es para contornar a grave crise pol\u00edtica, econ\u00f4mica e \u00e9tica em que est\u00e1 atolado seu governo. O ano de 2015 j\u00e1 est\u00e1 perdido. O governo terminou o semestre no vermelho. Estima-se que o crescimento do pa\u00eds este [&hellip;]<\/p>\n","protected":false},"author":2,"featured_media":60583,"comment_status":"open","ping_status":"closed","sticky":false,"template":"","format":"standard","meta":{"_acf_changed":false,"footnotes":""},"categories":[42],"tags":[],"class_list":["post-60582","post","type-post","status-publish","format-standard","has-post-thumbnail","hentry","category-coletti"],"acf":[],"yoast_head":"<!-- This site is optimized with the Yoast SEO plugin v27.2 - https:\/\/yoast.com\/product\/yoast-seo-wordpress\/ -->\n<title>Oposi\u00e7\u00e3o tra\u00e7a com pedaladas caminhos do impeachment de Dilma - Notibras<\/title>\n<meta name=\"robots\" content=\"index, follow, max-snippet:-1, max-image-preview:large, max-video-preview:-1\" \/>\n<link rel=\"canonical\" href=\"https:\/\/www.notibras.com\/site\/oposicao-traca-caminhos-para-pedir-o-impeachment-de-dilma\/\" \/>\n<meta property=\"og:locale\" content=\"pt_BR\" \/>\n<meta property=\"og:type\" content=\"article\" \/>\n<meta property=\"og:title\" content=\"Oposi\u00e7\u00e3o tra\u00e7a com pedaladas caminhos do impeachment de Dilma - Notibras\" \/>\n<meta property=\"og:description\" content=\"A cada dia que passa, consolida-se a percep\u00e7\u00e3o de que a presidente Dilma Rousseff est\u00e1 perdendo todas as condi\u00e7\u00f5es para contornar a grave crise pol\u00edtica, econ\u00f4mica e \u00e9tica em que est\u00e1 atolado seu governo. O ano de 2015 j\u00e1 est\u00e1 perdido. O governo terminou o semestre no vermelho. Estima-se que o crescimento do pa\u00eds este [&hellip;]\" \/>\n<meta property=\"og:url\" content=\"https:\/\/www.notibras.com\/site\/oposicao-traca-caminhos-para-pedir-o-impeachment-de-dilma\/\" \/>\n<meta property=\"og:site_name\" content=\"Notibras\" \/>\n<meta property=\"article:publisher\" content=\"https:\/\/www.facebook.com\/notibras\/\" \/>\n<meta property=\"article:published_time\" content=\"2015-08-07T13:59:29+00:00\" \/>\n<meta property=\"article:modified_time\" content=\"2015-08-14T14:58:27+00:00\" \/>\n<meta property=\"og:image\" content=\"https:\/\/www.notibras.com\/site\/wp-content\/uploads\/2015\/08\/c9877623e4074671f933f37bfeeeea68.jpg\" \/>\n\t<meta property=\"og:image:width\" content=\"602\" \/>\n\t<meta property=\"og:image:height\" content=\"397\" \/>\n\t<meta property=\"og:image:type\" content=\"image\/jpeg\" \/>\n<meta name=\"author\" content=\"Reda\u00e7\u00e3o\" \/>\n<meta name=\"twitter:card\" content=\"summary_large_image\" \/>\n<meta name=\"twitter:creator\" content=\"@Notibras\" \/>\n<meta name=\"twitter:site\" content=\"@Notibras\" \/>\n<meta name=\"twitter:label1\" content=\"Escrito por\" \/>\n\t<meta name=\"twitter:data1\" content=\"Reda\u00e7\u00e3o\" \/>\n\t<meta name=\"twitter:label2\" content=\"Est. tempo de leitura\" \/>\n\t<meta name=\"twitter:data2\" content=\"2 minutos\" \/>\n<script type=\"application\/ld+json\" class=\"yoast-schema-graph\">{\"@context\":\"https:\/\/schema.org\",\"@graph\":[{\"@type\":\"Article\",\"@id\":\"https:\/\/www.notibras.com\/site\/oposicao-traca-caminhos-para-pedir-o-impeachment-de-dilma\/#article\",\"isPartOf\":{\"@id\":\"https:\/\/www.notibras.com\/site\/oposicao-traca-caminhos-para-pedir-o-impeachment-de-dilma\/\"},\"author\":{\"name\":\"Reda\u00e7\u00e3o\",\"@id\":\"https:\/\/www.notibras.com\/site\/#\/schema\/person\/36ab0979449956132d3e5b517ea76ac8\"},\"headline\":\"Oposi\u00e7\u00e3o tra\u00e7a com pedaladas caminhos do impeachment de Dilma\",\"datePublished\":\"2015-08-07T13:59:29+00:00\",\"dateModified\":\"2015-08-14T14:58:27+00:00\",\"mainEntityOfPage\":{\"@id\":\"https:\/\/www.notibras.com\/site\/oposicao-traca-caminhos-para-pedir-o-impeachment-de-dilma\/\"},\"wordCount\":486,\"commentCount\":0,\"publisher\":{\"@id\":\"https:\/\/www.notibras.com\/site\/#organization\"},\"image\":{\"@id\":\"https:\/\/www.notibras.com\/site\/oposicao-traca-caminhos-para-pedir-o-impeachment-de-dilma\/#primaryimage\"},\"thumbnailUrl\":\"https:\/\/www.notibras.com\/site\/wp-content\/uploads\/2015\/08\/c9877623e4074671f933f37bfeeeea68.jpg\",\"articleSection\":[\"Cl\u00e1udio Coletti\"],\"inLanguage\":\"pt-BR\",\"potentialAction\":[{\"@type\":\"CommentAction\",\"name\":\"Comment\",\"target\":[\"https:\/\/www.notibras.com\/site\/oposicao-traca-caminhos-para-pedir-o-impeachment-de-dilma\/#respond\"]}]},{\"@type\":\"WebPage\",\"@id\":\"https:\/\/www.notibras.com\/site\/oposicao-traca-caminhos-para-pedir-o-impeachment-de-dilma\/\",\"url\":\"https:\/\/www.notibras.com\/site\/oposicao-traca-caminhos-para-pedir-o-impeachment-de-dilma\/\",\"name\":\"Oposi\u00e7\u00e3o tra\u00e7a com pedaladas caminhos do impeachment de Dilma - Notibras\",\"isPartOf\":{\"@id\":\"https:\/\/www.notibras.com\/site\/#website\"},\"primaryImageOfPage\":{\"@id\":\"https:\/\/www.notibras.com\/site\/oposicao-traca-caminhos-para-pedir-o-impeachment-de-dilma\/#primaryimage\"},\"image\":{\"@id\":\"https:\/\/www.notibras.com\/site\/oposicao-traca-caminhos-para-pedir-o-impeachment-de-dilma\/#primaryimage\"},\"thumbnailUrl\":\"https:\/\/www.notibras.com\/site\/wp-content\/uploads\/2015\/08\/c9877623e4074671f933f37bfeeeea68.jpg\",\"datePublished\":\"2015-08-07T13:59:29+00:00\",\"dateModified\":\"2015-08-14T14:58:27+00:00\",\"breadcrumb\":{\"@id\":\"https:\/\/www.notibras.com\/site\/oposicao-traca-caminhos-para-pedir-o-impeachment-de-dilma\/#breadcrumb\"},\"inLanguage\":\"pt-BR\",\"potentialAction\":[{\"@type\":\"ReadAction\",\"target\":[\"https:\/\/www.notibras.com\/site\/oposicao-traca-caminhos-para-pedir-o-impeachment-de-dilma\/\"]}]},{\"@type\":\"ImageObject\",\"inLanguage\":\"pt-BR\",\"@id\":\"https:\/\/www.notibras.com\/site\/oposicao-traca-caminhos-para-pedir-o-impeachment-de-dilma\/#primaryimage\",\"url\":\"https:\/\/www.notibras.com\/site\/wp-content\/uploads\/2015\/08\/c9877623e4074671f933f37bfeeeea68.jpg\",\"contentUrl\":\"https:\/\/www.notibras.com\/site\/wp-content\/uploads\/2015\/08\/c9877623e4074671f933f37bfeeeea68.jpg\",\"width\":602,\"height\":397},{\"@type\":\"BreadcrumbList\",\"@id\":\"https:\/\/www.notibras.com\/site\/oposicao-traca-caminhos-para-pedir-o-impeachment-de-dilma\/#breadcrumb\",\"itemListElement\":[{\"@type\":\"ListItem\",\"position\":1,\"name\":\"In\u00edcio\",\"item\":\"https:\/\/www.notibras.com\/site\/\"},{\"@type\":\"ListItem\",\"position\":2,\"name\":\"Oposi\u00e7\u00e3o tra\u00e7a com pedaladas caminhos do impeachment de Dilma\"}]},{\"@type\":\"WebSite\",\"@id\":\"https:\/\/www.notibras.com\/site\/#website\",\"url\":\"https:\/\/www.notibras.com\/site\/\",\"name\":\"Notibras\",\"description\":\"Not\u00edcias de Bras\u00edlia, do Brasil e do Mundo\",\"publisher\":{\"@id\":\"https:\/\/www.notibras.com\/site\/#organization\"},\"potentialAction\":[{\"@type\":\"SearchAction\",\"target\":{\"@type\":\"EntryPoint\",\"urlTemplate\":\"https:\/\/www.notibras.com\/site\/?s={search_term_string}\"},\"query-input\":{\"@type\":\"PropertyValueSpecification\",\"valueRequired\":true,\"valueName\":\"search_term_string\"}}],\"inLanguage\":\"pt-BR\"},{\"@type\":\"Organization\",\"@id\":\"https:\/\/www.notibras.com\/site\/#organization\",\"name\":\"Grupo Notibras de Comunica\u00e7\u00e3o\",\"url\":\"https:\/\/www.notibras.com\/site\/\",\"logo\":{\"@type\":\"ImageObject\",\"inLanguage\":\"pt-BR\",\"@id\":\"https:\/\/www.notibras.com\/site\/#\/schema\/logo\/image\/\",\"url\":\"https:\/\/www.notibras.com\/site\/wp-content\/uploads\/2023\/01\/notibras23.png\",\"contentUrl\":\"https:\/\/www.notibras.com\/site\/wp-content\/uploads\/2023\/01\/notibras23.png\",\"width\":350,\"height\":87,\"caption\":\"Grupo Notibras de Comunica\u00e7\u00e3o\"},\"image\":{\"@id\":\"https:\/\/www.notibras.com\/site\/#\/schema\/logo\/image\/\"},\"sameAs\":[\"https:\/\/www.facebook.com\/notibras\/\",\"https:\/\/x.com\/Notibras\",\"https:\/\/www.instagram.com\/notibras\/\"]},{\"@type\":\"Person\",\"@id\":\"https:\/\/www.notibras.com\/site\/#\/schema\/person\/36ab0979449956132d3e5b517ea76ac8\",\"name\":\"Reda\u00e7\u00e3o\",\"image\":{\"@type\":\"ImageObject\",\"inLanguage\":\"pt-BR\",\"@id\":\"https:\/\/secure.gravatar.com\/avatar\/e0a867bdedb85fd243eadf09663511f96fc81e0720a4a42581f334ad4303aa6b?s=96&d=mm&r=g\",\"url\":\"https:\/\/secure.gravatar.com\/avatar\/e0a867bdedb85fd243eadf09663511f96fc81e0720a4a42581f334ad4303aa6b?s=96&d=mm&r=g\",\"contentUrl\":\"https:\/\/secure.gravatar.com\/avatar\/e0a867bdedb85fd243eadf09663511f96fc81e0720a4a42581f334ad4303aa6b?s=96&d=mm&r=g\",\"caption\":\"Reda\u00e7\u00e3o\"}}]}<\/script>\n<!-- \/ Yoast SEO plugin. -->","yoast_head_json":{"title":"Oposi\u00e7\u00e3o tra\u00e7a com pedaladas caminhos do impeachment de Dilma - Notibras","robots":{"index":"index","follow":"follow","max-snippet":"max-snippet:-1","max-image-preview":"max-image-preview:large","max-video-preview":"max-video-preview:-1"},"canonical":"https:\/\/www.notibras.com\/site\/oposicao-traca-caminhos-para-pedir-o-impeachment-de-dilma\/","og_locale":"pt_BR","og_type":"article","og_title":"Oposi\u00e7\u00e3o tra\u00e7a com pedaladas caminhos do impeachment de Dilma - Notibras","og_description":"A cada dia que passa, consolida-se a percep\u00e7\u00e3o de que a presidente Dilma Rousseff est\u00e1 perdendo todas as condi\u00e7\u00f5es para contornar a grave crise pol\u00edtica, econ\u00f4mica e \u00e9tica em que est\u00e1 atolado seu governo. O ano de 2015 j\u00e1 est\u00e1 perdido. O governo terminou o semestre no vermelho. Estima-se que o crescimento do pa\u00eds este [&hellip;]","og_url":"https:\/\/www.notibras.com\/site\/oposicao-traca-caminhos-para-pedir-o-impeachment-de-dilma\/","og_site_name":"Notibras","article_publisher":"https:\/\/www.facebook.com\/notibras\/","article_published_time":"2015-08-07T13:59:29+00:00","article_modified_time":"2015-08-14T14:58:27+00:00","og_image":[{"width":602,"height":397,"url":"https:\/\/www.notibras.com\/site\/wp-content\/uploads\/2015\/08\/c9877623e4074671f933f37bfeeeea68.jpg","type":"image\/jpeg"}],"author":"Reda\u00e7\u00e3o","twitter_card":"summary_large_image","twitter_creator":"@Notibras","twitter_site":"@Notibras","twitter_misc":{"Escrito por":"Reda\u00e7\u00e3o","Est. tempo de leitura":"2 minutos"},"schema":{"@context":"https:\/\/schema.org","@graph":[{"@type":"Article","@id":"https:\/\/www.notibras.com\/site\/oposicao-traca-caminhos-para-pedir-o-impeachment-de-dilma\/#article","isPartOf":{"@id":"https:\/\/www.notibras.com\/site\/oposicao-traca-caminhos-para-pedir-o-impeachment-de-dilma\/"},"author":{"name":"Reda\u00e7\u00e3o","@id":"https:\/\/www.notibras.com\/site\/#\/schema\/person\/36ab0979449956132d3e5b517ea76ac8"},"headline":"Oposi\u00e7\u00e3o tra\u00e7a com pedaladas caminhos do impeachment de Dilma","datePublished":"2015-08-07T13:59:29+00:00","dateModified":"2015-08-14T14:58:27+00:00","mainEntityOfPage":{"@id":"https:\/\/www.notibras.com\/site\/oposicao-traca-caminhos-para-pedir-o-impeachment-de-dilma\/"},"wordCount":486,"commentCount":0,"publisher":{"@id":"https:\/\/www.notibras.com\/site\/#organization"},"image":{"@id":"https:\/\/www.notibras.com\/site\/oposicao-traca-caminhos-para-pedir-o-impeachment-de-dilma\/#primaryimage"},"thumbnailUrl":"https:\/\/www.notibras.com\/site\/wp-content\/uploads\/2015\/08\/c9877623e4074671f933f37bfeeeea68.jpg","articleSection":["Cl\u00e1udio Coletti"],"inLanguage":"pt-BR","potentialAction":[{"@type":"CommentAction","name":"Comment","target":["https:\/\/www.notibras.com\/site\/oposicao-traca-caminhos-para-pedir-o-impeachment-de-dilma\/#respond"]}]},{"@type":"WebPage","@id":"https:\/\/www.notibras.com\/site\/oposicao-traca-caminhos-para-pedir-o-impeachment-de-dilma\/","url":"https:\/\/www.notibras.com\/site\/oposicao-traca-caminhos-para-pedir-o-impeachment-de-dilma\/","name":"Oposi\u00e7\u00e3o tra\u00e7a com pedaladas caminhos do impeachment de Dilma - Notibras","isPartOf":{"@id":"https:\/\/www.notibras.com\/site\/#website"},"primaryImageOfPage":{"@id":"https:\/\/www.notibras.com\/site\/oposicao-traca-caminhos-para-pedir-o-impeachment-de-dilma\/#primaryimage"},"image":{"@id":"https:\/\/www.notibras.com\/site\/oposicao-traca-caminhos-para-pedir-o-impeachment-de-dilma\/#primaryimage"},"thumbnailUrl":"https:\/\/www.notibras.com\/site\/wp-content\/uploads\/2015\/08\/c9877623e4074671f933f37bfeeeea68.jpg","datePublished":"2015-08-07T13:59:29+00:00","dateModified":"2015-08-14T14:58:27+00:00","breadcrumb":{"@id":"https:\/\/www.notibras.com\/site\/oposicao-traca-caminhos-para-pedir-o-impeachment-de-dilma\/#breadcrumb"},"inLanguage":"pt-BR","potentialAction":[{"@type":"ReadAction","target":["https:\/\/www.notibras.com\/site\/oposicao-traca-caminhos-para-pedir-o-impeachment-de-dilma\/"]}]},{"@type":"ImageObject","inLanguage":"pt-BR","@id":"https:\/\/www.notibras.com\/site\/oposicao-traca-caminhos-para-pedir-o-impeachment-de-dilma\/#primaryimage","url":"https:\/\/www.notibras.com\/site\/wp-content\/uploads\/2015\/08\/c9877623e4074671f933f37bfeeeea68.jpg","contentUrl":"https:\/\/www.notibras.com\/site\/wp-content\/uploads\/2015\/08\/c9877623e4074671f933f37bfeeeea68.jpg","width":602,"height":397},{"@type":"BreadcrumbList","@id":"https:\/\/www.notibras.com\/site\/oposicao-traca-caminhos-para-pedir-o-impeachment-de-dilma\/#breadcrumb","itemListElement":[{"@type":"ListItem","position":1,"name":"In\u00edcio","item":"https:\/\/www.notibras.com\/site\/"},{"@type":"ListItem","position":2,"name":"Oposi\u00e7\u00e3o tra\u00e7a com pedaladas caminhos do impeachment de Dilma"}]},{"@type":"WebSite","@id":"https:\/\/www.notibras.com\/site\/#website","url":"https:\/\/www.notibras.com\/site\/","name":"Notibras","description":"Not\u00edcias de Bras\u00edlia, do Brasil e do Mundo","publisher":{"@id":"https:\/\/www.notibras.com\/site\/#organization"},"potentialAction":[{"@type":"SearchAction","target":{"@type":"EntryPoint","urlTemplate":"https:\/\/www.notibras.com\/site\/?s={search_term_string}"},"query-input":{"@type":"PropertyValueSpecification","valueRequired":true,"valueName":"search_term_string"}}],"inLanguage":"pt-BR"},{"@type":"Organization","@id":"https:\/\/www.notibras.com\/site\/#organization","name":"Grupo Notibras de Comunica\u00e7\u00e3o","url":"https:\/\/www.notibras.com\/site\/","logo":{"@type":"ImageObject","inLanguage":"pt-BR","@id":"https:\/\/www.notibras.com\/site\/#\/schema\/logo\/image\/","url":"https:\/\/www.notibras.com\/site\/wp-content\/uploads\/2023\/01\/notibras23.png","contentUrl":"https:\/\/www.notibras.com\/site\/wp-content\/uploads\/2023\/01\/notibras23.png","width":350,"height":87,"caption":"Grupo Notibras de Comunica\u00e7\u00e3o"},"image":{"@id":"https:\/\/www.notibras.com\/site\/#\/schema\/logo\/image\/"},"sameAs":["https:\/\/www.facebook.com\/notibras\/","https:\/\/x.com\/Notibras","https:\/\/www.instagram.com\/notibras\/"]},{"@type":"Person","@id":"https:\/\/www.notibras.com\/site\/#\/schema\/person\/36ab0979449956132d3e5b517ea76ac8","name":"Reda\u00e7\u00e3o","image":{"@type":"ImageObject","inLanguage":"pt-BR","@id":"https:\/\/secure.gravatar.com\/avatar\/e0a867bdedb85fd243eadf09663511f96fc81e0720a4a42581f334ad4303aa6b?s=96&d=mm&r=g","url":"https:\/\/secure.gravatar.com\/avatar\/e0a867bdedb85fd243eadf09663511f96fc81e0720a4a42581f334ad4303aa6b?s=96&d=mm&r=g","contentUrl":"https:\/\/secure.gravatar.com\/avatar\/e0a867bdedb85fd243eadf09663511f96fc81e0720a4a42581f334ad4303aa6b?s=96&d=mm&r=g","caption":"Reda\u00e7\u00e3o"}}]}},"amp_enabled":true,"_links":{"self":[{"href":"https:\/\/www.notibras.com\/site\/wp-json\/wp\/v2\/posts\/60582","targetHints":{"allow":["GET"]}}],"collection":[{"href":"https:\/\/www.notibras.com\/site\/wp-json\/wp\/v2\/posts"}],"about":[{"href":"https:\/\/www.notibras.com\/site\/wp-json\/wp\/v2\/types\/post"}],"author":[{"embeddable":true,"href":"https:\/\/www.notibras.com\/site\/wp-json\/wp\/v2\/users\/2"}],"replies":[{"embeddable":true,"href":"https:\/\/www.notibras.com\/site\/wp-json\/wp\/v2\/comments?post=60582"}],"version-history":[{"count":0,"href":"https:\/\/www.notibras.com\/site\/wp-json\/wp\/v2\/posts\/60582\/revisions"}],"wp:featuredmedia":[{"embeddable":true,"href":"https:\/\/www.notibras.com\/site\/wp-json\/wp\/v2\/media\/60583"}],"wp:attachment":[{"href":"https:\/\/www.notibras.com\/site\/wp-json\/wp\/v2\/media?parent=60582"}],"wp:term":[{"taxonomy":"category","embeddable":true,"href":"https:\/\/www.notibras.com\/site\/wp-json\/wp\/v2\/categories?post=60582"},{"taxonomy":"post_tag","embeddable":true,"href":"https:\/\/www.notibras.com\/site\/wp-json\/wp\/v2\/tags?post=60582"}],"curies":[{"name":"wp","href":"https:\/\/api.w.org\/{rel}","templated":true}]}}