{"id":6070,"date":"2014-04-06T01:15:35","date_gmt":"2014-04-06T04:15:35","guid":{"rendered":"http:\/\/www.notibras.com\/site\/?p=6070"},"modified":"2014-04-06T18:11:14","modified_gmt":"2014-04-06T21:11:14","slug":"brasilia-3014-e-o-mane-garrincha-de-agnelo-e-claudio-continua-no-prejuizo","status":"publish","type":"post","link":"https:\/\/www.notibras.com\/site\/brasilia-3014-e-o-mane-garrincha-de-agnelo-e-claudio-continua-no-prejuizo\/","title":{"rendered":"Bras\u00edlia, 3014. E o Man\u00e9 de Agnelo e Cl\u00e1udio continua no preju\u00edzo"},"content":{"rendered":"<p>Mil anos. Muitas gera\u00e7\u00f5es ter\u00e3o passado e o Est\u00e1dio Nacional de Bras\u00edlia, caso ainda esteja de p\u00e9, continuar\u00e1 devendo aos cofres do Governo do Distrito Federal uma boa parte dos mais de 1 bilh\u00e3o 500 mil reais que empregou na sua constru\u00e7\u00e3o. Bras\u00edlia ter\u00e1, assim, mais um bichinho a se somar ao seu anedot\u00e1rio pol\u00edtico, porque, rebocando a \u2018bezerra de ouro\u2019 de Joaquim Roriz, estar\u00e1 o \u2018elefante branco\u2019 de Agnelo Queiroz e Cl\u00e1udio Monteiro.<\/p>\n<p>A ideia do Man\u00e9 Garrincha, na realidade, foi um verdadeiro desastre. Provocou o desvio de recursos, deixou praticamente falida a Terracap, motivou amea\u00e7as de inclus\u00e3o do nome do governo na lista negra do Serasa, por falta de pagamento em dia de fornecedores e construtores. Em s\u00edntese, uma aberra\u00e7\u00e3o.<\/p>\n<p>Uma reportagem do UOL, assinada pelos jornalistas Aiuri Rebello e Guilherme Costa, apresenta uma radiografia completa do problema. Leia alguns trechos:<\/p>\n<p>Propagandeado pelo governo federal e pelo Distrito Federal como um exemplo de sucesso de p\u00fablico e renda, o Man\u00e9 pode, sim, levar at\u00e9 cerca de mil anos para recuperar aos cofres o valor investido na obra. A arena teve um resultado operacional de R$ 1,371 milh\u00e3o no primeiro ano de funcionamento &#8212; um per\u00edodo em que o est\u00e1dio recebeu 30 eventos entre jogos e shows, incluindo uma apresenta\u00e7\u00e3o da cantora norte-americana Beyonc\u00e9 e a partida de maior renda na hist\u00f3ria do Campeonato Brasileiro.<\/p>\n<p>O custo total da obra \u00e9 at\u00e9 agora calculado em R$ 1,6 bilh\u00e3o pelo TC-DF (Tribunal de Contas do Distrito Federal). Neste ritmo o est\u00e1dio ir\u00e1 levar exatos 1.167 anos para recuperar o que custou.<\/p>\n<p>Considerada a previs\u00e3o do tribunal de contas de que o custo chegar\u00e1 a R$ 1,9 bilh\u00e3o quando todas as obras de sustentabilidade e no entorno do local estiverem conclu\u00eddas e a taxa de ocupa\u00e7\u00e3o se mantenha no m\u00ednimo como neste primeiro ano &#8212; tido como &#8220;um \u00eaxito&#8221; pelo ministro do Esporte, Aldo Rebelo, e &#8220;um exemplo contra o derrotismo&#8221; pelo secret\u00e1rio-executivo da pasta, Luis Fernandes &#8212; o tempo para retorno do investimento chega a 1.385 anos. A conta n\u00e3o considera oscila\u00e7\u00f5es nas taxas de c\u00e2mbio, infla\u00e7\u00e3o e outras variantes no per\u00edodo.<\/p>\n<p>O Man\u00e9 Garrincha em Bras\u00edlia \u00e9 o est\u00e1dio mais caro dentre os 12 constru\u00eddos ou reformados para a Copa do Mundo, e ir\u00e1 receber sete partidas da competi\u00e7\u00e3o este ano. At\u00e9 agora, o local recebeu uma m\u00e9dia de um evento a cada duas semanas e meia.<\/p>\n<p>De acordo com o governo do DF, de maio, quando a arena foi inaugurada, at\u00e9 agora, a arrecada\u00e7\u00e3o para os cofres p\u00fablicos com aluguel e taxas de uso do espa\u00e7o foi de R$ 2,871 milh\u00f5es. Como a conta de luz e \u00e1gua custou R$ 1,5 milh\u00e3o ao governo no mesmo per\u00edodo, o Man\u00e9 Garrincha rendeu R$ 1,371 milh\u00e3o l\u00edquido nos primeiros 11 meses de funcionamento.<\/p>\n<p>Segundo a Secopa-DF (Secretaria Especial da Copa do Mundo do Distrito Federal), na conta n\u00e3o est\u00e1 inclu\u00eddo o custo de manuten\u00e7\u00e3o do espa\u00e7o, j\u00e1 que a constru\u00e7\u00e3o possui cinco anos de garantia e outros 20 anos para a cobertura. Dos custos tamb\u00e9m est\u00e1 exclu\u00eddo o que \u00e9 gasto com pessoal e material de seguran\u00e7a e limpeza.<br \/>\n&#8220;Estes servi\u00e7os s\u00e3o realizados por contrato celebrado pela Secretaria de Planejamento, para atender a diversos \u00f3rg\u00e3os do GDF. Ou seja, n\u00e3o se trata de um contrato exclusivo para atender a arena brasiliense&#8221;, afirma a Secopa-DF por meio de sua assessoria de imprensa. &#8220;\u00c9 importante destacar que a grande demanda por servi\u00e7os de limpeza e seguran\u00e7a no est\u00e1dio ocorre durante os eventos e, portanto, as despesas s\u00e3o de responsabilidade dos organizadores&#8221;, completa a nota enviada \u00e0 reportagem.<\/p>\n<p>Assim, se incluirmos o pre\u00e7o fixo de limpeza e seguran\u00e7a e o fato de que daqui a cinco anos a manuten\u00e7\u00e3o ficar\u00e1 por conta do governo do DF, o custo operacional deve elevar-se ainda mais. At\u00e9 o final de 2014, est\u00e1 prevista a inaugura\u00e7\u00e3o do sistema e capta\u00e7\u00e3o de energia solar, o que deve baratear a conta de luz.<\/p>\n<p>No dia 26 de maio, o Man\u00e9 Garrincha recebeu a partida de maior renda na hist\u00f3ria do Brasileir\u00e3o: o jogo entre Santos e Flamengo, despedida de Neymar do time da Baixada Santista, gerou uma arrecada\u00e7\u00e3o na bilheteria de R$ 6,9 milh\u00f5es de acordo com a CBF. Foi tamb\u00e9m o maior p\u00fablico da edi\u00e7\u00e3o do campeonato, com 63.501 torcedores. Apesar disso para o dono do est\u00e1dio de 72 mil lugares, o governo do DF, a renda com o aluguel foi de apenas R$ 4 mil.<\/p>\n<p>Em 2013, o Man\u00e9 Garrincha recebeu 10 jogos do Brasileir\u00e3o e, com eles, tamb\u00e9m obteve a melhor m\u00e9dia de p\u00fablico do campeonato, com cerca de 36 mil pessoas por jogo. Desde inaugurado, o est\u00e1dio j\u00e1 recebeu 655 mil pessoas ao todo. Foram 24 partidas de futebol &#8212; entre campeonatos Brasileiro e Brasiliense, abertura da Copa das Confedera\u00e7\u00f5es e um torneio internacional de futebol feminino &#8212; tr\u00eas shows e dois eventos institucionais.<br \/>\nOs n\u00fameros autorizaram o ministro do Esporte a referir-se \u00e0 arena como &#8220;elefante dourado&#8221; em entrevistas e pronunciamentos oficiais, para contrapor o sucesso ao temor que o est\u00e1dio de Bras\u00edlia se tornasse um &#8220;elefante branco&#8221;.<\/p>\n<p>&#8220;J\u00e1 est\u00e1 consagrado o \u00eaxito da reconstru\u00e7\u00e3o do Man\u00e9 Garrincha. Isso \u00e9 importante para Bras\u00edlia, e muito mais para o Brasil&#8221;, afirmou Aldo Rebelo nesta ter\u00e7a-feira (1), durante inspe\u00e7\u00e3o da Fifa e do COL (Comit\u00ea Organizador Local) no local. &#8220;A Copa, para n\u00f3s, \u00e9 uma oportunidade de ouro que significa a gera\u00e7\u00e3o de milhares de empregos&#8221;, emendou o governador do DF, Agnelo Queiroz. &#8220;Sempre que somos questionados sobre elefantes brancos, apresentamos como grande exemplo o Man\u00e9 Garrincha, contra esse derrotismo&#8221;, arrematou o secret\u00e1rio-executivo do Minist\u00e9rio do Esporte.<\/p>\n<p>Na ocasi\u00e3o o titular da Secopa-DF, Claudio Monteiro, irritou-se com a pergunta de jornalistas sobre a suspeita do TC-DF de que a obra da arena tenha tido um superfaturamento de pelo menos R$ 400 milh\u00f5es. &#8220;\u00c9 a turma do fura-bolo, que quer estragar a festa&#8221;, disse, prometendo que vai responder um a um os questionamentos do \u00f3rg\u00e3o de controle.<\/p>\n<p>O que existe \u00e9 uma contradi\u00e7\u00e3o: enquanto o est\u00e1dio gera lucros para quem usa o espa\u00e7o\u00a0 &#8212; sejam jogos de futebol de times grandes ou shows internacionais &#8212; a arrecada\u00e7\u00e3o \u00e9 baixa para o governo, tendo em vista que conseguiu para os cofres p\u00fablicos apenas R$ 2,871 milh\u00f5es em quase um ano, mesmo com todo esse sucesso. At\u00e9 agosto do ano passado, o aluguel da arena possu\u00eda um custo fixo de R$ 4 mil, independentemente do porte do evento.<\/p>\n<p>A partir de ent\u00e3o, um decreto assinado pelo governador definiu uma nova tabela de pre\u00e7os. Al\u00e9m dos custos operacionais, quem quiser usar o est\u00e1dio para um jogo de futebol tem de pagar 15% do valor da renda bruta a t\u00edtulo de aluguel. No caso dos clubes fecharem pacotes de quatro ou mais jogos, a taxa cai para 13%. As sele\u00e7\u00f5es brasileiras n\u00e3o pagam nada para jogar ali.<\/p>\n<p>O decreto prev\u00ea ainda uma tabela de pre\u00e7os para utiliza\u00e7\u00e3o do Man\u00e9 Garrincha em eventos culturais, religiosos, art\u00edsticos, educacionais e recreativos. Para uso apenas do gamado e da arquibancada inferior o aluguel sai por R$ 200 mil. Com a inclus\u00e3o da \u00e1rea VIP, sobe para R$ 250 mil. Para utiliza\u00e7\u00e3o tamb\u00e9m dos camarotes o valor \u00e9 de R$ 300 mil. O custo para uso de todo o est\u00e1dio \u00e9 de R$ 500 mil ou 13% da renda bruta do evento, considerado o maior valor entre os dois.<\/p>\n<p>Al\u00e9m dos sete jogos da Copa do Mundo, que n\u00e3o geram renda ao governo, e outras seis partidas anunciadas nesta semana pelo titular da Secopa-DF (finais do Candang\u00e3o, a final da Copa Verde, em abril, Botafogo x Goi\u00e1s pelo Brasileir\u00e3o, um jogo da Copa do Brasil e uma partida ainda indefinida), o calend\u00e1rio est\u00e1 indefinido para o Man\u00e9 Garrincha ap\u00f3s a Copa.<\/p>\n<p>De acordo com a Secopa-DF, h\u00e1 conversas para mais partidas do Campeonato Brasileiro e para shows, mas nada concreto. Em 2016 a arena deve receber partidas do futebol ol\u00edmpico, e em 2019 a Univers\u00edade.<br \/>\nNo que depender do futebol brasiliense, o est\u00e1dio s\u00f3 n\u00e3o fica vazio em uma final. &#8220;Para abrir o est\u00e1dio precisa de uma empresa de limpeza com 50 funcion\u00e1rios, e mesmo para usar apenas o anel inferior voc\u00ea precisa de pelo menos 200 brigadistas&#8221;, diz Regis de Carvalo, gerente de futebol do Bras\u00edlia, time local.<\/p>\n<p>&#8220;A m\u00e9dia de um jogo, por baixo, \u00e9 R$ 60 mil. Numa partida final voc\u00ea at\u00e9 consegue fazer uma renda superior a esse valor. Mas num jogo local entre times do Campeonato Brasiliense voc\u00ea n\u00e3o consegue&#8221;, diz. A m\u00e9dia de p\u00fablico do time no campeonato local foi de 500 pessoas.<\/p>\n<p>De acordo com a FBF (Federa\u00e7\u00e3o Brasiliense de Futebol), os ingressos custam de R$ 1 a R$ 20. &#8220;Geralmente acabamos com jogos deficit\u00e1rios, isso sem usar o Man\u00e9 Garrincha&#8221;, resume a situa\u00e7\u00e3o Josaf\u00e1 Dantas, presidente da entidade. &#8220;Outros campeonatos tamb\u00e9m t\u00eam rendas baixas. E se voc\u00ea comparar nosso futebol com o de outras regi\u00f5es, ainda somos debutantes. Somos mais novos. Isso n\u00e3o quer dizer que n\u00e3o tenhamos de lutar para melhorar&#8221;, completa.<\/p>\n<p>&#8220;Ressaltamos que os resultados financeiros de shows, partidas de futebol e demais eventos realizados no Man\u00e9 Garrincha n\u00e3o devem ser mensurados tendo em vista t\u00e3o somente o retorno para a arena. Nem o Est\u00e1dio Nacional de Bras\u00edlia nem qualquer outra arena do mundo se paga em curto prazo&#8221;, diz a assessoria de imprensa da Secopa-DF. &#8220;N\u00e3o se pode aferir a efici\u00eancia do est\u00e1dio se baseando, apenas, na gera\u00e7\u00e3o de lucro financeiro. O est\u00e1dio \u00e9 um instrumento de desenvolvimento econ\u00f4mico e social para todo o Distrito Federal. E j\u00e1 vem demonstrando isso&#8221;.<\/p>\n<p>Segundo o governo do DF, cada evento no est\u00e1dio injeta cerca de R$ 12 milh\u00f5es na economia local e gera pelo menos dois mil empregos. Diz que quando h\u00e1 atividade no local, o faturamento do com\u00e9rcio no entorno da arena aumenta em at\u00e9 30%.<\/p>\n<p>A Secopa-DF afirmou ao longo do \u00faltimo ano, que prepara um edital de licita\u00e7\u00e3o para fazer uma concess\u00e3o do local \u00e0 iniciativa privada, mas at\u00e9 agora n\u00e3o h\u00e1 prazo para isso acontecer nem apareceram interessados no projeto.<\/p>\n","protected":false},"excerpt":{"rendered":"<p>Mil anos. Muitas gera\u00e7\u00f5es ter\u00e3o passado e o Est\u00e1dio Nacional de Bras\u00edlia, caso ainda esteja de p\u00e9, continuar\u00e1 devendo aos cofres do Governo do Distrito Federal uma boa parte dos mais de 1 bilh\u00e3o 500 mil reais que empregou na sua constru\u00e7\u00e3o. Bras\u00edlia ter\u00e1, assim, mais um bichinho a se somar ao seu anedot\u00e1rio pol\u00edtico, [&hellip;]<\/p>\n","protected":false},"author":2,"featured_media":6071,"comment_status":"open","ping_status":"closed","sticky":false,"template":"","format":"standard","meta":{"_acf_changed":false,"footnotes":""},"categories":[19],"tags":[],"class_list":["post-6070","post","type-post","status-publish","format-standard","has-post-thumbnail","hentry","category-esportes"],"acf":[],"yoast_head":"<!-- This site is optimized with the Yoast SEO plugin v27.2 - https:\/\/yoast.com\/product\/yoast-seo-wordpress\/ -->\n<title>Bras\u00edlia, 3014. E o Man\u00e9 de Agnelo e Cl\u00e1udio continua no preju\u00edzo - Notibras<\/title>\n<meta name=\"robots\" content=\"index, follow, max-snippet:-1, max-image-preview:large, max-video-preview:-1\" \/>\n<link rel=\"canonical\" href=\"https:\/\/www.notibras.com\/site\/brasilia-3014-e-o-mane-garrincha-de-agnelo-e-claudio-continua-no-prejuizo\/\" \/>\n<meta property=\"og:locale\" content=\"pt_BR\" \/>\n<meta property=\"og:type\" content=\"article\" \/>\n<meta property=\"og:title\" content=\"Bras\u00edlia, 3014. E o Man\u00e9 de Agnelo e Cl\u00e1udio continua no preju\u00edzo - Notibras\" \/>\n<meta property=\"og:description\" content=\"Mil anos. Muitas gera\u00e7\u00f5es ter\u00e3o passado e o Est\u00e1dio Nacional de Bras\u00edlia, caso ainda esteja de p\u00e9, continuar\u00e1 devendo aos cofres do Governo do Distrito Federal uma boa parte dos mais de 1 bilh\u00e3o 500 mil reais que empregou na sua constru\u00e7\u00e3o. Bras\u00edlia ter\u00e1, assim, mais um bichinho a se somar ao seu anedot\u00e1rio pol\u00edtico, [&hellip;]\" \/>\n<meta property=\"og:url\" content=\"https:\/\/www.notibras.com\/site\/brasilia-3014-e-o-mane-garrincha-de-agnelo-e-claudio-continua-no-prejuizo\/\" \/>\n<meta property=\"og:site_name\" content=\"Notibras\" \/>\n<meta property=\"article:publisher\" content=\"https:\/\/www.facebook.com\/notibras\/\" \/>\n<meta property=\"article:published_time\" content=\"2014-04-06T04:15:35+00:00\" \/>\n<meta property=\"article:modified_time\" content=\"2014-04-06T21:11:14+00:00\" \/>\n<meta property=\"og:image\" content=\"https:\/\/www.notibras.com\/site\/wp-content\/uploads\/2014\/04\/ClaAgnelo.jpg\" \/>\n\t<meta property=\"og:image:width\" content=\"369\" \/>\n\t<meta property=\"og:image:height\" content=\"246\" \/>\n\t<meta property=\"og:image:type\" content=\"image\/jpeg\" \/>\n<meta name=\"author\" content=\"Reda\u00e7\u00e3o\" \/>\n<meta name=\"twitter:card\" content=\"summary_large_image\" \/>\n<meta name=\"twitter:creator\" content=\"@Notibras\" \/>\n<meta name=\"twitter:site\" content=\"@Notibras\" \/>\n<meta name=\"twitter:label1\" content=\"Escrito por\" \/>\n\t<meta name=\"twitter:data1\" content=\"Reda\u00e7\u00e3o\" \/>\n\t<meta name=\"twitter:label2\" content=\"Est. tempo de leitura\" \/>\n\t<meta name=\"twitter:data2\" content=\"9 minutos\" \/>\n<script type=\"application\/ld+json\" class=\"yoast-schema-graph\">{\"@context\":\"https:\/\/schema.org\",\"@graph\":[{\"@type\":\"Article\",\"@id\":\"https:\/\/www.notibras.com\/site\/brasilia-3014-e-o-mane-garrincha-de-agnelo-e-claudio-continua-no-prejuizo\/#article\",\"isPartOf\":{\"@id\":\"https:\/\/www.notibras.com\/site\/brasilia-3014-e-o-mane-garrincha-de-agnelo-e-claudio-continua-no-prejuizo\/\"},\"author\":{\"name\":\"Reda\u00e7\u00e3o\",\"@id\":\"https:\/\/www.notibras.com\/site\/#\/schema\/person\/36ab0979449956132d3e5b517ea76ac8\"},\"headline\":\"Bras\u00edlia, 3014. E o Man\u00e9 de Agnelo e Cl\u00e1udio continua no preju\u00edzo\",\"datePublished\":\"2014-04-06T04:15:35+00:00\",\"dateModified\":\"2014-04-06T21:11:14+00:00\",\"mainEntityOfPage\":{\"@id\":\"https:\/\/www.notibras.com\/site\/brasilia-3014-e-o-mane-garrincha-de-agnelo-e-claudio-continua-no-prejuizo\/\"},\"wordCount\":1778,\"commentCount\":0,\"publisher\":{\"@id\":\"https:\/\/www.notibras.com\/site\/#organization\"},\"image\":{\"@id\":\"https:\/\/www.notibras.com\/site\/brasilia-3014-e-o-mane-garrincha-de-agnelo-e-claudio-continua-no-prejuizo\/#primaryimage\"},\"thumbnailUrl\":\"https:\/\/www.notibras.com\/site\/wp-content\/uploads\/2014\/04\/ClaAgnelo.jpg\",\"articleSection\":[\"Esportes\"],\"inLanguage\":\"pt-BR\",\"potentialAction\":[{\"@type\":\"CommentAction\",\"name\":\"Comment\",\"target\":[\"https:\/\/www.notibras.com\/site\/brasilia-3014-e-o-mane-garrincha-de-agnelo-e-claudio-continua-no-prejuizo\/#respond\"]}]},{\"@type\":\"WebPage\",\"@id\":\"https:\/\/www.notibras.com\/site\/brasilia-3014-e-o-mane-garrincha-de-agnelo-e-claudio-continua-no-prejuizo\/\",\"url\":\"https:\/\/www.notibras.com\/site\/brasilia-3014-e-o-mane-garrincha-de-agnelo-e-claudio-continua-no-prejuizo\/\",\"name\":\"Bras\u00edlia, 3014. E o Man\u00e9 de Agnelo e Cl\u00e1udio continua no preju\u00edzo - Notibras\",\"isPartOf\":{\"@id\":\"https:\/\/www.notibras.com\/site\/#website\"},\"primaryImageOfPage\":{\"@id\":\"https:\/\/www.notibras.com\/site\/brasilia-3014-e-o-mane-garrincha-de-agnelo-e-claudio-continua-no-prejuizo\/#primaryimage\"},\"image\":{\"@id\":\"https:\/\/www.notibras.com\/site\/brasilia-3014-e-o-mane-garrincha-de-agnelo-e-claudio-continua-no-prejuizo\/#primaryimage\"},\"thumbnailUrl\":\"https:\/\/www.notibras.com\/site\/wp-content\/uploads\/2014\/04\/ClaAgnelo.jpg\",\"datePublished\":\"2014-04-06T04:15:35+00:00\",\"dateModified\":\"2014-04-06T21:11:14+00:00\",\"breadcrumb\":{\"@id\":\"https:\/\/www.notibras.com\/site\/brasilia-3014-e-o-mane-garrincha-de-agnelo-e-claudio-continua-no-prejuizo\/#breadcrumb\"},\"inLanguage\":\"pt-BR\",\"potentialAction\":[{\"@type\":\"ReadAction\",\"target\":[\"https:\/\/www.notibras.com\/site\/brasilia-3014-e-o-mane-garrincha-de-agnelo-e-claudio-continua-no-prejuizo\/\"]}]},{\"@type\":\"ImageObject\",\"inLanguage\":\"pt-BR\",\"@id\":\"https:\/\/www.notibras.com\/site\/brasilia-3014-e-o-mane-garrincha-de-agnelo-e-claudio-continua-no-prejuizo\/#primaryimage\",\"url\":\"https:\/\/www.notibras.com\/site\/wp-content\/uploads\/2014\/04\/ClaAgnelo.jpg\",\"contentUrl\":\"https:\/\/www.notibras.com\/site\/wp-content\/uploads\/2014\/04\/ClaAgnelo.jpg\",\"width\":369,\"height\":246},{\"@type\":\"BreadcrumbList\",\"@id\":\"https:\/\/www.notibras.com\/site\/brasilia-3014-e-o-mane-garrincha-de-agnelo-e-claudio-continua-no-prejuizo\/#breadcrumb\",\"itemListElement\":[{\"@type\":\"ListItem\",\"position\":1,\"name\":\"In\u00edcio\",\"item\":\"https:\/\/www.notibras.com\/site\/\"},{\"@type\":\"ListItem\",\"position\":2,\"name\":\"Bras\u00edlia, 3014. E o Man\u00e9 de Agnelo e Cl\u00e1udio continua no preju\u00edzo\"}]},{\"@type\":\"WebSite\",\"@id\":\"https:\/\/www.notibras.com\/site\/#website\",\"url\":\"https:\/\/www.notibras.com\/site\/\",\"name\":\"Notibras\",\"description\":\"Not\u00edcias de Bras\u00edlia, do Brasil e do Mundo\",\"publisher\":{\"@id\":\"https:\/\/www.notibras.com\/site\/#organization\"},\"potentialAction\":[{\"@type\":\"SearchAction\",\"target\":{\"@type\":\"EntryPoint\",\"urlTemplate\":\"https:\/\/www.notibras.com\/site\/?s={search_term_string}\"},\"query-input\":{\"@type\":\"PropertyValueSpecification\",\"valueRequired\":true,\"valueName\":\"search_term_string\"}}],\"inLanguage\":\"pt-BR\"},{\"@type\":\"Organization\",\"@id\":\"https:\/\/www.notibras.com\/site\/#organization\",\"name\":\"Grupo Notibras de Comunica\u00e7\u00e3o\",\"url\":\"https:\/\/www.notibras.com\/site\/\",\"logo\":{\"@type\":\"ImageObject\",\"inLanguage\":\"pt-BR\",\"@id\":\"https:\/\/www.notibras.com\/site\/#\/schema\/logo\/image\/\",\"url\":\"https:\/\/www.notibras.com\/site\/wp-content\/uploads\/2023\/01\/notibras23.png\",\"contentUrl\":\"https:\/\/www.notibras.com\/site\/wp-content\/uploads\/2023\/01\/notibras23.png\",\"width\":350,\"height\":87,\"caption\":\"Grupo Notibras de Comunica\u00e7\u00e3o\"},\"image\":{\"@id\":\"https:\/\/www.notibras.com\/site\/#\/schema\/logo\/image\/\"},\"sameAs\":[\"https:\/\/www.facebook.com\/notibras\/\",\"https:\/\/x.com\/Notibras\",\"https:\/\/www.instagram.com\/notibras\/\"]},{\"@type\":\"Person\",\"@id\":\"https:\/\/www.notibras.com\/site\/#\/schema\/person\/36ab0979449956132d3e5b517ea76ac8\",\"name\":\"Reda\u00e7\u00e3o\",\"image\":{\"@type\":\"ImageObject\",\"inLanguage\":\"pt-BR\",\"@id\":\"https:\/\/secure.gravatar.com\/avatar\/e0a867bdedb85fd243eadf09663511f96fc81e0720a4a42581f334ad4303aa6b?s=96&d=mm&r=g\",\"url\":\"https:\/\/secure.gravatar.com\/avatar\/e0a867bdedb85fd243eadf09663511f96fc81e0720a4a42581f334ad4303aa6b?s=96&d=mm&r=g\",\"contentUrl\":\"https:\/\/secure.gravatar.com\/avatar\/e0a867bdedb85fd243eadf09663511f96fc81e0720a4a42581f334ad4303aa6b?s=96&d=mm&r=g\",\"caption\":\"Reda\u00e7\u00e3o\"}}]}<\/script>\n<!-- \/ Yoast SEO plugin. -->","yoast_head_json":{"title":"Bras\u00edlia, 3014. E o Man\u00e9 de Agnelo e Cl\u00e1udio continua no preju\u00edzo - Notibras","robots":{"index":"index","follow":"follow","max-snippet":"max-snippet:-1","max-image-preview":"max-image-preview:large","max-video-preview":"max-video-preview:-1"},"canonical":"https:\/\/www.notibras.com\/site\/brasilia-3014-e-o-mane-garrincha-de-agnelo-e-claudio-continua-no-prejuizo\/","og_locale":"pt_BR","og_type":"article","og_title":"Bras\u00edlia, 3014. E o Man\u00e9 de Agnelo e Cl\u00e1udio continua no preju\u00edzo - Notibras","og_description":"Mil anos. Muitas gera\u00e7\u00f5es ter\u00e3o passado e o Est\u00e1dio Nacional de Bras\u00edlia, caso ainda esteja de p\u00e9, continuar\u00e1 devendo aos cofres do Governo do Distrito Federal uma boa parte dos mais de 1 bilh\u00e3o 500 mil reais que empregou na sua constru\u00e7\u00e3o. Bras\u00edlia ter\u00e1, assim, mais um bichinho a se somar ao seu anedot\u00e1rio pol\u00edtico, [&hellip;]","og_url":"https:\/\/www.notibras.com\/site\/brasilia-3014-e-o-mane-garrincha-de-agnelo-e-claudio-continua-no-prejuizo\/","og_site_name":"Notibras","article_publisher":"https:\/\/www.facebook.com\/notibras\/","article_published_time":"2014-04-06T04:15:35+00:00","article_modified_time":"2014-04-06T21:11:14+00:00","og_image":[{"width":369,"height":246,"url":"https:\/\/www.notibras.com\/site\/wp-content\/uploads\/2014\/04\/ClaAgnelo.jpg","type":"image\/jpeg"}],"author":"Reda\u00e7\u00e3o","twitter_card":"summary_large_image","twitter_creator":"@Notibras","twitter_site":"@Notibras","twitter_misc":{"Escrito por":"Reda\u00e7\u00e3o","Est. tempo de leitura":"9 minutos"},"schema":{"@context":"https:\/\/schema.org","@graph":[{"@type":"Article","@id":"https:\/\/www.notibras.com\/site\/brasilia-3014-e-o-mane-garrincha-de-agnelo-e-claudio-continua-no-prejuizo\/#article","isPartOf":{"@id":"https:\/\/www.notibras.com\/site\/brasilia-3014-e-o-mane-garrincha-de-agnelo-e-claudio-continua-no-prejuizo\/"},"author":{"name":"Reda\u00e7\u00e3o","@id":"https:\/\/www.notibras.com\/site\/#\/schema\/person\/36ab0979449956132d3e5b517ea76ac8"},"headline":"Bras\u00edlia, 3014. E o Man\u00e9 de Agnelo e Cl\u00e1udio continua no preju\u00edzo","datePublished":"2014-04-06T04:15:35+00:00","dateModified":"2014-04-06T21:11:14+00:00","mainEntityOfPage":{"@id":"https:\/\/www.notibras.com\/site\/brasilia-3014-e-o-mane-garrincha-de-agnelo-e-claudio-continua-no-prejuizo\/"},"wordCount":1778,"commentCount":0,"publisher":{"@id":"https:\/\/www.notibras.com\/site\/#organization"},"image":{"@id":"https:\/\/www.notibras.com\/site\/brasilia-3014-e-o-mane-garrincha-de-agnelo-e-claudio-continua-no-prejuizo\/#primaryimage"},"thumbnailUrl":"https:\/\/www.notibras.com\/site\/wp-content\/uploads\/2014\/04\/ClaAgnelo.jpg","articleSection":["Esportes"],"inLanguage":"pt-BR","potentialAction":[{"@type":"CommentAction","name":"Comment","target":["https:\/\/www.notibras.com\/site\/brasilia-3014-e-o-mane-garrincha-de-agnelo-e-claudio-continua-no-prejuizo\/#respond"]}]},{"@type":"WebPage","@id":"https:\/\/www.notibras.com\/site\/brasilia-3014-e-o-mane-garrincha-de-agnelo-e-claudio-continua-no-prejuizo\/","url":"https:\/\/www.notibras.com\/site\/brasilia-3014-e-o-mane-garrincha-de-agnelo-e-claudio-continua-no-prejuizo\/","name":"Bras\u00edlia, 3014. E o Man\u00e9 de Agnelo e Cl\u00e1udio continua no preju\u00edzo - Notibras","isPartOf":{"@id":"https:\/\/www.notibras.com\/site\/#website"},"primaryImageOfPage":{"@id":"https:\/\/www.notibras.com\/site\/brasilia-3014-e-o-mane-garrincha-de-agnelo-e-claudio-continua-no-prejuizo\/#primaryimage"},"image":{"@id":"https:\/\/www.notibras.com\/site\/brasilia-3014-e-o-mane-garrincha-de-agnelo-e-claudio-continua-no-prejuizo\/#primaryimage"},"thumbnailUrl":"https:\/\/www.notibras.com\/site\/wp-content\/uploads\/2014\/04\/ClaAgnelo.jpg","datePublished":"2014-04-06T04:15:35+00:00","dateModified":"2014-04-06T21:11:14+00:00","breadcrumb":{"@id":"https:\/\/www.notibras.com\/site\/brasilia-3014-e-o-mane-garrincha-de-agnelo-e-claudio-continua-no-prejuizo\/#breadcrumb"},"inLanguage":"pt-BR","potentialAction":[{"@type":"ReadAction","target":["https:\/\/www.notibras.com\/site\/brasilia-3014-e-o-mane-garrincha-de-agnelo-e-claudio-continua-no-prejuizo\/"]}]},{"@type":"ImageObject","inLanguage":"pt-BR","@id":"https:\/\/www.notibras.com\/site\/brasilia-3014-e-o-mane-garrincha-de-agnelo-e-claudio-continua-no-prejuizo\/#primaryimage","url":"https:\/\/www.notibras.com\/site\/wp-content\/uploads\/2014\/04\/ClaAgnelo.jpg","contentUrl":"https:\/\/www.notibras.com\/site\/wp-content\/uploads\/2014\/04\/ClaAgnelo.jpg","width":369,"height":246},{"@type":"BreadcrumbList","@id":"https:\/\/www.notibras.com\/site\/brasilia-3014-e-o-mane-garrincha-de-agnelo-e-claudio-continua-no-prejuizo\/#breadcrumb","itemListElement":[{"@type":"ListItem","position":1,"name":"In\u00edcio","item":"https:\/\/www.notibras.com\/site\/"},{"@type":"ListItem","position":2,"name":"Bras\u00edlia, 3014. E o Man\u00e9 de Agnelo e Cl\u00e1udio continua no preju\u00edzo"}]},{"@type":"WebSite","@id":"https:\/\/www.notibras.com\/site\/#website","url":"https:\/\/www.notibras.com\/site\/","name":"Notibras","description":"Not\u00edcias de Bras\u00edlia, do Brasil e do Mundo","publisher":{"@id":"https:\/\/www.notibras.com\/site\/#organization"},"potentialAction":[{"@type":"SearchAction","target":{"@type":"EntryPoint","urlTemplate":"https:\/\/www.notibras.com\/site\/?s={search_term_string}"},"query-input":{"@type":"PropertyValueSpecification","valueRequired":true,"valueName":"search_term_string"}}],"inLanguage":"pt-BR"},{"@type":"Organization","@id":"https:\/\/www.notibras.com\/site\/#organization","name":"Grupo Notibras de Comunica\u00e7\u00e3o","url":"https:\/\/www.notibras.com\/site\/","logo":{"@type":"ImageObject","inLanguage":"pt-BR","@id":"https:\/\/www.notibras.com\/site\/#\/schema\/logo\/image\/","url":"https:\/\/www.notibras.com\/site\/wp-content\/uploads\/2023\/01\/notibras23.png","contentUrl":"https:\/\/www.notibras.com\/site\/wp-content\/uploads\/2023\/01\/notibras23.png","width":350,"height":87,"caption":"Grupo Notibras de Comunica\u00e7\u00e3o"},"image":{"@id":"https:\/\/www.notibras.com\/site\/#\/schema\/logo\/image\/"},"sameAs":["https:\/\/www.facebook.com\/notibras\/","https:\/\/x.com\/Notibras","https:\/\/www.instagram.com\/notibras\/"]},{"@type":"Person","@id":"https:\/\/www.notibras.com\/site\/#\/schema\/person\/36ab0979449956132d3e5b517ea76ac8","name":"Reda\u00e7\u00e3o","image":{"@type":"ImageObject","inLanguage":"pt-BR","@id":"https:\/\/secure.gravatar.com\/avatar\/e0a867bdedb85fd243eadf09663511f96fc81e0720a4a42581f334ad4303aa6b?s=96&d=mm&r=g","url":"https:\/\/secure.gravatar.com\/avatar\/e0a867bdedb85fd243eadf09663511f96fc81e0720a4a42581f334ad4303aa6b?s=96&d=mm&r=g","contentUrl":"https:\/\/secure.gravatar.com\/avatar\/e0a867bdedb85fd243eadf09663511f96fc81e0720a4a42581f334ad4303aa6b?s=96&d=mm&r=g","caption":"Reda\u00e7\u00e3o"}}]}},"amp_enabled":true,"_links":{"self":[{"href":"https:\/\/www.notibras.com\/site\/wp-json\/wp\/v2\/posts\/6070","targetHints":{"allow":["GET"]}}],"collection":[{"href":"https:\/\/www.notibras.com\/site\/wp-json\/wp\/v2\/posts"}],"about":[{"href":"https:\/\/www.notibras.com\/site\/wp-json\/wp\/v2\/types\/post"}],"author":[{"embeddable":true,"href":"https:\/\/www.notibras.com\/site\/wp-json\/wp\/v2\/users\/2"}],"replies":[{"embeddable":true,"href":"https:\/\/www.notibras.com\/site\/wp-json\/wp\/v2\/comments?post=6070"}],"version-history":[{"count":0,"href":"https:\/\/www.notibras.com\/site\/wp-json\/wp\/v2\/posts\/6070\/revisions"}],"wp:featuredmedia":[{"embeddable":true,"href":"https:\/\/www.notibras.com\/site\/wp-json\/wp\/v2\/media\/6071"}],"wp:attachment":[{"href":"https:\/\/www.notibras.com\/site\/wp-json\/wp\/v2\/media?parent=6070"}],"wp:term":[{"taxonomy":"category","embeddable":true,"href":"https:\/\/www.notibras.com\/site\/wp-json\/wp\/v2\/categories?post=6070"},{"taxonomy":"post_tag","embeddable":true,"href":"https:\/\/www.notibras.com\/site\/wp-json\/wp\/v2\/tags?post=6070"}],"curies":[{"name":"wp","href":"https:\/\/api.w.org\/{rel}","templated":true}]}}