{"id":60723,"date":"2015-08-08T16:12:26","date_gmt":"2015-08-08T19:12:26","guid":{"rendered":"http:\/\/www.notibras.com\/site\/?p=60723"},"modified":"2015-08-14T11:58:21","modified_gmt":"2015-08-14T14:58:21","slug":"centro-norte-se-une-e-cria-agencia-para-desenvolver-a-regiao","status":"publish","type":"post","link":"https:\/\/www.notibras.com\/site\/centro-norte-se-une-e-cria-agencia-para-desenvolver-a-regiao\/","title":{"rendered":"Estados do Centro-Norte se unem por ag\u00eancia para desenvolver regi\u00e3o"},"content":{"rendered":"<p>\u00c9 recompensador ver iniciativas que s\u00e3o previamente publicadas em <strong>Notibras<\/strong>, sugerindo assuntos diversos que podem ser objeto de uma agenda positiva ao poder p\u00fablico. Especialmente quando elas, de fato, acontecem. E acaba de acontecer em Cuiab\u00e1 o encontro entre os Estados de Bras\u00edlia, ops, do Distrito Federal, Goi\u00e1s, Tocantins, Mato Grosso, Mato Grosso do Sul e Rond\u00f4nia. L\u00e1 estavam seus respectivos governadores e presidentes das c\u00e2maras estaduais e legislativa.<\/p>\n<p>A pauta n\u00e3o foi pequena e a iniciativa \u00e9 de gente grande. As seis unidades da federa\u00e7\u00e3o somam um PIB respeit\u00e1vel, especialmente no agroneg\u00f3cio. Em mat\u00e9ria aqui publicada, comentamos a necessidade de uma institui\u00e7\u00e3o que regesse o bloco financeiramente, que n\u00e3o \u00e9 uma defini\u00e7\u00e3o muito t\u00e9cnica, mas para puro entendimento.<\/p>\n<blockquote><p><strong>Notibras<\/strong> apontou o BRB \u2013 Banco de Bras\u00edlia cujo \u201cR\u201d da sigla n\u00e3o serve pra nada -, sobrevivente entre os bancos estaduais, como um poss\u00edvel vetor dessa iniciativa. Ao que tudo indica a ideia de hoje \u00e9 essa. J\u00e1 existe nome sugerido para a institui\u00e7\u00e3o: Ag\u00eancia de Desenvolvimento do Brasil Central. \u00c9 importante manter a log\u00edstica integrada entre as novas ferrovias e velhas hidrovias e o complexo aeroportu\u00e1rio previsto para o Distrito Federal (n\u00e3o para Bras\u00edlia), que j\u00e1 tem autoriza\u00e7\u00e3o da Anac para operar em \u00e1rea definida em Planaltina.<\/p><\/blockquote>\n<p>O leitor deve entender que nesse conceito de aeroporto de carga o que tem menor import\u00e2ncia s\u00e3o os avi\u00f5es. N\u00e3o entendeu? \u00c9 que nas cidades aeroportu\u00e1rias, como muitos denominam a ideia, os produtos chegam por via a\u00e9rea, l\u00f3gico, s\u00e3o beneficiados no mesmo complexo e embarcados imediatamente.<\/p>\n<p>Entenda melhor: os exportadores de flores, por exemplo, recebem a colheita dos produtores, beneficiam o produto, embalam, encaixotam, selam, esborrifam perfume eventualmente para conquistar os gringos, enfim, agregam valores e exportam para o mundo todo. Por um valor muito maior do que simplesmente se vendessem pelo valor de origem.<\/p>\n<p>Outro exemplo: um equipamento eletr\u00f4nico chega por meio do Sedex para reparo \u2013 n\u00e3o estou fazendo merchandising, viu diretor? \u2013 e \u00e9 reparado em oficinas eletr\u00f4nicas instaladas no complexo e ap\u00f3s duas horas \u00e9 devolvido ao destinat\u00e1rio. A\u00ed nem precisa ser por meio do Sedex, pode ser pelo FedEx do Tom Hanks \u2013 ficou bom agora, diretor de <strong>Notibras<\/strong>? N\u00e3o recebi nada em d\u00f3lar, juro. Em reais, n\u00e3o quero!<\/p>\n<p>O sistema inteligente de integra\u00e7\u00e3o log\u00edstica ser\u00e1 o pilar para dar andamento inteligente ao \u00f3rg\u00e3o multifacetado demais por sugest\u00e3o de Mangabeira, segundo observadores, chamado de ag\u00eancia. O Mangabeira Unger estava l\u00e1, sim. Harvardiano desde criancinha, ningu\u00e9m sabe qual a sua contribui\u00e7\u00e3o pr\u00e1tica no encontro como ministro da Secretaria de Assuntos Estrat\u00e9gicos, mas vem dele a pauta.<\/p>\n<p>&#8220;Agropecu\u00e1ria; log\u00edstica e industrializa\u00e7\u00e3o; educa\u00e7\u00e3o; ci\u00eancia e tecnologia e fomento do empreendedorismo de vanguarda. A educa\u00e7\u00e3o b\u00e1sica de qualidade \u00e9, sem d\u00favida, uma prioridade m\u00e1xima, mas todos os temas s\u00e3o essenciais para as estrat\u00e9gias desenvolvimentistas&#8221;.<\/p>\n<blockquote><p>Entendeu? Nem eu. Nem vale a pena comentar&#8230; Se meia d\u00fazia dos presentes, como os governadores de Goi\u00e2nia, ops, de Goi\u00e1s; de Palmas, ops, de Tocantins; de Cuiab\u00e1, ops, do Mato Grosso; de Campo Grande, ops, do Mato Grosso do Sul; de Porto Velho, ops, de Rond\u00f4nia e do, sem ops, Distrito Federal, entenderam realmente a dimens\u00e3o do que promoveram, ent\u00e3o o Brasil pode ter esperan\u00e7as.<\/p><\/blockquote>\n<p>S\u00f3 o franc\u00eas \u00e9 que anda sem esperan\u00e7as porque at\u00e9 agora nada da queda da Bastilha&#8230;<\/p>\n","protected":false},"excerpt":{"rendered":"<p>\u00c9 recompensador ver iniciativas que s\u00e3o previamente publicadas em Notibras, sugerindo assuntos diversos que podem ser objeto de uma agenda positiva ao poder p\u00fablico. Especialmente quando elas, de fato, acontecem. E acaba de acontecer em Cuiab\u00e1 o encontro entre os Estados de Bras\u00edlia, ops, do Distrito Federal, Goi\u00e1s, Tocantins, Mato Grosso, Mato Grosso do Sul [&hellip;]<\/p>\n","protected":false},"author":2,"featured_media":60724,"comment_status":"open","ping_status":"closed","sticky":false,"template":"","format":"standard","meta":{"_acf_changed":false,"footnotes":""},"categories":[48],"tags":[],"class_list":["post-60723","post","type-post","status-publish","format-standard","has-post-thumbnail","hentry","category-ferriche"],"acf":[],"yoast_head":"<!-- This site is optimized with the Yoast SEO plugin v27.2 - https:\/\/yoast.com\/product\/yoast-seo-wordpress\/ -->\n<title>Estados do Centro-Norte se unem por ag\u00eancia para desenvolver regi\u00e3o - Notibras<\/title>\n<meta name=\"robots\" content=\"index, follow, max-snippet:-1, max-image-preview:large, max-video-preview:-1\" \/>\n<link rel=\"canonical\" href=\"https:\/\/www.notibras.com\/site\/centro-norte-se-une-e-cria-agencia-para-desenvolver-a-regiao\/\" \/>\n<meta property=\"og:locale\" content=\"pt_BR\" \/>\n<meta property=\"og:type\" content=\"article\" \/>\n<meta property=\"og:title\" content=\"Estados do Centro-Norte se unem por ag\u00eancia para desenvolver regi\u00e3o - Notibras\" \/>\n<meta property=\"og:description\" content=\"\u00c9 recompensador ver iniciativas que s\u00e3o previamente publicadas em Notibras, sugerindo assuntos diversos que podem ser objeto de uma agenda positiva ao poder p\u00fablico. Especialmente quando elas, de fato, acontecem. E acaba de acontecer em Cuiab\u00e1 o encontro entre os Estados de Bras\u00edlia, ops, do Distrito Federal, Goi\u00e1s, Tocantins, Mato Grosso, Mato Grosso do Sul [&hellip;]\" \/>\n<meta property=\"og:url\" content=\"https:\/\/www.notibras.com\/site\/centro-norte-se-une-e-cria-agencia-para-desenvolver-a-regiao\/\" \/>\n<meta property=\"og:site_name\" content=\"Notibras\" \/>\n<meta property=\"article:publisher\" content=\"https:\/\/www.facebook.com\/notibras\/\" \/>\n<meta property=\"article:published_time\" content=\"2015-08-08T19:12:26+00:00\" \/>\n<meta property=\"article:modified_time\" content=\"2015-08-14T14:58:21+00:00\" \/>\n<meta property=\"og:image\" content=\"https:\/\/www.notibras.com\/site\/wp-content\/uploads\/2015\/08\/centrooeste.jpg\" \/>\n\t<meta property=\"og:image:width\" content=\"500\" \/>\n\t<meta property=\"og:image:height\" content=\"333\" \/>\n\t<meta property=\"og:image:type\" content=\"image\/jpeg\" \/>\n<meta name=\"author\" content=\"Reda\u00e7\u00e3o\" \/>\n<meta name=\"twitter:card\" content=\"summary_large_image\" \/>\n<meta name=\"twitter:creator\" content=\"@Notibras\" \/>\n<meta name=\"twitter:site\" content=\"@Notibras\" \/>\n<meta name=\"twitter:label1\" content=\"Escrito por\" \/>\n\t<meta name=\"twitter:data1\" content=\"Reda\u00e7\u00e3o\" \/>\n\t<meta name=\"twitter:label2\" content=\"Est. tempo de leitura\" \/>\n\t<meta name=\"twitter:data2\" content=\"3 minutos\" \/>\n<script type=\"application\/ld+json\" class=\"yoast-schema-graph\">{\"@context\":\"https:\/\/schema.org\",\"@graph\":[{\"@type\":\"Article\",\"@id\":\"https:\/\/www.notibras.com\/site\/centro-norte-se-une-e-cria-agencia-para-desenvolver-a-regiao\/#article\",\"isPartOf\":{\"@id\":\"https:\/\/www.notibras.com\/site\/centro-norte-se-une-e-cria-agencia-para-desenvolver-a-regiao\/\"},\"author\":{\"name\":\"Reda\u00e7\u00e3o\",\"@id\":\"https:\/\/www.notibras.com\/site\/#\/schema\/person\/36ab0979449956132d3e5b517ea76ac8\"},\"headline\":\"Estados do Centro-Norte se unem por ag\u00eancia para desenvolver regi\u00e3o\",\"datePublished\":\"2015-08-08T19:12:26+00:00\",\"dateModified\":\"2015-08-14T14:58:21+00:00\",\"mainEntityOfPage\":{\"@id\":\"https:\/\/www.notibras.com\/site\/centro-norte-se-une-e-cria-agencia-para-desenvolver-a-regiao\/\"},\"wordCount\":613,\"commentCount\":0,\"publisher\":{\"@id\":\"https:\/\/www.notibras.com\/site\/#organization\"},\"image\":{\"@id\":\"https:\/\/www.notibras.com\/site\/centro-norte-se-une-e-cria-agencia-para-desenvolver-a-regiao\/#primaryimage\"},\"thumbnailUrl\":\"https:\/\/www.notibras.com\/site\/wp-content\/uploads\/2015\/08\/centrooeste.jpg\",\"articleSection\":[\"Kleber Ferriche\"],\"inLanguage\":\"pt-BR\",\"potentialAction\":[{\"@type\":\"CommentAction\",\"name\":\"Comment\",\"target\":[\"https:\/\/www.notibras.com\/site\/centro-norte-se-une-e-cria-agencia-para-desenvolver-a-regiao\/#respond\"]}]},{\"@type\":\"WebPage\",\"@id\":\"https:\/\/www.notibras.com\/site\/centro-norte-se-une-e-cria-agencia-para-desenvolver-a-regiao\/\",\"url\":\"https:\/\/www.notibras.com\/site\/centro-norte-se-une-e-cria-agencia-para-desenvolver-a-regiao\/\",\"name\":\"Estados do Centro-Norte se unem por ag\u00eancia para desenvolver regi\u00e3o - Notibras\",\"isPartOf\":{\"@id\":\"https:\/\/www.notibras.com\/site\/#website\"},\"primaryImageOfPage\":{\"@id\":\"https:\/\/www.notibras.com\/site\/centro-norte-se-une-e-cria-agencia-para-desenvolver-a-regiao\/#primaryimage\"},\"image\":{\"@id\":\"https:\/\/www.notibras.com\/site\/centro-norte-se-une-e-cria-agencia-para-desenvolver-a-regiao\/#primaryimage\"},\"thumbnailUrl\":\"https:\/\/www.notibras.com\/site\/wp-content\/uploads\/2015\/08\/centrooeste.jpg\",\"datePublished\":\"2015-08-08T19:12:26+00:00\",\"dateModified\":\"2015-08-14T14:58:21+00:00\",\"breadcrumb\":{\"@id\":\"https:\/\/www.notibras.com\/site\/centro-norte-se-une-e-cria-agencia-para-desenvolver-a-regiao\/#breadcrumb\"},\"inLanguage\":\"pt-BR\",\"potentialAction\":[{\"@type\":\"ReadAction\",\"target\":[\"https:\/\/www.notibras.com\/site\/centro-norte-se-une-e-cria-agencia-para-desenvolver-a-regiao\/\"]}]},{\"@type\":\"ImageObject\",\"inLanguage\":\"pt-BR\",\"@id\":\"https:\/\/www.notibras.com\/site\/centro-norte-se-une-e-cria-agencia-para-desenvolver-a-regiao\/#primaryimage\",\"url\":\"https:\/\/www.notibras.com\/site\/wp-content\/uploads\/2015\/08\/centrooeste.jpg\",\"contentUrl\":\"https:\/\/www.notibras.com\/site\/wp-content\/uploads\/2015\/08\/centrooeste.jpg\",\"width\":500,\"height\":333},{\"@type\":\"BreadcrumbList\",\"@id\":\"https:\/\/www.notibras.com\/site\/centro-norte-se-une-e-cria-agencia-para-desenvolver-a-regiao\/#breadcrumb\",\"itemListElement\":[{\"@type\":\"ListItem\",\"position\":1,\"name\":\"In\u00edcio\",\"item\":\"https:\/\/www.notibras.com\/site\/\"},{\"@type\":\"ListItem\",\"position\":2,\"name\":\"Estados do Centro-Norte se unem por ag\u00eancia para desenvolver regi\u00e3o\"}]},{\"@type\":\"WebSite\",\"@id\":\"https:\/\/www.notibras.com\/site\/#website\",\"url\":\"https:\/\/www.notibras.com\/site\/\",\"name\":\"Notibras\",\"description\":\"Not\u00edcias de Bras\u00edlia, do Brasil e do Mundo\",\"publisher\":{\"@id\":\"https:\/\/www.notibras.com\/site\/#organization\"},\"potentialAction\":[{\"@type\":\"SearchAction\",\"target\":{\"@type\":\"EntryPoint\",\"urlTemplate\":\"https:\/\/www.notibras.com\/site\/?s={search_term_string}\"},\"query-input\":{\"@type\":\"PropertyValueSpecification\",\"valueRequired\":true,\"valueName\":\"search_term_string\"}}],\"inLanguage\":\"pt-BR\"},{\"@type\":\"Organization\",\"@id\":\"https:\/\/www.notibras.com\/site\/#organization\",\"name\":\"Grupo Notibras de Comunica\u00e7\u00e3o\",\"url\":\"https:\/\/www.notibras.com\/site\/\",\"logo\":{\"@type\":\"ImageObject\",\"inLanguage\":\"pt-BR\",\"@id\":\"https:\/\/www.notibras.com\/site\/#\/schema\/logo\/image\/\",\"url\":\"https:\/\/www.notibras.com\/site\/wp-content\/uploads\/2023\/01\/notibras23.png\",\"contentUrl\":\"https:\/\/www.notibras.com\/site\/wp-content\/uploads\/2023\/01\/notibras23.png\",\"width\":350,\"height\":87,\"caption\":\"Grupo Notibras de Comunica\u00e7\u00e3o\"},\"image\":{\"@id\":\"https:\/\/www.notibras.com\/site\/#\/schema\/logo\/image\/\"},\"sameAs\":[\"https:\/\/www.facebook.com\/notibras\/\",\"https:\/\/x.com\/Notibras\",\"https:\/\/www.instagram.com\/notibras\/\"]},{\"@type\":\"Person\",\"@id\":\"https:\/\/www.notibras.com\/site\/#\/schema\/person\/36ab0979449956132d3e5b517ea76ac8\",\"name\":\"Reda\u00e7\u00e3o\",\"image\":{\"@type\":\"ImageObject\",\"inLanguage\":\"pt-BR\",\"@id\":\"https:\/\/secure.gravatar.com\/avatar\/e0a867bdedb85fd243eadf09663511f96fc81e0720a4a42581f334ad4303aa6b?s=96&d=mm&r=g\",\"url\":\"https:\/\/secure.gravatar.com\/avatar\/e0a867bdedb85fd243eadf09663511f96fc81e0720a4a42581f334ad4303aa6b?s=96&d=mm&r=g\",\"contentUrl\":\"https:\/\/secure.gravatar.com\/avatar\/e0a867bdedb85fd243eadf09663511f96fc81e0720a4a42581f334ad4303aa6b?s=96&d=mm&r=g\",\"caption\":\"Reda\u00e7\u00e3o\"}}]}<\/script>\n<!-- \/ Yoast SEO plugin. -->","yoast_head_json":{"title":"Estados do Centro-Norte se unem por ag\u00eancia para desenvolver regi\u00e3o - Notibras","robots":{"index":"index","follow":"follow","max-snippet":"max-snippet:-1","max-image-preview":"max-image-preview:large","max-video-preview":"max-video-preview:-1"},"canonical":"https:\/\/www.notibras.com\/site\/centro-norte-se-une-e-cria-agencia-para-desenvolver-a-regiao\/","og_locale":"pt_BR","og_type":"article","og_title":"Estados do Centro-Norte se unem por ag\u00eancia para desenvolver regi\u00e3o - Notibras","og_description":"\u00c9 recompensador ver iniciativas que s\u00e3o previamente publicadas em Notibras, sugerindo assuntos diversos que podem ser objeto de uma agenda positiva ao poder p\u00fablico. Especialmente quando elas, de fato, acontecem. E acaba de acontecer em Cuiab\u00e1 o encontro entre os Estados de Bras\u00edlia, ops, do Distrito Federal, Goi\u00e1s, Tocantins, Mato Grosso, Mato Grosso do Sul [&hellip;]","og_url":"https:\/\/www.notibras.com\/site\/centro-norte-se-une-e-cria-agencia-para-desenvolver-a-regiao\/","og_site_name":"Notibras","article_publisher":"https:\/\/www.facebook.com\/notibras\/","article_published_time":"2015-08-08T19:12:26+00:00","article_modified_time":"2015-08-14T14:58:21+00:00","og_image":[{"width":500,"height":333,"url":"https:\/\/www.notibras.com\/site\/wp-content\/uploads\/2015\/08\/centrooeste.jpg","type":"image\/jpeg"}],"author":"Reda\u00e7\u00e3o","twitter_card":"summary_large_image","twitter_creator":"@Notibras","twitter_site":"@Notibras","twitter_misc":{"Escrito por":"Reda\u00e7\u00e3o","Est. tempo de leitura":"3 minutos"},"schema":{"@context":"https:\/\/schema.org","@graph":[{"@type":"Article","@id":"https:\/\/www.notibras.com\/site\/centro-norte-se-une-e-cria-agencia-para-desenvolver-a-regiao\/#article","isPartOf":{"@id":"https:\/\/www.notibras.com\/site\/centro-norte-se-une-e-cria-agencia-para-desenvolver-a-regiao\/"},"author":{"name":"Reda\u00e7\u00e3o","@id":"https:\/\/www.notibras.com\/site\/#\/schema\/person\/36ab0979449956132d3e5b517ea76ac8"},"headline":"Estados do Centro-Norte se unem por ag\u00eancia para desenvolver regi\u00e3o","datePublished":"2015-08-08T19:12:26+00:00","dateModified":"2015-08-14T14:58:21+00:00","mainEntityOfPage":{"@id":"https:\/\/www.notibras.com\/site\/centro-norte-se-une-e-cria-agencia-para-desenvolver-a-regiao\/"},"wordCount":613,"commentCount":0,"publisher":{"@id":"https:\/\/www.notibras.com\/site\/#organization"},"image":{"@id":"https:\/\/www.notibras.com\/site\/centro-norte-se-une-e-cria-agencia-para-desenvolver-a-regiao\/#primaryimage"},"thumbnailUrl":"https:\/\/www.notibras.com\/site\/wp-content\/uploads\/2015\/08\/centrooeste.jpg","articleSection":["Kleber Ferriche"],"inLanguage":"pt-BR","potentialAction":[{"@type":"CommentAction","name":"Comment","target":["https:\/\/www.notibras.com\/site\/centro-norte-se-une-e-cria-agencia-para-desenvolver-a-regiao\/#respond"]}]},{"@type":"WebPage","@id":"https:\/\/www.notibras.com\/site\/centro-norte-se-une-e-cria-agencia-para-desenvolver-a-regiao\/","url":"https:\/\/www.notibras.com\/site\/centro-norte-se-une-e-cria-agencia-para-desenvolver-a-regiao\/","name":"Estados do Centro-Norte se unem por ag\u00eancia para desenvolver regi\u00e3o - Notibras","isPartOf":{"@id":"https:\/\/www.notibras.com\/site\/#website"},"primaryImageOfPage":{"@id":"https:\/\/www.notibras.com\/site\/centro-norte-se-une-e-cria-agencia-para-desenvolver-a-regiao\/#primaryimage"},"image":{"@id":"https:\/\/www.notibras.com\/site\/centro-norte-se-une-e-cria-agencia-para-desenvolver-a-regiao\/#primaryimage"},"thumbnailUrl":"https:\/\/www.notibras.com\/site\/wp-content\/uploads\/2015\/08\/centrooeste.jpg","datePublished":"2015-08-08T19:12:26+00:00","dateModified":"2015-08-14T14:58:21+00:00","breadcrumb":{"@id":"https:\/\/www.notibras.com\/site\/centro-norte-se-une-e-cria-agencia-para-desenvolver-a-regiao\/#breadcrumb"},"inLanguage":"pt-BR","potentialAction":[{"@type":"ReadAction","target":["https:\/\/www.notibras.com\/site\/centro-norte-se-une-e-cria-agencia-para-desenvolver-a-regiao\/"]}]},{"@type":"ImageObject","inLanguage":"pt-BR","@id":"https:\/\/www.notibras.com\/site\/centro-norte-se-une-e-cria-agencia-para-desenvolver-a-regiao\/#primaryimage","url":"https:\/\/www.notibras.com\/site\/wp-content\/uploads\/2015\/08\/centrooeste.jpg","contentUrl":"https:\/\/www.notibras.com\/site\/wp-content\/uploads\/2015\/08\/centrooeste.jpg","width":500,"height":333},{"@type":"BreadcrumbList","@id":"https:\/\/www.notibras.com\/site\/centro-norte-se-une-e-cria-agencia-para-desenvolver-a-regiao\/#breadcrumb","itemListElement":[{"@type":"ListItem","position":1,"name":"In\u00edcio","item":"https:\/\/www.notibras.com\/site\/"},{"@type":"ListItem","position":2,"name":"Estados do Centro-Norte se unem por ag\u00eancia para desenvolver regi\u00e3o"}]},{"@type":"WebSite","@id":"https:\/\/www.notibras.com\/site\/#website","url":"https:\/\/www.notibras.com\/site\/","name":"Notibras","description":"Not\u00edcias de Bras\u00edlia, do Brasil e do Mundo","publisher":{"@id":"https:\/\/www.notibras.com\/site\/#organization"},"potentialAction":[{"@type":"SearchAction","target":{"@type":"EntryPoint","urlTemplate":"https:\/\/www.notibras.com\/site\/?s={search_term_string}"},"query-input":{"@type":"PropertyValueSpecification","valueRequired":true,"valueName":"search_term_string"}}],"inLanguage":"pt-BR"},{"@type":"Organization","@id":"https:\/\/www.notibras.com\/site\/#organization","name":"Grupo Notibras de Comunica\u00e7\u00e3o","url":"https:\/\/www.notibras.com\/site\/","logo":{"@type":"ImageObject","inLanguage":"pt-BR","@id":"https:\/\/www.notibras.com\/site\/#\/schema\/logo\/image\/","url":"https:\/\/www.notibras.com\/site\/wp-content\/uploads\/2023\/01\/notibras23.png","contentUrl":"https:\/\/www.notibras.com\/site\/wp-content\/uploads\/2023\/01\/notibras23.png","width":350,"height":87,"caption":"Grupo Notibras de Comunica\u00e7\u00e3o"},"image":{"@id":"https:\/\/www.notibras.com\/site\/#\/schema\/logo\/image\/"},"sameAs":["https:\/\/www.facebook.com\/notibras\/","https:\/\/x.com\/Notibras","https:\/\/www.instagram.com\/notibras\/"]},{"@type":"Person","@id":"https:\/\/www.notibras.com\/site\/#\/schema\/person\/36ab0979449956132d3e5b517ea76ac8","name":"Reda\u00e7\u00e3o","image":{"@type":"ImageObject","inLanguage":"pt-BR","@id":"https:\/\/secure.gravatar.com\/avatar\/e0a867bdedb85fd243eadf09663511f96fc81e0720a4a42581f334ad4303aa6b?s=96&d=mm&r=g","url":"https:\/\/secure.gravatar.com\/avatar\/e0a867bdedb85fd243eadf09663511f96fc81e0720a4a42581f334ad4303aa6b?s=96&d=mm&r=g","contentUrl":"https:\/\/secure.gravatar.com\/avatar\/e0a867bdedb85fd243eadf09663511f96fc81e0720a4a42581f334ad4303aa6b?s=96&d=mm&r=g","caption":"Reda\u00e7\u00e3o"}}]}},"amp_enabled":true,"_links":{"self":[{"href":"https:\/\/www.notibras.com\/site\/wp-json\/wp\/v2\/posts\/60723","targetHints":{"allow":["GET"]}}],"collection":[{"href":"https:\/\/www.notibras.com\/site\/wp-json\/wp\/v2\/posts"}],"about":[{"href":"https:\/\/www.notibras.com\/site\/wp-json\/wp\/v2\/types\/post"}],"author":[{"embeddable":true,"href":"https:\/\/www.notibras.com\/site\/wp-json\/wp\/v2\/users\/2"}],"replies":[{"embeddable":true,"href":"https:\/\/www.notibras.com\/site\/wp-json\/wp\/v2\/comments?post=60723"}],"version-history":[{"count":0,"href":"https:\/\/www.notibras.com\/site\/wp-json\/wp\/v2\/posts\/60723\/revisions"}],"wp:featuredmedia":[{"embeddable":true,"href":"https:\/\/www.notibras.com\/site\/wp-json\/wp\/v2\/media\/60724"}],"wp:attachment":[{"href":"https:\/\/www.notibras.com\/site\/wp-json\/wp\/v2\/media?parent=60723"}],"wp:term":[{"taxonomy":"category","embeddable":true,"href":"https:\/\/www.notibras.com\/site\/wp-json\/wp\/v2\/categories?post=60723"},{"taxonomy":"post_tag","embeddable":true,"href":"https:\/\/www.notibras.com\/site\/wp-json\/wp\/v2\/tags?post=60723"}],"curies":[{"name":"wp","href":"https:\/\/api.w.org\/{rel}","templated":true}]}}