{"id":6075,"date":"2014-04-05T11:38:26","date_gmt":"2014-04-05T14:38:26","guid":{"rendered":"http:\/\/www.notibras.com\/site\/?p=6075"},"modified":"2014-04-05T11:43:39","modified_gmt":"2014-04-05T14:43:39","slug":"jose-wilker-66-tem-parada-cardiaca-e-morre-nos-bracos-da-namorada","status":"publish","type":"post","link":"https:\/\/www.notibras.com\/site\/jose-wilker-66-tem-parada-cardiaca-e-morre-nos-bracos-da-namorada\/","title":{"rendered":"Jos\u00e9 Wilker, 66, tem parada card\u00edaca e morre no Rio, nos bra\u00e7os da namorada"},"content":{"rendered":"<p>Jos\u00e9 Wilker morreu neste s\u00e1bado, no Rio, aos 66 anos. Ele era Ator, diretor e cr\u00edtico de cinema. Wilker estava em casa com a namorada, a jornalista Claudia Montenegro, quando se sentiu mal \u2013 n\u00e3o teve tempo de ser hospitalizado.<\/p>\n<p>A causa da morte foi uma parada card\u00edaca. Cearense radicado no Rio desde a juventude, Wilker tem duas filhas, Isabel, com a atriz M\u00f4nica Torres, e Mariana, com a atriz Ren\u00e9e de Vielmond.<\/p>\n<p>O \u00faltimo trabalho do ator foi na novela &#8220;Amor \u00e0 Vida&#8221;, em que ele interpretou o m\u00e9dico Herbert. Antes disso, ele havia atuado em outra novela de Walcyr Carrasco, &#8220;Gabriela&#8221;. Ao todo, Wilker atuou em 29 novelas, incluindo sucessos como &#8220;Roque Santeiro&#8221;, &#8220;O Salvador da P\u00e1tria&#8221;, &#8220;Anos Rebeldes&#8221; e &#8220;A Pr\u00f3xima v\u00edtima&#8221;.<\/p>\n<p>Nascido em Juazeiro do Norte, no Cear\u00e1, no dia 20 de agosto de 1947, Jos\u00e9 Wilker come\u00e7ou sua carreira como locutor de r\u00e1dio no Cear\u00e1. Aos 19 anos, por\u00e9m, ele se mudou para o Rio de Janeiro, onde come\u00e7ou a atuar.<\/p>\n<p>Com uma extensa carreira tamb\u00e9m no cinema, Wilker atuou em 49 filmes, como &#8220;Bye Bye Brasil&#8221;, &#8220;Jango&#8221; e &#8220;Giovanni Improtta&#8221; &#8211; baseado em seu famoso personagem da novela &#8220;Senhora do Destino&#8221;.<\/p>\n","protected":false},"excerpt":{"rendered":"<p>Jos\u00e9 Wilker morreu neste s\u00e1bado, no Rio, aos 66 anos. Ele era Ator, diretor e cr\u00edtico de cinema. Wilker estava em casa com a namorada, a jornalista Claudia Montenegro, quando se sentiu mal \u2013 n\u00e3o teve tempo de ser hospitalizado. A causa da morte foi uma parada card\u00edaca. Cearense radicado no Rio desde a juventude, [&hellip;]<\/p>\n","protected":false},"author":2,"featured_media":6076,"comment_status":"open","ping_status":"closed","sticky":false,"template":"","format":"standard","meta":{"_acf_changed":false,"footnotes":""},"categories":[16],"tags":[],"class_list":["post-6075","post","type-post","status-publish","format-standard","has-post-thumbnail","hentry","category-brasil"],"acf":[],"yoast_head":"<!-- This site is optimized with the Yoast SEO plugin v27.2 - https:\/\/yoast.com\/product\/yoast-seo-wordpress\/ -->\n<title>Jos\u00e9 Wilker, 66, tem parada card\u00edaca e morre no Rio, nos bra\u00e7os da namorada - Notibras<\/title>\n<meta name=\"robots\" content=\"index, follow, max-snippet:-1, max-image-preview:large, max-video-preview:-1\" \/>\n<link rel=\"canonical\" href=\"https:\/\/www.notibras.com\/site\/jose-wilker-66-tem-parada-cardiaca-e-morre-nos-bracos-da-namorada\/\" \/>\n<meta property=\"og:locale\" content=\"pt_BR\" \/>\n<meta property=\"og:type\" content=\"article\" \/>\n<meta property=\"og:title\" content=\"Jos\u00e9 Wilker, 66, tem parada card\u00edaca e morre no Rio, nos bra\u00e7os da namorada - Notibras\" \/>\n<meta property=\"og:description\" content=\"Jos\u00e9 Wilker morreu neste s\u00e1bado, no Rio, aos 66 anos. Ele era Ator, diretor e cr\u00edtico de cinema. Wilker estava em casa com a namorada, a jornalista Claudia Montenegro, quando se sentiu mal \u2013 n\u00e3o teve tempo de ser hospitalizado. A causa da morte foi uma parada card\u00edaca. Cearense radicado no Rio desde a juventude, [&hellip;]\" \/>\n<meta property=\"og:url\" content=\"https:\/\/www.notibras.com\/site\/jose-wilker-66-tem-parada-cardiaca-e-morre-nos-bracos-da-namorada\/\" \/>\n<meta property=\"og:site_name\" content=\"Notibras\" \/>\n<meta property=\"article:publisher\" content=\"https:\/\/www.facebook.com\/notibras\/\" \/>\n<meta property=\"article:published_time\" content=\"2014-04-05T14:38:26+00:00\" \/>\n<meta property=\"article:modified_time\" content=\"2014-04-05T14:43:39+00:00\" \/>\n<meta property=\"og:image\" content=\"https:\/\/www.notibras.com\/site\/wp-content\/uploads\/2014\/04\/wilker_cut.jpg\" \/>\n\t<meta property=\"og:image:width\" content=\"292\" \/>\n\t<meta property=\"og:image:height\" content=\"280\" \/>\n\t<meta property=\"og:image:type\" content=\"image\/jpeg\" \/>\n<meta name=\"author\" content=\"Reda\u00e7\u00e3o\" \/>\n<meta name=\"twitter:card\" content=\"summary_large_image\" \/>\n<meta name=\"twitter:creator\" content=\"@Notibras\" \/>\n<meta name=\"twitter:site\" content=\"@Notibras\" \/>\n<meta name=\"twitter:label1\" content=\"Escrito por\" \/>\n\t<meta name=\"twitter:data1\" content=\"Reda\u00e7\u00e3o\" \/>\n\t<meta name=\"twitter:label2\" content=\"Est. tempo de leitura\" \/>\n\t<meta name=\"twitter:data2\" content=\"1 minuto\" \/>\n<script type=\"application\/ld+json\" class=\"yoast-schema-graph\">{\"@context\":\"https:\/\/schema.org\",\"@graph\":[{\"@type\":\"Article\",\"@id\":\"https:\/\/www.notibras.com\/site\/jose-wilker-66-tem-parada-cardiaca-e-morre-nos-bracos-da-namorada\/#article\",\"isPartOf\":{\"@id\":\"https:\/\/www.notibras.com\/site\/jose-wilker-66-tem-parada-cardiaca-e-morre-nos-bracos-da-namorada\/\"},\"author\":{\"name\":\"Reda\u00e7\u00e3o\",\"@id\":\"https:\/\/www.notibras.com\/site\/#\/schema\/person\/36ab0979449956132d3e5b517ea76ac8\"},\"headline\":\"Jos\u00e9 Wilker, 66, tem parada card\u00edaca e morre no Rio, nos bra\u00e7os da namorada\",\"datePublished\":\"2014-04-05T14:38:26+00:00\",\"dateModified\":\"2014-04-05T14:43:39+00:00\",\"mainEntityOfPage\":{\"@id\":\"https:\/\/www.notibras.com\/site\/jose-wilker-66-tem-parada-cardiaca-e-morre-nos-bracos-da-namorada\/\"},\"wordCount\":219,\"commentCount\":0,\"publisher\":{\"@id\":\"https:\/\/www.notibras.com\/site\/#organization\"},\"image\":{\"@id\":\"https:\/\/www.notibras.com\/site\/jose-wilker-66-tem-parada-cardiaca-e-morre-nos-bracos-da-namorada\/#primaryimage\"},\"thumbnailUrl\":\"https:\/\/www.notibras.com\/site\/wp-content\/uploads\/2014\/04\/wilker_cut.jpg\",\"articleSection\":[\"Brasil\"],\"inLanguage\":\"pt-BR\",\"potentialAction\":[{\"@type\":\"CommentAction\",\"name\":\"Comment\",\"target\":[\"https:\/\/www.notibras.com\/site\/jose-wilker-66-tem-parada-cardiaca-e-morre-nos-bracos-da-namorada\/#respond\"]}]},{\"@type\":\"WebPage\",\"@id\":\"https:\/\/www.notibras.com\/site\/jose-wilker-66-tem-parada-cardiaca-e-morre-nos-bracos-da-namorada\/\",\"url\":\"https:\/\/www.notibras.com\/site\/jose-wilker-66-tem-parada-cardiaca-e-morre-nos-bracos-da-namorada\/\",\"name\":\"Jos\u00e9 Wilker, 66, tem parada card\u00edaca e morre no Rio, nos bra\u00e7os da namorada - Notibras\",\"isPartOf\":{\"@id\":\"https:\/\/www.notibras.com\/site\/#website\"},\"primaryImageOfPage\":{\"@id\":\"https:\/\/www.notibras.com\/site\/jose-wilker-66-tem-parada-cardiaca-e-morre-nos-bracos-da-namorada\/#primaryimage\"},\"image\":{\"@id\":\"https:\/\/www.notibras.com\/site\/jose-wilker-66-tem-parada-cardiaca-e-morre-nos-bracos-da-namorada\/#primaryimage\"},\"thumbnailUrl\":\"https:\/\/www.notibras.com\/site\/wp-content\/uploads\/2014\/04\/wilker_cut.jpg\",\"datePublished\":\"2014-04-05T14:38:26+00:00\",\"dateModified\":\"2014-04-05T14:43:39+00:00\",\"breadcrumb\":{\"@id\":\"https:\/\/www.notibras.com\/site\/jose-wilker-66-tem-parada-cardiaca-e-morre-nos-bracos-da-namorada\/#breadcrumb\"},\"inLanguage\":\"pt-BR\",\"potentialAction\":[{\"@type\":\"ReadAction\",\"target\":[\"https:\/\/www.notibras.com\/site\/jose-wilker-66-tem-parada-cardiaca-e-morre-nos-bracos-da-namorada\/\"]}]},{\"@type\":\"ImageObject\",\"inLanguage\":\"pt-BR\",\"@id\":\"https:\/\/www.notibras.com\/site\/jose-wilker-66-tem-parada-cardiaca-e-morre-nos-bracos-da-namorada\/#primaryimage\",\"url\":\"https:\/\/www.notibras.com\/site\/wp-content\/uploads\/2014\/04\/wilker_cut.jpg\",\"contentUrl\":\"https:\/\/www.notibras.com\/site\/wp-content\/uploads\/2014\/04\/wilker_cut.jpg\",\"width\":292,\"height\":280},{\"@type\":\"BreadcrumbList\",\"@id\":\"https:\/\/www.notibras.com\/site\/jose-wilker-66-tem-parada-cardiaca-e-morre-nos-bracos-da-namorada\/#breadcrumb\",\"itemListElement\":[{\"@type\":\"ListItem\",\"position\":1,\"name\":\"In\u00edcio\",\"item\":\"https:\/\/www.notibras.com\/site\/\"},{\"@type\":\"ListItem\",\"position\":2,\"name\":\"Jos\u00e9 Wilker, 66, tem parada card\u00edaca e morre no Rio, nos bra\u00e7os da namorada\"}]},{\"@type\":\"WebSite\",\"@id\":\"https:\/\/www.notibras.com\/site\/#website\",\"url\":\"https:\/\/www.notibras.com\/site\/\",\"name\":\"Notibras\",\"description\":\"Not\u00edcias de Bras\u00edlia, do Brasil e do Mundo\",\"publisher\":{\"@id\":\"https:\/\/www.notibras.com\/site\/#organization\"},\"potentialAction\":[{\"@type\":\"SearchAction\",\"target\":{\"@type\":\"EntryPoint\",\"urlTemplate\":\"https:\/\/www.notibras.com\/site\/?s={search_term_string}\"},\"query-input\":{\"@type\":\"PropertyValueSpecification\",\"valueRequired\":true,\"valueName\":\"search_term_string\"}}],\"inLanguage\":\"pt-BR\"},{\"@type\":\"Organization\",\"@id\":\"https:\/\/www.notibras.com\/site\/#organization\",\"name\":\"Grupo Notibras de Comunica\u00e7\u00e3o\",\"url\":\"https:\/\/www.notibras.com\/site\/\",\"logo\":{\"@type\":\"ImageObject\",\"inLanguage\":\"pt-BR\",\"@id\":\"https:\/\/www.notibras.com\/site\/#\/schema\/logo\/image\/\",\"url\":\"https:\/\/www.notibras.com\/site\/wp-content\/uploads\/2023\/01\/notibras23.png\",\"contentUrl\":\"https:\/\/www.notibras.com\/site\/wp-content\/uploads\/2023\/01\/notibras23.png\",\"width\":350,\"height\":87,\"caption\":\"Grupo Notibras de Comunica\u00e7\u00e3o\"},\"image\":{\"@id\":\"https:\/\/www.notibras.com\/site\/#\/schema\/logo\/image\/\"},\"sameAs\":[\"https:\/\/www.facebook.com\/notibras\/\",\"https:\/\/x.com\/Notibras\",\"https:\/\/www.instagram.com\/notibras\/\"]},{\"@type\":\"Person\",\"@id\":\"https:\/\/www.notibras.com\/site\/#\/schema\/person\/36ab0979449956132d3e5b517ea76ac8\",\"name\":\"Reda\u00e7\u00e3o\",\"image\":{\"@type\":\"ImageObject\",\"inLanguage\":\"pt-BR\",\"@id\":\"https:\/\/secure.gravatar.com\/avatar\/e0a867bdedb85fd243eadf09663511f96fc81e0720a4a42581f334ad4303aa6b?s=96&d=mm&r=g\",\"url\":\"https:\/\/secure.gravatar.com\/avatar\/e0a867bdedb85fd243eadf09663511f96fc81e0720a4a42581f334ad4303aa6b?s=96&d=mm&r=g\",\"contentUrl\":\"https:\/\/secure.gravatar.com\/avatar\/e0a867bdedb85fd243eadf09663511f96fc81e0720a4a42581f334ad4303aa6b?s=96&d=mm&r=g\",\"caption\":\"Reda\u00e7\u00e3o\"}}]}<\/script>\n<!-- \/ Yoast SEO plugin. -->","yoast_head_json":{"title":"Jos\u00e9 Wilker, 66, tem parada card\u00edaca e morre no Rio, nos bra\u00e7os da namorada - Notibras","robots":{"index":"index","follow":"follow","max-snippet":"max-snippet:-1","max-image-preview":"max-image-preview:large","max-video-preview":"max-video-preview:-1"},"canonical":"https:\/\/www.notibras.com\/site\/jose-wilker-66-tem-parada-cardiaca-e-morre-nos-bracos-da-namorada\/","og_locale":"pt_BR","og_type":"article","og_title":"Jos\u00e9 Wilker, 66, tem parada card\u00edaca e morre no Rio, nos bra\u00e7os da namorada - Notibras","og_description":"Jos\u00e9 Wilker morreu neste s\u00e1bado, no Rio, aos 66 anos. Ele era Ator, diretor e cr\u00edtico de cinema. Wilker estava em casa com a namorada, a jornalista Claudia Montenegro, quando se sentiu mal \u2013 n\u00e3o teve tempo de ser hospitalizado. A causa da morte foi uma parada card\u00edaca. Cearense radicado no Rio desde a juventude, [&hellip;]","og_url":"https:\/\/www.notibras.com\/site\/jose-wilker-66-tem-parada-cardiaca-e-morre-nos-bracos-da-namorada\/","og_site_name":"Notibras","article_publisher":"https:\/\/www.facebook.com\/notibras\/","article_published_time":"2014-04-05T14:38:26+00:00","article_modified_time":"2014-04-05T14:43:39+00:00","og_image":[{"width":292,"height":280,"url":"https:\/\/www.notibras.com\/site\/wp-content\/uploads\/2014\/04\/wilker_cut.jpg","type":"image\/jpeg"}],"author":"Reda\u00e7\u00e3o","twitter_card":"summary_large_image","twitter_creator":"@Notibras","twitter_site":"@Notibras","twitter_misc":{"Escrito por":"Reda\u00e7\u00e3o","Est. tempo de leitura":"1 minuto"},"schema":{"@context":"https:\/\/schema.org","@graph":[{"@type":"Article","@id":"https:\/\/www.notibras.com\/site\/jose-wilker-66-tem-parada-cardiaca-e-morre-nos-bracos-da-namorada\/#article","isPartOf":{"@id":"https:\/\/www.notibras.com\/site\/jose-wilker-66-tem-parada-cardiaca-e-morre-nos-bracos-da-namorada\/"},"author":{"name":"Reda\u00e7\u00e3o","@id":"https:\/\/www.notibras.com\/site\/#\/schema\/person\/36ab0979449956132d3e5b517ea76ac8"},"headline":"Jos\u00e9 Wilker, 66, tem parada card\u00edaca e morre no Rio, nos bra\u00e7os da namorada","datePublished":"2014-04-05T14:38:26+00:00","dateModified":"2014-04-05T14:43:39+00:00","mainEntityOfPage":{"@id":"https:\/\/www.notibras.com\/site\/jose-wilker-66-tem-parada-cardiaca-e-morre-nos-bracos-da-namorada\/"},"wordCount":219,"commentCount":0,"publisher":{"@id":"https:\/\/www.notibras.com\/site\/#organization"},"image":{"@id":"https:\/\/www.notibras.com\/site\/jose-wilker-66-tem-parada-cardiaca-e-morre-nos-bracos-da-namorada\/#primaryimage"},"thumbnailUrl":"https:\/\/www.notibras.com\/site\/wp-content\/uploads\/2014\/04\/wilker_cut.jpg","articleSection":["Brasil"],"inLanguage":"pt-BR","potentialAction":[{"@type":"CommentAction","name":"Comment","target":["https:\/\/www.notibras.com\/site\/jose-wilker-66-tem-parada-cardiaca-e-morre-nos-bracos-da-namorada\/#respond"]}]},{"@type":"WebPage","@id":"https:\/\/www.notibras.com\/site\/jose-wilker-66-tem-parada-cardiaca-e-morre-nos-bracos-da-namorada\/","url":"https:\/\/www.notibras.com\/site\/jose-wilker-66-tem-parada-cardiaca-e-morre-nos-bracos-da-namorada\/","name":"Jos\u00e9 Wilker, 66, tem parada card\u00edaca e morre no Rio, nos bra\u00e7os da namorada - Notibras","isPartOf":{"@id":"https:\/\/www.notibras.com\/site\/#website"},"primaryImageOfPage":{"@id":"https:\/\/www.notibras.com\/site\/jose-wilker-66-tem-parada-cardiaca-e-morre-nos-bracos-da-namorada\/#primaryimage"},"image":{"@id":"https:\/\/www.notibras.com\/site\/jose-wilker-66-tem-parada-cardiaca-e-morre-nos-bracos-da-namorada\/#primaryimage"},"thumbnailUrl":"https:\/\/www.notibras.com\/site\/wp-content\/uploads\/2014\/04\/wilker_cut.jpg","datePublished":"2014-04-05T14:38:26+00:00","dateModified":"2014-04-05T14:43:39+00:00","breadcrumb":{"@id":"https:\/\/www.notibras.com\/site\/jose-wilker-66-tem-parada-cardiaca-e-morre-nos-bracos-da-namorada\/#breadcrumb"},"inLanguage":"pt-BR","potentialAction":[{"@type":"ReadAction","target":["https:\/\/www.notibras.com\/site\/jose-wilker-66-tem-parada-cardiaca-e-morre-nos-bracos-da-namorada\/"]}]},{"@type":"ImageObject","inLanguage":"pt-BR","@id":"https:\/\/www.notibras.com\/site\/jose-wilker-66-tem-parada-cardiaca-e-morre-nos-bracos-da-namorada\/#primaryimage","url":"https:\/\/www.notibras.com\/site\/wp-content\/uploads\/2014\/04\/wilker_cut.jpg","contentUrl":"https:\/\/www.notibras.com\/site\/wp-content\/uploads\/2014\/04\/wilker_cut.jpg","width":292,"height":280},{"@type":"BreadcrumbList","@id":"https:\/\/www.notibras.com\/site\/jose-wilker-66-tem-parada-cardiaca-e-morre-nos-bracos-da-namorada\/#breadcrumb","itemListElement":[{"@type":"ListItem","position":1,"name":"In\u00edcio","item":"https:\/\/www.notibras.com\/site\/"},{"@type":"ListItem","position":2,"name":"Jos\u00e9 Wilker, 66, tem parada card\u00edaca e morre no Rio, nos bra\u00e7os da namorada"}]},{"@type":"WebSite","@id":"https:\/\/www.notibras.com\/site\/#website","url":"https:\/\/www.notibras.com\/site\/","name":"Notibras","description":"Not\u00edcias de Bras\u00edlia, do Brasil e do Mundo","publisher":{"@id":"https:\/\/www.notibras.com\/site\/#organization"},"potentialAction":[{"@type":"SearchAction","target":{"@type":"EntryPoint","urlTemplate":"https:\/\/www.notibras.com\/site\/?s={search_term_string}"},"query-input":{"@type":"PropertyValueSpecification","valueRequired":true,"valueName":"search_term_string"}}],"inLanguage":"pt-BR"},{"@type":"Organization","@id":"https:\/\/www.notibras.com\/site\/#organization","name":"Grupo Notibras de Comunica\u00e7\u00e3o","url":"https:\/\/www.notibras.com\/site\/","logo":{"@type":"ImageObject","inLanguage":"pt-BR","@id":"https:\/\/www.notibras.com\/site\/#\/schema\/logo\/image\/","url":"https:\/\/www.notibras.com\/site\/wp-content\/uploads\/2023\/01\/notibras23.png","contentUrl":"https:\/\/www.notibras.com\/site\/wp-content\/uploads\/2023\/01\/notibras23.png","width":350,"height":87,"caption":"Grupo Notibras de Comunica\u00e7\u00e3o"},"image":{"@id":"https:\/\/www.notibras.com\/site\/#\/schema\/logo\/image\/"},"sameAs":["https:\/\/www.facebook.com\/notibras\/","https:\/\/x.com\/Notibras","https:\/\/www.instagram.com\/notibras\/"]},{"@type":"Person","@id":"https:\/\/www.notibras.com\/site\/#\/schema\/person\/36ab0979449956132d3e5b517ea76ac8","name":"Reda\u00e7\u00e3o","image":{"@type":"ImageObject","inLanguage":"pt-BR","@id":"https:\/\/secure.gravatar.com\/avatar\/e0a867bdedb85fd243eadf09663511f96fc81e0720a4a42581f334ad4303aa6b?s=96&d=mm&r=g","url":"https:\/\/secure.gravatar.com\/avatar\/e0a867bdedb85fd243eadf09663511f96fc81e0720a4a42581f334ad4303aa6b?s=96&d=mm&r=g","contentUrl":"https:\/\/secure.gravatar.com\/avatar\/e0a867bdedb85fd243eadf09663511f96fc81e0720a4a42581f334ad4303aa6b?s=96&d=mm&r=g","caption":"Reda\u00e7\u00e3o"}}]}},"amp_enabled":true,"_links":{"self":[{"href":"https:\/\/www.notibras.com\/site\/wp-json\/wp\/v2\/posts\/6075","targetHints":{"allow":["GET"]}}],"collection":[{"href":"https:\/\/www.notibras.com\/site\/wp-json\/wp\/v2\/posts"}],"about":[{"href":"https:\/\/www.notibras.com\/site\/wp-json\/wp\/v2\/types\/post"}],"author":[{"embeddable":true,"href":"https:\/\/www.notibras.com\/site\/wp-json\/wp\/v2\/users\/2"}],"replies":[{"embeddable":true,"href":"https:\/\/www.notibras.com\/site\/wp-json\/wp\/v2\/comments?post=6075"}],"version-history":[{"count":0,"href":"https:\/\/www.notibras.com\/site\/wp-json\/wp\/v2\/posts\/6075\/revisions"}],"wp:featuredmedia":[{"embeddable":true,"href":"https:\/\/www.notibras.com\/site\/wp-json\/wp\/v2\/media\/6076"}],"wp:attachment":[{"href":"https:\/\/www.notibras.com\/site\/wp-json\/wp\/v2\/media?parent=6075"}],"wp:term":[{"taxonomy":"category","embeddable":true,"href":"https:\/\/www.notibras.com\/site\/wp-json\/wp\/v2\/categories?post=6075"},{"taxonomy":"post_tag","embeddable":true,"href":"https:\/\/www.notibras.com\/site\/wp-json\/wp\/v2\/tags?post=6075"}],"curies":[{"name":"wp","href":"https:\/\/api.w.org\/{rel}","templated":true}]}}