{"id":60797,"date":"2015-08-08T20:37:53","date_gmt":"2015-08-08T23:37:53","guid":{"rendered":"http:\/\/www.notibras.com\/site\/?p=60797"},"modified":"2015-08-08T20:37:53","modified_gmt":"2015-08-08T23:37:53","slug":"botafogo-perde-jogo-para-santa-cruz-e-lideranca-para-o-vitoria","status":"publish","type":"post","link":"https:\/\/www.notibras.com\/site\/botafogo-perde-jogo-para-santa-cruz-e-lideranca-para-o-vitoria\/","title":{"rendered":"Botafogo perde jogo para Santa Cruz e lideran\u00e7a para o Vit\u00f3ria"},"content":{"rendered":"<p>Os torcedores que encheram o Arruda neste s\u00e1bado n\u00e3o sa\u00edram decepcionados na estreia de Grafite. O experiente atacante foi o autor do gol da vit\u00f3ria por 1 a 0 do Santa Cruz sobre o Botafogo , pela S\u00e9rie B do Campeonato Brasileiro . Com o resultado, os pernambucanos chegaram a 25 pontos e come\u00e7am a sonhar em chegar no G-4 da Segundona. J\u00e1 os cariocas despencaram na tabela e v\u00e3o terminar a rodada na quarta posi\u00e7\u00e3o.<\/p>\n<p>Ap\u00f3s um primeiro equilibrado, sem muita emo\u00e7\u00e3o, o Santa Cruz voltou melhor para a etapa final e fez o gol logo no in\u00edcio. Grafite aproveitou cruzamento de Jo\u00e3o Paulo para decretar a vit\u00f3ria dos donos da casa. O Botafogo mostrou mais uma vez a dificuldade no setor ofensivo e pouco produziu mesmo com as altera\u00e7\u00f5es do t\u00e9cnico Ricardo Gomes.<\/p>\n<p>Na pr\u00f3xima rodada, o Botafogo ter\u00e1 pela frente o ABC, no Rio de Janeiro, na ter\u00e7a-feira. J\u00e1 o Santa Cruz vai atuar novamente em casa, no mesmo dia, quando v\u00e3o receber o desesperado Mogi Mirim.<\/p>\n<blockquote><p>Empurrado pela torcida que lotou o Arruda, o Santa Cruz come\u00e7ou a partida com muita vontade. Os donos da casa controlaram a posse de bola e buscavam o ataque com intensidade. Com isso, o Botafogo apenas se defendeu nos primeiros minutos, mas n\u00e3o foi amea\u00e7ado em nenhum momento.<\/p><\/blockquote>\n<p>Aos poucos, o Botafogo equilibrou a partida e teve a primeira chance do jogos aos 15min. N\u00e9ris saiu errado com a bola e viu Neilton ficar com ela na \u00e1rea. Mesmo sem \u00e2ngulo, o atacante arriscou o toque por cobertura, mas foi muito forte.<\/p>\n<p>Depois do lance, os alvinegros passaram a ter mais facilidade em aproveitar os espa\u00e7os deixados pelo Santa Cruz. O Botafogo teve nova chance de abrir o placar aos 22min. Carleto cobrou falta de longe, Navarro interceptou a bola, mas chutou prensado, o que facilitou a defesa do goleiro Tiago Cardoso.<br \/>\nNa parte final do primeiro tempo, o Santa Cruz teve sua principal chance de marcar, aos 37min. Em ataque r\u00e1pido, Lel\u00ea lan\u00e7ou Bileu na entrada \u00e1rea. O volante acertou belo chute de primeira, mas viu J\u00e9fferson se esticar para fazer grande defesa.<\/p>\n<p>O lance assustou o Botafogo, que preferiu administrar o resultado nos minutos finais. O Santa Cruz aproveitou para avan\u00e7ar com mais vontade, mas pouco fez no setor ofensivo. Assim, o confronto permaneceu sem gols at\u00e9 o intervalo.<\/p>\n<p>No segundo tempo, o Santa Cruz voltou com mais vontade e n\u00e3o demorou para abrir o placar no Arruda. Logo com 5min, Jo\u00e3o Vitor cruzou na segunda trave e viu o estreante Grafite aparecer para cabecear para a rede, sem chance para Jefferson.<\/p>\n<p>O Botafogo sentiu o rev\u00e9s e viu o Santa Cruz crescer dentro do jogo. Tanto que os donos da casa quase ampliaram o marcador com Marlon. Os cariocas sofriam na parte ofensiva e s\u00f3 finalizava em chutes de longa dist\u00e2ncia sem qualquer perigo.<\/p>\n<blockquote><p>Com o passar do tempo, o Botafogo permanecia em busca do empate, mas sofria com a falta de criatividade do setor ofensivo. J\u00e1 o Santa Cruz tinha o controle da partida e ainda assustava nas bolas a\u00e9reas. Os cariocas s\u00f3 conseguiram chegar pr\u00f3ximo ao empate aos 37min. Em cobran\u00e7a de falta na \u00e1rea, o goleiro Tiago Cardoso saiu mal, mas Navarro cabeceou para fora.<\/p><\/blockquote>\n<p>Nos minutos finais, o Santa Cruz passou a administrar o resultado e permitiu a press\u00e3o do Botafogo. No entanto, os visitantes n\u00e3o conseguiram passar pela retranca pernambucana, que segurou a vit\u00f3ria at\u00e9 o apito final.<\/p>\n","protected":false},"excerpt":{"rendered":"<p>Os torcedores que encheram o Arruda neste s\u00e1bado n\u00e3o sa\u00edram decepcionados na estreia de Grafite. O experiente atacante foi o autor do gol da vit\u00f3ria por 1 a 0 do Santa Cruz sobre o Botafogo , pela S\u00e9rie B do Campeonato Brasileiro . Com o resultado, os pernambucanos chegaram a 25 pontos e come\u00e7am a [&hellip;]<\/p>\n","protected":false},"author":2,"featured_media":60798,"comment_status":"open","ping_status":"closed","sticky":false,"template":"","format":"standard","meta":{"_acf_changed":false,"footnotes":""},"categories":[19,29],"tags":[],"class_list":["post-60797","post","type-post","status-publish","format-standard","has-post-thumbnail","hentry","category-esportes","category-futebol"],"acf":[],"yoast_head":"<!-- This site is optimized with the Yoast SEO plugin v27.2 - https:\/\/yoast.com\/product\/yoast-seo-wordpress\/ -->\n<title>Botafogo perde jogo para Santa Cruz e lideran\u00e7a para o Vit\u00f3ria - Notibras<\/title>\n<meta name=\"robots\" content=\"index, follow, max-snippet:-1, max-image-preview:large, max-video-preview:-1\" \/>\n<link rel=\"canonical\" href=\"https:\/\/www.notibras.com\/site\/botafogo-perde-jogo-para-santa-cruz-e-lideranca-para-o-vitoria\/\" \/>\n<meta property=\"og:locale\" content=\"pt_BR\" \/>\n<meta property=\"og:type\" content=\"article\" \/>\n<meta property=\"og:title\" content=\"Botafogo perde jogo para Santa Cruz e lideran\u00e7a para o Vit\u00f3ria - Notibras\" \/>\n<meta property=\"og:description\" content=\"Os torcedores que encheram o Arruda neste s\u00e1bado n\u00e3o sa\u00edram decepcionados na estreia de Grafite. O experiente atacante foi o autor do gol da vit\u00f3ria por 1 a 0 do Santa Cruz sobre o Botafogo , pela S\u00e9rie B do Campeonato Brasileiro . Com o resultado, os pernambucanos chegaram a 25 pontos e come\u00e7am a [&hellip;]\" \/>\n<meta property=\"og:url\" content=\"https:\/\/www.notibras.com\/site\/botafogo-perde-jogo-para-santa-cruz-e-lideranca-para-o-vitoria\/\" \/>\n<meta property=\"og:site_name\" content=\"Notibras\" \/>\n<meta property=\"article:publisher\" content=\"https:\/\/www.facebook.com\/notibras\/\" \/>\n<meta property=\"article:published_time\" content=\"2015-08-08T23:37:53+00:00\" \/>\n<meta property=\"og:image\" content=\"https:\/\/www.notibras.com\/site\/wp-content\/uploads\/2015\/08\/grafitedriblasantacruzxbotafogoademarfilhofutura.jpg\" \/>\n\t<meta property=\"og:image:width\" content=\"940\" \/>\n\t<meta property=\"og:image:height\" content=\"627\" \/>\n\t<meta property=\"og:image:type\" content=\"image\/jpeg\" \/>\n<meta name=\"author\" content=\"Reda\u00e7\u00e3o\" \/>\n<meta name=\"twitter:card\" content=\"summary_large_image\" \/>\n<meta name=\"twitter:creator\" content=\"@Notibras\" \/>\n<meta name=\"twitter:site\" content=\"@Notibras\" \/>\n<meta name=\"twitter:label1\" content=\"Escrito por\" \/>\n\t<meta name=\"twitter:data1\" content=\"Reda\u00e7\u00e3o\" \/>\n\t<meta name=\"twitter:label2\" content=\"Est. tempo de leitura\" \/>\n\t<meta name=\"twitter:data2\" content=\"3 minutos\" \/>\n<script type=\"application\/ld+json\" class=\"yoast-schema-graph\">{\"@context\":\"https:\/\/schema.org\",\"@graph\":[{\"@type\":\"Article\",\"@id\":\"https:\/\/www.notibras.com\/site\/botafogo-perde-jogo-para-santa-cruz-e-lideranca-para-o-vitoria\/#article\",\"isPartOf\":{\"@id\":\"https:\/\/www.notibras.com\/site\/botafogo-perde-jogo-para-santa-cruz-e-lideranca-para-o-vitoria\/\"},\"author\":{\"name\":\"Reda\u00e7\u00e3o\",\"@id\":\"https:\/\/www.notibras.com\/site\/#\/schema\/person\/36ab0979449956132d3e5b517ea76ac8\"},\"headline\":\"Botafogo perde jogo para Santa Cruz e lideran\u00e7a para o Vit\u00f3ria\",\"datePublished\":\"2015-08-08T23:37:53+00:00\",\"mainEntityOfPage\":{\"@id\":\"https:\/\/www.notibras.com\/site\/botafogo-perde-jogo-para-santa-cruz-e-lideranca-para-o-vitoria\/\"},\"wordCount\":621,\"commentCount\":0,\"publisher\":{\"@id\":\"https:\/\/www.notibras.com\/site\/#organization\"},\"image\":{\"@id\":\"https:\/\/www.notibras.com\/site\/botafogo-perde-jogo-para-santa-cruz-e-lideranca-para-o-vitoria\/#primaryimage\"},\"thumbnailUrl\":\"https:\/\/www.notibras.com\/site\/wp-content\/uploads\/2015\/08\/grafitedriblasantacruzxbotafogoademarfilhofutura.jpg\",\"articleSection\":[\"Esportes\",\"Futebol\"],\"inLanguage\":\"pt-BR\",\"potentialAction\":[{\"@type\":\"CommentAction\",\"name\":\"Comment\",\"target\":[\"https:\/\/www.notibras.com\/site\/botafogo-perde-jogo-para-santa-cruz-e-lideranca-para-o-vitoria\/#respond\"]}]},{\"@type\":\"WebPage\",\"@id\":\"https:\/\/www.notibras.com\/site\/botafogo-perde-jogo-para-santa-cruz-e-lideranca-para-o-vitoria\/\",\"url\":\"https:\/\/www.notibras.com\/site\/botafogo-perde-jogo-para-santa-cruz-e-lideranca-para-o-vitoria\/\",\"name\":\"Botafogo perde jogo para Santa Cruz e lideran\u00e7a para o Vit\u00f3ria - Notibras\",\"isPartOf\":{\"@id\":\"https:\/\/www.notibras.com\/site\/#website\"},\"primaryImageOfPage\":{\"@id\":\"https:\/\/www.notibras.com\/site\/botafogo-perde-jogo-para-santa-cruz-e-lideranca-para-o-vitoria\/#primaryimage\"},\"image\":{\"@id\":\"https:\/\/www.notibras.com\/site\/botafogo-perde-jogo-para-santa-cruz-e-lideranca-para-o-vitoria\/#primaryimage\"},\"thumbnailUrl\":\"https:\/\/www.notibras.com\/site\/wp-content\/uploads\/2015\/08\/grafitedriblasantacruzxbotafogoademarfilhofutura.jpg\",\"datePublished\":\"2015-08-08T23:37:53+00:00\",\"breadcrumb\":{\"@id\":\"https:\/\/www.notibras.com\/site\/botafogo-perde-jogo-para-santa-cruz-e-lideranca-para-o-vitoria\/#breadcrumb\"},\"inLanguage\":\"pt-BR\",\"potentialAction\":[{\"@type\":\"ReadAction\",\"target\":[\"https:\/\/www.notibras.com\/site\/botafogo-perde-jogo-para-santa-cruz-e-lideranca-para-o-vitoria\/\"]}]},{\"@type\":\"ImageObject\",\"inLanguage\":\"pt-BR\",\"@id\":\"https:\/\/www.notibras.com\/site\/botafogo-perde-jogo-para-santa-cruz-e-lideranca-para-o-vitoria\/#primaryimage\",\"url\":\"https:\/\/www.notibras.com\/site\/wp-content\/uploads\/2015\/08\/grafitedriblasantacruzxbotafogoademarfilhofutura.jpg\",\"contentUrl\":\"https:\/\/www.notibras.com\/site\/wp-content\/uploads\/2015\/08\/grafitedriblasantacruzxbotafogoademarfilhofutura.jpg\",\"width\":940,\"height\":627},{\"@type\":\"BreadcrumbList\",\"@id\":\"https:\/\/www.notibras.com\/site\/botafogo-perde-jogo-para-santa-cruz-e-lideranca-para-o-vitoria\/#breadcrumb\",\"itemListElement\":[{\"@type\":\"ListItem\",\"position\":1,\"name\":\"In\u00edcio\",\"item\":\"https:\/\/www.notibras.com\/site\/\"},{\"@type\":\"ListItem\",\"position\":2,\"name\":\"Botafogo perde jogo para Santa Cruz e lideran\u00e7a para o Vit\u00f3ria\"}]},{\"@type\":\"WebSite\",\"@id\":\"https:\/\/www.notibras.com\/site\/#website\",\"url\":\"https:\/\/www.notibras.com\/site\/\",\"name\":\"Notibras\",\"description\":\"Not\u00edcias de Bras\u00edlia, do Brasil e do Mundo\",\"publisher\":{\"@id\":\"https:\/\/www.notibras.com\/site\/#organization\"},\"potentialAction\":[{\"@type\":\"SearchAction\",\"target\":{\"@type\":\"EntryPoint\",\"urlTemplate\":\"https:\/\/www.notibras.com\/site\/?s={search_term_string}\"},\"query-input\":{\"@type\":\"PropertyValueSpecification\",\"valueRequired\":true,\"valueName\":\"search_term_string\"}}],\"inLanguage\":\"pt-BR\"},{\"@type\":\"Organization\",\"@id\":\"https:\/\/www.notibras.com\/site\/#organization\",\"name\":\"Grupo Notibras de Comunica\u00e7\u00e3o\",\"url\":\"https:\/\/www.notibras.com\/site\/\",\"logo\":{\"@type\":\"ImageObject\",\"inLanguage\":\"pt-BR\",\"@id\":\"https:\/\/www.notibras.com\/site\/#\/schema\/logo\/image\/\",\"url\":\"https:\/\/www.notibras.com\/site\/wp-content\/uploads\/2023\/01\/notibras23.png\",\"contentUrl\":\"https:\/\/www.notibras.com\/site\/wp-content\/uploads\/2023\/01\/notibras23.png\",\"width\":350,\"height\":87,\"caption\":\"Grupo Notibras de Comunica\u00e7\u00e3o\"},\"image\":{\"@id\":\"https:\/\/www.notibras.com\/site\/#\/schema\/logo\/image\/\"},\"sameAs\":[\"https:\/\/www.facebook.com\/notibras\/\",\"https:\/\/x.com\/Notibras\",\"https:\/\/www.instagram.com\/notibras\/\"]},{\"@type\":\"Person\",\"@id\":\"https:\/\/www.notibras.com\/site\/#\/schema\/person\/36ab0979449956132d3e5b517ea76ac8\",\"name\":\"Reda\u00e7\u00e3o\",\"image\":{\"@type\":\"ImageObject\",\"inLanguage\":\"pt-BR\",\"@id\":\"https:\/\/secure.gravatar.com\/avatar\/e0a867bdedb85fd243eadf09663511f96fc81e0720a4a42581f334ad4303aa6b?s=96&d=mm&r=g\",\"url\":\"https:\/\/secure.gravatar.com\/avatar\/e0a867bdedb85fd243eadf09663511f96fc81e0720a4a42581f334ad4303aa6b?s=96&d=mm&r=g\",\"contentUrl\":\"https:\/\/secure.gravatar.com\/avatar\/e0a867bdedb85fd243eadf09663511f96fc81e0720a4a42581f334ad4303aa6b?s=96&d=mm&r=g\",\"caption\":\"Reda\u00e7\u00e3o\"}}]}<\/script>\n<!-- \/ Yoast SEO plugin. -->","yoast_head_json":{"title":"Botafogo perde jogo para Santa Cruz e lideran\u00e7a para o Vit\u00f3ria - Notibras","robots":{"index":"index","follow":"follow","max-snippet":"max-snippet:-1","max-image-preview":"max-image-preview:large","max-video-preview":"max-video-preview:-1"},"canonical":"https:\/\/www.notibras.com\/site\/botafogo-perde-jogo-para-santa-cruz-e-lideranca-para-o-vitoria\/","og_locale":"pt_BR","og_type":"article","og_title":"Botafogo perde jogo para Santa Cruz e lideran\u00e7a para o Vit\u00f3ria - Notibras","og_description":"Os torcedores que encheram o Arruda neste s\u00e1bado n\u00e3o sa\u00edram decepcionados na estreia de Grafite. O experiente atacante foi o autor do gol da vit\u00f3ria por 1 a 0 do Santa Cruz sobre o Botafogo , pela S\u00e9rie B do Campeonato Brasileiro . Com o resultado, os pernambucanos chegaram a 25 pontos e come\u00e7am a [&hellip;]","og_url":"https:\/\/www.notibras.com\/site\/botafogo-perde-jogo-para-santa-cruz-e-lideranca-para-o-vitoria\/","og_site_name":"Notibras","article_publisher":"https:\/\/www.facebook.com\/notibras\/","article_published_time":"2015-08-08T23:37:53+00:00","og_image":[{"width":940,"height":627,"url":"https:\/\/www.notibras.com\/site\/wp-content\/uploads\/2015\/08\/grafitedriblasantacruzxbotafogoademarfilhofutura.jpg","type":"image\/jpeg"}],"author":"Reda\u00e7\u00e3o","twitter_card":"summary_large_image","twitter_creator":"@Notibras","twitter_site":"@Notibras","twitter_misc":{"Escrito por":"Reda\u00e7\u00e3o","Est. tempo de leitura":"3 minutos"},"schema":{"@context":"https:\/\/schema.org","@graph":[{"@type":"Article","@id":"https:\/\/www.notibras.com\/site\/botafogo-perde-jogo-para-santa-cruz-e-lideranca-para-o-vitoria\/#article","isPartOf":{"@id":"https:\/\/www.notibras.com\/site\/botafogo-perde-jogo-para-santa-cruz-e-lideranca-para-o-vitoria\/"},"author":{"name":"Reda\u00e7\u00e3o","@id":"https:\/\/www.notibras.com\/site\/#\/schema\/person\/36ab0979449956132d3e5b517ea76ac8"},"headline":"Botafogo perde jogo para Santa Cruz e lideran\u00e7a para o Vit\u00f3ria","datePublished":"2015-08-08T23:37:53+00:00","mainEntityOfPage":{"@id":"https:\/\/www.notibras.com\/site\/botafogo-perde-jogo-para-santa-cruz-e-lideranca-para-o-vitoria\/"},"wordCount":621,"commentCount":0,"publisher":{"@id":"https:\/\/www.notibras.com\/site\/#organization"},"image":{"@id":"https:\/\/www.notibras.com\/site\/botafogo-perde-jogo-para-santa-cruz-e-lideranca-para-o-vitoria\/#primaryimage"},"thumbnailUrl":"https:\/\/www.notibras.com\/site\/wp-content\/uploads\/2015\/08\/grafitedriblasantacruzxbotafogoademarfilhofutura.jpg","articleSection":["Esportes","Futebol"],"inLanguage":"pt-BR","potentialAction":[{"@type":"CommentAction","name":"Comment","target":["https:\/\/www.notibras.com\/site\/botafogo-perde-jogo-para-santa-cruz-e-lideranca-para-o-vitoria\/#respond"]}]},{"@type":"WebPage","@id":"https:\/\/www.notibras.com\/site\/botafogo-perde-jogo-para-santa-cruz-e-lideranca-para-o-vitoria\/","url":"https:\/\/www.notibras.com\/site\/botafogo-perde-jogo-para-santa-cruz-e-lideranca-para-o-vitoria\/","name":"Botafogo perde jogo para Santa Cruz e lideran\u00e7a para o Vit\u00f3ria - Notibras","isPartOf":{"@id":"https:\/\/www.notibras.com\/site\/#website"},"primaryImageOfPage":{"@id":"https:\/\/www.notibras.com\/site\/botafogo-perde-jogo-para-santa-cruz-e-lideranca-para-o-vitoria\/#primaryimage"},"image":{"@id":"https:\/\/www.notibras.com\/site\/botafogo-perde-jogo-para-santa-cruz-e-lideranca-para-o-vitoria\/#primaryimage"},"thumbnailUrl":"https:\/\/www.notibras.com\/site\/wp-content\/uploads\/2015\/08\/grafitedriblasantacruzxbotafogoademarfilhofutura.jpg","datePublished":"2015-08-08T23:37:53+00:00","breadcrumb":{"@id":"https:\/\/www.notibras.com\/site\/botafogo-perde-jogo-para-santa-cruz-e-lideranca-para-o-vitoria\/#breadcrumb"},"inLanguage":"pt-BR","potentialAction":[{"@type":"ReadAction","target":["https:\/\/www.notibras.com\/site\/botafogo-perde-jogo-para-santa-cruz-e-lideranca-para-o-vitoria\/"]}]},{"@type":"ImageObject","inLanguage":"pt-BR","@id":"https:\/\/www.notibras.com\/site\/botafogo-perde-jogo-para-santa-cruz-e-lideranca-para-o-vitoria\/#primaryimage","url":"https:\/\/www.notibras.com\/site\/wp-content\/uploads\/2015\/08\/grafitedriblasantacruzxbotafogoademarfilhofutura.jpg","contentUrl":"https:\/\/www.notibras.com\/site\/wp-content\/uploads\/2015\/08\/grafitedriblasantacruzxbotafogoademarfilhofutura.jpg","width":940,"height":627},{"@type":"BreadcrumbList","@id":"https:\/\/www.notibras.com\/site\/botafogo-perde-jogo-para-santa-cruz-e-lideranca-para-o-vitoria\/#breadcrumb","itemListElement":[{"@type":"ListItem","position":1,"name":"In\u00edcio","item":"https:\/\/www.notibras.com\/site\/"},{"@type":"ListItem","position":2,"name":"Botafogo perde jogo para Santa Cruz e lideran\u00e7a para o Vit\u00f3ria"}]},{"@type":"WebSite","@id":"https:\/\/www.notibras.com\/site\/#website","url":"https:\/\/www.notibras.com\/site\/","name":"Notibras","description":"Not\u00edcias de Bras\u00edlia, do Brasil e do Mundo","publisher":{"@id":"https:\/\/www.notibras.com\/site\/#organization"},"potentialAction":[{"@type":"SearchAction","target":{"@type":"EntryPoint","urlTemplate":"https:\/\/www.notibras.com\/site\/?s={search_term_string}"},"query-input":{"@type":"PropertyValueSpecification","valueRequired":true,"valueName":"search_term_string"}}],"inLanguage":"pt-BR"},{"@type":"Organization","@id":"https:\/\/www.notibras.com\/site\/#organization","name":"Grupo Notibras de Comunica\u00e7\u00e3o","url":"https:\/\/www.notibras.com\/site\/","logo":{"@type":"ImageObject","inLanguage":"pt-BR","@id":"https:\/\/www.notibras.com\/site\/#\/schema\/logo\/image\/","url":"https:\/\/www.notibras.com\/site\/wp-content\/uploads\/2023\/01\/notibras23.png","contentUrl":"https:\/\/www.notibras.com\/site\/wp-content\/uploads\/2023\/01\/notibras23.png","width":350,"height":87,"caption":"Grupo Notibras de Comunica\u00e7\u00e3o"},"image":{"@id":"https:\/\/www.notibras.com\/site\/#\/schema\/logo\/image\/"},"sameAs":["https:\/\/www.facebook.com\/notibras\/","https:\/\/x.com\/Notibras","https:\/\/www.instagram.com\/notibras\/"]},{"@type":"Person","@id":"https:\/\/www.notibras.com\/site\/#\/schema\/person\/36ab0979449956132d3e5b517ea76ac8","name":"Reda\u00e7\u00e3o","image":{"@type":"ImageObject","inLanguage":"pt-BR","@id":"https:\/\/secure.gravatar.com\/avatar\/e0a867bdedb85fd243eadf09663511f96fc81e0720a4a42581f334ad4303aa6b?s=96&d=mm&r=g","url":"https:\/\/secure.gravatar.com\/avatar\/e0a867bdedb85fd243eadf09663511f96fc81e0720a4a42581f334ad4303aa6b?s=96&d=mm&r=g","contentUrl":"https:\/\/secure.gravatar.com\/avatar\/e0a867bdedb85fd243eadf09663511f96fc81e0720a4a42581f334ad4303aa6b?s=96&d=mm&r=g","caption":"Reda\u00e7\u00e3o"}}]}},"amp_enabled":true,"_links":{"self":[{"href":"https:\/\/www.notibras.com\/site\/wp-json\/wp\/v2\/posts\/60797","targetHints":{"allow":["GET"]}}],"collection":[{"href":"https:\/\/www.notibras.com\/site\/wp-json\/wp\/v2\/posts"}],"about":[{"href":"https:\/\/www.notibras.com\/site\/wp-json\/wp\/v2\/types\/post"}],"author":[{"embeddable":true,"href":"https:\/\/www.notibras.com\/site\/wp-json\/wp\/v2\/users\/2"}],"replies":[{"embeddable":true,"href":"https:\/\/www.notibras.com\/site\/wp-json\/wp\/v2\/comments?post=60797"}],"version-history":[{"count":0,"href":"https:\/\/www.notibras.com\/site\/wp-json\/wp\/v2\/posts\/60797\/revisions"}],"wp:featuredmedia":[{"embeddable":true,"href":"https:\/\/www.notibras.com\/site\/wp-json\/wp\/v2\/media\/60798"}],"wp:attachment":[{"href":"https:\/\/www.notibras.com\/site\/wp-json\/wp\/v2\/media?parent=60797"}],"wp:term":[{"taxonomy":"category","embeddable":true,"href":"https:\/\/www.notibras.com\/site\/wp-json\/wp\/v2\/categories?post=60797"},{"taxonomy":"post_tag","embeddable":true,"href":"https:\/\/www.notibras.com\/site\/wp-json\/wp\/v2\/tags?post=60797"}],"curies":[{"name":"wp","href":"https:\/\/api.w.org\/{rel}","templated":true}]}}