{"id":60811,"date":"2015-08-08T21:11:05","date_gmt":"2015-08-09T00:11:05","guid":{"rendered":"http:\/\/www.notibras.com\/site\/?p=60811"},"modified":"2016-07-30T16:53:13","modified_gmt":"2016-07-30T19:53:13","slug":"descoberto-peixe-com-antena-iluminada-nas-profundezas-do-golfo-do-mexico","status":"publish","type":"post","link":"https:\/\/www.notibras.com\/site\/descoberto-peixe-com-antena-iluminada-nas-profundezas-do-golfo-do-mexico\/","title":{"rendered":"Descoberto peixe com uma antena iluminada nas profundezas do mar"},"content":{"rendered":"<p>Pesquisadores de uma universidade em Fort Lauderdale, no estado da Fl\u00f3rida (EUA), descobriram um peixe com aspecto assustador em \u00e1guas profundas do Golfo do M\u00e9xico. A esp\u00e9cie foi encontrada em uma profundidade entre 1 mil e 1.500 metros.<\/p>\n<p>O peixe tem um aspecto corcunda e uma grande boca com dentes pontiagudos. Segundo os cientistas, a caracter\u00edstica \u00e9 t\u00edpica de todas as esp\u00e9cies de ceratioid, peixes que usam um tipo de isca (antena que se ilumina) para atrair outros peixes para suas mand\u00edbulas.<\/p>\n<blockquote><p>Os pesquisadores da NSU (Nova Southeastern University) capturaram tr\u00eas f\u00eameas da nova esp\u00e9cie, todas com menos de dez cent\u00edmetros de comprimento. Encontrar machos \u00e9 raro, pois, geralmente, eles s\u00e3o muito menores do que as f\u00eameas.<\/p><\/blockquote>\n<p>A nova esp\u00e9cie lembra um pouco o &#8220;diabo negro do mar&#8221;, uma esp\u00e9cie de peixe abissal encontrada em \u00e1guas profundas em Monterrey, na costa californiana. No filme Procurando Nemo, este peixe aparece em uma cena perseguindo os protagonistas do desenho.<\/p>\n","protected":false},"excerpt":{"rendered":"<p>Pesquisadores de uma universidade em Fort Lauderdale, no estado da Fl\u00f3rida (EUA), descobriram um peixe com aspecto assustador em \u00e1guas profundas do Golfo do M\u00e9xico. A esp\u00e9cie foi encontrada em uma profundidade entre 1 mil e 1.500 metros. O peixe tem um aspecto corcunda e uma grande boca com dentes pontiagudos. Segundo os cientistas, a [&hellip;]<\/p>\n","protected":false},"author":2,"featured_media":60812,"comment_status":"open","ping_status":"closed","sticky":false,"template":"","format":"standard","meta":{"_acf_changed":false,"footnotes":""},"categories":[71],"tags":[],"class_list":["post-60811","post","type-post","status-publish","format-standard","has-post-thumbnail","hentry","category-curiosidades"],"acf":[],"yoast_head":"<!-- This site is optimized with the Yoast SEO plugin v27.2 - https:\/\/yoast.com\/product\/yoast-seo-wordpress\/ -->\n<title>Descoberto peixe com uma antena iluminada nas profundezas do mar - Notibras<\/title>\n<meta name=\"robots\" content=\"index, follow, max-snippet:-1, max-image-preview:large, max-video-preview:-1\" \/>\n<link rel=\"canonical\" href=\"https:\/\/www.notibras.com\/site\/descoberto-peixe-com-antena-iluminada-nas-profundezas-do-golfo-do-mexico\/\" \/>\n<meta property=\"og:locale\" content=\"pt_BR\" \/>\n<meta property=\"og:type\" content=\"article\" \/>\n<meta property=\"og:title\" content=\"Descoberto peixe com uma antena iluminada nas profundezas do mar - Notibras\" \/>\n<meta property=\"og:description\" content=\"Pesquisadores de uma universidade em Fort Lauderdale, no estado da Fl\u00f3rida (EUA), descobriram um peixe com aspecto assustador em \u00e1guas profundas do Golfo do M\u00e9xico. A esp\u00e9cie foi encontrada em uma profundidade entre 1 mil e 1.500 metros. O peixe tem um aspecto corcunda e uma grande boca com dentes pontiagudos. Segundo os cientistas, a [&hellip;]\" \/>\n<meta property=\"og:url\" content=\"https:\/\/www.notibras.com\/site\/descoberto-peixe-com-antena-iluminada-nas-profundezas-do-golfo-do-mexico\/\" \/>\n<meta property=\"og:site_name\" content=\"Notibras\" \/>\n<meta property=\"article:publisher\" content=\"https:\/\/www.facebook.com\/notibras\/\" \/>\n<meta property=\"article:published_time\" content=\"2015-08-09T00:11:05+00:00\" \/>\n<meta property=\"article:modified_time\" content=\"2016-07-30T19:53:13+00:00\" \/>\n<meta property=\"og:image\" content=\"https:\/\/www.notibras.com\/site\/wp-content\/uploads\/2015\/08\/peixe-assustador.jpg\" \/>\n\t<meta property=\"og:image:width\" content=\"620\" \/>\n\t<meta property=\"og:image:height\" content=\"478\" \/>\n\t<meta property=\"og:image:type\" content=\"image\/jpeg\" \/>\n<meta name=\"author\" content=\"Reda\u00e7\u00e3o\" \/>\n<meta name=\"twitter:card\" content=\"summary_large_image\" \/>\n<meta name=\"twitter:creator\" content=\"@Notibras\" \/>\n<meta name=\"twitter:site\" content=\"@Notibras\" \/>\n<meta name=\"twitter:label1\" content=\"Escrito por\" \/>\n\t<meta name=\"twitter:data1\" content=\"Reda\u00e7\u00e3o\" \/>\n\t<meta name=\"twitter:label2\" content=\"Est. tempo de leitura\" \/>\n\t<meta name=\"twitter:data2\" content=\"1 minuto\" \/>\n<script type=\"application\/ld+json\" class=\"yoast-schema-graph\">{\"@context\":\"https:\/\/schema.org\",\"@graph\":[{\"@type\":\"Article\",\"@id\":\"https:\/\/www.notibras.com\/site\/descoberto-peixe-com-antena-iluminada-nas-profundezas-do-golfo-do-mexico\/#article\",\"isPartOf\":{\"@id\":\"https:\/\/www.notibras.com\/site\/descoberto-peixe-com-antena-iluminada-nas-profundezas-do-golfo-do-mexico\/\"},\"author\":{\"name\":\"Reda\u00e7\u00e3o\",\"@id\":\"https:\/\/www.notibras.com\/site\/#\/schema\/person\/36ab0979449956132d3e5b517ea76ac8\"},\"headline\":\"Descoberto peixe com uma antena iluminada nas profundezas do mar\",\"datePublished\":\"2015-08-09T00:11:05+00:00\",\"dateModified\":\"2016-07-30T19:53:13+00:00\",\"mainEntityOfPage\":{\"@id\":\"https:\/\/www.notibras.com\/site\/descoberto-peixe-com-antena-iluminada-nas-profundezas-do-golfo-do-mexico\/\"},\"wordCount\":178,\"commentCount\":0,\"publisher\":{\"@id\":\"https:\/\/www.notibras.com\/site\/#organization\"},\"image\":{\"@id\":\"https:\/\/www.notibras.com\/site\/descoberto-peixe-com-antena-iluminada-nas-profundezas-do-golfo-do-mexico\/#primaryimage\"},\"thumbnailUrl\":\"https:\/\/www.notibras.com\/site\/wp-content\/uploads\/2015\/08\/peixe-assustador.jpg\",\"articleSection\":[\"Curiosidades\"],\"inLanguage\":\"pt-BR\",\"potentialAction\":[{\"@type\":\"CommentAction\",\"name\":\"Comment\",\"target\":[\"https:\/\/www.notibras.com\/site\/descoberto-peixe-com-antena-iluminada-nas-profundezas-do-golfo-do-mexico\/#respond\"]}]},{\"@type\":\"WebPage\",\"@id\":\"https:\/\/www.notibras.com\/site\/descoberto-peixe-com-antena-iluminada-nas-profundezas-do-golfo-do-mexico\/\",\"url\":\"https:\/\/www.notibras.com\/site\/descoberto-peixe-com-antena-iluminada-nas-profundezas-do-golfo-do-mexico\/\",\"name\":\"Descoberto peixe com uma antena iluminada nas profundezas do mar - Notibras\",\"isPartOf\":{\"@id\":\"https:\/\/www.notibras.com\/site\/#website\"},\"primaryImageOfPage\":{\"@id\":\"https:\/\/www.notibras.com\/site\/descoberto-peixe-com-antena-iluminada-nas-profundezas-do-golfo-do-mexico\/#primaryimage\"},\"image\":{\"@id\":\"https:\/\/www.notibras.com\/site\/descoberto-peixe-com-antena-iluminada-nas-profundezas-do-golfo-do-mexico\/#primaryimage\"},\"thumbnailUrl\":\"https:\/\/www.notibras.com\/site\/wp-content\/uploads\/2015\/08\/peixe-assustador.jpg\",\"datePublished\":\"2015-08-09T00:11:05+00:00\",\"dateModified\":\"2016-07-30T19:53:13+00:00\",\"breadcrumb\":{\"@id\":\"https:\/\/www.notibras.com\/site\/descoberto-peixe-com-antena-iluminada-nas-profundezas-do-golfo-do-mexico\/#breadcrumb\"},\"inLanguage\":\"pt-BR\",\"potentialAction\":[{\"@type\":\"ReadAction\",\"target\":[\"https:\/\/www.notibras.com\/site\/descoberto-peixe-com-antena-iluminada-nas-profundezas-do-golfo-do-mexico\/\"]}]},{\"@type\":\"ImageObject\",\"inLanguage\":\"pt-BR\",\"@id\":\"https:\/\/www.notibras.com\/site\/descoberto-peixe-com-antena-iluminada-nas-profundezas-do-golfo-do-mexico\/#primaryimage\",\"url\":\"https:\/\/www.notibras.com\/site\/wp-content\/uploads\/2015\/08\/peixe-assustador.jpg\",\"contentUrl\":\"https:\/\/www.notibras.com\/site\/wp-content\/uploads\/2015\/08\/peixe-assustador.jpg\",\"width\":620,\"height\":478},{\"@type\":\"BreadcrumbList\",\"@id\":\"https:\/\/www.notibras.com\/site\/descoberto-peixe-com-antena-iluminada-nas-profundezas-do-golfo-do-mexico\/#breadcrumb\",\"itemListElement\":[{\"@type\":\"ListItem\",\"position\":1,\"name\":\"In\u00edcio\",\"item\":\"https:\/\/www.notibras.com\/site\/\"},{\"@type\":\"ListItem\",\"position\":2,\"name\":\"Descoberto peixe com uma antena iluminada nas profundezas do mar\"}]},{\"@type\":\"WebSite\",\"@id\":\"https:\/\/www.notibras.com\/site\/#website\",\"url\":\"https:\/\/www.notibras.com\/site\/\",\"name\":\"Notibras\",\"description\":\"Not\u00edcias de Bras\u00edlia, do Brasil e do Mundo\",\"publisher\":{\"@id\":\"https:\/\/www.notibras.com\/site\/#organization\"},\"potentialAction\":[{\"@type\":\"SearchAction\",\"target\":{\"@type\":\"EntryPoint\",\"urlTemplate\":\"https:\/\/www.notibras.com\/site\/?s={search_term_string}\"},\"query-input\":{\"@type\":\"PropertyValueSpecification\",\"valueRequired\":true,\"valueName\":\"search_term_string\"}}],\"inLanguage\":\"pt-BR\"},{\"@type\":\"Organization\",\"@id\":\"https:\/\/www.notibras.com\/site\/#organization\",\"name\":\"Grupo Notibras de Comunica\u00e7\u00e3o\",\"url\":\"https:\/\/www.notibras.com\/site\/\",\"logo\":{\"@type\":\"ImageObject\",\"inLanguage\":\"pt-BR\",\"@id\":\"https:\/\/www.notibras.com\/site\/#\/schema\/logo\/image\/\",\"url\":\"https:\/\/www.notibras.com\/site\/wp-content\/uploads\/2023\/01\/notibras23.png\",\"contentUrl\":\"https:\/\/www.notibras.com\/site\/wp-content\/uploads\/2023\/01\/notibras23.png\",\"width\":350,\"height\":87,\"caption\":\"Grupo Notibras de Comunica\u00e7\u00e3o\"},\"image\":{\"@id\":\"https:\/\/www.notibras.com\/site\/#\/schema\/logo\/image\/\"},\"sameAs\":[\"https:\/\/www.facebook.com\/notibras\/\",\"https:\/\/x.com\/Notibras\",\"https:\/\/www.instagram.com\/notibras\/\"]},{\"@type\":\"Person\",\"@id\":\"https:\/\/www.notibras.com\/site\/#\/schema\/person\/36ab0979449956132d3e5b517ea76ac8\",\"name\":\"Reda\u00e7\u00e3o\",\"image\":{\"@type\":\"ImageObject\",\"inLanguage\":\"pt-BR\",\"@id\":\"https:\/\/secure.gravatar.com\/avatar\/e0a867bdedb85fd243eadf09663511f96fc81e0720a4a42581f334ad4303aa6b?s=96&d=mm&r=g\",\"url\":\"https:\/\/secure.gravatar.com\/avatar\/e0a867bdedb85fd243eadf09663511f96fc81e0720a4a42581f334ad4303aa6b?s=96&d=mm&r=g\",\"contentUrl\":\"https:\/\/secure.gravatar.com\/avatar\/e0a867bdedb85fd243eadf09663511f96fc81e0720a4a42581f334ad4303aa6b?s=96&d=mm&r=g\",\"caption\":\"Reda\u00e7\u00e3o\"}}]}<\/script>\n<!-- \/ Yoast SEO plugin. -->","yoast_head_json":{"title":"Descoberto peixe com uma antena iluminada nas profundezas do mar - Notibras","robots":{"index":"index","follow":"follow","max-snippet":"max-snippet:-1","max-image-preview":"max-image-preview:large","max-video-preview":"max-video-preview:-1"},"canonical":"https:\/\/www.notibras.com\/site\/descoberto-peixe-com-antena-iluminada-nas-profundezas-do-golfo-do-mexico\/","og_locale":"pt_BR","og_type":"article","og_title":"Descoberto peixe com uma antena iluminada nas profundezas do mar - Notibras","og_description":"Pesquisadores de uma universidade em Fort Lauderdale, no estado da Fl\u00f3rida (EUA), descobriram um peixe com aspecto assustador em \u00e1guas profundas do Golfo do M\u00e9xico. A esp\u00e9cie foi encontrada em uma profundidade entre 1 mil e 1.500 metros. O peixe tem um aspecto corcunda e uma grande boca com dentes pontiagudos. Segundo os cientistas, a [&hellip;]","og_url":"https:\/\/www.notibras.com\/site\/descoberto-peixe-com-antena-iluminada-nas-profundezas-do-golfo-do-mexico\/","og_site_name":"Notibras","article_publisher":"https:\/\/www.facebook.com\/notibras\/","article_published_time":"2015-08-09T00:11:05+00:00","article_modified_time":"2016-07-30T19:53:13+00:00","og_image":[{"width":620,"height":478,"url":"https:\/\/www.notibras.com\/site\/wp-content\/uploads\/2015\/08\/peixe-assustador.jpg","type":"image\/jpeg"}],"author":"Reda\u00e7\u00e3o","twitter_card":"summary_large_image","twitter_creator":"@Notibras","twitter_site":"@Notibras","twitter_misc":{"Escrito por":"Reda\u00e7\u00e3o","Est. tempo de leitura":"1 minuto"},"schema":{"@context":"https:\/\/schema.org","@graph":[{"@type":"Article","@id":"https:\/\/www.notibras.com\/site\/descoberto-peixe-com-antena-iluminada-nas-profundezas-do-golfo-do-mexico\/#article","isPartOf":{"@id":"https:\/\/www.notibras.com\/site\/descoberto-peixe-com-antena-iluminada-nas-profundezas-do-golfo-do-mexico\/"},"author":{"name":"Reda\u00e7\u00e3o","@id":"https:\/\/www.notibras.com\/site\/#\/schema\/person\/36ab0979449956132d3e5b517ea76ac8"},"headline":"Descoberto peixe com uma antena iluminada nas profundezas do mar","datePublished":"2015-08-09T00:11:05+00:00","dateModified":"2016-07-30T19:53:13+00:00","mainEntityOfPage":{"@id":"https:\/\/www.notibras.com\/site\/descoberto-peixe-com-antena-iluminada-nas-profundezas-do-golfo-do-mexico\/"},"wordCount":178,"commentCount":0,"publisher":{"@id":"https:\/\/www.notibras.com\/site\/#organization"},"image":{"@id":"https:\/\/www.notibras.com\/site\/descoberto-peixe-com-antena-iluminada-nas-profundezas-do-golfo-do-mexico\/#primaryimage"},"thumbnailUrl":"https:\/\/www.notibras.com\/site\/wp-content\/uploads\/2015\/08\/peixe-assustador.jpg","articleSection":["Curiosidades"],"inLanguage":"pt-BR","potentialAction":[{"@type":"CommentAction","name":"Comment","target":["https:\/\/www.notibras.com\/site\/descoberto-peixe-com-antena-iluminada-nas-profundezas-do-golfo-do-mexico\/#respond"]}]},{"@type":"WebPage","@id":"https:\/\/www.notibras.com\/site\/descoberto-peixe-com-antena-iluminada-nas-profundezas-do-golfo-do-mexico\/","url":"https:\/\/www.notibras.com\/site\/descoberto-peixe-com-antena-iluminada-nas-profundezas-do-golfo-do-mexico\/","name":"Descoberto peixe com uma antena iluminada nas profundezas do mar - Notibras","isPartOf":{"@id":"https:\/\/www.notibras.com\/site\/#website"},"primaryImageOfPage":{"@id":"https:\/\/www.notibras.com\/site\/descoberto-peixe-com-antena-iluminada-nas-profundezas-do-golfo-do-mexico\/#primaryimage"},"image":{"@id":"https:\/\/www.notibras.com\/site\/descoberto-peixe-com-antena-iluminada-nas-profundezas-do-golfo-do-mexico\/#primaryimage"},"thumbnailUrl":"https:\/\/www.notibras.com\/site\/wp-content\/uploads\/2015\/08\/peixe-assustador.jpg","datePublished":"2015-08-09T00:11:05+00:00","dateModified":"2016-07-30T19:53:13+00:00","breadcrumb":{"@id":"https:\/\/www.notibras.com\/site\/descoberto-peixe-com-antena-iluminada-nas-profundezas-do-golfo-do-mexico\/#breadcrumb"},"inLanguage":"pt-BR","potentialAction":[{"@type":"ReadAction","target":["https:\/\/www.notibras.com\/site\/descoberto-peixe-com-antena-iluminada-nas-profundezas-do-golfo-do-mexico\/"]}]},{"@type":"ImageObject","inLanguage":"pt-BR","@id":"https:\/\/www.notibras.com\/site\/descoberto-peixe-com-antena-iluminada-nas-profundezas-do-golfo-do-mexico\/#primaryimage","url":"https:\/\/www.notibras.com\/site\/wp-content\/uploads\/2015\/08\/peixe-assustador.jpg","contentUrl":"https:\/\/www.notibras.com\/site\/wp-content\/uploads\/2015\/08\/peixe-assustador.jpg","width":620,"height":478},{"@type":"BreadcrumbList","@id":"https:\/\/www.notibras.com\/site\/descoberto-peixe-com-antena-iluminada-nas-profundezas-do-golfo-do-mexico\/#breadcrumb","itemListElement":[{"@type":"ListItem","position":1,"name":"In\u00edcio","item":"https:\/\/www.notibras.com\/site\/"},{"@type":"ListItem","position":2,"name":"Descoberto peixe com uma antena iluminada nas profundezas do mar"}]},{"@type":"WebSite","@id":"https:\/\/www.notibras.com\/site\/#website","url":"https:\/\/www.notibras.com\/site\/","name":"Notibras","description":"Not\u00edcias de Bras\u00edlia, do Brasil e do Mundo","publisher":{"@id":"https:\/\/www.notibras.com\/site\/#organization"},"potentialAction":[{"@type":"SearchAction","target":{"@type":"EntryPoint","urlTemplate":"https:\/\/www.notibras.com\/site\/?s={search_term_string}"},"query-input":{"@type":"PropertyValueSpecification","valueRequired":true,"valueName":"search_term_string"}}],"inLanguage":"pt-BR"},{"@type":"Organization","@id":"https:\/\/www.notibras.com\/site\/#organization","name":"Grupo Notibras de Comunica\u00e7\u00e3o","url":"https:\/\/www.notibras.com\/site\/","logo":{"@type":"ImageObject","inLanguage":"pt-BR","@id":"https:\/\/www.notibras.com\/site\/#\/schema\/logo\/image\/","url":"https:\/\/www.notibras.com\/site\/wp-content\/uploads\/2023\/01\/notibras23.png","contentUrl":"https:\/\/www.notibras.com\/site\/wp-content\/uploads\/2023\/01\/notibras23.png","width":350,"height":87,"caption":"Grupo Notibras de Comunica\u00e7\u00e3o"},"image":{"@id":"https:\/\/www.notibras.com\/site\/#\/schema\/logo\/image\/"},"sameAs":["https:\/\/www.facebook.com\/notibras\/","https:\/\/x.com\/Notibras","https:\/\/www.instagram.com\/notibras\/"]},{"@type":"Person","@id":"https:\/\/www.notibras.com\/site\/#\/schema\/person\/36ab0979449956132d3e5b517ea76ac8","name":"Reda\u00e7\u00e3o","image":{"@type":"ImageObject","inLanguage":"pt-BR","@id":"https:\/\/secure.gravatar.com\/avatar\/e0a867bdedb85fd243eadf09663511f96fc81e0720a4a42581f334ad4303aa6b?s=96&d=mm&r=g","url":"https:\/\/secure.gravatar.com\/avatar\/e0a867bdedb85fd243eadf09663511f96fc81e0720a4a42581f334ad4303aa6b?s=96&d=mm&r=g","contentUrl":"https:\/\/secure.gravatar.com\/avatar\/e0a867bdedb85fd243eadf09663511f96fc81e0720a4a42581f334ad4303aa6b?s=96&d=mm&r=g","caption":"Reda\u00e7\u00e3o"}}]}},"amp_enabled":true,"_links":{"self":[{"href":"https:\/\/www.notibras.com\/site\/wp-json\/wp\/v2\/posts\/60811","targetHints":{"allow":["GET"]}}],"collection":[{"href":"https:\/\/www.notibras.com\/site\/wp-json\/wp\/v2\/posts"}],"about":[{"href":"https:\/\/www.notibras.com\/site\/wp-json\/wp\/v2\/types\/post"}],"author":[{"embeddable":true,"href":"https:\/\/www.notibras.com\/site\/wp-json\/wp\/v2\/users\/2"}],"replies":[{"embeddable":true,"href":"https:\/\/www.notibras.com\/site\/wp-json\/wp\/v2\/comments?post=60811"}],"version-history":[{"count":1,"href":"https:\/\/www.notibras.com\/site\/wp-json\/wp\/v2\/posts\/60811\/revisions"}],"predecessor-version":[{"id":109734,"href":"https:\/\/www.notibras.com\/site\/wp-json\/wp\/v2\/posts\/60811\/revisions\/109734"}],"wp:featuredmedia":[{"embeddable":true,"href":"https:\/\/www.notibras.com\/site\/wp-json\/wp\/v2\/media\/60812"}],"wp:attachment":[{"href":"https:\/\/www.notibras.com\/site\/wp-json\/wp\/v2\/media?parent=60811"}],"wp:term":[{"taxonomy":"category","embeddable":true,"href":"https:\/\/www.notibras.com\/site\/wp-json\/wp\/v2\/categories?post=60811"},{"taxonomy":"post_tag","embeddable":true,"href":"https:\/\/www.notibras.com\/site\/wp-json\/wp\/v2\/tags?post=60811"}],"curies":[{"name":"wp","href":"https:\/\/api.w.org\/{rel}","templated":true}]}}