{"id":60821,"date":"2015-08-08T22:01:01","date_gmt":"2015-08-09T01:01:01","guid":{"rendered":"http:\/\/www.notibras.com\/site\/?p=60821"},"modified":"2015-08-12T17:27:22","modified_gmt":"2015-08-12T20:27:22","slug":"democracia-renasce-com-eleicoes-e-vive-vibrante-no-haiti","status":"publish","type":"post","link":"https:\/\/www.notibras.com\/site\/democracia-renasce-com-eleicoes-e-vive-vibrante-no-haiti\/","title":{"rendered":"Democracia renasce com elei\u00e7\u00f5es e vive vibrante no Haiti, pa\u00eds antes devastado"},"content":{"rendered":"<p>O Haiti est\u00e1 prestes a alcan\u00e7ar um grande marco hist\u00f3rico. A partir de 9 de agosto, aproximadamente 6 milh\u00f5es de haitianos escolher\u00e3o 1.280 representantes para administra\u00e7\u00f5es locais, 140 prefeitos, 139 parlamentares e, finalmente, seu presidente, em v\u00e1rios turnos de um processo eleitoral que pode durar at\u00e9 o final do ano.<\/p>\n<p>N\u00e3o foi f\u00e1cil chegar a esse momento. O povo haitiano espera h\u00e1 tr\u00eas anos por essas elei\u00e7\u00f5es e o parlamento est\u00e1 ausente desde janeiro.<\/p>\n<p>O Haiti deu passos significativos para restaurar a confian\u00e7a no processo eleitoral e realizar essas elei\u00e7\u00f5es a tempo. O conselho eleitoral, nomeado em janeiro, tem sido admir\u00e1vel ao assumir v\u00e1rias tarefas desafiadoras do ponto de vista t\u00e9cnico, log\u00edstico e financeiro a fim de garantir um processo confi\u00e1vel, inclusivo e transparente.<\/p>\n<p>A lei e o calend\u00e1rio eleitorais foram promulgados em mar\u00e7o, a maioria dos partidos pol\u00edticos apresentaram candidatos, e a pol\u00edcia nacional tem trabalhado para assegurar um ambiente seguro para as elei\u00e7\u00f5es.<\/p>\n<p>A miss\u00e3o de paz das Na\u00e7\u00f5es Unidas no Haiti, conhecida como Minustah, o Programa das Na\u00e7\u00f5es Unidas para o Desenvolvimento (PNUD) e outros parceiros da ONU t\u00eam empreendido esfor\u00e7os significativos nos \u00faltimos anos no fortalecimento das qualifica\u00e7\u00f5es eleitorais nacionais.<\/p>\n<blockquote><p>Muito trabalho j\u00e1 foi realizado, por\u00e9m muito mais precisa ser feito para completar essa opera\u00e7\u00e3o eleitoral de tamanha escala e complexidade. At\u00e9 agora, o esfor\u00e7o conjunto das autoridades nacionais e dos doadores internacionais tem gerado recursos suficientes para financiar apenas o primeiro turno das elei\u00e7\u00f5es em 9 de agosto.<\/p><\/blockquote>\n<p>N\u00e3o podemos parar por aqui. Apelamos a todos os parceiros internacionais do Haiti para intensificarem seus esfor\u00e7os e apoiarem o Haiti no cruzamento a linha de chegada dessa corrida rumo \u00e0 paz e \u00e0 estabilidade.<\/p>\n<p>Enquanto contribui\u00e7\u00f5es importantes foram recebidas dos parceiros do Haiti, h\u00e1 uma lacuna crucial que precisa ser coberta. Sem esse apoio, a conclus\u00e3o do ciclo eleitoral corre o risco de ser prejudicada, assim como o progresso duramente conquistado do Haiti.<\/p>\n<p>Essas elei\u00e7\u00f5es marcar\u00e3o o per\u00edodo mais longo de estabilidade institucional de que o pa\u00eds desfrutou em sua hist\u00f3ria recente. Ser\u00e1 a segunda vez, desde 2006, que um presidente eleito democraticamente passar\u00e1 o poder a seu sucessor. O processo ter\u00e1 efeito positivo na regi\u00e3o, promovendo desenvolvimento socioecon\u00f4mico e estabilidade regional.<\/p>\n<p>Se \u00e9 importante que os parceiros internacionais do Haiti continuem a apoiar generosamente o processo democr\u00e1tico do pa\u00eds, \u00e9 igualmente crucial que o governo do Haiti administre esse processo de forma adequada e garanta que suas institui\u00e7\u00f5es tenham tudo o que for necess\u00e1rio para assumir o comando das elei\u00e7\u00f5es.<\/p>\n<p>No \u00faltimo 16 de julho, as Na\u00e7\u00f5es Unidas, o governo do Haiti e parceiros internacionais reuniram-se em Nova York em um encontro copresidido pelo primeiro ministro e pelo representante especial do Secret\u00e1rio Geral da ONU para o Haiti. Essa foi uma grande oportunidade de reafirmar o compromisso comum com a consolida\u00e7\u00e3o democr\u00e1tica do pa\u00eds e nossa solidariedade com as aspira\u00e7\u00f5es e esperan\u00e7as dos haitianos no progresso.<\/p>\n<blockquote><p>O povo do Haiti tem lutado por d\u00e9cadas para consolidar a democracia no pa\u00eds. Em 1986, uma revolta popular derrubou o regime Duvalier. Hoje, em 2015, h\u00e1 mais de 38 mil candidatos somente para as elei\u00e7\u00f5es locais. Uma democracia vibrante est\u00e1 viva e passa bem no Haiti, e o povo haitiano reconhece que a governan\u00e7a \u00e9 responsabilidade de todos.<\/p><\/blockquote>\n<p>Em todo o planeta, em pa\u00edses onde democracia, boa governan\u00e7a e respeito \u00e0s leis \u00e9 a regra, o poder pol\u00edtico \u00e9 contestado por meios pac\u00edficos e democr\u00e1ticos. Cidad\u00e3os adotam m\u00e9todos pac\u00edficos e democr\u00e1ticos para resolver os problemas que enfrentam. O di\u00e1logo e a toler\u00e2ncia tornam-se a ordem do dia. O Haiti, uma das democracias mais antigas do mundo, est\u00e1 pronto para essa transi\u00e7\u00e3o e merece nosso apoio total.<\/p>\n<p><strong>Herv\u00e9 Ladsous e Jessica Faieta<\/strong><\/p>\n","protected":false},"excerpt":{"rendered":"<p>O Haiti est\u00e1 prestes a alcan\u00e7ar um grande marco hist\u00f3rico. A partir de 9 de agosto, aproximadamente 6 milh\u00f5es de haitianos escolher\u00e3o 1.280 representantes para administra\u00e7\u00f5es locais, 140 prefeitos, 139 parlamentares e, finalmente, seu presidente, em v\u00e1rios turnos de um processo eleitoral que pode durar at\u00e9 o final do ano. N\u00e3o foi f\u00e1cil chegar a [&hellip;]<\/p>\n","protected":false},"author":2,"featured_media":60822,"comment_status":"open","ping_status":"closed","sticky":false,"template":"","format":"standard","meta":{"_acf_changed":false,"footnotes":""},"categories":[25],"tags":[],"class_list":["post-60821","post","type-post","status-publish","format-standard","has-post-thumbnail","hentry","category-opina-ai"],"acf":[],"yoast_head":"<!-- This site is optimized with the Yoast SEO plugin v27.2 - https:\/\/yoast.com\/product\/yoast-seo-wordpress\/ -->\n<title>Democracia renasce com elei\u00e7\u00f5es e vive vibrante no Haiti, pa\u00eds antes devastado - Notibras<\/title>\n<meta name=\"robots\" content=\"index, follow, max-snippet:-1, max-image-preview:large, max-video-preview:-1\" \/>\n<link rel=\"canonical\" href=\"https:\/\/www.notibras.com\/site\/democracia-renasce-com-eleicoes-e-vive-vibrante-no-haiti\/\" \/>\n<meta property=\"og:locale\" content=\"pt_BR\" \/>\n<meta property=\"og:type\" content=\"article\" \/>\n<meta property=\"og:title\" content=\"Democracia renasce com elei\u00e7\u00f5es e vive vibrante no Haiti, pa\u00eds antes devastado - Notibras\" \/>\n<meta property=\"og:description\" content=\"O Haiti est\u00e1 prestes a alcan\u00e7ar um grande marco hist\u00f3rico. A partir de 9 de agosto, aproximadamente 6 milh\u00f5es de haitianos escolher\u00e3o 1.280 representantes para administra\u00e7\u00f5es locais, 140 prefeitos, 139 parlamentares e, finalmente, seu presidente, em v\u00e1rios turnos de um processo eleitoral que pode durar at\u00e9 o final do ano. N\u00e3o foi f\u00e1cil chegar a [&hellip;]\" \/>\n<meta property=\"og:url\" content=\"https:\/\/www.notibras.com\/site\/democracia-renasce-com-eleicoes-e-vive-vibrante-no-haiti\/\" \/>\n<meta property=\"og:site_name\" content=\"Notibras\" \/>\n<meta property=\"article:publisher\" content=\"https:\/\/www.facebook.com\/notibras\/\" \/>\n<meta property=\"article:published_time\" content=\"2015-08-09T01:01:01+00:00\" \/>\n<meta property=\"article:modified_time\" content=\"2015-08-12T20:27:22+00:00\" \/>\n<meta property=\"og:image\" content=\"https:\/\/www.notibras.com\/site\/wp-content\/uploads\/2015\/08\/labadee-haiti-2012.jpg\" \/>\n\t<meta property=\"og:image:width\" content=\"550\" \/>\n\t<meta property=\"og:image:height\" content=\"366\" \/>\n\t<meta property=\"og:image:type\" content=\"image\/jpeg\" \/>\n<meta name=\"author\" content=\"Reda\u00e7\u00e3o\" \/>\n<meta name=\"twitter:card\" content=\"summary_large_image\" \/>\n<meta name=\"twitter:creator\" content=\"@Notibras\" \/>\n<meta name=\"twitter:site\" content=\"@Notibras\" \/>\n<meta name=\"twitter:label1\" content=\"Escrito por\" \/>\n\t<meta name=\"twitter:data1\" content=\"Reda\u00e7\u00e3o\" \/>\n\t<meta name=\"twitter:label2\" content=\"Est. tempo de leitura\" \/>\n\t<meta name=\"twitter:data2\" content=\"3 minutos\" \/>\n<script type=\"application\/ld+json\" class=\"yoast-schema-graph\">{\"@context\":\"https:\/\/schema.org\",\"@graph\":[{\"@type\":\"Article\",\"@id\":\"https:\/\/www.notibras.com\/site\/democracia-renasce-com-eleicoes-e-vive-vibrante-no-haiti\/#article\",\"isPartOf\":{\"@id\":\"https:\/\/www.notibras.com\/site\/democracia-renasce-com-eleicoes-e-vive-vibrante-no-haiti\/\"},\"author\":{\"name\":\"Reda\u00e7\u00e3o\",\"@id\":\"https:\/\/www.notibras.com\/site\/#\/schema\/person\/36ab0979449956132d3e5b517ea76ac8\"},\"headline\":\"Democracia renasce com elei\u00e7\u00f5es e vive vibrante no Haiti, pa\u00eds antes devastado\",\"datePublished\":\"2015-08-09T01:01:01+00:00\",\"dateModified\":\"2015-08-12T20:27:22+00:00\",\"mainEntityOfPage\":{\"@id\":\"https:\/\/www.notibras.com\/site\/democracia-renasce-com-eleicoes-e-vive-vibrante-no-haiti\/\"},\"wordCount\":680,\"commentCount\":0,\"publisher\":{\"@id\":\"https:\/\/www.notibras.com\/site\/#organization\"},\"image\":{\"@id\":\"https:\/\/www.notibras.com\/site\/democracia-renasce-com-eleicoes-e-vive-vibrante-no-haiti\/#primaryimage\"},\"thumbnailUrl\":\"https:\/\/www.notibras.com\/site\/wp-content\/uploads\/2015\/08\/labadee-haiti-2012.jpg\",\"articleSection\":[\"Opina a\u00ed\"],\"inLanguage\":\"pt-BR\",\"potentialAction\":[{\"@type\":\"CommentAction\",\"name\":\"Comment\",\"target\":[\"https:\/\/www.notibras.com\/site\/democracia-renasce-com-eleicoes-e-vive-vibrante-no-haiti\/#respond\"]}]},{\"@type\":\"WebPage\",\"@id\":\"https:\/\/www.notibras.com\/site\/democracia-renasce-com-eleicoes-e-vive-vibrante-no-haiti\/\",\"url\":\"https:\/\/www.notibras.com\/site\/democracia-renasce-com-eleicoes-e-vive-vibrante-no-haiti\/\",\"name\":\"Democracia renasce com elei\u00e7\u00f5es e vive vibrante no Haiti, pa\u00eds antes devastado - Notibras\",\"isPartOf\":{\"@id\":\"https:\/\/www.notibras.com\/site\/#website\"},\"primaryImageOfPage\":{\"@id\":\"https:\/\/www.notibras.com\/site\/democracia-renasce-com-eleicoes-e-vive-vibrante-no-haiti\/#primaryimage\"},\"image\":{\"@id\":\"https:\/\/www.notibras.com\/site\/democracia-renasce-com-eleicoes-e-vive-vibrante-no-haiti\/#primaryimage\"},\"thumbnailUrl\":\"https:\/\/www.notibras.com\/site\/wp-content\/uploads\/2015\/08\/labadee-haiti-2012.jpg\",\"datePublished\":\"2015-08-09T01:01:01+00:00\",\"dateModified\":\"2015-08-12T20:27:22+00:00\",\"breadcrumb\":{\"@id\":\"https:\/\/www.notibras.com\/site\/democracia-renasce-com-eleicoes-e-vive-vibrante-no-haiti\/#breadcrumb\"},\"inLanguage\":\"pt-BR\",\"potentialAction\":[{\"@type\":\"ReadAction\",\"target\":[\"https:\/\/www.notibras.com\/site\/democracia-renasce-com-eleicoes-e-vive-vibrante-no-haiti\/\"]}]},{\"@type\":\"ImageObject\",\"inLanguage\":\"pt-BR\",\"@id\":\"https:\/\/www.notibras.com\/site\/democracia-renasce-com-eleicoes-e-vive-vibrante-no-haiti\/#primaryimage\",\"url\":\"https:\/\/www.notibras.com\/site\/wp-content\/uploads\/2015\/08\/labadee-haiti-2012.jpg\",\"contentUrl\":\"https:\/\/www.notibras.com\/site\/wp-content\/uploads\/2015\/08\/labadee-haiti-2012.jpg\",\"width\":550,\"height\":366},{\"@type\":\"BreadcrumbList\",\"@id\":\"https:\/\/www.notibras.com\/site\/democracia-renasce-com-eleicoes-e-vive-vibrante-no-haiti\/#breadcrumb\",\"itemListElement\":[{\"@type\":\"ListItem\",\"position\":1,\"name\":\"In\u00edcio\",\"item\":\"https:\/\/www.notibras.com\/site\/\"},{\"@type\":\"ListItem\",\"position\":2,\"name\":\"Democracia renasce com elei\u00e7\u00f5es e vive vibrante no Haiti, pa\u00eds antes devastado\"}]},{\"@type\":\"WebSite\",\"@id\":\"https:\/\/www.notibras.com\/site\/#website\",\"url\":\"https:\/\/www.notibras.com\/site\/\",\"name\":\"Notibras\",\"description\":\"Not\u00edcias de Bras\u00edlia, do Brasil e do Mundo\",\"publisher\":{\"@id\":\"https:\/\/www.notibras.com\/site\/#organization\"},\"potentialAction\":[{\"@type\":\"SearchAction\",\"target\":{\"@type\":\"EntryPoint\",\"urlTemplate\":\"https:\/\/www.notibras.com\/site\/?s={search_term_string}\"},\"query-input\":{\"@type\":\"PropertyValueSpecification\",\"valueRequired\":true,\"valueName\":\"search_term_string\"}}],\"inLanguage\":\"pt-BR\"},{\"@type\":\"Organization\",\"@id\":\"https:\/\/www.notibras.com\/site\/#organization\",\"name\":\"Grupo Notibras de Comunica\u00e7\u00e3o\",\"url\":\"https:\/\/www.notibras.com\/site\/\",\"logo\":{\"@type\":\"ImageObject\",\"inLanguage\":\"pt-BR\",\"@id\":\"https:\/\/www.notibras.com\/site\/#\/schema\/logo\/image\/\",\"url\":\"https:\/\/www.notibras.com\/site\/wp-content\/uploads\/2023\/01\/notibras23.png\",\"contentUrl\":\"https:\/\/www.notibras.com\/site\/wp-content\/uploads\/2023\/01\/notibras23.png\",\"width\":350,\"height\":87,\"caption\":\"Grupo Notibras de Comunica\u00e7\u00e3o\"},\"image\":{\"@id\":\"https:\/\/www.notibras.com\/site\/#\/schema\/logo\/image\/\"},\"sameAs\":[\"https:\/\/www.facebook.com\/notibras\/\",\"https:\/\/x.com\/Notibras\",\"https:\/\/www.instagram.com\/notibras\/\"]},{\"@type\":\"Person\",\"@id\":\"https:\/\/www.notibras.com\/site\/#\/schema\/person\/36ab0979449956132d3e5b517ea76ac8\",\"name\":\"Reda\u00e7\u00e3o\",\"image\":{\"@type\":\"ImageObject\",\"inLanguage\":\"pt-BR\",\"@id\":\"https:\/\/secure.gravatar.com\/avatar\/e0a867bdedb85fd243eadf09663511f96fc81e0720a4a42581f334ad4303aa6b?s=96&d=mm&r=g\",\"url\":\"https:\/\/secure.gravatar.com\/avatar\/e0a867bdedb85fd243eadf09663511f96fc81e0720a4a42581f334ad4303aa6b?s=96&d=mm&r=g\",\"contentUrl\":\"https:\/\/secure.gravatar.com\/avatar\/e0a867bdedb85fd243eadf09663511f96fc81e0720a4a42581f334ad4303aa6b?s=96&d=mm&r=g\",\"caption\":\"Reda\u00e7\u00e3o\"}}]}<\/script>\n<!-- \/ Yoast SEO plugin. -->","yoast_head_json":{"title":"Democracia renasce com elei\u00e7\u00f5es e vive vibrante no Haiti, pa\u00eds antes devastado - Notibras","robots":{"index":"index","follow":"follow","max-snippet":"max-snippet:-1","max-image-preview":"max-image-preview:large","max-video-preview":"max-video-preview:-1"},"canonical":"https:\/\/www.notibras.com\/site\/democracia-renasce-com-eleicoes-e-vive-vibrante-no-haiti\/","og_locale":"pt_BR","og_type":"article","og_title":"Democracia renasce com elei\u00e7\u00f5es e vive vibrante no Haiti, pa\u00eds antes devastado - Notibras","og_description":"O Haiti est\u00e1 prestes a alcan\u00e7ar um grande marco hist\u00f3rico. A partir de 9 de agosto, aproximadamente 6 milh\u00f5es de haitianos escolher\u00e3o 1.280 representantes para administra\u00e7\u00f5es locais, 140 prefeitos, 139 parlamentares e, finalmente, seu presidente, em v\u00e1rios turnos de um processo eleitoral que pode durar at\u00e9 o final do ano. N\u00e3o foi f\u00e1cil chegar a [&hellip;]","og_url":"https:\/\/www.notibras.com\/site\/democracia-renasce-com-eleicoes-e-vive-vibrante-no-haiti\/","og_site_name":"Notibras","article_publisher":"https:\/\/www.facebook.com\/notibras\/","article_published_time":"2015-08-09T01:01:01+00:00","article_modified_time":"2015-08-12T20:27:22+00:00","og_image":[{"width":550,"height":366,"url":"https:\/\/www.notibras.com\/site\/wp-content\/uploads\/2015\/08\/labadee-haiti-2012.jpg","type":"image\/jpeg"}],"author":"Reda\u00e7\u00e3o","twitter_card":"summary_large_image","twitter_creator":"@Notibras","twitter_site":"@Notibras","twitter_misc":{"Escrito por":"Reda\u00e7\u00e3o","Est. tempo de leitura":"3 minutos"},"schema":{"@context":"https:\/\/schema.org","@graph":[{"@type":"Article","@id":"https:\/\/www.notibras.com\/site\/democracia-renasce-com-eleicoes-e-vive-vibrante-no-haiti\/#article","isPartOf":{"@id":"https:\/\/www.notibras.com\/site\/democracia-renasce-com-eleicoes-e-vive-vibrante-no-haiti\/"},"author":{"name":"Reda\u00e7\u00e3o","@id":"https:\/\/www.notibras.com\/site\/#\/schema\/person\/36ab0979449956132d3e5b517ea76ac8"},"headline":"Democracia renasce com elei\u00e7\u00f5es e vive vibrante no Haiti, pa\u00eds antes devastado","datePublished":"2015-08-09T01:01:01+00:00","dateModified":"2015-08-12T20:27:22+00:00","mainEntityOfPage":{"@id":"https:\/\/www.notibras.com\/site\/democracia-renasce-com-eleicoes-e-vive-vibrante-no-haiti\/"},"wordCount":680,"commentCount":0,"publisher":{"@id":"https:\/\/www.notibras.com\/site\/#organization"},"image":{"@id":"https:\/\/www.notibras.com\/site\/democracia-renasce-com-eleicoes-e-vive-vibrante-no-haiti\/#primaryimage"},"thumbnailUrl":"https:\/\/www.notibras.com\/site\/wp-content\/uploads\/2015\/08\/labadee-haiti-2012.jpg","articleSection":["Opina a\u00ed"],"inLanguage":"pt-BR","potentialAction":[{"@type":"CommentAction","name":"Comment","target":["https:\/\/www.notibras.com\/site\/democracia-renasce-com-eleicoes-e-vive-vibrante-no-haiti\/#respond"]}]},{"@type":"WebPage","@id":"https:\/\/www.notibras.com\/site\/democracia-renasce-com-eleicoes-e-vive-vibrante-no-haiti\/","url":"https:\/\/www.notibras.com\/site\/democracia-renasce-com-eleicoes-e-vive-vibrante-no-haiti\/","name":"Democracia renasce com elei\u00e7\u00f5es e vive vibrante no Haiti, pa\u00eds antes devastado - Notibras","isPartOf":{"@id":"https:\/\/www.notibras.com\/site\/#website"},"primaryImageOfPage":{"@id":"https:\/\/www.notibras.com\/site\/democracia-renasce-com-eleicoes-e-vive-vibrante-no-haiti\/#primaryimage"},"image":{"@id":"https:\/\/www.notibras.com\/site\/democracia-renasce-com-eleicoes-e-vive-vibrante-no-haiti\/#primaryimage"},"thumbnailUrl":"https:\/\/www.notibras.com\/site\/wp-content\/uploads\/2015\/08\/labadee-haiti-2012.jpg","datePublished":"2015-08-09T01:01:01+00:00","dateModified":"2015-08-12T20:27:22+00:00","breadcrumb":{"@id":"https:\/\/www.notibras.com\/site\/democracia-renasce-com-eleicoes-e-vive-vibrante-no-haiti\/#breadcrumb"},"inLanguage":"pt-BR","potentialAction":[{"@type":"ReadAction","target":["https:\/\/www.notibras.com\/site\/democracia-renasce-com-eleicoes-e-vive-vibrante-no-haiti\/"]}]},{"@type":"ImageObject","inLanguage":"pt-BR","@id":"https:\/\/www.notibras.com\/site\/democracia-renasce-com-eleicoes-e-vive-vibrante-no-haiti\/#primaryimage","url":"https:\/\/www.notibras.com\/site\/wp-content\/uploads\/2015\/08\/labadee-haiti-2012.jpg","contentUrl":"https:\/\/www.notibras.com\/site\/wp-content\/uploads\/2015\/08\/labadee-haiti-2012.jpg","width":550,"height":366},{"@type":"BreadcrumbList","@id":"https:\/\/www.notibras.com\/site\/democracia-renasce-com-eleicoes-e-vive-vibrante-no-haiti\/#breadcrumb","itemListElement":[{"@type":"ListItem","position":1,"name":"In\u00edcio","item":"https:\/\/www.notibras.com\/site\/"},{"@type":"ListItem","position":2,"name":"Democracia renasce com elei\u00e7\u00f5es e vive vibrante no Haiti, pa\u00eds antes devastado"}]},{"@type":"WebSite","@id":"https:\/\/www.notibras.com\/site\/#website","url":"https:\/\/www.notibras.com\/site\/","name":"Notibras","description":"Not\u00edcias de Bras\u00edlia, do Brasil e do Mundo","publisher":{"@id":"https:\/\/www.notibras.com\/site\/#organization"},"potentialAction":[{"@type":"SearchAction","target":{"@type":"EntryPoint","urlTemplate":"https:\/\/www.notibras.com\/site\/?s={search_term_string}"},"query-input":{"@type":"PropertyValueSpecification","valueRequired":true,"valueName":"search_term_string"}}],"inLanguage":"pt-BR"},{"@type":"Organization","@id":"https:\/\/www.notibras.com\/site\/#organization","name":"Grupo Notibras de Comunica\u00e7\u00e3o","url":"https:\/\/www.notibras.com\/site\/","logo":{"@type":"ImageObject","inLanguage":"pt-BR","@id":"https:\/\/www.notibras.com\/site\/#\/schema\/logo\/image\/","url":"https:\/\/www.notibras.com\/site\/wp-content\/uploads\/2023\/01\/notibras23.png","contentUrl":"https:\/\/www.notibras.com\/site\/wp-content\/uploads\/2023\/01\/notibras23.png","width":350,"height":87,"caption":"Grupo Notibras de Comunica\u00e7\u00e3o"},"image":{"@id":"https:\/\/www.notibras.com\/site\/#\/schema\/logo\/image\/"},"sameAs":["https:\/\/www.facebook.com\/notibras\/","https:\/\/x.com\/Notibras","https:\/\/www.instagram.com\/notibras\/"]},{"@type":"Person","@id":"https:\/\/www.notibras.com\/site\/#\/schema\/person\/36ab0979449956132d3e5b517ea76ac8","name":"Reda\u00e7\u00e3o","image":{"@type":"ImageObject","inLanguage":"pt-BR","@id":"https:\/\/secure.gravatar.com\/avatar\/e0a867bdedb85fd243eadf09663511f96fc81e0720a4a42581f334ad4303aa6b?s=96&d=mm&r=g","url":"https:\/\/secure.gravatar.com\/avatar\/e0a867bdedb85fd243eadf09663511f96fc81e0720a4a42581f334ad4303aa6b?s=96&d=mm&r=g","contentUrl":"https:\/\/secure.gravatar.com\/avatar\/e0a867bdedb85fd243eadf09663511f96fc81e0720a4a42581f334ad4303aa6b?s=96&d=mm&r=g","caption":"Reda\u00e7\u00e3o"}}]}},"amp_enabled":true,"_links":{"self":[{"href":"https:\/\/www.notibras.com\/site\/wp-json\/wp\/v2\/posts\/60821","targetHints":{"allow":["GET"]}}],"collection":[{"href":"https:\/\/www.notibras.com\/site\/wp-json\/wp\/v2\/posts"}],"about":[{"href":"https:\/\/www.notibras.com\/site\/wp-json\/wp\/v2\/types\/post"}],"author":[{"embeddable":true,"href":"https:\/\/www.notibras.com\/site\/wp-json\/wp\/v2\/users\/2"}],"replies":[{"embeddable":true,"href":"https:\/\/www.notibras.com\/site\/wp-json\/wp\/v2\/comments?post=60821"}],"version-history":[{"count":1,"href":"https:\/\/www.notibras.com\/site\/wp-json\/wp\/v2\/posts\/60821\/revisions"}],"predecessor-version":[{"id":61581,"href":"https:\/\/www.notibras.com\/site\/wp-json\/wp\/v2\/posts\/60821\/revisions\/61581"}],"wp:featuredmedia":[{"embeddable":true,"href":"https:\/\/www.notibras.com\/site\/wp-json\/wp\/v2\/media\/60822"}],"wp:attachment":[{"href":"https:\/\/www.notibras.com\/site\/wp-json\/wp\/v2\/media?parent=60821"}],"wp:term":[{"taxonomy":"category","embeddable":true,"href":"https:\/\/www.notibras.com\/site\/wp-json\/wp\/v2\/categories?post=60821"},{"taxonomy":"post_tag","embeddable":true,"href":"https:\/\/www.notibras.com\/site\/wp-json\/wp\/v2\/tags?post=60821"}],"curies":[{"name":"wp","href":"https:\/\/api.w.org\/{rel}","templated":true}]}}