{"id":60872,"date":"2015-08-09T17:11:50","date_gmt":"2015-08-09T20:11:50","guid":{"rendered":"http:\/\/www.notibras.com\/site\/?p=60872"},"modified":"2015-08-09T18:14:06","modified_gmt":"2015-08-09T21:14:06","slug":"prass-pega-penalti-mas-palmeiras-e-derrotado-pelo-cruzeiro","status":"publish","type":"post","link":"https:\/\/www.notibras.com\/site\/prass-pega-penalti-mas-palmeiras-e-derrotado-pelo-cruzeiro\/","title":{"rendered":"Prass pega p\u00eanalti mas Palmeiras \u00e9 derrotado pelo Cruzeiro"},"content":{"rendered":"<p>O Cruzeiro venceu o Palmeiras, na tarde deste domingo, por 2 a 1, no Mineir\u00e3o. Na partida que marcou o reencontro de Marcelo Oliveira com o seu ex-clube, Alisson e Giorgian De Arrascaeta balan\u00e7aram a rede de Fernando Prass e garantiram a vit\u00f3ria do time mandante. O argentino Cristaldo foi quem fez para o visitante.<\/p>\n<p>Com o triunfo, o time comandado por Vanderlei Luxemburgo se distancia da zona de rebaixamento, j\u00e1 o Palmeiras segue distante da luta pela primeira coloca\u00e7\u00e3o do Campeonato Brasileiro, atualmente ocupada pelo Atl\u00e9tico-MG.<\/p>\n<p>O Cruzeiro foi superior ao Palmeiras na primeira etapa. A forma\u00e7\u00e3o implementada por Vanderlei Luxemburgo possibilitou a aproxima\u00e7\u00e3o dos volantes com os homens de frente. N\u00e3o \u00e9 \u00e0 toa que o time precisou de apenas quatro minutos para ficar em vantagem no placar. Alisson recebeu cruzamento rasteiro de Vin\u00edcius Ara\u00fajo e apenas escorou para o fundo da meta advers\u00e1ria.<\/p>\n<p>Mesmo com a superioridade no marcador, o atual bicampe\u00e3o brasileiro seguiu incomodando com finaliza\u00e7\u00f5es de longa dist\u00e2ncia. No fim da etapa inicial, Marinho ainda desperdi\u00e7ou uma cobran\u00e7a de p\u00eanalti.<\/p>\n<blockquote><p>A apatia do Palmeiras no primeiro tempo fez com que Marcelo Oliveira realizasse mudan\u00e7as na forma\u00e7\u00e3o de sua equipe. Cleiton Xavier e Alecsandro entraram e deram outra cara aos paulistas. A dupla criou \u00f3timas oportunidades e exigiu interven\u00e7\u00f5es de F\u00e1bio.<\/p><\/blockquote>\n<p>Mas foi outra altera\u00e7\u00e3o do t\u00e9cnico que possibilitou o empate. Cristaldo entrou na vaga de Robinho e necessitou de apenas dois toques na bola para balan\u00e7ar a rede, anotando um gola\u00e7o da entrada da \u00e1rea. A igualdade, contudo, n\u00e3o persistiu. O Cruzeiro retomou a vantagem no marcador com um gol de Giorgian De Arrascaeta.<\/p>\n","protected":false},"excerpt":{"rendered":"<p>O Cruzeiro venceu o Palmeiras, na tarde deste domingo, por 2 a 1, no Mineir\u00e3o. Na partida que marcou o reencontro de Marcelo Oliveira com o seu ex-clube, Alisson e Giorgian De Arrascaeta balan\u00e7aram a rede de Fernando Prass e garantiram a vit\u00f3ria do time mandante. O argentino Cristaldo foi quem fez para o visitante. [&hellip;]<\/p>\n","protected":false},"author":2,"featured_media":60873,"comment_status":"open","ping_status":"closed","sticky":false,"template":"","format":"standard","meta":{"_acf_changed":false,"footnotes":""},"categories":[19,29],"tags":[],"class_list":["post-60872","post","type-post","status-publish","format-standard","has-post-thumbnail","hentry","category-esportes","category-futebol"],"acf":[],"yoast_head":"<!-- This site is optimized with the Yoast SEO plugin v27.2 - https:\/\/yoast.com\/product\/yoast-seo-wordpress\/ -->\n<title>Prass pega p\u00eanalti mas Palmeiras \u00e9 derrotado pelo Cruzeiro - Notibras<\/title>\n<meta name=\"robots\" content=\"index, follow, max-snippet:-1, max-image-preview:large, max-video-preview:-1\" \/>\n<link rel=\"canonical\" href=\"https:\/\/www.notibras.com\/site\/prass-pega-penalti-mas-palmeiras-e-derrotado-pelo-cruzeiro\/\" \/>\n<meta property=\"og:locale\" content=\"pt_BR\" \/>\n<meta property=\"og:type\" content=\"article\" \/>\n<meta property=\"og:title\" content=\"Prass pega p\u00eanalti mas Palmeiras \u00e9 derrotado pelo Cruzeiro - Notibras\" \/>\n<meta property=\"og:description\" content=\"O Cruzeiro venceu o Palmeiras, na tarde deste domingo, por 2 a 1, no Mineir\u00e3o. Na partida que marcou o reencontro de Marcelo Oliveira com o seu ex-clube, Alisson e Giorgian De Arrascaeta balan\u00e7aram a rede de Fernando Prass e garantiram a vit\u00f3ria do time mandante. O argentino Cristaldo foi quem fez para o visitante. [&hellip;]\" \/>\n<meta property=\"og:url\" content=\"https:\/\/www.notibras.com\/site\/prass-pega-penalti-mas-palmeiras-e-derrotado-pelo-cruzeiro\/\" \/>\n<meta property=\"og:site_name\" content=\"Notibras\" \/>\n<meta property=\"article:publisher\" content=\"https:\/\/www.facebook.com\/notibras\/\" \/>\n<meta property=\"article:published_time\" content=\"2015-08-09T20:11:50+00:00\" \/>\n<meta property=\"article:modified_time\" content=\"2015-08-09T21:14:06+00:00\" \/>\n<meta property=\"og:image\" content=\"https:\/\/www.notibras.com\/site\/wp-content\/uploads\/2015\/08\/Campeonato_Brasileiro_-_Cruzeiro_x_Palmeiras_LANIMA20150809_0099_30.jpg\" \/>\n\t<meta property=\"og:image:width\" content=\"527\" \/>\n\t<meta property=\"og:image:height\" content=\"307\" \/>\n\t<meta property=\"og:image:type\" content=\"image\/jpeg\" \/>\n<meta name=\"author\" content=\"Reda\u00e7\u00e3o\" \/>\n<meta name=\"twitter:card\" content=\"summary_large_image\" \/>\n<meta name=\"twitter:creator\" content=\"@Notibras\" \/>\n<meta name=\"twitter:site\" content=\"@Notibras\" \/>\n<meta name=\"twitter:label1\" content=\"Escrito por\" \/>\n\t<meta name=\"twitter:data1\" content=\"Reda\u00e7\u00e3o\" \/>\n\t<meta name=\"twitter:label2\" content=\"Est. tempo de leitura\" \/>\n\t<meta name=\"twitter:data2\" content=\"1 minuto\" \/>\n<script type=\"application\/ld+json\" class=\"yoast-schema-graph\">{\"@context\":\"https:\/\/schema.org\",\"@graph\":[{\"@type\":\"Article\",\"@id\":\"https:\/\/www.notibras.com\/site\/prass-pega-penalti-mas-palmeiras-e-derrotado-pelo-cruzeiro\/#article\",\"isPartOf\":{\"@id\":\"https:\/\/www.notibras.com\/site\/prass-pega-penalti-mas-palmeiras-e-derrotado-pelo-cruzeiro\/\"},\"author\":{\"name\":\"Reda\u00e7\u00e3o\",\"@id\":\"https:\/\/www.notibras.com\/site\/#\/schema\/person\/36ab0979449956132d3e5b517ea76ac8\"},\"headline\":\"Prass pega p\u00eanalti mas Palmeiras \u00e9 derrotado pelo Cruzeiro\",\"datePublished\":\"2015-08-09T20:11:50+00:00\",\"dateModified\":\"2015-08-09T21:14:06+00:00\",\"mainEntityOfPage\":{\"@id\":\"https:\/\/www.notibras.com\/site\/prass-pega-penalti-mas-palmeiras-e-derrotado-pelo-cruzeiro\/\"},\"wordCount\":300,\"commentCount\":0,\"publisher\":{\"@id\":\"https:\/\/www.notibras.com\/site\/#organization\"},\"image\":{\"@id\":\"https:\/\/www.notibras.com\/site\/prass-pega-penalti-mas-palmeiras-e-derrotado-pelo-cruzeiro\/#primaryimage\"},\"thumbnailUrl\":\"https:\/\/www.notibras.com\/site\/wp-content\/uploads\/2015\/08\/Campeonato_Brasileiro_-_Cruzeiro_x_Palmeiras_LANIMA20150809_0099_30.jpg\",\"articleSection\":[\"Esportes\",\"Futebol\"],\"inLanguage\":\"pt-BR\",\"potentialAction\":[{\"@type\":\"CommentAction\",\"name\":\"Comment\",\"target\":[\"https:\/\/www.notibras.com\/site\/prass-pega-penalti-mas-palmeiras-e-derrotado-pelo-cruzeiro\/#respond\"]}]},{\"@type\":\"WebPage\",\"@id\":\"https:\/\/www.notibras.com\/site\/prass-pega-penalti-mas-palmeiras-e-derrotado-pelo-cruzeiro\/\",\"url\":\"https:\/\/www.notibras.com\/site\/prass-pega-penalti-mas-palmeiras-e-derrotado-pelo-cruzeiro\/\",\"name\":\"Prass pega p\u00eanalti mas Palmeiras \u00e9 derrotado pelo Cruzeiro - Notibras\",\"isPartOf\":{\"@id\":\"https:\/\/www.notibras.com\/site\/#website\"},\"primaryImageOfPage\":{\"@id\":\"https:\/\/www.notibras.com\/site\/prass-pega-penalti-mas-palmeiras-e-derrotado-pelo-cruzeiro\/#primaryimage\"},\"image\":{\"@id\":\"https:\/\/www.notibras.com\/site\/prass-pega-penalti-mas-palmeiras-e-derrotado-pelo-cruzeiro\/#primaryimage\"},\"thumbnailUrl\":\"https:\/\/www.notibras.com\/site\/wp-content\/uploads\/2015\/08\/Campeonato_Brasileiro_-_Cruzeiro_x_Palmeiras_LANIMA20150809_0099_30.jpg\",\"datePublished\":\"2015-08-09T20:11:50+00:00\",\"dateModified\":\"2015-08-09T21:14:06+00:00\",\"breadcrumb\":{\"@id\":\"https:\/\/www.notibras.com\/site\/prass-pega-penalti-mas-palmeiras-e-derrotado-pelo-cruzeiro\/#breadcrumb\"},\"inLanguage\":\"pt-BR\",\"potentialAction\":[{\"@type\":\"ReadAction\",\"target\":[\"https:\/\/www.notibras.com\/site\/prass-pega-penalti-mas-palmeiras-e-derrotado-pelo-cruzeiro\/\"]}]},{\"@type\":\"ImageObject\",\"inLanguage\":\"pt-BR\",\"@id\":\"https:\/\/www.notibras.com\/site\/prass-pega-penalti-mas-palmeiras-e-derrotado-pelo-cruzeiro\/#primaryimage\",\"url\":\"https:\/\/www.notibras.com\/site\/wp-content\/uploads\/2015\/08\/Campeonato_Brasileiro_-_Cruzeiro_x_Palmeiras_LANIMA20150809_0099_30.jpg\",\"contentUrl\":\"https:\/\/www.notibras.com\/site\/wp-content\/uploads\/2015\/08\/Campeonato_Brasileiro_-_Cruzeiro_x_Palmeiras_LANIMA20150809_0099_30.jpg\",\"width\":527,\"height\":307},{\"@type\":\"BreadcrumbList\",\"@id\":\"https:\/\/www.notibras.com\/site\/prass-pega-penalti-mas-palmeiras-e-derrotado-pelo-cruzeiro\/#breadcrumb\",\"itemListElement\":[{\"@type\":\"ListItem\",\"position\":1,\"name\":\"In\u00edcio\",\"item\":\"https:\/\/www.notibras.com\/site\/\"},{\"@type\":\"ListItem\",\"position\":2,\"name\":\"Prass pega p\u00eanalti mas Palmeiras \u00e9 derrotado pelo Cruzeiro\"}]},{\"@type\":\"WebSite\",\"@id\":\"https:\/\/www.notibras.com\/site\/#website\",\"url\":\"https:\/\/www.notibras.com\/site\/\",\"name\":\"Notibras\",\"description\":\"Not\u00edcias de Bras\u00edlia, do Brasil e do Mundo\",\"publisher\":{\"@id\":\"https:\/\/www.notibras.com\/site\/#organization\"},\"potentialAction\":[{\"@type\":\"SearchAction\",\"target\":{\"@type\":\"EntryPoint\",\"urlTemplate\":\"https:\/\/www.notibras.com\/site\/?s={search_term_string}\"},\"query-input\":{\"@type\":\"PropertyValueSpecification\",\"valueRequired\":true,\"valueName\":\"search_term_string\"}}],\"inLanguage\":\"pt-BR\"},{\"@type\":\"Organization\",\"@id\":\"https:\/\/www.notibras.com\/site\/#organization\",\"name\":\"Grupo Notibras de Comunica\u00e7\u00e3o\",\"url\":\"https:\/\/www.notibras.com\/site\/\",\"logo\":{\"@type\":\"ImageObject\",\"inLanguage\":\"pt-BR\",\"@id\":\"https:\/\/www.notibras.com\/site\/#\/schema\/logo\/image\/\",\"url\":\"https:\/\/www.notibras.com\/site\/wp-content\/uploads\/2023\/01\/notibras23.png\",\"contentUrl\":\"https:\/\/www.notibras.com\/site\/wp-content\/uploads\/2023\/01\/notibras23.png\",\"width\":350,\"height\":87,\"caption\":\"Grupo Notibras de Comunica\u00e7\u00e3o\"},\"image\":{\"@id\":\"https:\/\/www.notibras.com\/site\/#\/schema\/logo\/image\/\"},\"sameAs\":[\"https:\/\/www.facebook.com\/notibras\/\",\"https:\/\/x.com\/Notibras\",\"https:\/\/www.instagram.com\/notibras\/\"]},{\"@type\":\"Person\",\"@id\":\"https:\/\/www.notibras.com\/site\/#\/schema\/person\/36ab0979449956132d3e5b517ea76ac8\",\"name\":\"Reda\u00e7\u00e3o\",\"image\":{\"@type\":\"ImageObject\",\"inLanguage\":\"pt-BR\",\"@id\":\"https:\/\/secure.gravatar.com\/avatar\/e0a867bdedb85fd243eadf09663511f96fc81e0720a4a42581f334ad4303aa6b?s=96&d=mm&r=g\",\"url\":\"https:\/\/secure.gravatar.com\/avatar\/e0a867bdedb85fd243eadf09663511f96fc81e0720a4a42581f334ad4303aa6b?s=96&d=mm&r=g\",\"contentUrl\":\"https:\/\/secure.gravatar.com\/avatar\/e0a867bdedb85fd243eadf09663511f96fc81e0720a4a42581f334ad4303aa6b?s=96&d=mm&r=g\",\"caption\":\"Reda\u00e7\u00e3o\"}}]}<\/script>\n<!-- \/ Yoast SEO plugin. -->","yoast_head_json":{"title":"Prass pega p\u00eanalti mas Palmeiras \u00e9 derrotado pelo Cruzeiro - Notibras","robots":{"index":"index","follow":"follow","max-snippet":"max-snippet:-1","max-image-preview":"max-image-preview:large","max-video-preview":"max-video-preview:-1"},"canonical":"https:\/\/www.notibras.com\/site\/prass-pega-penalti-mas-palmeiras-e-derrotado-pelo-cruzeiro\/","og_locale":"pt_BR","og_type":"article","og_title":"Prass pega p\u00eanalti mas Palmeiras \u00e9 derrotado pelo Cruzeiro - Notibras","og_description":"O Cruzeiro venceu o Palmeiras, na tarde deste domingo, por 2 a 1, no Mineir\u00e3o. Na partida que marcou o reencontro de Marcelo Oliveira com o seu ex-clube, Alisson e Giorgian De Arrascaeta balan\u00e7aram a rede de Fernando Prass e garantiram a vit\u00f3ria do time mandante. O argentino Cristaldo foi quem fez para o visitante. [&hellip;]","og_url":"https:\/\/www.notibras.com\/site\/prass-pega-penalti-mas-palmeiras-e-derrotado-pelo-cruzeiro\/","og_site_name":"Notibras","article_publisher":"https:\/\/www.facebook.com\/notibras\/","article_published_time":"2015-08-09T20:11:50+00:00","article_modified_time":"2015-08-09T21:14:06+00:00","og_image":[{"width":527,"height":307,"url":"https:\/\/www.notibras.com\/site\/wp-content\/uploads\/2015\/08\/Campeonato_Brasileiro_-_Cruzeiro_x_Palmeiras_LANIMA20150809_0099_30.jpg","type":"image\/jpeg"}],"author":"Reda\u00e7\u00e3o","twitter_card":"summary_large_image","twitter_creator":"@Notibras","twitter_site":"@Notibras","twitter_misc":{"Escrito por":"Reda\u00e7\u00e3o","Est. tempo de leitura":"1 minuto"},"schema":{"@context":"https:\/\/schema.org","@graph":[{"@type":"Article","@id":"https:\/\/www.notibras.com\/site\/prass-pega-penalti-mas-palmeiras-e-derrotado-pelo-cruzeiro\/#article","isPartOf":{"@id":"https:\/\/www.notibras.com\/site\/prass-pega-penalti-mas-palmeiras-e-derrotado-pelo-cruzeiro\/"},"author":{"name":"Reda\u00e7\u00e3o","@id":"https:\/\/www.notibras.com\/site\/#\/schema\/person\/36ab0979449956132d3e5b517ea76ac8"},"headline":"Prass pega p\u00eanalti mas Palmeiras \u00e9 derrotado pelo Cruzeiro","datePublished":"2015-08-09T20:11:50+00:00","dateModified":"2015-08-09T21:14:06+00:00","mainEntityOfPage":{"@id":"https:\/\/www.notibras.com\/site\/prass-pega-penalti-mas-palmeiras-e-derrotado-pelo-cruzeiro\/"},"wordCount":300,"commentCount":0,"publisher":{"@id":"https:\/\/www.notibras.com\/site\/#organization"},"image":{"@id":"https:\/\/www.notibras.com\/site\/prass-pega-penalti-mas-palmeiras-e-derrotado-pelo-cruzeiro\/#primaryimage"},"thumbnailUrl":"https:\/\/www.notibras.com\/site\/wp-content\/uploads\/2015\/08\/Campeonato_Brasileiro_-_Cruzeiro_x_Palmeiras_LANIMA20150809_0099_30.jpg","articleSection":["Esportes","Futebol"],"inLanguage":"pt-BR","potentialAction":[{"@type":"CommentAction","name":"Comment","target":["https:\/\/www.notibras.com\/site\/prass-pega-penalti-mas-palmeiras-e-derrotado-pelo-cruzeiro\/#respond"]}]},{"@type":"WebPage","@id":"https:\/\/www.notibras.com\/site\/prass-pega-penalti-mas-palmeiras-e-derrotado-pelo-cruzeiro\/","url":"https:\/\/www.notibras.com\/site\/prass-pega-penalti-mas-palmeiras-e-derrotado-pelo-cruzeiro\/","name":"Prass pega p\u00eanalti mas Palmeiras \u00e9 derrotado pelo Cruzeiro - Notibras","isPartOf":{"@id":"https:\/\/www.notibras.com\/site\/#website"},"primaryImageOfPage":{"@id":"https:\/\/www.notibras.com\/site\/prass-pega-penalti-mas-palmeiras-e-derrotado-pelo-cruzeiro\/#primaryimage"},"image":{"@id":"https:\/\/www.notibras.com\/site\/prass-pega-penalti-mas-palmeiras-e-derrotado-pelo-cruzeiro\/#primaryimage"},"thumbnailUrl":"https:\/\/www.notibras.com\/site\/wp-content\/uploads\/2015\/08\/Campeonato_Brasileiro_-_Cruzeiro_x_Palmeiras_LANIMA20150809_0099_30.jpg","datePublished":"2015-08-09T20:11:50+00:00","dateModified":"2015-08-09T21:14:06+00:00","breadcrumb":{"@id":"https:\/\/www.notibras.com\/site\/prass-pega-penalti-mas-palmeiras-e-derrotado-pelo-cruzeiro\/#breadcrumb"},"inLanguage":"pt-BR","potentialAction":[{"@type":"ReadAction","target":["https:\/\/www.notibras.com\/site\/prass-pega-penalti-mas-palmeiras-e-derrotado-pelo-cruzeiro\/"]}]},{"@type":"ImageObject","inLanguage":"pt-BR","@id":"https:\/\/www.notibras.com\/site\/prass-pega-penalti-mas-palmeiras-e-derrotado-pelo-cruzeiro\/#primaryimage","url":"https:\/\/www.notibras.com\/site\/wp-content\/uploads\/2015\/08\/Campeonato_Brasileiro_-_Cruzeiro_x_Palmeiras_LANIMA20150809_0099_30.jpg","contentUrl":"https:\/\/www.notibras.com\/site\/wp-content\/uploads\/2015\/08\/Campeonato_Brasileiro_-_Cruzeiro_x_Palmeiras_LANIMA20150809_0099_30.jpg","width":527,"height":307},{"@type":"BreadcrumbList","@id":"https:\/\/www.notibras.com\/site\/prass-pega-penalti-mas-palmeiras-e-derrotado-pelo-cruzeiro\/#breadcrumb","itemListElement":[{"@type":"ListItem","position":1,"name":"In\u00edcio","item":"https:\/\/www.notibras.com\/site\/"},{"@type":"ListItem","position":2,"name":"Prass pega p\u00eanalti mas Palmeiras \u00e9 derrotado pelo Cruzeiro"}]},{"@type":"WebSite","@id":"https:\/\/www.notibras.com\/site\/#website","url":"https:\/\/www.notibras.com\/site\/","name":"Notibras","description":"Not\u00edcias de Bras\u00edlia, do Brasil e do Mundo","publisher":{"@id":"https:\/\/www.notibras.com\/site\/#organization"},"potentialAction":[{"@type":"SearchAction","target":{"@type":"EntryPoint","urlTemplate":"https:\/\/www.notibras.com\/site\/?s={search_term_string}"},"query-input":{"@type":"PropertyValueSpecification","valueRequired":true,"valueName":"search_term_string"}}],"inLanguage":"pt-BR"},{"@type":"Organization","@id":"https:\/\/www.notibras.com\/site\/#organization","name":"Grupo Notibras de Comunica\u00e7\u00e3o","url":"https:\/\/www.notibras.com\/site\/","logo":{"@type":"ImageObject","inLanguage":"pt-BR","@id":"https:\/\/www.notibras.com\/site\/#\/schema\/logo\/image\/","url":"https:\/\/www.notibras.com\/site\/wp-content\/uploads\/2023\/01\/notibras23.png","contentUrl":"https:\/\/www.notibras.com\/site\/wp-content\/uploads\/2023\/01\/notibras23.png","width":350,"height":87,"caption":"Grupo Notibras de Comunica\u00e7\u00e3o"},"image":{"@id":"https:\/\/www.notibras.com\/site\/#\/schema\/logo\/image\/"},"sameAs":["https:\/\/www.facebook.com\/notibras\/","https:\/\/x.com\/Notibras","https:\/\/www.instagram.com\/notibras\/"]},{"@type":"Person","@id":"https:\/\/www.notibras.com\/site\/#\/schema\/person\/36ab0979449956132d3e5b517ea76ac8","name":"Reda\u00e7\u00e3o","image":{"@type":"ImageObject","inLanguage":"pt-BR","@id":"https:\/\/secure.gravatar.com\/avatar\/e0a867bdedb85fd243eadf09663511f96fc81e0720a4a42581f334ad4303aa6b?s=96&d=mm&r=g","url":"https:\/\/secure.gravatar.com\/avatar\/e0a867bdedb85fd243eadf09663511f96fc81e0720a4a42581f334ad4303aa6b?s=96&d=mm&r=g","contentUrl":"https:\/\/secure.gravatar.com\/avatar\/e0a867bdedb85fd243eadf09663511f96fc81e0720a4a42581f334ad4303aa6b?s=96&d=mm&r=g","caption":"Reda\u00e7\u00e3o"}}]}},"amp_enabled":true,"_links":{"self":[{"href":"https:\/\/www.notibras.com\/site\/wp-json\/wp\/v2\/posts\/60872","targetHints":{"allow":["GET"]}}],"collection":[{"href":"https:\/\/www.notibras.com\/site\/wp-json\/wp\/v2\/posts"}],"about":[{"href":"https:\/\/www.notibras.com\/site\/wp-json\/wp\/v2\/types\/post"}],"author":[{"embeddable":true,"href":"https:\/\/www.notibras.com\/site\/wp-json\/wp\/v2\/users\/2"}],"replies":[{"embeddable":true,"href":"https:\/\/www.notibras.com\/site\/wp-json\/wp\/v2\/comments?post=60872"}],"version-history":[{"count":0,"href":"https:\/\/www.notibras.com\/site\/wp-json\/wp\/v2\/posts\/60872\/revisions"}],"wp:featuredmedia":[{"embeddable":true,"href":"https:\/\/www.notibras.com\/site\/wp-json\/wp\/v2\/media\/60873"}],"wp:attachment":[{"href":"https:\/\/www.notibras.com\/site\/wp-json\/wp\/v2\/media?parent=60872"}],"wp:term":[{"taxonomy":"category","embeddable":true,"href":"https:\/\/www.notibras.com\/site\/wp-json\/wp\/v2\/categories?post=60872"},{"taxonomy":"post_tag","embeddable":true,"href":"https:\/\/www.notibras.com\/site\/wp-json\/wp\/v2\/tags?post=60872"}],"curies":[{"name":"wp","href":"https:\/\/api.w.org\/{rel}","templated":true}]}}