{"id":60888,"date":"2015-08-09T20:54:45","date_gmt":"2015-08-09T23:54:45","guid":{"rendered":"http:\/\/www.notibras.com\/site\/?p=60888"},"modified":"2015-08-10T08:59:43","modified_gmt":"2015-08-10T11:59:43","slug":"gremio-arrasador-faz-5-a-0-no-arquirrival-inter-e-pula-para-terceiro","status":"publish","type":"post","link":"https:\/\/www.notibras.com\/site\/gremio-arrasador-faz-5-a-0-no-arquirrival-inter-e-pula-para-terceiro\/","title":{"rendered":"Gr\u00eamio arrasador faz 5 a 0 no Inter e pula para terceiro"},"content":{"rendered":"<p>O torcedor do Gr\u00eamio pudesse pedir aos c\u00e9us uma rodada perfeita, dificilmente ela seria melhor que a deste fim de semana. Al\u00e9m de ver todos os sete times que estavam \u00e0 sua frente trope\u00e7arem, o Tricolor enfiou 5 a 0 no arquirrival Internacional, com grande facilidade na Arena. Giuliano fez um, Luan dois, Fernandinho mais um e R\u00e9ver, contra, completou o placar para o time de Roger Machado, que encerra a rodada na 3\u00aa coloca\u00e7\u00e3o do Brasileiro.<\/p>\n<p>Animado com a boa chance de voltar ao G4, o Gr\u00eamio dominou o Inter no primeiro tempo. Chegou a perder um p\u00eanalti com Douglas, mas foi para o intervalo com uma vantagem merecida de 2 a 0. As j\u00e1 pequenas chances de rea\u00e7\u00e3o do Colorado ru\u00edram de vez no comecinho da etapa final, quando Luan fez seu segundo gol no jogo. O interino Odair Hellmann fechou o time temendo levar uma goleada ainda maior, mas Fernandinho ainda fez mais um e R\u00e9ver marcou contra no fim do jogo.<\/p>\n<p>Com a goleada, o Gr\u00eamio chega a 30 pontos, ultrapassando Fluminense, Sport , Atl\u00e9tico-PR , Palmeiras e S\u00e3o Paulo. O Inter, com 21, \u00e9 apenas o 12\u00ba. Na quarta, o Colorado receber\u00e1 o Fluminense no Beira-Rio. J\u00e1 o Tricolor tem compromisso complicad\u00edssimo contra o l\u00edder Atl\u00e9tico-MG , quinta, no Mineir\u00e3o.<\/p>\n<blockquote><p>Sem D\u2019Alessandro, com les\u00e3o no quadril, o interino Odair Hellmann decidiu refor\u00e7ar a marca\u00e7\u00e3o, escalando tr\u00eas volantes \u2013 Rodrigo Dourado, Wellington e Anderson. Por\u00e9m, o Gr\u00eamio dominou completamente o primeiro tempo. Precisando vencer para voltar ao G4, o time de Roger Machado n\u00e3o tomou conhecimento do rival.<\/p><\/blockquote>\n<p>Logo aos quatro minutos, Giuliano escapou da marca\u00e7\u00e3o colorada na \u00e1rea e serviu Luan, que perdeu grande chance na pequena \u00e1rea. Aos 10, o time da casa perdeu um p\u00eanalti: Pedro Rocha recebeu de Douglas e bateu cruzado. Alisson deu rebote, Giuliano pegou o rebote e foi derrubado pelo goleiro do Inter. Douglas cobrou para fora.<\/p>\n<p>Apesar do erro na penalidade, o Gr\u00eamio n\u00e3o esmoreceu. Aos 15, Pedro Rocha chutou com perigo por cima do gol. Dois minutos mais tarde, Marcelo Oliveira foi brecado na hora de arrematar dentro da \u00e1rea. O Inter, ent\u00e3o, acalmou o jogo e respondeu em boa jogada de Vald\u00edvia, travado por Maicon na hora do chute. Aos 31, Sasha cruzou buscando Lisandro L\u00f3pez, mas Edinho salvou de carrinho.<\/p>\n<p>Quando o jogo come\u00e7ava a ficar equilibrado, o Gr\u00eamio abriu o placar: aos 34, Galhardo bateu escanteio, Lisandro tirou de cabe\u00e7a e Giuliano pegou de primeira, de canhota, acertando o \u00e2ngulo de Alisson. O gola\u00e7o for\u00e7ou o Inter a sair para o jogo: aos 37, Wellington invadiu a \u00e1rea pela esquerda e chutou nos p\u00e9s de Marcelo Grohe. Cinco minutos depois, por\u00e9m, o Tricolor ampliaria: Erazo roubou bola no campo de ataque e tocou para Luan, que conduziu pelo meio e bateu rasteiro, surpreendendo Alisson. Juan e Pedro Rocha ainda perderam \u00f3timas chances de marcar antes do intervalo.<\/p>\n<p>O Inter voltou para o segundo tempo com Alex no lugar de Anderson. Por\u00e9m, o Gr\u00eamio n\u00e3o tardou a fazer o terceiro: Pedro Rocha recebeu pela esquerda e bateu cruzado. A bola passou por Giuliano, mas n\u00e3o por Luan, que dominou na pequena \u00e1rea e, com calma, fez 3 a 0. O gol minou qualquer chance de rea\u00e7\u00e3o colorada. Aos sete, Luan deixou Pedro Rocha na cara do gol, mas Alisson saiu e salvou o quarto.<\/p>\n<p>Temendo um fiasco ainda maior, Hellmann tirou o centroavante Lisandro L\u00f3pez e colocou em campo o volante Nilton. Tamb\u00e9m por conta de um diminui\u00e7\u00e3o de ritmo gremista, o Inter melhorou. Aos 15, Alex soltou uma bomba na trave. Wellington, na sobra, bateu para fora. Ap\u00f3s o susto, o Gr\u00eamio se refez em campo e teve boa chegada aos 21, em chute perigoso de Douglas para fora.<\/p>\n<blockquote><p>E o pesadelo colorado n\u00e3o tinha fim. Mesmo retrancado e sem nenhum atacante em campo, o Inter levou o quarto aos 30, quando Maicon lan\u00e7ou Fernandinho na cara do gol. Ele driblou Alisson e fez seu primeiro gol com a camisa gremista. Aos 34, Bob\u00f4 estreou pelo Gr\u00eamio no lugar de Luan, o melhor em campo, ovacionado pelos 46 mil torcedores presentes. Aos 39, Fernandinho arrancou livre de novo pela esquerda e cruzou. R\u00e9ver tentou cortar e fez contra.<\/p><\/blockquote>\n","protected":false},"excerpt":{"rendered":"<p>O torcedor do Gr\u00eamio pudesse pedir aos c\u00e9us uma rodada perfeita, dificilmente ela seria melhor que a deste fim de semana. Al\u00e9m de ver todos os sete times que estavam \u00e0 sua frente trope\u00e7arem, o Tricolor enfiou 5 a 0 no arquirrival Internacional, com grande facilidade na Arena. Giuliano fez um, Luan dois, Fernandinho mais [&hellip;]<\/p>\n","protected":false},"author":2,"featured_media":60889,"comment_status":"open","ping_status":"closed","sticky":false,"template":"","format":"standard","meta":{"_acf_changed":false,"footnotes":""},"categories":[19,29],"tags":[],"class_list":["post-60888","post","type-post","status-publish","format-standard","has-post-thumbnail","hentry","category-esportes","category-futebol"],"acf":[],"yoast_head":"<!-- This site is optimized with the Yoast SEO plugin v27.2 - https:\/\/yoast.com\/product\/yoast-seo-wordpress\/ -->\n<title>Gr\u00eamio arrasador faz 5 a 0 no Inter e pula para terceiro - Notibras<\/title>\n<meta name=\"robots\" content=\"index, follow, max-snippet:-1, max-image-preview:large, max-video-preview:-1\" \/>\n<link rel=\"canonical\" href=\"https:\/\/www.notibras.com\/site\/gremio-arrasador-faz-5-a-0-no-arquirrival-inter-e-pula-para-terceiro\/\" \/>\n<meta property=\"og:locale\" content=\"pt_BR\" \/>\n<meta property=\"og:type\" content=\"article\" \/>\n<meta property=\"og:title\" content=\"Gr\u00eamio arrasador faz 5 a 0 no Inter e pula para terceiro - Notibras\" \/>\n<meta property=\"og:description\" content=\"O torcedor do Gr\u00eamio pudesse pedir aos c\u00e9us uma rodada perfeita, dificilmente ela seria melhor que a deste fim de semana. Al\u00e9m de ver todos os sete times que estavam \u00e0 sua frente trope\u00e7arem, o Tricolor enfiou 5 a 0 no arquirrival Internacional, com grande facilidade na Arena. Giuliano fez um, Luan dois, Fernandinho mais [&hellip;]\" \/>\n<meta property=\"og:url\" content=\"https:\/\/www.notibras.com\/site\/gremio-arrasador-faz-5-a-0-no-arquirrival-inter-e-pula-para-terceiro\/\" \/>\n<meta property=\"og:site_name\" content=\"Notibras\" \/>\n<meta property=\"article:publisher\" content=\"https:\/\/www.facebook.com\/notibras\/\" \/>\n<meta property=\"article:published_time\" content=\"2015-08-09T23:54:45+00:00\" \/>\n<meta property=\"article:modified_time\" content=\"2015-08-10T11:59:43+00:00\" \/>\n<meta property=\"og:image\" content=\"https:\/\/www.notibras.com\/site\/wp-content\/uploads\/2015\/08\/comemoragremioxinterlucasuebelgremio.jpg\" \/>\n\t<meta property=\"og:image:width\" content=\"940\" \/>\n\t<meta property=\"og:image:height\" content=\"627\" \/>\n\t<meta property=\"og:image:type\" content=\"image\/jpeg\" \/>\n<meta name=\"author\" content=\"Reda\u00e7\u00e3o\" \/>\n<meta name=\"twitter:card\" content=\"summary_large_image\" \/>\n<meta name=\"twitter:creator\" content=\"@Notibras\" \/>\n<meta name=\"twitter:site\" content=\"@Notibras\" \/>\n<meta name=\"twitter:label1\" content=\"Escrito por\" \/>\n\t<meta name=\"twitter:data1\" content=\"Reda\u00e7\u00e3o\" \/>\n\t<meta name=\"twitter:label2\" content=\"Est. tempo de leitura\" \/>\n\t<meta name=\"twitter:data2\" content=\"4 minutos\" \/>\n<script type=\"application\/ld+json\" class=\"yoast-schema-graph\">{\"@context\":\"https:\/\/schema.org\",\"@graph\":[{\"@type\":\"Article\",\"@id\":\"https:\/\/www.notibras.com\/site\/gremio-arrasador-faz-5-a-0-no-arquirrival-inter-e-pula-para-terceiro\/#article\",\"isPartOf\":{\"@id\":\"https:\/\/www.notibras.com\/site\/gremio-arrasador-faz-5-a-0-no-arquirrival-inter-e-pula-para-terceiro\/\"},\"author\":{\"name\":\"Reda\u00e7\u00e3o\",\"@id\":\"https:\/\/www.notibras.com\/site\/#\/schema\/person\/36ab0979449956132d3e5b517ea76ac8\"},\"headline\":\"Gr\u00eamio arrasador faz 5 a 0 no Inter e pula para terceiro\",\"datePublished\":\"2015-08-09T23:54:45+00:00\",\"dateModified\":\"2015-08-10T11:59:43+00:00\",\"mainEntityOfPage\":{\"@id\":\"https:\/\/www.notibras.com\/site\/gremio-arrasador-faz-5-a-0-no-arquirrival-inter-e-pula-para-terceiro\/\"},\"wordCount\":742,\"commentCount\":0,\"publisher\":{\"@id\":\"https:\/\/www.notibras.com\/site\/#organization\"},\"image\":{\"@id\":\"https:\/\/www.notibras.com\/site\/gremio-arrasador-faz-5-a-0-no-arquirrival-inter-e-pula-para-terceiro\/#primaryimage\"},\"thumbnailUrl\":\"https:\/\/www.notibras.com\/site\/wp-content\/uploads\/2015\/08\/comemoragremioxinterlucasuebelgremio.jpg\",\"articleSection\":[\"Esportes\",\"Futebol\"],\"inLanguage\":\"pt-BR\",\"potentialAction\":[{\"@type\":\"CommentAction\",\"name\":\"Comment\",\"target\":[\"https:\/\/www.notibras.com\/site\/gremio-arrasador-faz-5-a-0-no-arquirrival-inter-e-pula-para-terceiro\/#respond\"]}]},{\"@type\":\"WebPage\",\"@id\":\"https:\/\/www.notibras.com\/site\/gremio-arrasador-faz-5-a-0-no-arquirrival-inter-e-pula-para-terceiro\/\",\"url\":\"https:\/\/www.notibras.com\/site\/gremio-arrasador-faz-5-a-0-no-arquirrival-inter-e-pula-para-terceiro\/\",\"name\":\"Gr\u00eamio arrasador faz 5 a 0 no Inter e pula para terceiro - Notibras\",\"isPartOf\":{\"@id\":\"https:\/\/www.notibras.com\/site\/#website\"},\"primaryImageOfPage\":{\"@id\":\"https:\/\/www.notibras.com\/site\/gremio-arrasador-faz-5-a-0-no-arquirrival-inter-e-pula-para-terceiro\/#primaryimage\"},\"image\":{\"@id\":\"https:\/\/www.notibras.com\/site\/gremio-arrasador-faz-5-a-0-no-arquirrival-inter-e-pula-para-terceiro\/#primaryimage\"},\"thumbnailUrl\":\"https:\/\/www.notibras.com\/site\/wp-content\/uploads\/2015\/08\/comemoragremioxinterlucasuebelgremio.jpg\",\"datePublished\":\"2015-08-09T23:54:45+00:00\",\"dateModified\":\"2015-08-10T11:59:43+00:00\",\"breadcrumb\":{\"@id\":\"https:\/\/www.notibras.com\/site\/gremio-arrasador-faz-5-a-0-no-arquirrival-inter-e-pula-para-terceiro\/#breadcrumb\"},\"inLanguage\":\"pt-BR\",\"potentialAction\":[{\"@type\":\"ReadAction\",\"target\":[\"https:\/\/www.notibras.com\/site\/gremio-arrasador-faz-5-a-0-no-arquirrival-inter-e-pula-para-terceiro\/\"]}]},{\"@type\":\"ImageObject\",\"inLanguage\":\"pt-BR\",\"@id\":\"https:\/\/www.notibras.com\/site\/gremio-arrasador-faz-5-a-0-no-arquirrival-inter-e-pula-para-terceiro\/#primaryimage\",\"url\":\"https:\/\/www.notibras.com\/site\/wp-content\/uploads\/2015\/08\/comemoragremioxinterlucasuebelgremio.jpg\",\"contentUrl\":\"https:\/\/www.notibras.com\/site\/wp-content\/uploads\/2015\/08\/comemoragremioxinterlucasuebelgremio.jpg\",\"width\":940,\"height\":627,\"caption\":\"Foto\/Arquivo Notibras\"},{\"@type\":\"BreadcrumbList\",\"@id\":\"https:\/\/www.notibras.com\/site\/gremio-arrasador-faz-5-a-0-no-arquirrival-inter-e-pula-para-terceiro\/#breadcrumb\",\"itemListElement\":[{\"@type\":\"ListItem\",\"position\":1,\"name\":\"In\u00edcio\",\"item\":\"https:\/\/www.notibras.com\/site\/\"},{\"@type\":\"ListItem\",\"position\":2,\"name\":\"Gr\u00eamio arrasador faz 5 a 0 no Inter e pula para terceiro\"}]},{\"@type\":\"WebSite\",\"@id\":\"https:\/\/www.notibras.com\/site\/#website\",\"url\":\"https:\/\/www.notibras.com\/site\/\",\"name\":\"Notibras\",\"description\":\"Not\u00edcias de Bras\u00edlia, do Brasil e do Mundo\",\"publisher\":{\"@id\":\"https:\/\/www.notibras.com\/site\/#organization\"},\"potentialAction\":[{\"@type\":\"SearchAction\",\"target\":{\"@type\":\"EntryPoint\",\"urlTemplate\":\"https:\/\/www.notibras.com\/site\/?s={search_term_string}\"},\"query-input\":{\"@type\":\"PropertyValueSpecification\",\"valueRequired\":true,\"valueName\":\"search_term_string\"}}],\"inLanguage\":\"pt-BR\"},{\"@type\":\"Organization\",\"@id\":\"https:\/\/www.notibras.com\/site\/#organization\",\"name\":\"Grupo Notibras de Comunica\u00e7\u00e3o\",\"url\":\"https:\/\/www.notibras.com\/site\/\",\"logo\":{\"@type\":\"ImageObject\",\"inLanguage\":\"pt-BR\",\"@id\":\"https:\/\/www.notibras.com\/site\/#\/schema\/logo\/image\/\",\"url\":\"https:\/\/www.notibras.com\/site\/wp-content\/uploads\/2023\/01\/notibras23.png\",\"contentUrl\":\"https:\/\/www.notibras.com\/site\/wp-content\/uploads\/2023\/01\/notibras23.png\",\"width\":350,\"height\":87,\"caption\":\"Grupo Notibras de Comunica\u00e7\u00e3o\"},\"image\":{\"@id\":\"https:\/\/www.notibras.com\/site\/#\/schema\/logo\/image\/\"},\"sameAs\":[\"https:\/\/www.facebook.com\/notibras\/\",\"https:\/\/x.com\/Notibras\",\"https:\/\/www.instagram.com\/notibras\/\"]},{\"@type\":\"Person\",\"@id\":\"https:\/\/www.notibras.com\/site\/#\/schema\/person\/36ab0979449956132d3e5b517ea76ac8\",\"name\":\"Reda\u00e7\u00e3o\",\"image\":{\"@type\":\"ImageObject\",\"inLanguage\":\"pt-BR\",\"@id\":\"https:\/\/secure.gravatar.com\/avatar\/e0a867bdedb85fd243eadf09663511f96fc81e0720a4a42581f334ad4303aa6b?s=96&d=mm&r=g\",\"url\":\"https:\/\/secure.gravatar.com\/avatar\/e0a867bdedb85fd243eadf09663511f96fc81e0720a4a42581f334ad4303aa6b?s=96&d=mm&r=g\",\"contentUrl\":\"https:\/\/secure.gravatar.com\/avatar\/e0a867bdedb85fd243eadf09663511f96fc81e0720a4a42581f334ad4303aa6b?s=96&d=mm&r=g\",\"caption\":\"Reda\u00e7\u00e3o\"}}]}<\/script>\n<!-- \/ Yoast SEO plugin. -->","yoast_head_json":{"title":"Gr\u00eamio arrasador faz 5 a 0 no Inter e pula para terceiro - Notibras","robots":{"index":"index","follow":"follow","max-snippet":"max-snippet:-1","max-image-preview":"max-image-preview:large","max-video-preview":"max-video-preview:-1"},"canonical":"https:\/\/www.notibras.com\/site\/gremio-arrasador-faz-5-a-0-no-arquirrival-inter-e-pula-para-terceiro\/","og_locale":"pt_BR","og_type":"article","og_title":"Gr\u00eamio arrasador faz 5 a 0 no Inter e pula para terceiro - Notibras","og_description":"O torcedor do Gr\u00eamio pudesse pedir aos c\u00e9us uma rodada perfeita, dificilmente ela seria melhor que a deste fim de semana. Al\u00e9m de ver todos os sete times que estavam \u00e0 sua frente trope\u00e7arem, o Tricolor enfiou 5 a 0 no arquirrival Internacional, com grande facilidade na Arena. Giuliano fez um, Luan dois, Fernandinho mais [&hellip;]","og_url":"https:\/\/www.notibras.com\/site\/gremio-arrasador-faz-5-a-0-no-arquirrival-inter-e-pula-para-terceiro\/","og_site_name":"Notibras","article_publisher":"https:\/\/www.facebook.com\/notibras\/","article_published_time":"2015-08-09T23:54:45+00:00","article_modified_time":"2015-08-10T11:59:43+00:00","og_image":[{"width":940,"height":627,"url":"https:\/\/www.notibras.com\/site\/wp-content\/uploads\/2015\/08\/comemoragremioxinterlucasuebelgremio.jpg","type":"image\/jpeg"}],"author":"Reda\u00e7\u00e3o","twitter_card":"summary_large_image","twitter_creator":"@Notibras","twitter_site":"@Notibras","twitter_misc":{"Escrito por":"Reda\u00e7\u00e3o","Est. tempo de leitura":"4 minutos"},"schema":{"@context":"https:\/\/schema.org","@graph":[{"@type":"Article","@id":"https:\/\/www.notibras.com\/site\/gremio-arrasador-faz-5-a-0-no-arquirrival-inter-e-pula-para-terceiro\/#article","isPartOf":{"@id":"https:\/\/www.notibras.com\/site\/gremio-arrasador-faz-5-a-0-no-arquirrival-inter-e-pula-para-terceiro\/"},"author":{"name":"Reda\u00e7\u00e3o","@id":"https:\/\/www.notibras.com\/site\/#\/schema\/person\/36ab0979449956132d3e5b517ea76ac8"},"headline":"Gr\u00eamio arrasador faz 5 a 0 no Inter e pula para terceiro","datePublished":"2015-08-09T23:54:45+00:00","dateModified":"2015-08-10T11:59:43+00:00","mainEntityOfPage":{"@id":"https:\/\/www.notibras.com\/site\/gremio-arrasador-faz-5-a-0-no-arquirrival-inter-e-pula-para-terceiro\/"},"wordCount":742,"commentCount":0,"publisher":{"@id":"https:\/\/www.notibras.com\/site\/#organization"},"image":{"@id":"https:\/\/www.notibras.com\/site\/gremio-arrasador-faz-5-a-0-no-arquirrival-inter-e-pula-para-terceiro\/#primaryimage"},"thumbnailUrl":"https:\/\/www.notibras.com\/site\/wp-content\/uploads\/2015\/08\/comemoragremioxinterlucasuebelgremio.jpg","articleSection":["Esportes","Futebol"],"inLanguage":"pt-BR","potentialAction":[{"@type":"CommentAction","name":"Comment","target":["https:\/\/www.notibras.com\/site\/gremio-arrasador-faz-5-a-0-no-arquirrival-inter-e-pula-para-terceiro\/#respond"]}]},{"@type":"WebPage","@id":"https:\/\/www.notibras.com\/site\/gremio-arrasador-faz-5-a-0-no-arquirrival-inter-e-pula-para-terceiro\/","url":"https:\/\/www.notibras.com\/site\/gremio-arrasador-faz-5-a-0-no-arquirrival-inter-e-pula-para-terceiro\/","name":"Gr\u00eamio arrasador faz 5 a 0 no Inter e pula para terceiro - Notibras","isPartOf":{"@id":"https:\/\/www.notibras.com\/site\/#website"},"primaryImageOfPage":{"@id":"https:\/\/www.notibras.com\/site\/gremio-arrasador-faz-5-a-0-no-arquirrival-inter-e-pula-para-terceiro\/#primaryimage"},"image":{"@id":"https:\/\/www.notibras.com\/site\/gremio-arrasador-faz-5-a-0-no-arquirrival-inter-e-pula-para-terceiro\/#primaryimage"},"thumbnailUrl":"https:\/\/www.notibras.com\/site\/wp-content\/uploads\/2015\/08\/comemoragremioxinterlucasuebelgremio.jpg","datePublished":"2015-08-09T23:54:45+00:00","dateModified":"2015-08-10T11:59:43+00:00","breadcrumb":{"@id":"https:\/\/www.notibras.com\/site\/gremio-arrasador-faz-5-a-0-no-arquirrival-inter-e-pula-para-terceiro\/#breadcrumb"},"inLanguage":"pt-BR","potentialAction":[{"@type":"ReadAction","target":["https:\/\/www.notibras.com\/site\/gremio-arrasador-faz-5-a-0-no-arquirrival-inter-e-pula-para-terceiro\/"]}]},{"@type":"ImageObject","inLanguage":"pt-BR","@id":"https:\/\/www.notibras.com\/site\/gremio-arrasador-faz-5-a-0-no-arquirrival-inter-e-pula-para-terceiro\/#primaryimage","url":"https:\/\/www.notibras.com\/site\/wp-content\/uploads\/2015\/08\/comemoragremioxinterlucasuebelgremio.jpg","contentUrl":"https:\/\/www.notibras.com\/site\/wp-content\/uploads\/2015\/08\/comemoragremioxinterlucasuebelgremio.jpg","width":940,"height":627,"caption":"Foto\/Arquivo Notibras"},{"@type":"BreadcrumbList","@id":"https:\/\/www.notibras.com\/site\/gremio-arrasador-faz-5-a-0-no-arquirrival-inter-e-pula-para-terceiro\/#breadcrumb","itemListElement":[{"@type":"ListItem","position":1,"name":"In\u00edcio","item":"https:\/\/www.notibras.com\/site\/"},{"@type":"ListItem","position":2,"name":"Gr\u00eamio arrasador faz 5 a 0 no Inter e pula para terceiro"}]},{"@type":"WebSite","@id":"https:\/\/www.notibras.com\/site\/#website","url":"https:\/\/www.notibras.com\/site\/","name":"Notibras","description":"Not\u00edcias de Bras\u00edlia, do Brasil e do Mundo","publisher":{"@id":"https:\/\/www.notibras.com\/site\/#organization"},"potentialAction":[{"@type":"SearchAction","target":{"@type":"EntryPoint","urlTemplate":"https:\/\/www.notibras.com\/site\/?s={search_term_string}"},"query-input":{"@type":"PropertyValueSpecification","valueRequired":true,"valueName":"search_term_string"}}],"inLanguage":"pt-BR"},{"@type":"Organization","@id":"https:\/\/www.notibras.com\/site\/#organization","name":"Grupo Notibras de Comunica\u00e7\u00e3o","url":"https:\/\/www.notibras.com\/site\/","logo":{"@type":"ImageObject","inLanguage":"pt-BR","@id":"https:\/\/www.notibras.com\/site\/#\/schema\/logo\/image\/","url":"https:\/\/www.notibras.com\/site\/wp-content\/uploads\/2023\/01\/notibras23.png","contentUrl":"https:\/\/www.notibras.com\/site\/wp-content\/uploads\/2023\/01\/notibras23.png","width":350,"height":87,"caption":"Grupo Notibras de Comunica\u00e7\u00e3o"},"image":{"@id":"https:\/\/www.notibras.com\/site\/#\/schema\/logo\/image\/"},"sameAs":["https:\/\/www.facebook.com\/notibras\/","https:\/\/x.com\/Notibras","https:\/\/www.instagram.com\/notibras\/"]},{"@type":"Person","@id":"https:\/\/www.notibras.com\/site\/#\/schema\/person\/36ab0979449956132d3e5b517ea76ac8","name":"Reda\u00e7\u00e3o","image":{"@type":"ImageObject","inLanguage":"pt-BR","@id":"https:\/\/secure.gravatar.com\/avatar\/e0a867bdedb85fd243eadf09663511f96fc81e0720a4a42581f334ad4303aa6b?s=96&d=mm&r=g","url":"https:\/\/secure.gravatar.com\/avatar\/e0a867bdedb85fd243eadf09663511f96fc81e0720a4a42581f334ad4303aa6b?s=96&d=mm&r=g","contentUrl":"https:\/\/secure.gravatar.com\/avatar\/e0a867bdedb85fd243eadf09663511f96fc81e0720a4a42581f334ad4303aa6b?s=96&d=mm&r=g","caption":"Reda\u00e7\u00e3o"}}]}},"amp_enabled":true,"_links":{"self":[{"href":"https:\/\/www.notibras.com\/site\/wp-json\/wp\/v2\/posts\/60888","targetHints":{"allow":["GET"]}}],"collection":[{"href":"https:\/\/www.notibras.com\/site\/wp-json\/wp\/v2\/posts"}],"about":[{"href":"https:\/\/www.notibras.com\/site\/wp-json\/wp\/v2\/types\/post"}],"author":[{"embeddable":true,"href":"https:\/\/www.notibras.com\/site\/wp-json\/wp\/v2\/users\/2"}],"replies":[{"embeddable":true,"href":"https:\/\/www.notibras.com\/site\/wp-json\/wp\/v2\/comments?post=60888"}],"version-history":[{"count":0,"href":"https:\/\/www.notibras.com\/site\/wp-json\/wp\/v2\/posts\/60888\/revisions"}],"wp:featuredmedia":[{"embeddable":true,"href":"https:\/\/www.notibras.com\/site\/wp-json\/wp\/v2\/media\/60889"}],"wp:attachment":[{"href":"https:\/\/www.notibras.com\/site\/wp-json\/wp\/v2\/media?parent=60888"}],"wp:term":[{"taxonomy":"category","embeddable":true,"href":"https:\/\/www.notibras.com\/site\/wp-json\/wp\/v2\/categories?post=60888"},{"taxonomy":"post_tag","embeddable":true,"href":"https:\/\/www.notibras.com\/site\/wp-json\/wp\/v2\/tags?post=60888"}],"curies":[{"name":"wp","href":"https:\/\/api.w.org\/{rel}","templated":true}]}}