{"id":60990,"date":"2015-08-10T21:35:48","date_gmt":"2015-08-11T00:35:48","guid":{"rendered":"http:\/\/www.notibras.com\/site\/?p=60990"},"modified":"2015-08-25T20:05:43","modified_gmt":"2015-08-25T23:05:43","slug":"deposito-judicial-nova-pedalada-e-151-e-pode-render-mais-uma-cpi","status":"publish","type":"post","link":"https:\/\/www.notibras.com\/site\/deposito-judicial-nova-pedalada-e-151-e-pode-render-mais-uma-cpi\/","title":{"rendered":"Dep\u00f3sito Judicial, nova pedalada, \u00e9 151 e pode render mais uma CPI"},"content":{"rendered":"<p>A nova pedalada do governo Dilma Rousseff n\u00e3o parece ter dado muito o que falar, embora estranhamente seja um assunto que diz respeito a quem advoga.<\/p>\n<p>A lei complementar 151 (os penalistas de plant\u00e3o j\u00e1 enquadram no furto) prev\u00ea a utiliza\u00e7\u00e3o de dep\u00f3sitos judiciais e administrativos, tribut\u00e1rios ou n\u00e3o, onde o ente estatal seja parte, para fins de transfer\u00eancia de 70% para conta \u00fanica do Tesouro.<\/p>\n<p>Os recursos dever\u00e3o ser utilizados para pagamento de precat\u00f3rios, d\u00edvida p\u00fablica fundada e recomposi\u00e7\u00e3o de fluxos de pagamento e equil\u00edbrio atuarial dos fundos de previd\u00eancia. Ainda h\u00e1 a excepcionalidade de se destinar 10% da parcela para o Fundo Garantidor das PPPs dedicadas a infraestrutura.<\/p>\n<p>Inicialmente, a ideia parece muito boa: utilizar dinheiro dos outros que fica parado em contas judiciais sabe-se l\u00e1 por quanto tempo para pagar d\u00edvidas do Estado. Por\u00e9m, estamos falando de Brasil, onde certas leis n\u00e3o pegam e \u00e9 costume que o Estado se aproprie de valores e n\u00e3o pague o que deve sem qualquer fundamento.<\/p>\n<p>Quem tem que receber da Uni\u00e3o sabe a via crucis que enfrenta. Ganha na primeira, segunda inst\u00e2ncia, ganha se chegar ao Supremo. Vem a execu\u00e7\u00e3o e a Uni\u00e3o embarga. A parte at\u00e9 vislumbra deixar o cr\u00e9dito para que os herdeiros um dia recebam.<\/p>\n<p>O mesmo crit\u00e9rio n\u00e3o existe para conv\u00eanios custeados pelo governo, bastando um projeto de Ong&#8217;s com interesses duvidosos chegar \u00e0s m\u00e3os dos secret\u00e1rios executivos para que sejam liberados repasses de sete d\u00edgitos. A previs\u00e3o de salvamento dos fundos de previd\u00eancia apenas aumenta uma marcha na pedalada.<\/p>\n<p>O ajuste fiscal, dizem os economistas, deve ser feito mediante redu\u00e7\u00e3o do gasto p\u00fablico e n\u00e3o aumento de impostos, tarifas e corte de benef\u00edcios. A utiliza\u00e7\u00e3o dos dep\u00f3sitos judiciais \u00e9 a nova pedalada do Poder Executivo, e seus efeitos podem ter graves consequ\u00eancias para os jurisdicionados que contendem com o governo.<\/p>\n<p>A lei complementar 151 tem fundamento numa das mais fortes caracter\u00edsticas do Judici\u00e1rio brasileiro, a morosidade. O dinheiro fica parado nas contas judiciais por anos esperando o fim do processo e despacho \u201clevante-se o alvar\u00e1\u201d. Enquanto isso h\u00e1 atualiza\u00e7\u00e3o monet\u00e1ria dos valores depositados, sendo insabido o saldo do dep\u00f3sito oriundo do processo em tr\u00e2mite. O racioc\u00ednio da 151 \u00e9 muito simples: usar os valores parados nas contas enquanto o alvar\u00e1 n\u00e3o vem.<\/p>\n<p>\u00c9 dif\u00edcil prever o que se pode acontecer com tal medida, uma vez que n\u00e3o h\u00e1 transpar\u00eancia acerca dos dep\u00f3sitos. Curiosamente, os magistrados ter\u00e3o participa\u00e7\u00e3o fundamental na libera\u00e7\u00e3o dos fundos, uma vez que por for\u00e7a do artigo 4\u00ba da 151, a eles ser\u00e3o apresentados os pedidos de habilita\u00e7\u00e3o nos cr\u00e9ditos firmados pelo chefe do Poder Executivo.<\/p>\n<p>Curiosamente, no finalzinho da lei existe a previs\u00e3o de que \u201co Poder Executivo de cada ente federado estabelecer\u00e1 regras de procedimentos, inclusive or\u00e7ament\u00e1rios, para a execu\u00e7\u00e3o do disposto nesta Lei Complementar.\u201d<\/p>\n<p>Algu\u00e9m duvida que em 18 meses teremos a CPI dos dep\u00f3sitos judiciais?<\/p>\n","protected":false},"excerpt":{"rendered":"<p>A nova pedalada do governo Dilma Rousseff n\u00e3o parece ter dado muito o que falar, embora estranhamente seja um assunto que diz respeito a quem advoga. A lei complementar 151 (os penalistas de plant\u00e3o j\u00e1 enquadram no furto) prev\u00ea a utiliza\u00e7\u00e3o de dep\u00f3sitos judiciais e administrativos, tribut\u00e1rios ou n\u00e3o, onde o ente estatal seja parte, [&hellip;]<\/p>\n","protected":false},"author":2,"featured_media":60991,"comment_status":"open","ping_status":"closed","sticky":false,"template":"","format":"standard","meta":{"_acf_changed":false,"footnotes":""},"categories":[47],"tags":[],"class_list":["post-60990","post","type-post","status-publish","format-standard","has-post-thumbnail","hentry","category-denia"],"acf":[],"yoast_head":"<!-- This site is optimized with the Yoast SEO plugin v27.2 - https:\/\/yoast.com\/product\/yoast-seo-wordpress\/ -->\n<title>Dep\u00f3sito Judicial, nova pedalada, \u00e9 151 e pode render mais uma CPI - Notibras<\/title>\n<meta name=\"robots\" content=\"index, follow, max-snippet:-1, max-image-preview:large, max-video-preview:-1\" \/>\n<link rel=\"canonical\" href=\"https:\/\/www.notibras.com\/site\/deposito-judicial-nova-pedalada-e-151-e-pode-render-mais-uma-cpi\/\" \/>\n<meta property=\"og:locale\" content=\"pt_BR\" \/>\n<meta property=\"og:type\" content=\"article\" \/>\n<meta property=\"og:title\" content=\"Dep\u00f3sito Judicial, nova pedalada, \u00e9 151 e pode render mais uma CPI - Notibras\" \/>\n<meta property=\"og:description\" content=\"A nova pedalada do governo Dilma Rousseff n\u00e3o parece ter dado muito o que falar, embora estranhamente seja um assunto que diz respeito a quem advoga. A lei complementar 151 (os penalistas de plant\u00e3o j\u00e1 enquadram no furto) prev\u00ea a utiliza\u00e7\u00e3o de dep\u00f3sitos judiciais e administrativos, tribut\u00e1rios ou n\u00e3o, onde o ente estatal seja parte, [&hellip;]\" \/>\n<meta property=\"og:url\" content=\"https:\/\/www.notibras.com\/site\/deposito-judicial-nova-pedalada-e-151-e-pode-render-mais-uma-cpi\/\" \/>\n<meta property=\"og:site_name\" content=\"Notibras\" \/>\n<meta property=\"article:publisher\" content=\"https:\/\/www.facebook.com\/notibras\/\" \/>\n<meta property=\"article:published_time\" content=\"2015-08-11T00:35:48+00:00\" \/>\n<meta property=\"article:modified_time\" content=\"2015-08-25T23:05:43+00:00\" \/>\n<meta property=\"og:image\" content=\"https:\/\/www.notibras.com\/site\/wp-content\/uploads\/2015\/08\/justi\u00e7a2.jpg\" \/>\n\t<meta property=\"og:image:width\" content=\"236\" \/>\n\t<meta property=\"og:image:height\" content=\"213\" \/>\n\t<meta property=\"og:image:type\" content=\"image\/jpeg\" \/>\n<meta name=\"author\" content=\"Reda\u00e7\u00e3o\" \/>\n<meta name=\"twitter:card\" content=\"summary_large_image\" \/>\n<meta name=\"twitter:creator\" content=\"@Notibras\" \/>\n<meta name=\"twitter:site\" content=\"@Notibras\" \/>\n<meta name=\"twitter:label1\" content=\"Escrito por\" \/>\n\t<meta name=\"twitter:data1\" content=\"Reda\u00e7\u00e3o\" \/>\n\t<meta name=\"twitter:label2\" content=\"Est. tempo de leitura\" \/>\n\t<meta name=\"twitter:data2\" content=\"3 minutos\" \/>\n<script type=\"application\/ld+json\" class=\"yoast-schema-graph\">{\"@context\":\"https:\/\/schema.org\",\"@graph\":[{\"@type\":\"Article\",\"@id\":\"https:\/\/www.notibras.com\/site\/deposito-judicial-nova-pedalada-e-151-e-pode-render-mais-uma-cpi\/#article\",\"isPartOf\":{\"@id\":\"https:\/\/www.notibras.com\/site\/deposito-judicial-nova-pedalada-e-151-e-pode-render-mais-uma-cpi\/\"},\"author\":{\"name\":\"Reda\u00e7\u00e3o\",\"@id\":\"https:\/\/www.notibras.com\/site\/#\/schema\/person\/36ab0979449956132d3e5b517ea76ac8\"},\"headline\":\"Dep\u00f3sito Judicial, nova pedalada, \u00e9 151 e pode render mais uma CPI\",\"datePublished\":\"2015-08-11T00:35:48+00:00\",\"dateModified\":\"2015-08-25T23:05:43+00:00\",\"mainEntityOfPage\":{\"@id\":\"https:\/\/www.notibras.com\/site\/deposito-judicial-nova-pedalada-e-151-e-pode-render-mais-uma-cpi\/\"},\"wordCount\":538,\"commentCount\":0,\"publisher\":{\"@id\":\"https:\/\/www.notibras.com\/site\/#organization\"},\"image\":{\"@id\":\"https:\/\/www.notibras.com\/site\/deposito-judicial-nova-pedalada-e-151-e-pode-render-mais-uma-cpi\/#primaryimage\"},\"thumbnailUrl\":\"https:\/\/www.notibras.com\/site\/wp-content\/uploads\/2015\/08\/justi\u00e7a2.jpg\",\"articleSection\":[\"D\u00eania Magalh\u00e3es\"],\"inLanguage\":\"pt-BR\",\"potentialAction\":[{\"@type\":\"CommentAction\",\"name\":\"Comment\",\"target\":[\"https:\/\/www.notibras.com\/site\/deposito-judicial-nova-pedalada-e-151-e-pode-render-mais-uma-cpi\/#respond\"]}]},{\"@type\":\"WebPage\",\"@id\":\"https:\/\/www.notibras.com\/site\/deposito-judicial-nova-pedalada-e-151-e-pode-render-mais-uma-cpi\/\",\"url\":\"https:\/\/www.notibras.com\/site\/deposito-judicial-nova-pedalada-e-151-e-pode-render-mais-uma-cpi\/\",\"name\":\"Dep\u00f3sito Judicial, nova pedalada, \u00e9 151 e pode render mais uma CPI - Notibras\",\"isPartOf\":{\"@id\":\"https:\/\/www.notibras.com\/site\/#website\"},\"primaryImageOfPage\":{\"@id\":\"https:\/\/www.notibras.com\/site\/deposito-judicial-nova-pedalada-e-151-e-pode-render-mais-uma-cpi\/#primaryimage\"},\"image\":{\"@id\":\"https:\/\/www.notibras.com\/site\/deposito-judicial-nova-pedalada-e-151-e-pode-render-mais-uma-cpi\/#primaryimage\"},\"thumbnailUrl\":\"https:\/\/www.notibras.com\/site\/wp-content\/uploads\/2015\/08\/justi\u00e7a2.jpg\",\"datePublished\":\"2015-08-11T00:35:48+00:00\",\"dateModified\":\"2015-08-25T23:05:43+00:00\",\"breadcrumb\":{\"@id\":\"https:\/\/www.notibras.com\/site\/deposito-judicial-nova-pedalada-e-151-e-pode-render-mais-uma-cpi\/#breadcrumb\"},\"inLanguage\":\"pt-BR\",\"potentialAction\":[{\"@type\":\"ReadAction\",\"target\":[\"https:\/\/www.notibras.com\/site\/deposito-judicial-nova-pedalada-e-151-e-pode-render-mais-uma-cpi\/\"]}]},{\"@type\":\"ImageObject\",\"inLanguage\":\"pt-BR\",\"@id\":\"https:\/\/www.notibras.com\/site\/deposito-judicial-nova-pedalada-e-151-e-pode-render-mais-uma-cpi\/#primaryimage\",\"url\":\"https:\/\/www.notibras.com\/site\/wp-content\/uploads\/2015\/08\/justi\u00e7a2.jpg\",\"contentUrl\":\"https:\/\/www.notibras.com\/site\/wp-content\/uploads\/2015\/08\/justi\u00e7a2.jpg\",\"width\":236,\"height\":213},{\"@type\":\"BreadcrumbList\",\"@id\":\"https:\/\/www.notibras.com\/site\/deposito-judicial-nova-pedalada-e-151-e-pode-render-mais-uma-cpi\/#breadcrumb\",\"itemListElement\":[{\"@type\":\"ListItem\",\"position\":1,\"name\":\"In\u00edcio\",\"item\":\"https:\/\/www.notibras.com\/site\/\"},{\"@type\":\"ListItem\",\"position\":2,\"name\":\"Dep\u00f3sito Judicial, nova pedalada, \u00e9 151 e pode render mais uma CPI\"}]},{\"@type\":\"WebSite\",\"@id\":\"https:\/\/www.notibras.com\/site\/#website\",\"url\":\"https:\/\/www.notibras.com\/site\/\",\"name\":\"Notibras\",\"description\":\"Not\u00edcias de Bras\u00edlia, do Brasil e do Mundo\",\"publisher\":{\"@id\":\"https:\/\/www.notibras.com\/site\/#organization\"},\"potentialAction\":[{\"@type\":\"SearchAction\",\"target\":{\"@type\":\"EntryPoint\",\"urlTemplate\":\"https:\/\/www.notibras.com\/site\/?s={search_term_string}\"},\"query-input\":{\"@type\":\"PropertyValueSpecification\",\"valueRequired\":true,\"valueName\":\"search_term_string\"}}],\"inLanguage\":\"pt-BR\"},{\"@type\":\"Organization\",\"@id\":\"https:\/\/www.notibras.com\/site\/#organization\",\"name\":\"Grupo Notibras de Comunica\u00e7\u00e3o\",\"url\":\"https:\/\/www.notibras.com\/site\/\",\"logo\":{\"@type\":\"ImageObject\",\"inLanguage\":\"pt-BR\",\"@id\":\"https:\/\/www.notibras.com\/site\/#\/schema\/logo\/image\/\",\"url\":\"https:\/\/www.notibras.com\/site\/wp-content\/uploads\/2023\/01\/notibras23.png\",\"contentUrl\":\"https:\/\/www.notibras.com\/site\/wp-content\/uploads\/2023\/01\/notibras23.png\",\"width\":350,\"height\":87,\"caption\":\"Grupo Notibras de Comunica\u00e7\u00e3o\"},\"image\":{\"@id\":\"https:\/\/www.notibras.com\/site\/#\/schema\/logo\/image\/\"},\"sameAs\":[\"https:\/\/www.facebook.com\/notibras\/\",\"https:\/\/x.com\/Notibras\",\"https:\/\/www.instagram.com\/notibras\/\"]},{\"@type\":\"Person\",\"@id\":\"https:\/\/www.notibras.com\/site\/#\/schema\/person\/36ab0979449956132d3e5b517ea76ac8\",\"name\":\"Reda\u00e7\u00e3o\",\"image\":{\"@type\":\"ImageObject\",\"inLanguage\":\"pt-BR\",\"@id\":\"https:\/\/secure.gravatar.com\/avatar\/e0a867bdedb85fd243eadf09663511f96fc81e0720a4a42581f334ad4303aa6b?s=96&d=mm&r=g\",\"url\":\"https:\/\/secure.gravatar.com\/avatar\/e0a867bdedb85fd243eadf09663511f96fc81e0720a4a42581f334ad4303aa6b?s=96&d=mm&r=g\",\"contentUrl\":\"https:\/\/secure.gravatar.com\/avatar\/e0a867bdedb85fd243eadf09663511f96fc81e0720a4a42581f334ad4303aa6b?s=96&d=mm&r=g\",\"caption\":\"Reda\u00e7\u00e3o\"}}]}<\/script>\n<!-- \/ Yoast SEO plugin. -->","yoast_head_json":{"title":"Dep\u00f3sito Judicial, nova pedalada, \u00e9 151 e pode render mais uma CPI - Notibras","robots":{"index":"index","follow":"follow","max-snippet":"max-snippet:-1","max-image-preview":"max-image-preview:large","max-video-preview":"max-video-preview:-1"},"canonical":"https:\/\/www.notibras.com\/site\/deposito-judicial-nova-pedalada-e-151-e-pode-render-mais-uma-cpi\/","og_locale":"pt_BR","og_type":"article","og_title":"Dep\u00f3sito Judicial, nova pedalada, \u00e9 151 e pode render mais uma CPI - Notibras","og_description":"A nova pedalada do governo Dilma Rousseff n\u00e3o parece ter dado muito o que falar, embora estranhamente seja um assunto que diz respeito a quem advoga. A lei complementar 151 (os penalistas de plant\u00e3o j\u00e1 enquadram no furto) prev\u00ea a utiliza\u00e7\u00e3o de dep\u00f3sitos judiciais e administrativos, tribut\u00e1rios ou n\u00e3o, onde o ente estatal seja parte, [&hellip;]","og_url":"https:\/\/www.notibras.com\/site\/deposito-judicial-nova-pedalada-e-151-e-pode-render-mais-uma-cpi\/","og_site_name":"Notibras","article_publisher":"https:\/\/www.facebook.com\/notibras\/","article_published_time":"2015-08-11T00:35:48+00:00","article_modified_time":"2015-08-25T23:05:43+00:00","og_image":[{"width":236,"height":213,"url":"https:\/\/www.notibras.com\/site\/wp-content\/uploads\/2015\/08\/justi\u00e7a2.jpg","type":"image\/jpeg"}],"author":"Reda\u00e7\u00e3o","twitter_card":"summary_large_image","twitter_creator":"@Notibras","twitter_site":"@Notibras","twitter_misc":{"Escrito por":"Reda\u00e7\u00e3o","Est. tempo de leitura":"3 minutos"},"schema":{"@context":"https:\/\/schema.org","@graph":[{"@type":"Article","@id":"https:\/\/www.notibras.com\/site\/deposito-judicial-nova-pedalada-e-151-e-pode-render-mais-uma-cpi\/#article","isPartOf":{"@id":"https:\/\/www.notibras.com\/site\/deposito-judicial-nova-pedalada-e-151-e-pode-render-mais-uma-cpi\/"},"author":{"name":"Reda\u00e7\u00e3o","@id":"https:\/\/www.notibras.com\/site\/#\/schema\/person\/36ab0979449956132d3e5b517ea76ac8"},"headline":"Dep\u00f3sito Judicial, nova pedalada, \u00e9 151 e pode render mais uma CPI","datePublished":"2015-08-11T00:35:48+00:00","dateModified":"2015-08-25T23:05:43+00:00","mainEntityOfPage":{"@id":"https:\/\/www.notibras.com\/site\/deposito-judicial-nova-pedalada-e-151-e-pode-render-mais-uma-cpi\/"},"wordCount":538,"commentCount":0,"publisher":{"@id":"https:\/\/www.notibras.com\/site\/#organization"},"image":{"@id":"https:\/\/www.notibras.com\/site\/deposito-judicial-nova-pedalada-e-151-e-pode-render-mais-uma-cpi\/#primaryimage"},"thumbnailUrl":"https:\/\/www.notibras.com\/site\/wp-content\/uploads\/2015\/08\/justi\u00e7a2.jpg","articleSection":["D\u00eania Magalh\u00e3es"],"inLanguage":"pt-BR","potentialAction":[{"@type":"CommentAction","name":"Comment","target":["https:\/\/www.notibras.com\/site\/deposito-judicial-nova-pedalada-e-151-e-pode-render-mais-uma-cpi\/#respond"]}]},{"@type":"WebPage","@id":"https:\/\/www.notibras.com\/site\/deposito-judicial-nova-pedalada-e-151-e-pode-render-mais-uma-cpi\/","url":"https:\/\/www.notibras.com\/site\/deposito-judicial-nova-pedalada-e-151-e-pode-render-mais-uma-cpi\/","name":"Dep\u00f3sito Judicial, nova pedalada, \u00e9 151 e pode render mais uma CPI - Notibras","isPartOf":{"@id":"https:\/\/www.notibras.com\/site\/#website"},"primaryImageOfPage":{"@id":"https:\/\/www.notibras.com\/site\/deposito-judicial-nova-pedalada-e-151-e-pode-render-mais-uma-cpi\/#primaryimage"},"image":{"@id":"https:\/\/www.notibras.com\/site\/deposito-judicial-nova-pedalada-e-151-e-pode-render-mais-uma-cpi\/#primaryimage"},"thumbnailUrl":"https:\/\/www.notibras.com\/site\/wp-content\/uploads\/2015\/08\/justi\u00e7a2.jpg","datePublished":"2015-08-11T00:35:48+00:00","dateModified":"2015-08-25T23:05:43+00:00","breadcrumb":{"@id":"https:\/\/www.notibras.com\/site\/deposito-judicial-nova-pedalada-e-151-e-pode-render-mais-uma-cpi\/#breadcrumb"},"inLanguage":"pt-BR","potentialAction":[{"@type":"ReadAction","target":["https:\/\/www.notibras.com\/site\/deposito-judicial-nova-pedalada-e-151-e-pode-render-mais-uma-cpi\/"]}]},{"@type":"ImageObject","inLanguage":"pt-BR","@id":"https:\/\/www.notibras.com\/site\/deposito-judicial-nova-pedalada-e-151-e-pode-render-mais-uma-cpi\/#primaryimage","url":"https:\/\/www.notibras.com\/site\/wp-content\/uploads\/2015\/08\/justi\u00e7a2.jpg","contentUrl":"https:\/\/www.notibras.com\/site\/wp-content\/uploads\/2015\/08\/justi\u00e7a2.jpg","width":236,"height":213},{"@type":"BreadcrumbList","@id":"https:\/\/www.notibras.com\/site\/deposito-judicial-nova-pedalada-e-151-e-pode-render-mais-uma-cpi\/#breadcrumb","itemListElement":[{"@type":"ListItem","position":1,"name":"In\u00edcio","item":"https:\/\/www.notibras.com\/site\/"},{"@type":"ListItem","position":2,"name":"Dep\u00f3sito Judicial, nova pedalada, \u00e9 151 e pode render mais uma CPI"}]},{"@type":"WebSite","@id":"https:\/\/www.notibras.com\/site\/#website","url":"https:\/\/www.notibras.com\/site\/","name":"Notibras","description":"Not\u00edcias de Bras\u00edlia, do Brasil e do Mundo","publisher":{"@id":"https:\/\/www.notibras.com\/site\/#organization"},"potentialAction":[{"@type":"SearchAction","target":{"@type":"EntryPoint","urlTemplate":"https:\/\/www.notibras.com\/site\/?s={search_term_string}"},"query-input":{"@type":"PropertyValueSpecification","valueRequired":true,"valueName":"search_term_string"}}],"inLanguage":"pt-BR"},{"@type":"Organization","@id":"https:\/\/www.notibras.com\/site\/#organization","name":"Grupo Notibras de Comunica\u00e7\u00e3o","url":"https:\/\/www.notibras.com\/site\/","logo":{"@type":"ImageObject","inLanguage":"pt-BR","@id":"https:\/\/www.notibras.com\/site\/#\/schema\/logo\/image\/","url":"https:\/\/www.notibras.com\/site\/wp-content\/uploads\/2023\/01\/notibras23.png","contentUrl":"https:\/\/www.notibras.com\/site\/wp-content\/uploads\/2023\/01\/notibras23.png","width":350,"height":87,"caption":"Grupo Notibras de Comunica\u00e7\u00e3o"},"image":{"@id":"https:\/\/www.notibras.com\/site\/#\/schema\/logo\/image\/"},"sameAs":["https:\/\/www.facebook.com\/notibras\/","https:\/\/x.com\/Notibras","https:\/\/www.instagram.com\/notibras\/"]},{"@type":"Person","@id":"https:\/\/www.notibras.com\/site\/#\/schema\/person\/36ab0979449956132d3e5b517ea76ac8","name":"Reda\u00e7\u00e3o","image":{"@type":"ImageObject","inLanguage":"pt-BR","@id":"https:\/\/secure.gravatar.com\/avatar\/e0a867bdedb85fd243eadf09663511f96fc81e0720a4a42581f334ad4303aa6b?s=96&d=mm&r=g","url":"https:\/\/secure.gravatar.com\/avatar\/e0a867bdedb85fd243eadf09663511f96fc81e0720a4a42581f334ad4303aa6b?s=96&d=mm&r=g","contentUrl":"https:\/\/secure.gravatar.com\/avatar\/e0a867bdedb85fd243eadf09663511f96fc81e0720a4a42581f334ad4303aa6b?s=96&d=mm&r=g","caption":"Reda\u00e7\u00e3o"}}]}},"amp_enabled":true,"_links":{"self":[{"href":"https:\/\/www.notibras.com\/site\/wp-json\/wp\/v2\/posts\/60990","targetHints":{"allow":["GET"]}}],"collection":[{"href":"https:\/\/www.notibras.com\/site\/wp-json\/wp\/v2\/posts"}],"about":[{"href":"https:\/\/www.notibras.com\/site\/wp-json\/wp\/v2\/types\/post"}],"author":[{"embeddable":true,"href":"https:\/\/www.notibras.com\/site\/wp-json\/wp\/v2\/users\/2"}],"replies":[{"embeddable":true,"href":"https:\/\/www.notibras.com\/site\/wp-json\/wp\/v2\/comments?post=60990"}],"version-history":[{"count":0,"href":"https:\/\/www.notibras.com\/site\/wp-json\/wp\/v2\/posts\/60990\/revisions"}],"wp:featuredmedia":[{"embeddable":true,"href":"https:\/\/www.notibras.com\/site\/wp-json\/wp\/v2\/media\/60991"}],"wp:attachment":[{"href":"https:\/\/www.notibras.com\/site\/wp-json\/wp\/v2\/media?parent=60990"}],"wp:term":[{"taxonomy":"category","embeddable":true,"href":"https:\/\/www.notibras.com\/site\/wp-json\/wp\/v2\/categories?post=60990"},{"taxonomy":"post_tag","embeddable":true,"href":"https:\/\/www.notibras.com\/site\/wp-json\/wp\/v2\/tags?post=60990"}],"curies":[{"name":"wp","href":"https:\/\/api.w.org\/{rel}","templated":true}]}}