{"id":61012,"date":"2015-08-10T21:53:27","date_gmt":"2015-08-11T00:53:27","guid":{"rendered":"http:\/\/www.notibras.com\/site\/?p=61012"},"modified":"2015-08-14T11:57:38","modified_gmt":"2015-08-14T14:57:38","slug":"lava-jato-so-trouxe-carruagens-a-brasilia-onde-estao-os-cocheiros","status":"publish","type":"post","link":"https:\/\/www.notibras.com\/site\/lava-jato-so-trouxe-carruagens-a-brasilia-onde-estao-os-cocheiros\/","title":{"rendered":"Lava Jato s\u00f3 trouxe as carruagens a Bras\u00edlia. Onde est\u00e3o os cocheiros?"},"content":{"rendered":"<p>Nos \u00faltimos anos do S\u00e9culo XVIII, segundo a dire\u00e7\u00e3o de Stephen Frears em Liga\u00e7\u00f5es Perigosas, o filme, uma adapta\u00e7\u00e3o do Les Liaisons Dangereuses, o livro, a corte j\u00e1 dava sinais de que o jogo \u00e9 bruto. No cinema a arquitetura para a sedu\u00e7\u00e3o passa por alcovas onde eram negociados as trai\u00e7\u00f5es e os subornos. Todo tipo de achaque e todo tipo de moeda poderiam ser encontrados em castelos onde estava instalada a nobreza.<\/p>\n<p>A imprensa brasileira vem divulgando uma \u00faltima vers\u00e3o do caso da Marquesa de Merteuil com o Visconde de Valmont a quem ela prometeu o reino, a alma e a carne. S\u00f3 que o epis\u00f3dio aqui acontece em modernos pal\u00e1cios do S\u00e9culo XX. E a corte, aqui, nem faz muita quest\u00e3o da alma e da carne. Mas do reino n\u00e3o abre m\u00e3o.<\/p>\n<p>O jornal O Globo, em sua en\u00e9sima mat\u00e9ria sobre a Opera\u00e7\u00e3o Lava Jato, traz a den\u00fancia do empreiteiro Ricardo Pessoa, da UTC, sobre uma parcela dos recursos desviados da Petrobras que chegou a parlamentares e candidatos brasilienses. Os caminhos e as raz\u00f5es \u00e9 que s\u00e3o para atores muito melhores que Glenn Close e John Malkovich, de Liga\u00e7\u00f5es Perigosas.<\/p>\n<p>Sinopse do enredo: a construtora UTC superfaturava os contratos da Petrobras para repassar comiss\u00f5es aos agentes do Pal\u00e1cio do Planalto e da Petrobras. Esse \u00e9 o primeiro cap\u00edtulo, j\u00e1 lido e relido. Depois, mais recursos eram distribu\u00eddos a senadores e deputados em troca de pizzas nas comiss\u00f5es de inqu\u00e9rito instaladas no Congresso Nacional.<\/p>\n<p>A UTC foi muito mal investigada na CPMI, ao que afirma Ricardo Pessoa, porque o ex-senador Gim Argello blindou a empresa. A opera\u00e7\u00e3o teria custado R$ 5 milh\u00f5es. Esse \u00e9 o segundo cap\u00edtulo.<\/p>\n<p>A seguir, no per\u00edodo da \u00faltima campanha eleitoral, Gim teria redistribu\u00eddo as moedas a outros candidatos, entre eles, Liliane Roriz, eleita deputada distrital com a presta\u00e7\u00e3o de contas de que levou mais de um milh\u00e3o de reais da UTC, ou seja, quase 100% do que declarou ao TER-DF. Gim Argello n\u00e3o foi eleito e a seguir tentou chegar ao Tribunal de Contas da Uni\u00e3o. Tamb\u00e9m n\u00e3o chegou l\u00e1. Mas a dela\u00e7\u00e3o de Pessoa chega, sim, ao TCU, outro pal\u00e1cio da corte, onde parentes de ministros foram acusados de intermediar facilidades, mas ainda sem seus nomes divulgados.<\/p>\n<p>Correndo por fora, Levy Fidelix, presidente do PRTB, enviou of\u00edcio para o gabinete de Liliane Roriz, exigindo o retorno do investimento que ele teria promovido para a sua campanha. Queria, inclusive, um punhado dos sal\u00e1rios da CLDF para fazer de seu. Talvez tenha o cr\u00e9dito de ter dado o aval para a opera\u00e7\u00e3o da UTC com Gim e dos royalties de seu Partido Renovador Trabalhista Brasileiro, de quem \u00e9 dono nacional.<\/p>\n<p>S\u00f3 que Liliane atende a dois reis, porque em Bras\u00edlia quem manda no PRTB \u00e9 o ex-senador Luiz Est\u00eav\u00e3o, que exigiu do pai da parlamentar, Joaquim Roriz, que ela disputasse a elei\u00e7\u00e3o usando o crach\u00e1 do partido de Fidelix. Sobre o irris\u00f3rio valor de 5 milh\u00f5es, Est\u00eav\u00e3o afirma que nem conta uma soma t\u00e3o pequena como essa e que n\u00e3o sabe de nada.<\/p>\n<p>O enredo \u00e9 de tirar o f\u00f4lego. Na trama local ainda n\u00e3o apareceram os atores coadjuvantes, que s\u00e3o poucos porque as opera\u00e7\u00f5es s\u00e3o, digamos, de confian\u00e7a. Essas movimenta\u00e7\u00f5es n\u00e3o acontecem por meio dos protagonistas. Estes s\u00f3 combinam as fronteiras do reino, mas quem pilota as carruagens de valores s\u00e3o os conhecidos operadores, reunidos em pal\u00e1cios menores, fora do per\u00edmetro da Esplanada dos Minist\u00e9rios. Viscondes e marquesas degustam um bom vinho enquanto conspiram uns contra os outros. E aguardam que seus cocheiros an\u00f4nimos anunciem, utilizando senhas reais, que os ba\u00fas chegaram em seguran\u00e7a aos seus destinos. Ser operador do reino n\u00e3o \u00e9 f\u00e1cil n\u00e3o&#8230;<\/p>\n<p>Nas alcovas dos modernos pal\u00e1cios de Bras\u00edlia, p\u00fablicos e privados, os cocheiros s\u00e3o facilmente identificados. At\u00e9 no Buriti de Rollemberg s\u00e3o vistos disputando vaga de carruagem. Se eles viessem a falar, a\u00ed sim, as nossas cortes estariam em maus len\u00e7\u00f3is. Nada diferente do S\u00e9culo XVIII. No dia 16 pr\u00f3ximo um novo epis\u00f3dio entra em cartaz e novos personagens podem estrear. Vale a pena comparecer \u00e0 esquina mais pr\u00f3xima.<\/p>\n","protected":false},"excerpt":{"rendered":"<p>Nos \u00faltimos anos do S\u00e9culo XVIII, segundo a dire\u00e7\u00e3o de Stephen Frears em Liga\u00e7\u00f5es Perigosas, o filme, uma adapta\u00e7\u00e3o do Les Liaisons Dangereuses, o livro, a corte j\u00e1 dava sinais de que o jogo \u00e9 bruto. No cinema a arquitetura para a sedu\u00e7\u00e3o passa por alcovas onde eram negociados as trai\u00e7\u00f5es e os subornos. Todo [&hellip;]<\/p>\n","protected":false},"author":2,"featured_media":61013,"comment_status":"open","ping_status":"closed","sticky":false,"template":"","format":"standard","meta":{"_acf_changed":false,"footnotes":""},"categories":[49],"tags":[],"class_list":["post-61012","post","type-post","status-publish","format-standard","has-post-thumbnail","hentry","category-max"],"acf":[],"yoast_head":"<!-- This site is optimized with the Yoast SEO plugin v27.2 - https:\/\/yoast.com\/product\/yoast-seo-wordpress\/ -->\n<title>Lava Jato s\u00f3 trouxe as carruagens a Bras\u00edlia. Onde est\u00e3o os cocheiros? - Notibras<\/title>\n<meta name=\"robots\" content=\"index, follow, max-snippet:-1, max-image-preview:large, max-video-preview:-1\" \/>\n<link rel=\"canonical\" href=\"https:\/\/www.notibras.com\/site\/lava-jato-so-trouxe-carruagens-a-brasilia-onde-estao-os-cocheiros\/\" \/>\n<meta property=\"og:locale\" content=\"pt_BR\" \/>\n<meta property=\"og:type\" content=\"article\" \/>\n<meta property=\"og:title\" content=\"Lava Jato s\u00f3 trouxe as carruagens a Bras\u00edlia. Onde est\u00e3o os cocheiros? - Notibras\" \/>\n<meta property=\"og:description\" content=\"Nos \u00faltimos anos do S\u00e9culo XVIII, segundo a dire\u00e7\u00e3o de Stephen Frears em Liga\u00e7\u00f5es Perigosas, o filme, uma adapta\u00e7\u00e3o do Les Liaisons Dangereuses, o livro, a corte j\u00e1 dava sinais de que o jogo \u00e9 bruto. No cinema a arquitetura para a sedu\u00e7\u00e3o passa por alcovas onde eram negociados as trai\u00e7\u00f5es e os subornos. Todo [&hellip;]\" \/>\n<meta property=\"og:url\" content=\"https:\/\/www.notibras.com\/site\/lava-jato-so-trouxe-carruagens-a-brasilia-onde-estao-os-cocheiros\/\" \/>\n<meta property=\"og:site_name\" content=\"Notibras\" \/>\n<meta property=\"article:publisher\" content=\"https:\/\/www.facebook.com\/notibras\/\" \/>\n<meta property=\"article:published_time\" content=\"2015-08-11T00:53:27+00:00\" \/>\n<meta property=\"article:modified_time\" content=\"2015-08-14T14:57:38+00:00\" \/>\n<meta property=\"og:image\" content=\"https:\/\/www.notibras.com\/site\/wp-content\/uploads\/2015\/08\/fran.jpg\" \/>\n\t<meta property=\"og:image:width\" content=\"227\" \/>\n\t<meta property=\"og:image:height\" content=\"222\" \/>\n\t<meta property=\"og:image:type\" content=\"image\/jpeg\" \/>\n<meta name=\"author\" content=\"Reda\u00e7\u00e3o\" \/>\n<meta name=\"twitter:card\" content=\"summary_large_image\" \/>\n<meta name=\"twitter:creator\" content=\"@Notibras\" \/>\n<meta name=\"twitter:site\" content=\"@Notibras\" \/>\n<meta name=\"twitter:label1\" content=\"Escrito por\" \/>\n\t<meta name=\"twitter:data1\" content=\"Reda\u00e7\u00e3o\" \/>\n\t<meta name=\"twitter:label2\" content=\"Est. tempo de leitura\" \/>\n\t<meta name=\"twitter:data2\" content=\"4 minutos\" \/>\n<script type=\"application\/ld+json\" class=\"yoast-schema-graph\">{\"@context\":\"https:\/\/schema.org\",\"@graph\":[{\"@type\":\"Article\",\"@id\":\"https:\/\/www.notibras.com\/site\/lava-jato-so-trouxe-carruagens-a-brasilia-onde-estao-os-cocheiros\/#article\",\"isPartOf\":{\"@id\":\"https:\/\/www.notibras.com\/site\/lava-jato-so-trouxe-carruagens-a-brasilia-onde-estao-os-cocheiros\/\"},\"author\":{\"name\":\"Reda\u00e7\u00e3o\",\"@id\":\"https:\/\/www.notibras.com\/site\/#\/schema\/person\/36ab0979449956132d3e5b517ea76ac8\"},\"headline\":\"Lava Jato s\u00f3 trouxe as carruagens a Bras\u00edlia. Onde est\u00e3o os cocheiros?\",\"datePublished\":\"2015-08-11T00:53:27+00:00\",\"dateModified\":\"2015-08-14T14:57:38+00:00\",\"mainEntityOfPage\":{\"@id\":\"https:\/\/www.notibras.com\/site\/lava-jato-so-trouxe-carruagens-a-brasilia-onde-estao-os-cocheiros\/\"},\"wordCount\":761,\"commentCount\":0,\"publisher\":{\"@id\":\"https:\/\/www.notibras.com\/site\/#organization\"},\"image\":{\"@id\":\"https:\/\/www.notibras.com\/site\/lava-jato-so-trouxe-carruagens-a-brasilia-onde-estao-os-cocheiros\/#primaryimage\"},\"thumbnailUrl\":\"https:\/\/www.notibras.com\/site\/wp-content\/uploads\/2015\/08\/fran.jpg\",\"articleSection\":[\"Max de Quental\"],\"inLanguage\":\"pt-BR\",\"potentialAction\":[{\"@type\":\"CommentAction\",\"name\":\"Comment\",\"target\":[\"https:\/\/www.notibras.com\/site\/lava-jato-so-trouxe-carruagens-a-brasilia-onde-estao-os-cocheiros\/#respond\"]}]},{\"@type\":\"WebPage\",\"@id\":\"https:\/\/www.notibras.com\/site\/lava-jato-so-trouxe-carruagens-a-brasilia-onde-estao-os-cocheiros\/\",\"url\":\"https:\/\/www.notibras.com\/site\/lava-jato-so-trouxe-carruagens-a-brasilia-onde-estao-os-cocheiros\/\",\"name\":\"Lava Jato s\u00f3 trouxe as carruagens a Bras\u00edlia. Onde est\u00e3o os cocheiros? - Notibras\",\"isPartOf\":{\"@id\":\"https:\/\/www.notibras.com\/site\/#website\"},\"primaryImageOfPage\":{\"@id\":\"https:\/\/www.notibras.com\/site\/lava-jato-so-trouxe-carruagens-a-brasilia-onde-estao-os-cocheiros\/#primaryimage\"},\"image\":{\"@id\":\"https:\/\/www.notibras.com\/site\/lava-jato-so-trouxe-carruagens-a-brasilia-onde-estao-os-cocheiros\/#primaryimage\"},\"thumbnailUrl\":\"https:\/\/www.notibras.com\/site\/wp-content\/uploads\/2015\/08\/fran.jpg\",\"datePublished\":\"2015-08-11T00:53:27+00:00\",\"dateModified\":\"2015-08-14T14:57:38+00:00\",\"breadcrumb\":{\"@id\":\"https:\/\/www.notibras.com\/site\/lava-jato-so-trouxe-carruagens-a-brasilia-onde-estao-os-cocheiros\/#breadcrumb\"},\"inLanguage\":\"pt-BR\",\"potentialAction\":[{\"@type\":\"ReadAction\",\"target\":[\"https:\/\/www.notibras.com\/site\/lava-jato-so-trouxe-carruagens-a-brasilia-onde-estao-os-cocheiros\/\"]}]},{\"@type\":\"ImageObject\",\"inLanguage\":\"pt-BR\",\"@id\":\"https:\/\/www.notibras.com\/site\/lava-jato-so-trouxe-carruagens-a-brasilia-onde-estao-os-cocheiros\/#primaryimage\",\"url\":\"https:\/\/www.notibras.com\/site\/wp-content\/uploads\/2015\/08\/fran.jpg\",\"contentUrl\":\"https:\/\/www.notibras.com\/site\/wp-content\/uploads\/2015\/08\/fran.jpg\",\"width\":227,\"height\":222},{\"@type\":\"BreadcrumbList\",\"@id\":\"https:\/\/www.notibras.com\/site\/lava-jato-so-trouxe-carruagens-a-brasilia-onde-estao-os-cocheiros\/#breadcrumb\",\"itemListElement\":[{\"@type\":\"ListItem\",\"position\":1,\"name\":\"In\u00edcio\",\"item\":\"https:\/\/www.notibras.com\/site\/\"},{\"@type\":\"ListItem\",\"position\":2,\"name\":\"Lava Jato s\u00f3 trouxe as carruagens a Bras\u00edlia. Onde est\u00e3o os cocheiros?\"}]},{\"@type\":\"WebSite\",\"@id\":\"https:\/\/www.notibras.com\/site\/#website\",\"url\":\"https:\/\/www.notibras.com\/site\/\",\"name\":\"Notibras\",\"description\":\"Not\u00edcias de Bras\u00edlia, do Brasil e do Mundo\",\"publisher\":{\"@id\":\"https:\/\/www.notibras.com\/site\/#organization\"},\"potentialAction\":[{\"@type\":\"SearchAction\",\"target\":{\"@type\":\"EntryPoint\",\"urlTemplate\":\"https:\/\/www.notibras.com\/site\/?s={search_term_string}\"},\"query-input\":{\"@type\":\"PropertyValueSpecification\",\"valueRequired\":true,\"valueName\":\"search_term_string\"}}],\"inLanguage\":\"pt-BR\"},{\"@type\":\"Organization\",\"@id\":\"https:\/\/www.notibras.com\/site\/#organization\",\"name\":\"Grupo Notibras de Comunica\u00e7\u00e3o\",\"url\":\"https:\/\/www.notibras.com\/site\/\",\"logo\":{\"@type\":\"ImageObject\",\"inLanguage\":\"pt-BR\",\"@id\":\"https:\/\/www.notibras.com\/site\/#\/schema\/logo\/image\/\",\"url\":\"https:\/\/www.notibras.com\/site\/wp-content\/uploads\/2023\/01\/notibras23.png\",\"contentUrl\":\"https:\/\/www.notibras.com\/site\/wp-content\/uploads\/2023\/01\/notibras23.png\",\"width\":350,\"height\":87,\"caption\":\"Grupo Notibras de Comunica\u00e7\u00e3o\"},\"image\":{\"@id\":\"https:\/\/www.notibras.com\/site\/#\/schema\/logo\/image\/\"},\"sameAs\":[\"https:\/\/www.facebook.com\/notibras\/\",\"https:\/\/x.com\/Notibras\",\"https:\/\/www.instagram.com\/notibras\/\"]},{\"@type\":\"Person\",\"@id\":\"https:\/\/www.notibras.com\/site\/#\/schema\/person\/36ab0979449956132d3e5b517ea76ac8\",\"name\":\"Reda\u00e7\u00e3o\",\"image\":{\"@type\":\"ImageObject\",\"inLanguage\":\"pt-BR\",\"@id\":\"https:\/\/secure.gravatar.com\/avatar\/e0a867bdedb85fd243eadf09663511f96fc81e0720a4a42581f334ad4303aa6b?s=96&d=mm&r=g\",\"url\":\"https:\/\/secure.gravatar.com\/avatar\/e0a867bdedb85fd243eadf09663511f96fc81e0720a4a42581f334ad4303aa6b?s=96&d=mm&r=g\",\"contentUrl\":\"https:\/\/secure.gravatar.com\/avatar\/e0a867bdedb85fd243eadf09663511f96fc81e0720a4a42581f334ad4303aa6b?s=96&d=mm&r=g\",\"caption\":\"Reda\u00e7\u00e3o\"}}]}<\/script>\n<!-- \/ Yoast SEO plugin. -->","yoast_head_json":{"title":"Lava Jato s\u00f3 trouxe as carruagens a Bras\u00edlia. Onde est\u00e3o os cocheiros? - Notibras","robots":{"index":"index","follow":"follow","max-snippet":"max-snippet:-1","max-image-preview":"max-image-preview:large","max-video-preview":"max-video-preview:-1"},"canonical":"https:\/\/www.notibras.com\/site\/lava-jato-so-trouxe-carruagens-a-brasilia-onde-estao-os-cocheiros\/","og_locale":"pt_BR","og_type":"article","og_title":"Lava Jato s\u00f3 trouxe as carruagens a Bras\u00edlia. Onde est\u00e3o os cocheiros? - Notibras","og_description":"Nos \u00faltimos anos do S\u00e9culo XVIII, segundo a dire\u00e7\u00e3o de Stephen Frears em Liga\u00e7\u00f5es Perigosas, o filme, uma adapta\u00e7\u00e3o do Les Liaisons Dangereuses, o livro, a corte j\u00e1 dava sinais de que o jogo \u00e9 bruto. No cinema a arquitetura para a sedu\u00e7\u00e3o passa por alcovas onde eram negociados as trai\u00e7\u00f5es e os subornos. Todo [&hellip;]","og_url":"https:\/\/www.notibras.com\/site\/lava-jato-so-trouxe-carruagens-a-brasilia-onde-estao-os-cocheiros\/","og_site_name":"Notibras","article_publisher":"https:\/\/www.facebook.com\/notibras\/","article_published_time":"2015-08-11T00:53:27+00:00","article_modified_time":"2015-08-14T14:57:38+00:00","og_image":[{"width":227,"height":222,"url":"https:\/\/www.notibras.com\/site\/wp-content\/uploads\/2015\/08\/fran.jpg","type":"image\/jpeg"}],"author":"Reda\u00e7\u00e3o","twitter_card":"summary_large_image","twitter_creator":"@Notibras","twitter_site":"@Notibras","twitter_misc":{"Escrito por":"Reda\u00e7\u00e3o","Est. tempo de leitura":"4 minutos"},"schema":{"@context":"https:\/\/schema.org","@graph":[{"@type":"Article","@id":"https:\/\/www.notibras.com\/site\/lava-jato-so-trouxe-carruagens-a-brasilia-onde-estao-os-cocheiros\/#article","isPartOf":{"@id":"https:\/\/www.notibras.com\/site\/lava-jato-so-trouxe-carruagens-a-brasilia-onde-estao-os-cocheiros\/"},"author":{"name":"Reda\u00e7\u00e3o","@id":"https:\/\/www.notibras.com\/site\/#\/schema\/person\/36ab0979449956132d3e5b517ea76ac8"},"headline":"Lava Jato s\u00f3 trouxe as carruagens a Bras\u00edlia. Onde est\u00e3o os cocheiros?","datePublished":"2015-08-11T00:53:27+00:00","dateModified":"2015-08-14T14:57:38+00:00","mainEntityOfPage":{"@id":"https:\/\/www.notibras.com\/site\/lava-jato-so-trouxe-carruagens-a-brasilia-onde-estao-os-cocheiros\/"},"wordCount":761,"commentCount":0,"publisher":{"@id":"https:\/\/www.notibras.com\/site\/#organization"},"image":{"@id":"https:\/\/www.notibras.com\/site\/lava-jato-so-trouxe-carruagens-a-brasilia-onde-estao-os-cocheiros\/#primaryimage"},"thumbnailUrl":"https:\/\/www.notibras.com\/site\/wp-content\/uploads\/2015\/08\/fran.jpg","articleSection":["Max de Quental"],"inLanguage":"pt-BR","potentialAction":[{"@type":"CommentAction","name":"Comment","target":["https:\/\/www.notibras.com\/site\/lava-jato-so-trouxe-carruagens-a-brasilia-onde-estao-os-cocheiros\/#respond"]}]},{"@type":"WebPage","@id":"https:\/\/www.notibras.com\/site\/lava-jato-so-trouxe-carruagens-a-brasilia-onde-estao-os-cocheiros\/","url":"https:\/\/www.notibras.com\/site\/lava-jato-so-trouxe-carruagens-a-brasilia-onde-estao-os-cocheiros\/","name":"Lava Jato s\u00f3 trouxe as carruagens a Bras\u00edlia. Onde est\u00e3o os cocheiros? - Notibras","isPartOf":{"@id":"https:\/\/www.notibras.com\/site\/#website"},"primaryImageOfPage":{"@id":"https:\/\/www.notibras.com\/site\/lava-jato-so-trouxe-carruagens-a-brasilia-onde-estao-os-cocheiros\/#primaryimage"},"image":{"@id":"https:\/\/www.notibras.com\/site\/lava-jato-so-trouxe-carruagens-a-brasilia-onde-estao-os-cocheiros\/#primaryimage"},"thumbnailUrl":"https:\/\/www.notibras.com\/site\/wp-content\/uploads\/2015\/08\/fran.jpg","datePublished":"2015-08-11T00:53:27+00:00","dateModified":"2015-08-14T14:57:38+00:00","breadcrumb":{"@id":"https:\/\/www.notibras.com\/site\/lava-jato-so-trouxe-carruagens-a-brasilia-onde-estao-os-cocheiros\/#breadcrumb"},"inLanguage":"pt-BR","potentialAction":[{"@type":"ReadAction","target":["https:\/\/www.notibras.com\/site\/lava-jato-so-trouxe-carruagens-a-brasilia-onde-estao-os-cocheiros\/"]}]},{"@type":"ImageObject","inLanguage":"pt-BR","@id":"https:\/\/www.notibras.com\/site\/lava-jato-so-trouxe-carruagens-a-brasilia-onde-estao-os-cocheiros\/#primaryimage","url":"https:\/\/www.notibras.com\/site\/wp-content\/uploads\/2015\/08\/fran.jpg","contentUrl":"https:\/\/www.notibras.com\/site\/wp-content\/uploads\/2015\/08\/fran.jpg","width":227,"height":222},{"@type":"BreadcrumbList","@id":"https:\/\/www.notibras.com\/site\/lava-jato-so-trouxe-carruagens-a-brasilia-onde-estao-os-cocheiros\/#breadcrumb","itemListElement":[{"@type":"ListItem","position":1,"name":"In\u00edcio","item":"https:\/\/www.notibras.com\/site\/"},{"@type":"ListItem","position":2,"name":"Lava Jato s\u00f3 trouxe as carruagens a Bras\u00edlia. Onde est\u00e3o os cocheiros?"}]},{"@type":"WebSite","@id":"https:\/\/www.notibras.com\/site\/#website","url":"https:\/\/www.notibras.com\/site\/","name":"Notibras","description":"Not\u00edcias de Bras\u00edlia, do Brasil e do Mundo","publisher":{"@id":"https:\/\/www.notibras.com\/site\/#organization"},"potentialAction":[{"@type":"SearchAction","target":{"@type":"EntryPoint","urlTemplate":"https:\/\/www.notibras.com\/site\/?s={search_term_string}"},"query-input":{"@type":"PropertyValueSpecification","valueRequired":true,"valueName":"search_term_string"}}],"inLanguage":"pt-BR"},{"@type":"Organization","@id":"https:\/\/www.notibras.com\/site\/#organization","name":"Grupo Notibras de Comunica\u00e7\u00e3o","url":"https:\/\/www.notibras.com\/site\/","logo":{"@type":"ImageObject","inLanguage":"pt-BR","@id":"https:\/\/www.notibras.com\/site\/#\/schema\/logo\/image\/","url":"https:\/\/www.notibras.com\/site\/wp-content\/uploads\/2023\/01\/notibras23.png","contentUrl":"https:\/\/www.notibras.com\/site\/wp-content\/uploads\/2023\/01\/notibras23.png","width":350,"height":87,"caption":"Grupo Notibras de Comunica\u00e7\u00e3o"},"image":{"@id":"https:\/\/www.notibras.com\/site\/#\/schema\/logo\/image\/"},"sameAs":["https:\/\/www.facebook.com\/notibras\/","https:\/\/x.com\/Notibras","https:\/\/www.instagram.com\/notibras\/"]},{"@type":"Person","@id":"https:\/\/www.notibras.com\/site\/#\/schema\/person\/36ab0979449956132d3e5b517ea76ac8","name":"Reda\u00e7\u00e3o","image":{"@type":"ImageObject","inLanguage":"pt-BR","@id":"https:\/\/secure.gravatar.com\/avatar\/e0a867bdedb85fd243eadf09663511f96fc81e0720a4a42581f334ad4303aa6b?s=96&d=mm&r=g","url":"https:\/\/secure.gravatar.com\/avatar\/e0a867bdedb85fd243eadf09663511f96fc81e0720a4a42581f334ad4303aa6b?s=96&d=mm&r=g","contentUrl":"https:\/\/secure.gravatar.com\/avatar\/e0a867bdedb85fd243eadf09663511f96fc81e0720a4a42581f334ad4303aa6b?s=96&d=mm&r=g","caption":"Reda\u00e7\u00e3o"}}]}},"amp_enabled":true,"_links":{"self":[{"href":"https:\/\/www.notibras.com\/site\/wp-json\/wp\/v2\/posts\/61012","targetHints":{"allow":["GET"]}}],"collection":[{"href":"https:\/\/www.notibras.com\/site\/wp-json\/wp\/v2\/posts"}],"about":[{"href":"https:\/\/www.notibras.com\/site\/wp-json\/wp\/v2\/types\/post"}],"author":[{"embeddable":true,"href":"https:\/\/www.notibras.com\/site\/wp-json\/wp\/v2\/users\/2"}],"replies":[{"embeddable":true,"href":"https:\/\/www.notibras.com\/site\/wp-json\/wp\/v2\/comments?post=61012"}],"version-history":[{"count":0,"href":"https:\/\/www.notibras.com\/site\/wp-json\/wp\/v2\/posts\/61012\/revisions"}],"wp:featuredmedia":[{"embeddable":true,"href":"https:\/\/www.notibras.com\/site\/wp-json\/wp\/v2\/media\/61013"}],"wp:attachment":[{"href":"https:\/\/www.notibras.com\/site\/wp-json\/wp\/v2\/media?parent=61012"}],"wp:term":[{"taxonomy":"category","embeddable":true,"href":"https:\/\/www.notibras.com\/site\/wp-json\/wp\/v2\/categories?post=61012"},{"taxonomy":"post_tag","embeddable":true,"href":"https:\/\/www.notibras.com\/site\/wp-json\/wp\/v2\/tags?post=61012"}],"curies":[{"name":"wp","href":"https:\/\/api.w.org\/{rel}","templated":true}]}}