{"id":61018,"date":"2015-08-10T23:59:40","date_gmt":"2015-08-11T02:59:40","guid":{"rendered":"http:\/\/www.notibras.com\/site\/?p=61018"},"modified":"2015-08-14T11:57:31","modified_gmt":"2015-08-14T14:57:31","slug":"a-casa-caiu-e-arrastou-o-sonho-do-pt-fincar-a-estrela-nas-americas","status":"publish","type":"post","link":"https:\/\/www.notibras.com\/site\/a-casa-caiu-e-arrastou-o-sonho-do-pt-fincar-a-estrela-nas-americas\/","title":{"rendered":"A casa caiu; e arrastou o sonho do PT de fincar a sua estrela nas Am\u00e9ricas"},"content":{"rendered":"<p>Kiaroa Eco-Luxury Resort foi o endere\u00e7o de Jos\u00e9 Dirceu em v\u00e1rias ocasi\u00f5es, segundo o respons\u00e1vel pela pista exclusiva de pouso de jatinhos no paradis\u00edaco cen\u00e1rio da Pen\u00ednsula de Mara\u00fa, Bahia. L\u00e1, num dos resorts mais sofisticados do pa\u00eds, recebeu e despachou com celebridades para consolidar o plano de ocupar as Am\u00e9ricas do Sul e Central e fazer de Lula o l\u00edder dos continentes americanos, exceto do Norte, onde ele s\u00f3 foi \u201co cara\u201d por dez segundos.<\/p>\n<blockquote><p>A ideia era comer o pir\u00e3o pelas beiradas, segundo especialistas em estrat\u00e9gias de ocupa\u00e7\u00e3o. Com a ajuda de pa\u00edses dissidentes da pol\u00edtica estadudinense, como Iraque, Ir\u00e3, L\u00edbia, Palestina, Venezuela, Col\u00f4mbia, Cor\u00e9ia do Norte e outros em processo de exclus\u00e3o da realidade, poderia convencer por meio do BRICS, ainda a R\u00fassia, \u00cdndia, China e \u00c1frica do Sul a engordar a sopa de pobre e lev\u00e1-los tamb\u00e9m \u00e0 classe m\u00e9dia mundial como fizeram os l\u00edderes do PT com os gabirus brasileiros do pobre Nordeste.<\/p><\/blockquote>\n<p>O racioc\u00ednio \u00e9 \u00f3bvio: os recursos da quinta economia mundial, abundantes, seriam destilados para ditaduras americanas \u2013 Centro e Sul -, falidos africanos e onde fosse necess\u00e1rio, at\u00e9 que o capital inicial fosse capaz de levantar a bandeira com a marca da empresa que carrega uma estrela. E assim fizeram. Mesmo que a consequ\u00eancia fosse sucumbir as anteriormente consolidadas marcas das empresas brasileiras com conceito adquirido no cen\u00e1rio mundial.<\/p>\n<p>Maduro, o motorista venezuelano, tem sido mais modesto e tenta manter o territ\u00f3rio que tomou, onde n\u00e3o existe nem sabonete para dar banho nas crian\u00e7as, seguindo o exemplo de d\u00e9cadas do que existe em Cuba que Lula adora. Evo, vizinho, at\u00e9 ganhou uma refinaria da Petrobras de presente. Lula adora os exemplos e adora Cuba. Ama pobres desde que continuem pobres e ignorantes, diz um analista pol\u00edtico e servidor p\u00fablico federal.<\/p>\n<blockquote><p>Para refinar a inteligente estrat\u00e9gia, que tal uma Lei de Imprensa? Quem sabe o desarmamento da popula\u00e7\u00e3o? Uma bolsa para a fam\u00edlia sem perspectiva de sair da depend\u00eancia tamb\u00e9m \u00e9 legal. Mas cacha\u00e7a mata&#8230; Roman\u00e9e Conti tamb\u00e9m. As ditaduras s\u00e3o todas delirantes. Produzem situa\u00e7\u00f5es inacredit\u00e1veis. Os ensinamentos de Joseph Goebbels ainda s\u00e3o v\u00e1lidos para os marqueteiros de Lula, Z\u00e9 Dirceu e agora Dilma Rousseff que n\u00e3o sabe onde sentar porque esta cercada de r\u00e9us. Mas \u201ccumpanhero \u00e9 cumpanhero\u201d.<\/p><\/blockquote>\n<p>Se eles \u2013 seus marqueteiros &#8211; recomendaram um programa partid\u00e1rio debochando os panela\u00e7os espont\u00e2neos produzidos pela popula\u00e7\u00e3o pensante, ent\u00e3o vamos l\u00e1. Dilma n\u00e3o entendeu que o ex\u00e9rcito de Lula e Z\u00e9 Dirceu foi reduzido a 29% da popula\u00e7\u00e3o. O marqueteiro (\u00e9 bom que saibam o seu nome e anotem, pol\u00edticos) deu um tiro no cora\u00e7\u00e3o da estrela. N\u00e3o h\u00e1 chance de reviver Goebbels no Brasil. Quando a infla\u00e7\u00e3o se mantiver acima dos dois d\u00edgitos, n\u00e3o haver\u00e1 mais Bolsa Escola, segundo respeitados economistas.<\/p>\n<p>N\u00e3o adianta mentir. A casa caiu. E at\u00e9 que durou muito. O enriquecimento il\u00edcito, a destrui\u00e7\u00e3o de institui\u00e7\u00f5es como a Petrobras, Correios, Banco do Brasil, Caixa Econ\u00f4mica Federal, BNDES, FAT, para financiar um Estado Novo que at\u00e9 ganhou passaporte novo, que \u00e9 novidade, com uma capa inconstitucional, que traz um logotipo que ningu\u00e9m sabe do se trata, sem apresentar o bras\u00e3o da Rep\u00fablica, obrigat\u00f3rio em documentos oficiais. Mas foi bonita a festa, p\u00e1! Chico Buarque ama Cuba como Lula. Na vida tudo \u00e9 poss\u00edvel.<\/p>\n<blockquote><p>Agora que 71% da popula\u00e7\u00e3o est\u00e3o gritando nas janelas \u201cFora Dilma!\u201d, n\u00e3o \u00e9 poss\u00edvel repetir mil vezes as mesmas mentiras como o nazista Goebbels, general de Hitler, ensinou a Lula e Z\u00e9 Dirceu, de acordo com a \u00faltima propaganda partid\u00e1ria do PT no hor\u00e1rio nobre.<\/p><\/blockquote>\n<p>Nos EUA, o governo n\u00e3o pode deter a venda de armas livremente ao cidad\u00e3o. O conceito de cidadania l\u00e1 passa pela defesa da fam\u00edlia. Mesmo que o brasileiro n\u00e3o tenha voca\u00e7\u00e3o armamentista, o que \u00e9 muito bom, tamb\u00e9m n\u00e3o \u00e9 idiota. Pode-se enganar a todos por algum tempo; pode-se enganar alguns por todo o tempo; mas n\u00e3o se pode enganar a todos o tempo todo.<\/p>\n<p>O apetite era t\u00e3o grande que n\u00e3o souberam avaliar Abraham Lincoln. E olha que Obama at\u00e9 deu a dica. Melhor \u00e9 carregar a caixa de isopor abastecida de cerveja em um cen\u00e1rio confort\u00e1vel, de prefer\u00eancia em uma praia militar e deixar essa coisa de poder pra l\u00e1. E tomar uma branquinha antes que seja tarde.<\/p>\n<blockquote><p>Pergunta que n\u00e3o quer calar: onde est\u00e1 a propaganda do PSDB programada para as 20h30 desta ter\u00e7a-feira 11? Os marqueteiros do Michel funcionam melhor&#8230;<\/p><\/blockquote>\n","protected":false},"excerpt":{"rendered":"<p>Kiaroa Eco-Luxury Resort foi o endere\u00e7o de Jos\u00e9 Dirceu em v\u00e1rias ocasi\u00f5es, segundo o respons\u00e1vel pela pista exclusiva de pouso de jatinhos no paradis\u00edaco cen\u00e1rio da Pen\u00ednsula de Mara\u00fa, Bahia. L\u00e1, num dos resorts mais sofisticados do pa\u00eds, recebeu e despachou com celebridades para consolidar o plano de ocupar as Am\u00e9ricas do Sul e Central [&hellip;]<\/p>\n","protected":false},"author":2,"featured_media":61020,"comment_status":"open","ping_status":"closed","sticky":false,"template":"","format":"standard","meta":{"_acf_changed":false,"footnotes":""},"categories":[48],"tags":[],"class_list":["post-61018","post","type-post","status-publish","format-standard","has-post-thumbnail","hentry","category-ferriche"],"acf":[],"yoast_head":"<!-- This site is optimized with the Yoast SEO plugin v27.2 - https:\/\/yoast.com\/product\/yoast-seo-wordpress\/ -->\n<title>A casa caiu; e arrastou o sonho do PT de fincar a sua estrela nas Am\u00e9ricas - Notibras<\/title>\n<meta name=\"robots\" content=\"index, follow, max-snippet:-1, max-image-preview:large, max-video-preview:-1\" \/>\n<link rel=\"canonical\" href=\"https:\/\/www.notibras.com\/site\/a-casa-caiu-e-arrastou-o-sonho-do-pt-fincar-a-estrela-nas-americas\/\" \/>\n<meta property=\"og:locale\" content=\"pt_BR\" \/>\n<meta property=\"og:type\" content=\"article\" \/>\n<meta property=\"og:title\" content=\"A casa caiu; e arrastou o sonho do PT de fincar a sua estrela nas Am\u00e9ricas - Notibras\" \/>\n<meta property=\"og:description\" content=\"Kiaroa Eco-Luxury Resort foi o endere\u00e7o de Jos\u00e9 Dirceu em v\u00e1rias ocasi\u00f5es, segundo o respons\u00e1vel pela pista exclusiva de pouso de jatinhos no paradis\u00edaco cen\u00e1rio da Pen\u00ednsula de Mara\u00fa, Bahia. L\u00e1, num dos resorts mais sofisticados do pa\u00eds, recebeu e despachou com celebridades para consolidar o plano de ocupar as Am\u00e9ricas do Sul e Central [&hellip;]\" \/>\n<meta property=\"og:url\" content=\"https:\/\/www.notibras.com\/site\/a-casa-caiu-e-arrastou-o-sonho-do-pt-fincar-a-estrela-nas-americas\/\" \/>\n<meta property=\"og:site_name\" content=\"Notibras\" \/>\n<meta property=\"article:publisher\" content=\"https:\/\/www.facebook.com\/notibras\/\" \/>\n<meta property=\"article:published_time\" content=\"2015-08-11T02:59:40+00:00\" \/>\n<meta property=\"article:modified_time\" content=\"2015-08-14T14:57:31+00:00\" \/>\n<meta property=\"og:image\" content=\"https:\/\/www.notibras.com\/site\/wp-content\/uploads\/2015\/08\/LULA-BEBADO-_CACHACEIRO-GOVERNANTE-DO-BRASIL.png\" \/>\n\t<meta property=\"og:image:width\" content=\"800\" \/>\n\t<meta property=\"og:image:height\" content=\"600\" \/>\n\t<meta property=\"og:image:type\" content=\"image\/png\" \/>\n<meta name=\"author\" content=\"Reda\u00e7\u00e3o\" \/>\n<meta name=\"twitter:card\" content=\"summary_large_image\" \/>\n<meta name=\"twitter:creator\" content=\"@Notibras\" \/>\n<meta name=\"twitter:site\" content=\"@Notibras\" \/>\n<meta name=\"twitter:label1\" content=\"Escrito por\" \/>\n\t<meta name=\"twitter:data1\" content=\"Reda\u00e7\u00e3o\" \/>\n\t<meta name=\"twitter:label2\" content=\"Est. tempo de leitura\" \/>\n\t<meta name=\"twitter:data2\" content=\"4 minutos\" \/>\n<script type=\"application\/ld+json\" class=\"yoast-schema-graph\">{\"@context\":\"https:\/\/schema.org\",\"@graph\":[{\"@type\":\"Article\",\"@id\":\"https:\/\/www.notibras.com\/site\/a-casa-caiu-e-arrastou-o-sonho-do-pt-fincar-a-estrela-nas-americas\/#article\",\"isPartOf\":{\"@id\":\"https:\/\/www.notibras.com\/site\/a-casa-caiu-e-arrastou-o-sonho-do-pt-fincar-a-estrela-nas-americas\/\"},\"author\":{\"name\":\"Reda\u00e7\u00e3o\",\"@id\":\"https:\/\/www.notibras.com\/site\/#\/schema\/person\/36ab0979449956132d3e5b517ea76ac8\"},\"headline\":\"A casa caiu; e arrastou o sonho do PT de fincar a sua estrela nas Am\u00e9ricas\",\"datePublished\":\"2015-08-11T02:59:40+00:00\",\"dateModified\":\"2015-08-14T14:57:31+00:00\",\"mainEntityOfPage\":{\"@id\":\"https:\/\/www.notibras.com\/site\/a-casa-caiu-e-arrastou-o-sonho-do-pt-fincar-a-estrela-nas-americas\/\"},\"wordCount\":826,\"commentCount\":0,\"publisher\":{\"@id\":\"https:\/\/www.notibras.com\/site\/#organization\"},\"image\":{\"@id\":\"https:\/\/www.notibras.com\/site\/a-casa-caiu-e-arrastou-o-sonho-do-pt-fincar-a-estrela-nas-americas\/#primaryimage\"},\"thumbnailUrl\":\"https:\/\/www.notibras.com\/site\/wp-content\/uploads\/2015\/08\/LULA-BEBADO-_CACHACEIRO-GOVERNANTE-DO-BRASIL.png\",\"articleSection\":[\"Kleber Ferriche\"],\"inLanguage\":\"pt-BR\",\"potentialAction\":[{\"@type\":\"CommentAction\",\"name\":\"Comment\",\"target\":[\"https:\/\/www.notibras.com\/site\/a-casa-caiu-e-arrastou-o-sonho-do-pt-fincar-a-estrela-nas-americas\/#respond\"]}]},{\"@type\":\"WebPage\",\"@id\":\"https:\/\/www.notibras.com\/site\/a-casa-caiu-e-arrastou-o-sonho-do-pt-fincar-a-estrela-nas-americas\/\",\"url\":\"https:\/\/www.notibras.com\/site\/a-casa-caiu-e-arrastou-o-sonho-do-pt-fincar-a-estrela-nas-americas\/\",\"name\":\"A casa caiu; e arrastou o sonho do PT de fincar a sua estrela nas Am\u00e9ricas - Notibras\",\"isPartOf\":{\"@id\":\"https:\/\/www.notibras.com\/site\/#website\"},\"primaryImageOfPage\":{\"@id\":\"https:\/\/www.notibras.com\/site\/a-casa-caiu-e-arrastou-o-sonho-do-pt-fincar-a-estrela-nas-americas\/#primaryimage\"},\"image\":{\"@id\":\"https:\/\/www.notibras.com\/site\/a-casa-caiu-e-arrastou-o-sonho-do-pt-fincar-a-estrela-nas-americas\/#primaryimage\"},\"thumbnailUrl\":\"https:\/\/www.notibras.com\/site\/wp-content\/uploads\/2015\/08\/LULA-BEBADO-_CACHACEIRO-GOVERNANTE-DO-BRASIL.png\",\"datePublished\":\"2015-08-11T02:59:40+00:00\",\"dateModified\":\"2015-08-14T14:57:31+00:00\",\"breadcrumb\":{\"@id\":\"https:\/\/www.notibras.com\/site\/a-casa-caiu-e-arrastou-o-sonho-do-pt-fincar-a-estrela-nas-americas\/#breadcrumb\"},\"inLanguage\":\"pt-BR\",\"potentialAction\":[{\"@type\":\"ReadAction\",\"target\":[\"https:\/\/www.notibras.com\/site\/a-casa-caiu-e-arrastou-o-sonho-do-pt-fincar-a-estrela-nas-americas\/\"]}]},{\"@type\":\"ImageObject\",\"inLanguage\":\"pt-BR\",\"@id\":\"https:\/\/www.notibras.com\/site\/a-casa-caiu-e-arrastou-o-sonho-do-pt-fincar-a-estrela-nas-americas\/#primaryimage\",\"url\":\"https:\/\/www.notibras.com\/site\/wp-content\/uploads\/2015\/08\/LULA-BEBADO-_CACHACEIRO-GOVERNANTE-DO-BRASIL.png\",\"contentUrl\":\"https:\/\/www.notibras.com\/site\/wp-content\/uploads\/2015\/08\/LULA-BEBADO-_CACHACEIRO-GOVERNANTE-DO-BRASIL.png\",\"width\":800,\"height\":600},{\"@type\":\"BreadcrumbList\",\"@id\":\"https:\/\/www.notibras.com\/site\/a-casa-caiu-e-arrastou-o-sonho-do-pt-fincar-a-estrela-nas-americas\/#breadcrumb\",\"itemListElement\":[{\"@type\":\"ListItem\",\"position\":1,\"name\":\"In\u00edcio\",\"item\":\"https:\/\/www.notibras.com\/site\/\"},{\"@type\":\"ListItem\",\"position\":2,\"name\":\"A casa caiu; e arrastou o sonho do PT de fincar a sua estrela nas Am\u00e9ricas\"}]},{\"@type\":\"WebSite\",\"@id\":\"https:\/\/www.notibras.com\/site\/#website\",\"url\":\"https:\/\/www.notibras.com\/site\/\",\"name\":\"Notibras\",\"description\":\"Not\u00edcias de Bras\u00edlia, do Brasil e do Mundo\",\"publisher\":{\"@id\":\"https:\/\/www.notibras.com\/site\/#organization\"},\"potentialAction\":[{\"@type\":\"SearchAction\",\"target\":{\"@type\":\"EntryPoint\",\"urlTemplate\":\"https:\/\/www.notibras.com\/site\/?s={search_term_string}\"},\"query-input\":{\"@type\":\"PropertyValueSpecification\",\"valueRequired\":true,\"valueName\":\"search_term_string\"}}],\"inLanguage\":\"pt-BR\"},{\"@type\":\"Organization\",\"@id\":\"https:\/\/www.notibras.com\/site\/#organization\",\"name\":\"Grupo Notibras de Comunica\u00e7\u00e3o\",\"url\":\"https:\/\/www.notibras.com\/site\/\",\"logo\":{\"@type\":\"ImageObject\",\"inLanguage\":\"pt-BR\",\"@id\":\"https:\/\/www.notibras.com\/site\/#\/schema\/logo\/image\/\",\"url\":\"https:\/\/www.notibras.com\/site\/wp-content\/uploads\/2023\/01\/notibras23.png\",\"contentUrl\":\"https:\/\/www.notibras.com\/site\/wp-content\/uploads\/2023\/01\/notibras23.png\",\"width\":350,\"height\":87,\"caption\":\"Grupo Notibras de Comunica\u00e7\u00e3o\"},\"image\":{\"@id\":\"https:\/\/www.notibras.com\/site\/#\/schema\/logo\/image\/\"},\"sameAs\":[\"https:\/\/www.facebook.com\/notibras\/\",\"https:\/\/x.com\/Notibras\",\"https:\/\/www.instagram.com\/notibras\/\"]},{\"@type\":\"Person\",\"@id\":\"https:\/\/www.notibras.com\/site\/#\/schema\/person\/36ab0979449956132d3e5b517ea76ac8\",\"name\":\"Reda\u00e7\u00e3o\",\"image\":{\"@type\":\"ImageObject\",\"inLanguage\":\"pt-BR\",\"@id\":\"https:\/\/secure.gravatar.com\/avatar\/e0a867bdedb85fd243eadf09663511f96fc81e0720a4a42581f334ad4303aa6b?s=96&d=mm&r=g\",\"url\":\"https:\/\/secure.gravatar.com\/avatar\/e0a867bdedb85fd243eadf09663511f96fc81e0720a4a42581f334ad4303aa6b?s=96&d=mm&r=g\",\"contentUrl\":\"https:\/\/secure.gravatar.com\/avatar\/e0a867bdedb85fd243eadf09663511f96fc81e0720a4a42581f334ad4303aa6b?s=96&d=mm&r=g\",\"caption\":\"Reda\u00e7\u00e3o\"}}]}<\/script>\n<!-- \/ Yoast SEO plugin. -->","yoast_head_json":{"title":"A casa caiu; e arrastou o sonho do PT de fincar a sua estrela nas Am\u00e9ricas - Notibras","robots":{"index":"index","follow":"follow","max-snippet":"max-snippet:-1","max-image-preview":"max-image-preview:large","max-video-preview":"max-video-preview:-1"},"canonical":"https:\/\/www.notibras.com\/site\/a-casa-caiu-e-arrastou-o-sonho-do-pt-fincar-a-estrela-nas-americas\/","og_locale":"pt_BR","og_type":"article","og_title":"A casa caiu; e arrastou o sonho do PT de fincar a sua estrela nas Am\u00e9ricas - Notibras","og_description":"Kiaroa Eco-Luxury Resort foi o endere\u00e7o de Jos\u00e9 Dirceu em v\u00e1rias ocasi\u00f5es, segundo o respons\u00e1vel pela pista exclusiva de pouso de jatinhos no paradis\u00edaco cen\u00e1rio da Pen\u00ednsula de Mara\u00fa, Bahia. L\u00e1, num dos resorts mais sofisticados do pa\u00eds, recebeu e despachou com celebridades para consolidar o plano de ocupar as Am\u00e9ricas do Sul e Central [&hellip;]","og_url":"https:\/\/www.notibras.com\/site\/a-casa-caiu-e-arrastou-o-sonho-do-pt-fincar-a-estrela-nas-americas\/","og_site_name":"Notibras","article_publisher":"https:\/\/www.facebook.com\/notibras\/","article_published_time":"2015-08-11T02:59:40+00:00","article_modified_time":"2015-08-14T14:57:31+00:00","og_image":[{"width":800,"height":600,"url":"https:\/\/www.notibras.com\/site\/wp-content\/uploads\/2015\/08\/LULA-BEBADO-_CACHACEIRO-GOVERNANTE-DO-BRASIL.png","type":"image\/png"}],"author":"Reda\u00e7\u00e3o","twitter_card":"summary_large_image","twitter_creator":"@Notibras","twitter_site":"@Notibras","twitter_misc":{"Escrito por":"Reda\u00e7\u00e3o","Est. tempo de leitura":"4 minutos"},"schema":{"@context":"https:\/\/schema.org","@graph":[{"@type":"Article","@id":"https:\/\/www.notibras.com\/site\/a-casa-caiu-e-arrastou-o-sonho-do-pt-fincar-a-estrela-nas-americas\/#article","isPartOf":{"@id":"https:\/\/www.notibras.com\/site\/a-casa-caiu-e-arrastou-o-sonho-do-pt-fincar-a-estrela-nas-americas\/"},"author":{"name":"Reda\u00e7\u00e3o","@id":"https:\/\/www.notibras.com\/site\/#\/schema\/person\/36ab0979449956132d3e5b517ea76ac8"},"headline":"A casa caiu; e arrastou o sonho do PT de fincar a sua estrela nas Am\u00e9ricas","datePublished":"2015-08-11T02:59:40+00:00","dateModified":"2015-08-14T14:57:31+00:00","mainEntityOfPage":{"@id":"https:\/\/www.notibras.com\/site\/a-casa-caiu-e-arrastou-o-sonho-do-pt-fincar-a-estrela-nas-americas\/"},"wordCount":826,"commentCount":0,"publisher":{"@id":"https:\/\/www.notibras.com\/site\/#organization"},"image":{"@id":"https:\/\/www.notibras.com\/site\/a-casa-caiu-e-arrastou-o-sonho-do-pt-fincar-a-estrela-nas-americas\/#primaryimage"},"thumbnailUrl":"https:\/\/www.notibras.com\/site\/wp-content\/uploads\/2015\/08\/LULA-BEBADO-_CACHACEIRO-GOVERNANTE-DO-BRASIL.png","articleSection":["Kleber Ferriche"],"inLanguage":"pt-BR","potentialAction":[{"@type":"CommentAction","name":"Comment","target":["https:\/\/www.notibras.com\/site\/a-casa-caiu-e-arrastou-o-sonho-do-pt-fincar-a-estrela-nas-americas\/#respond"]}]},{"@type":"WebPage","@id":"https:\/\/www.notibras.com\/site\/a-casa-caiu-e-arrastou-o-sonho-do-pt-fincar-a-estrela-nas-americas\/","url":"https:\/\/www.notibras.com\/site\/a-casa-caiu-e-arrastou-o-sonho-do-pt-fincar-a-estrela-nas-americas\/","name":"A casa caiu; e arrastou o sonho do PT de fincar a sua estrela nas Am\u00e9ricas - Notibras","isPartOf":{"@id":"https:\/\/www.notibras.com\/site\/#website"},"primaryImageOfPage":{"@id":"https:\/\/www.notibras.com\/site\/a-casa-caiu-e-arrastou-o-sonho-do-pt-fincar-a-estrela-nas-americas\/#primaryimage"},"image":{"@id":"https:\/\/www.notibras.com\/site\/a-casa-caiu-e-arrastou-o-sonho-do-pt-fincar-a-estrela-nas-americas\/#primaryimage"},"thumbnailUrl":"https:\/\/www.notibras.com\/site\/wp-content\/uploads\/2015\/08\/LULA-BEBADO-_CACHACEIRO-GOVERNANTE-DO-BRASIL.png","datePublished":"2015-08-11T02:59:40+00:00","dateModified":"2015-08-14T14:57:31+00:00","breadcrumb":{"@id":"https:\/\/www.notibras.com\/site\/a-casa-caiu-e-arrastou-o-sonho-do-pt-fincar-a-estrela-nas-americas\/#breadcrumb"},"inLanguage":"pt-BR","potentialAction":[{"@type":"ReadAction","target":["https:\/\/www.notibras.com\/site\/a-casa-caiu-e-arrastou-o-sonho-do-pt-fincar-a-estrela-nas-americas\/"]}]},{"@type":"ImageObject","inLanguage":"pt-BR","@id":"https:\/\/www.notibras.com\/site\/a-casa-caiu-e-arrastou-o-sonho-do-pt-fincar-a-estrela-nas-americas\/#primaryimage","url":"https:\/\/www.notibras.com\/site\/wp-content\/uploads\/2015\/08\/LULA-BEBADO-_CACHACEIRO-GOVERNANTE-DO-BRASIL.png","contentUrl":"https:\/\/www.notibras.com\/site\/wp-content\/uploads\/2015\/08\/LULA-BEBADO-_CACHACEIRO-GOVERNANTE-DO-BRASIL.png","width":800,"height":600},{"@type":"BreadcrumbList","@id":"https:\/\/www.notibras.com\/site\/a-casa-caiu-e-arrastou-o-sonho-do-pt-fincar-a-estrela-nas-americas\/#breadcrumb","itemListElement":[{"@type":"ListItem","position":1,"name":"In\u00edcio","item":"https:\/\/www.notibras.com\/site\/"},{"@type":"ListItem","position":2,"name":"A casa caiu; e arrastou o sonho do PT de fincar a sua estrela nas Am\u00e9ricas"}]},{"@type":"WebSite","@id":"https:\/\/www.notibras.com\/site\/#website","url":"https:\/\/www.notibras.com\/site\/","name":"Notibras","description":"Not\u00edcias de Bras\u00edlia, do Brasil e do Mundo","publisher":{"@id":"https:\/\/www.notibras.com\/site\/#organization"},"potentialAction":[{"@type":"SearchAction","target":{"@type":"EntryPoint","urlTemplate":"https:\/\/www.notibras.com\/site\/?s={search_term_string}"},"query-input":{"@type":"PropertyValueSpecification","valueRequired":true,"valueName":"search_term_string"}}],"inLanguage":"pt-BR"},{"@type":"Organization","@id":"https:\/\/www.notibras.com\/site\/#organization","name":"Grupo Notibras de Comunica\u00e7\u00e3o","url":"https:\/\/www.notibras.com\/site\/","logo":{"@type":"ImageObject","inLanguage":"pt-BR","@id":"https:\/\/www.notibras.com\/site\/#\/schema\/logo\/image\/","url":"https:\/\/www.notibras.com\/site\/wp-content\/uploads\/2023\/01\/notibras23.png","contentUrl":"https:\/\/www.notibras.com\/site\/wp-content\/uploads\/2023\/01\/notibras23.png","width":350,"height":87,"caption":"Grupo Notibras de Comunica\u00e7\u00e3o"},"image":{"@id":"https:\/\/www.notibras.com\/site\/#\/schema\/logo\/image\/"},"sameAs":["https:\/\/www.facebook.com\/notibras\/","https:\/\/x.com\/Notibras","https:\/\/www.instagram.com\/notibras\/"]},{"@type":"Person","@id":"https:\/\/www.notibras.com\/site\/#\/schema\/person\/36ab0979449956132d3e5b517ea76ac8","name":"Reda\u00e7\u00e3o","image":{"@type":"ImageObject","inLanguage":"pt-BR","@id":"https:\/\/secure.gravatar.com\/avatar\/e0a867bdedb85fd243eadf09663511f96fc81e0720a4a42581f334ad4303aa6b?s=96&d=mm&r=g","url":"https:\/\/secure.gravatar.com\/avatar\/e0a867bdedb85fd243eadf09663511f96fc81e0720a4a42581f334ad4303aa6b?s=96&d=mm&r=g","contentUrl":"https:\/\/secure.gravatar.com\/avatar\/e0a867bdedb85fd243eadf09663511f96fc81e0720a4a42581f334ad4303aa6b?s=96&d=mm&r=g","caption":"Reda\u00e7\u00e3o"}}]}},"amp_enabled":true,"_links":{"self":[{"href":"https:\/\/www.notibras.com\/site\/wp-json\/wp\/v2\/posts\/61018","targetHints":{"allow":["GET"]}}],"collection":[{"href":"https:\/\/www.notibras.com\/site\/wp-json\/wp\/v2\/posts"}],"about":[{"href":"https:\/\/www.notibras.com\/site\/wp-json\/wp\/v2\/types\/post"}],"author":[{"embeddable":true,"href":"https:\/\/www.notibras.com\/site\/wp-json\/wp\/v2\/users\/2"}],"replies":[{"embeddable":true,"href":"https:\/\/www.notibras.com\/site\/wp-json\/wp\/v2\/comments?post=61018"}],"version-history":[{"count":0,"href":"https:\/\/www.notibras.com\/site\/wp-json\/wp\/v2\/posts\/61018\/revisions"}],"wp:featuredmedia":[{"embeddable":true,"href":"https:\/\/www.notibras.com\/site\/wp-json\/wp\/v2\/media\/61020"}],"wp:attachment":[{"href":"https:\/\/www.notibras.com\/site\/wp-json\/wp\/v2\/media?parent=61018"}],"wp:term":[{"taxonomy":"category","embeddable":true,"href":"https:\/\/www.notibras.com\/site\/wp-json\/wp\/v2\/categories?post=61018"},{"taxonomy":"post_tag","embeddable":true,"href":"https:\/\/www.notibras.com\/site\/wp-json\/wp\/v2\/tags?post=61018"}],"curies":[{"name":"wp","href":"https:\/\/api.w.org\/{rel}","templated":true}]}}