{"id":61064,"date":"2015-08-11T22:48:44","date_gmt":"2015-08-12T01:48:44","guid":{"rendered":"http:\/\/www.notibras.com\/site\/?p=61064"},"modified":"2015-08-14T11:57:23","modified_gmt":"2015-08-14T14:57:23","slug":"rollemberg-comemora-apartheid-de-casas-no-chao-com-gout-de-diamants","status":"publish","type":"post","link":"https:\/\/www.notibras.com\/site\/rollemberg-comemora-apartheid-de-casas-no-chao-com-gout-de-diamants\/","title":{"rendered":"Rollemberg comemora o apartheid do novo socialismo com Go\u00fbt de Diamants"},"content":{"rendered":"<p>O socialismo tem l\u00e1 suas disparidades. Cria guetos, aprofunda a divis\u00e3o entre classes sociais, resgata o apartheid, segregando n\u00e3o pela cor da pele, mas pelo saldo da conta banc\u00e1ria. \u00c9 isso o que se v\u00ea no jeito de ser da administra\u00e7\u00e3o de Rodrigo Rollemberg, que dividiu ainda mais a sociedade ao criar o Governo de Bras\u00edlia, para, v\u00ea-se agora, se contrapor ao Governo do Distrito Federal.<\/p>\n<p>O primeiro cuida do Plano Piloto, com suas asas Sul e Norte, e do Lago Parano\u00e1, das orlas tamb\u00e9m Sul e Norte, que parecem abrigar donos de minas de ouro e diamantes como se \u00c1frica do Sul fossem antes da era Mandela. O segundo \u00e9 o caos. \u00c9 o ao Deus dar\u00e1 sem seguran\u00e7a, sem paz, sem dignidade humana.<\/p>\n<blockquote><p>Rollemberg, que na campanha prometia um \u201cGoverno do Bem\u201d, est\u00e1 conseguindo piorar a situa\u00e7\u00e3o da divis\u00e3o entre a Bras\u00edlia capital e o Distrito Federal perif\u00e9rico da ilha da fantasia.<\/p><\/blockquote>\n<p>Quando Rodrigo Rollemberg come\u00e7ou a derrubada de casas na Ceil\u00e2ndia, no loteamento Nova Jerusal\u00e9m, fam\u00edlias foram tiradas do local como verdadeiros marginais. Muita pol\u00edcia e cenas de horror tomaram conta do condom\u00ednio Sol Nascente. A remo\u00e7\u00e3o foi feita sem a presen\u00e7a da Secretaria de Desenvolvimento Humano e Social, que at\u00e9 hoje n\u00e3o tem participado das a\u00e7\u00f5es feitas com trucul\u00eancia e sem di\u00e1logo algum.<\/p>\n<p>Em Vicente Pires, com moradores da classe media, o massacre da ch\u00e1cara 200, como est\u00e1 sendo chamado, foi do mesmo jeito. Uma derrubada seca e desumana, sem acolhimento nenhum.<\/p>\n<p>As fam\u00edlias que come\u00e7aram a constru\u00e7\u00e3o j\u00e1 no Governo Rollemberg, foram tratadas com press\u00e3o psicol\u00f3gica. Em v\u00eddeos, os moradores reclamam que passaram meses com os funcion\u00e1rios da Agefis fazendo terrorismo. Em manifesta\u00e7\u00e3o, queimaram pneus na Estrutural e na EPTG.<\/p>\n<p>Apesar disso, as casas prontas e habitadas foram para o ch\u00e3o, embora seus propriet\u00e1rios paguem IPTU e tendo constru\u00eddo com a pr\u00e9via autoriza\u00e7\u00e3o da Administra\u00e7\u00e3o Regional. O governo foi omisso e n\u00e3o fiscalizou. Tem estrutura para derrubar, mas n\u00e3o tem para fiscalizar e inibir invas\u00f5es.<\/p>\n<blockquote><p>Mas o fato que mais chama a aten\u00e7\u00e3o \u00e9 a guerra que foi travada no DF, principalmente na rede social. Com tantas injusti\u00e7as quanto \u00e0s derrubadas, o lado do Governo do Distrito Federal quer ver o Governo de Bras\u00edlia detonar a Orla do Lago, derrubada j\u00e1 liberada pela justi\u00e7a.<\/p><\/blockquote>\n<p>As indiferen\u00e7as no modo de agir do governo nos tr\u00e1s o sentimento de vingan\u00e7a, de se fazer justi\u00e7a colocando por terra os ricos da Orla do Lago. A gera\u00e7\u00e3o Bras\u00edlia pregou o bem, mas trabalha na divis\u00e3o da cidade.<\/p>\n<p>Na hora de ganhar a elei\u00e7\u00e3o, Rollemberg usou o slogan: \u201cUm DF de todos n\u00f3s\u201d. Agora o DF \u00e9 da Agefis. Podemos reviver a novela Rainha da Sucata. O Governo da Sucata tem Dona Arm\u00eania que faz pirra\u00e7a, \u00e9 omissa na fiscaliza\u00e7\u00e3o e depois coloca tudo no ch\u00e3o.<\/p>\n","protected":false},"excerpt":{"rendered":"<p>O socialismo tem l\u00e1 suas disparidades. Cria guetos, aprofunda a divis\u00e3o entre classes sociais, resgata o apartheid, segregando n\u00e3o pela cor da pele, mas pelo saldo da conta banc\u00e1ria. \u00c9 isso o que se v\u00ea no jeito de ser da administra\u00e7\u00e3o de Rodrigo Rollemberg, que dividiu ainda mais a sociedade ao criar o Governo de [&hellip;]<\/p>\n","protected":false},"author":2,"featured_media":61065,"comment_status":"open","ping_status":"closed","sticky":false,"template":"","format":"standard","meta":{"_acf_changed":false,"footnotes":""},"categories":[45],"tags":[],"class_list":["post-61064","post","type-post","status-publish","format-standard","has-post-thumbnail","hentry","category-cris"],"acf":[],"yoast_head":"<!-- This site is optimized with the Yoast SEO plugin v27.2 - https:\/\/yoast.com\/product\/yoast-seo-wordpress\/ -->\n<title>Rollemberg comemora o apartheid do novo socialismo com Go\u00fbt de Diamants - Notibras<\/title>\n<meta name=\"robots\" content=\"index, follow, max-snippet:-1, max-image-preview:large, max-video-preview:-1\" \/>\n<link rel=\"canonical\" href=\"https:\/\/www.notibras.com\/site\/rollemberg-comemora-apartheid-de-casas-no-chao-com-gout-de-diamants\/\" \/>\n<meta property=\"og:locale\" content=\"pt_BR\" \/>\n<meta property=\"og:type\" content=\"article\" \/>\n<meta property=\"og:title\" content=\"Rollemberg comemora o apartheid do novo socialismo com Go\u00fbt de Diamants - Notibras\" \/>\n<meta property=\"og:description\" content=\"O socialismo tem l\u00e1 suas disparidades. Cria guetos, aprofunda a divis\u00e3o entre classes sociais, resgata o apartheid, segregando n\u00e3o pela cor da pele, mas pelo saldo da conta banc\u00e1ria. \u00c9 isso o que se v\u00ea no jeito de ser da administra\u00e7\u00e3o de Rodrigo Rollemberg, que dividiu ainda mais a sociedade ao criar o Governo de [&hellip;]\" \/>\n<meta property=\"og:url\" content=\"https:\/\/www.notibras.com\/site\/rollemberg-comemora-apartheid-de-casas-no-chao-com-gout-de-diamants\/\" \/>\n<meta property=\"og:site_name\" content=\"Notibras\" \/>\n<meta property=\"article:publisher\" content=\"https:\/\/www.facebook.com\/notibras\/\" \/>\n<meta property=\"article:published_time\" content=\"2015-08-12T01:48:44+00:00\" \/>\n<meta property=\"article:modified_time\" content=\"2015-08-14T14:57:23+00:00\" \/>\n<meta property=\"og:image\" content=\"https:\/\/www.notibras.com\/site\/wp-content\/uploads\/2015\/08\/vp11.jpg\" \/>\n\t<meta property=\"og:image:width\" content=\"997\" \/>\n\t<meta property=\"og:image:height\" content=\"662\" \/>\n\t<meta property=\"og:image:type\" content=\"image\/jpeg\" \/>\n<meta name=\"author\" content=\"Reda\u00e7\u00e3o\" \/>\n<meta name=\"twitter:card\" content=\"summary_large_image\" \/>\n<meta name=\"twitter:creator\" content=\"@Notibras\" \/>\n<meta name=\"twitter:site\" content=\"@Notibras\" \/>\n<meta name=\"twitter:label1\" content=\"Escrito por\" \/>\n\t<meta name=\"twitter:data1\" content=\"Reda\u00e7\u00e3o\" \/>\n\t<meta name=\"twitter:label2\" content=\"Est. tempo de leitura\" \/>\n\t<meta name=\"twitter:data2\" content=\"3 minutos\" \/>\n<script type=\"application\/ld+json\" class=\"yoast-schema-graph\">{\"@context\":\"https:\/\/schema.org\",\"@graph\":[{\"@type\":\"Article\",\"@id\":\"https:\/\/www.notibras.com\/site\/rollemberg-comemora-apartheid-de-casas-no-chao-com-gout-de-diamants\/#article\",\"isPartOf\":{\"@id\":\"https:\/\/www.notibras.com\/site\/rollemberg-comemora-apartheid-de-casas-no-chao-com-gout-de-diamants\/\"},\"author\":{\"name\":\"Reda\u00e7\u00e3o\",\"@id\":\"https:\/\/www.notibras.com\/site\/#\/schema\/person\/36ab0979449956132d3e5b517ea76ac8\"},\"headline\":\"Rollemberg comemora o apartheid do novo socialismo com Go\u00fbt de Diamants\",\"datePublished\":\"2015-08-12T01:48:44+00:00\",\"dateModified\":\"2015-08-14T14:57:23+00:00\",\"mainEntityOfPage\":{\"@id\":\"https:\/\/www.notibras.com\/site\/rollemberg-comemora-apartheid-de-casas-no-chao-com-gout-de-diamants\/\"},\"wordCount\":530,\"commentCount\":0,\"publisher\":{\"@id\":\"https:\/\/www.notibras.com\/site\/#organization\"},\"image\":{\"@id\":\"https:\/\/www.notibras.com\/site\/rollemberg-comemora-apartheid-de-casas-no-chao-com-gout-de-diamants\/#primaryimage\"},\"thumbnailUrl\":\"https:\/\/www.notibras.com\/site\/wp-content\/uploads\/2015\/08\/vp11.jpg\",\"articleSection\":[\"Cris Oliveira\"],\"inLanguage\":\"pt-BR\",\"potentialAction\":[{\"@type\":\"CommentAction\",\"name\":\"Comment\",\"target\":[\"https:\/\/www.notibras.com\/site\/rollemberg-comemora-apartheid-de-casas-no-chao-com-gout-de-diamants\/#respond\"]}]},{\"@type\":\"WebPage\",\"@id\":\"https:\/\/www.notibras.com\/site\/rollemberg-comemora-apartheid-de-casas-no-chao-com-gout-de-diamants\/\",\"url\":\"https:\/\/www.notibras.com\/site\/rollemberg-comemora-apartheid-de-casas-no-chao-com-gout-de-diamants\/\",\"name\":\"Rollemberg comemora o apartheid do novo socialismo com Go\u00fbt de Diamants - Notibras\",\"isPartOf\":{\"@id\":\"https:\/\/www.notibras.com\/site\/#website\"},\"primaryImageOfPage\":{\"@id\":\"https:\/\/www.notibras.com\/site\/rollemberg-comemora-apartheid-de-casas-no-chao-com-gout-de-diamants\/#primaryimage\"},\"image\":{\"@id\":\"https:\/\/www.notibras.com\/site\/rollemberg-comemora-apartheid-de-casas-no-chao-com-gout-de-diamants\/#primaryimage\"},\"thumbnailUrl\":\"https:\/\/www.notibras.com\/site\/wp-content\/uploads\/2015\/08\/vp11.jpg\",\"datePublished\":\"2015-08-12T01:48:44+00:00\",\"dateModified\":\"2015-08-14T14:57:23+00:00\",\"breadcrumb\":{\"@id\":\"https:\/\/www.notibras.com\/site\/rollemberg-comemora-apartheid-de-casas-no-chao-com-gout-de-diamants\/#breadcrumb\"},\"inLanguage\":\"pt-BR\",\"potentialAction\":[{\"@type\":\"ReadAction\",\"target\":[\"https:\/\/www.notibras.com\/site\/rollemberg-comemora-apartheid-de-casas-no-chao-com-gout-de-diamants\/\"]}]},{\"@type\":\"ImageObject\",\"inLanguage\":\"pt-BR\",\"@id\":\"https:\/\/www.notibras.com\/site\/rollemberg-comemora-apartheid-de-casas-no-chao-com-gout-de-diamants\/#primaryimage\",\"url\":\"https:\/\/www.notibras.com\/site\/wp-content\/uploads\/2015\/08\/vp11.jpg\",\"contentUrl\":\"https:\/\/www.notibras.com\/site\/wp-content\/uploads\/2015\/08\/vp11.jpg\",\"width\":997,\"height\":662},{\"@type\":\"BreadcrumbList\",\"@id\":\"https:\/\/www.notibras.com\/site\/rollemberg-comemora-apartheid-de-casas-no-chao-com-gout-de-diamants\/#breadcrumb\",\"itemListElement\":[{\"@type\":\"ListItem\",\"position\":1,\"name\":\"In\u00edcio\",\"item\":\"https:\/\/www.notibras.com\/site\/\"},{\"@type\":\"ListItem\",\"position\":2,\"name\":\"Rollemberg comemora o apartheid do novo socialismo com Go\u00fbt de Diamants\"}]},{\"@type\":\"WebSite\",\"@id\":\"https:\/\/www.notibras.com\/site\/#website\",\"url\":\"https:\/\/www.notibras.com\/site\/\",\"name\":\"Notibras\",\"description\":\"Not\u00edcias de Bras\u00edlia, do Brasil e do Mundo\",\"publisher\":{\"@id\":\"https:\/\/www.notibras.com\/site\/#organization\"},\"potentialAction\":[{\"@type\":\"SearchAction\",\"target\":{\"@type\":\"EntryPoint\",\"urlTemplate\":\"https:\/\/www.notibras.com\/site\/?s={search_term_string}\"},\"query-input\":{\"@type\":\"PropertyValueSpecification\",\"valueRequired\":true,\"valueName\":\"search_term_string\"}}],\"inLanguage\":\"pt-BR\"},{\"@type\":\"Organization\",\"@id\":\"https:\/\/www.notibras.com\/site\/#organization\",\"name\":\"Grupo Notibras de Comunica\u00e7\u00e3o\",\"url\":\"https:\/\/www.notibras.com\/site\/\",\"logo\":{\"@type\":\"ImageObject\",\"inLanguage\":\"pt-BR\",\"@id\":\"https:\/\/www.notibras.com\/site\/#\/schema\/logo\/image\/\",\"url\":\"https:\/\/www.notibras.com\/site\/wp-content\/uploads\/2023\/01\/notibras23.png\",\"contentUrl\":\"https:\/\/www.notibras.com\/site\/wp-content\/uploads\/2023\/01\/notibras23.png\",\"width\":350,\"height\":87,\"caption\":\"Grupo Notibras de Comunica\u00e7\u00e3o\"},\"image\":{\"@id\":\"https:\/\/www.notibras.com\/site\/#\/schema\/logo\/image\/\"},\"sameAs\":[\"https:\/\/www.facebook.com\/notibras\/\",\"https:\/\/x.com\/Notibras\",\"https:\/\/www.instagram.com\/notibras\/\"]},{\"@type\":\"Person\",\"@id\":\"https:\/\/www.notibras.com\/site\/#\/schema\/person\/36ab0979449956132d3e5b517ea76ac8\",\"name\":\"Reda\u00e7\u00e3o\",\"image\":{\"@type\":\"ImageObject\",\"inLanguage\":\"pt-BR\",\"@id\":\"https:\/\/secure.gravatar.com\/avatar\/e0a867bdedb85fd243eadf09663511f96fc81e0720a4a42581f334ad4303aa6b?s=96&d=mm&r=g\",\"url\":\"https:\/\/secure.gravatar.com\/avatar\/e0a867bdedb85fd243eadf09663511f96fc81e0720a4a42581f334ad4303aa6b?s=96&d=mm&r=g\",\"contentUrl\":\"https:\/\/secure.gravatar.com\/avatar\/e0a867bdedb85fd243eadf09663511f96fc81e0720a4a42581f334ad4303aa6b?s=96&d=mm&r=g\",\"caption\":\"Reda\u00e7\u00e3o\"}}]}<\/script>\n<!-- \/ Yoast SEO plugin. -->","yoast_head_json":{"title":"Rollemberg comemora o apartheid do novo socialismo com Go\u00fbt de Diamants - Notibras","robots":{"index":"index","follow":"follow","max-snippet":"max-snippet:-1","max-image-preview":"max-image-preview:large","max-video-preview":"max-video-preview:-1"},"canonical":"https:\/\/www.notibras.com\/site\/rollemberg-comemora-apartheid-de-casas-no-chao-com-gout-de-diamants\/","og_locale":"pt_BR","og_type":"article","og_title":"Rollemberg comemora o apartheid do novo socialismo com Go\u00fbt de Diamants - Notibras","og_description":"O socialismo tem l\u00e1 suas disparidades. Cria guetos, aprofunda a divis\u00e3o entre classes sociais, resgata o apartheid, segregando n\u00e3o pela cor da pele, mas pelo saldo da conta banc\u00e1ria. \u00c9 isso o que se v\u00ea no jeito de ser da administra\u00e7\u00e3o de Rodrigo Rollemberg, que dividiu ainda mais a sociedade ao criar o Governo de [&hellip;]","og_url":"https:\/\/www.notibras.com\/site\/rollemberg-comemora-apartheid-de-casas-no-chao-com-gout-de-diamants\/","og_site_name":"Notibras","article_publisher":"https:\/\/www.facebook.com\/notibras\/","article_published_time":"2015-08-12T01:48:44+00:00","article_modified_time":"2015-08-14T14:57:23+00:00","og_image":[{"width":997,"height":662,"url":"https:\/\/www.notibras.com\/site\/wp-content\/uploads\/2015\/08\/vp11.jpg","type":"image\/jpeg"}],"author":"Reda\u00e7\u00e3o","twitter_card":"summary_large_image","twitter_creator":"@Notibras","twitter_site":"@Notibras","twitter_misc":{"Escrito por":"Reda\u00e7\u00e3o","Est. tempo de leitura":"3 minutos"},"schema":{"@context":"https:\/\/schema.org","@graph":[{"@type":"Article","@id":"https:\/\/www.notibras.com\/site\/rollemberg-comemora-apartheid-de-casas-no-chao-com-gout-de-diamants\/#article","isPartOf":{"@id":"https:\/\/www.notibras.com\/site\/rollemberg-comemora-apartheid-de-casas-no-chao-com-gout-de-diamants\/"},"author":{"name":"Reda\u00e7\u00e3o","@id":"https:\/\/www.notibras.com\/site\/#\/schema\/person\/36ab0979449956132d3e5b517ea76ac8"},"headline":"Rollemberg comemora o apartheid do novo socialismo com Go\u00fbt de Diamants","datePublished":"2015-08-12T01:48:44+00:00","dateModified":"2015-08-14T14:57:23+00:00","mainEntityOfPage":{"@id":"https:\/\/www.notibras.com\/site\/rollemberg-comemora-apartheid-de-casas-no-chao-com-gout-de-diamants\/"},"wordCount":530,"commentCount":0,"publisher":{"@id":"https:\/\/www.notibras.com\/site\/#organization"},"image":{"@id":"https:\/\/www.notibras.com\/site\/rollemberg-comemora-apartheid-de-casas-no-chao-com-gout-de-diamants\/#primaryimage"},"thumbnailUrl":"https:\/\/www.notibras.com\/site\/wp-content\/uploads\/2015\/08\/vp11.jpg","articleSection":["Cris Oliveira"],"inLanguage":"pt-BR","potentialAction":[{"@type":"CommentAction","name":"Comment","target":["https:\/\/www.notibras.com\/site\/rollemberg-comemora-apartheid-de-casas-no-chao-com-gout-de-diamants\/#respond"]}]},{"@type":"WebPage","@id":"https:\/\/www.notibras.com\/site\/rollemberg-comemora-apartheid-de-casas-no-chao-com-gout-de-diamants\/","url":"https:\/\/www.notibras.com\/site\/rollemberg-comemora-apartheid-de-casas-no-chao-com-gout-de-diamants\/","name":"Rollemberg comemora o apartheid do novo socialismo com Go\u00fbt de Diamants - Notibras","isPartOf":{"@id":"https:\/\/www.notibras.com\/site\/#website"},"primaryImageOfPage":{"@id":"https:\/\/www.notibras.com\/site\/rollemberg-comemora-apartheid-de-casas-no-chao-com-gout-de-diamants\/#primaryimage"},"image":{"@id":"https:\/\/www.notibras.com\/site\/rollemberg-comemora-apartheid-de-casas-no-chao-com-gout-de-diamants\/#primaryimage"},"thumbnailUrl":"https:\/\/www.notibras.com\/site\/wp-content\/uploads\/2015\/08\/vp11.jpg","datePublished":"2015-08-12T01:48:44+00:00","dateModified":"2015-08-14T14:57:23+00:00","breadcrumb":{"@id":"https:\/\/www.notibras.com\/site\/rollemberg-comemora-apartheid-de-casas-no-chao-com-gout-de-diamants\/#breadcrumb"},"inLanguage":"pt-BR","potentialAction":[{"@type":"ReadAction","target":["https:\/\/www.notibras.com\/site\/rollemberg-comemora-apartheid-de-casas-no-chao-com-gout-de-diamants\/"]}]},{"@type":"ImageObject","inLanguage":"pt-BR","@id":"https:\/\/www.notibras.com\/site\/rollemberg-comemora-apartheid-de-casas-no-chao-com-gout-de-diamants\/#primaryimage","url":"https:\/\/www.notibras.com\/site\/wp-content\/uploads\/2015\/08\/vp11.jpg","contentUrl":"https:\/\/www.notibras.com\/site\/wp-content\/uploads\/2015\/08\/vp11.jpg","width":997,"height":662},{"@type":"BreadcrumbList","@id":"https:\/\/www.notibras.com\/site\/rollemberg-comemora-apartheid-de-casas-no-chao-com-gout-de-diamants\/#breadcrumb","itemListElement":[{"@type":"ListItem","position":1,"name":"In\u00edcio","item":"https:\/\/www.notibras.com\/site\/"},{"@type":"ListItem","position":2,"name":"Rollemberg comemora o apartheid do novo socialismo com Go\u00fbt de Diamants"}]},{"@type":"WebSite","@id":"https:\/\/www.notibras.com\/site\/#website","url":"https:\/\/www.notibras.com\/site\/","name":"Notibras","description":"Not\u00edcias de Bras\u00edlia, do Brasil e do Mundo","publisher":{"@id":"https:\/\/www.notibras.com\/site\/#organization"},"potentialAction":[{"@type":"SearchAction","target":{"@type":"EntryPoint","urlTemplate":"https:\/\/www.notibras.com\/site\/?s={search_term_string}"},"query-input":{"@type":"PropertyValueSpecification","valueRequired":true,"valueName":"search_term_string"}}],"inLanguage":"pt-BR"},{"@type":"Organization","@id":"https:\/\/www.notibras.com\/site\/#organization","name":"Grupo Notibras de Comunica\u00e7\u00e3o","url":"https:\/\/www.notibras.com\/site\/","logo":{"@type":"ImageObject","inLanguage":"pt-BR","@id":"https:\/\/www.notibras.com\/site\/#\/schema\/logo\/image\/","url":"https:\/\/www.notibras.com\/site\/wp-content\/uploads\/2023\/01\/notibras23.png","contentUrl":"https:\/\/www.notibras.com\/site\/wp-content\/uploads\/2023\/01\/notibras23.png","width":350,"height":87,"caption":"Grupo Notibras de Comunica\u00e7\u00e3o"},"image":{"@id":"https:\/\/www.notibras.com\/site\/#\/schema\/logo\/image\/"},"sameAs":["https:\/\/www.facebook.com\/notibras\/","https:\/\/x.com\/Notibras","https:\/\/www.instagram.com\/notibras\/"]},{"@type":"Person","@id":"https:\/\/www.notibras.com\/site\/#\/schema\/person\/36ab0979449956132d3e5b517ea76ac8","name":"Reda\u00e7\u00e3o","image":{"@type":"ImageObject","inLanguage":"pt-BR","@id":"https:\/\/secure.gravatar.com\/avatar\/e0a867bdedb85fd243eadf09663511f96fc81e0720a4a42581f334ad4303aa6b?s=96&d=mm&r=g","url":"https:\/\/secure.gravatar.com\/avatar\/e0a867bdedb85fd243eadf09663511f96fc81e0720a4a42581f334ad4303aa6b?s=96&d=mm&r=g","contentUrl":"https:\/\/secure.gravatar.com\/avatar\/e0a867bdedb85fd243eadf09663511f96fc81e0720a4a42581f334ad4303aa6b?s=96&d=mm&r=g","caption":"Reda\u00e7\u00e3o"}}]}},"amp_enabled":true,"_links":{"self":[{"href":"https:\/\/www.notibras.com\/site\/wp-json\/wp\/v2\/posts\/61064","targetHints":{"allow":["GET"]}}],"collection":[{"href":"https:\/\/www.notibras.com\/site\/wp-json\/wp\/v2\/posts"}],"about":[{"href":"https:\/\/www.notibras.com\/site\/wp-json\/wp\/v2\/types\/post"}],"author":[{"embeddable":true,"href":"https:\/\/www.notibras.com\/site\/wp-json\/wp\/v2\/users\/2"}],"replies":[{"embeddable":true,"href":"https:\/\/www.notibras.com\/site\/wp-json\/wp\/v2\/comments?post=61064"}],"version-history":[{"count":2,"href":"https:\/\/www.notibras.com\/site\/wp-json\/wp\/v2\/posts\/61064\/revisions"}],"predecessor-version":[{"id":61366,"href":"https:\/\/www.notibras.com\/site\/wp-json\/wp\/v2\/posts\/61064\/revisions\/61366"}],"wp:featuredmedia":[{"embeddable":true,"href":"https:\/\/www.notibras.com\/site\/wp-json\/wp\/v2\/media\/61065"}],"wp:attachment":[{"href":"https:\/\/www.notibras.com\/site\/wp-json\/wp\/v2\/media?parent=61064"}],"wp:term":[{"taxonomy":"category","embeddable":true,"href":"https:\/\/www.notibras.com\/site\/wp-json\/wp\/v2\/categories?post=61064"},{"taxonomy":"post_tag","embeddable":true,"href":"https:\/\/www.notibras.com\/site\/wp-json\/wp\/v2\/tags?post=61064"}],"curies":[{"name":"wp","href":"https:\/\/api.w.org\/{rel}","templated":true}]}}