{"id":61078,"date":"2015-08-11T10:57:08","date_gmt":"2015-08-11T13:57:08","guid":{"rendered":"http:\/\/www.notibras.com\/site\/?p=61078"},"modified":"2015-08-12T17:26:18","modified_gmt":"2015-08-12T20:26:18","slug":"brasil-precisa-de-um-novo-mario-de-andrade-mais-do-que-nunca","status":"publish","type":"post","link":"https:\/\/www.notibras.com\/site\/brasil-precisa-de-um-novo-mario-de-andrade-mais-do-que-nunca\/","title":{"rendered":"Brasil precisa de um novo M\u00e1rio de Andrade mais do que nunca pela criatividade"},"content":{"rendered":"<p>Em 2002, quando sa\u00ed da Escola de Comunica\u00e7\u00f5es e Artes (ECA-USP), fui desenvolver uma Web R\u00e1dio no Centro Cultural S\u00e3o Paulo (CCSP). Tudo que tinha era uma pesquisa sobre streaming &#8211; por ser pr\u00f3ximo \u00e0 tecnologia, consegui ver de perto a internet virar o mundo do avesso &#8211; e um interesse sobre o Brasil profundo, das novelas ao Cinema Novo. Minha ascend\u00eancia nip\u00f4nica, no entanto, fazia de mim um pequeno estrangeiro e n\u00e3o sabia muito bem como lidar com esse bin\u00f4mio irregular.<\/p>\n<p>\u00c0 primeira vista, fazer uma web r\u00e1dio n\u00e3o parecia dif\u00edcil, mas partir da Discoteca P\u00fablica Municipal foram outros quinhentos. A discoteca fundada por M\u00e1rio de Andrade vai al\u00e9m do acervo: \u00e9, antes, uma ideia.<\/p>\n<p>Imagine reunir em um mesmo lugar tudo aquilo que se compreendia sobre m\u00fasica at\u00e9 ent\u00e3o: discos, registros, partituras, instrumentos, livros, r\u00e1dio e pessoas. A ideia vai ficando melhor, o popular e o erudito s\u00e3o pensados em encontros, criam n\u00f3s e fazem sentido como um projeto de cultura brasileira.<\/p>\n<blockquote><p>Depois de 10 anos trabalhando em uma institui\u00e7\u00e3o p\u00fablica e contaminado pelo esp\u00edrito &#8220;marioandradiano&#8221; de ser &#8220;trezentos-e-cincoenta&#8221;, penso que o Brasil precisa de M\u00e1rio de Andrade mais do que nunca.<\/p><\/blockquote>\n<p>O pa\u00eds precisa do M\u00e1rio professor de m\u00fasica, que se preocupou n\u00e3o apenas com os virtuoses, mas com a forma\u00e7\u00e3o de pensadores como Oneyda Alvarenga, aluna e, depois, diretora da Discoteca P\u00fablica que M\u00e1rio fundou em 1935.<\/p>\n<p>Precisa do M\u00e1rio pesquisador, que foi conhecer culturas do Brasil at\u00e9 ent\u00e3o desconsiderado, do Norte e Nordeste, como relata em seu livro &#8220;O Turista Aprendiz&#8221;. Precisa do M\u00e1rio artista, que construiu significados ao escrever &#8220;Macuna\u00edmas&#8221; e olhou com cr\u00edtica e delicadeza a sociedade do verbo intransitivo.<\/p>\n<p>Precisa do M\u00e1rio servidor p\u00fablico, que arriscou seu nome consagrado ao executar e dirigir o primeiro departamento de cultura do Brasil num tempo que pol\u00edtica p\u00fablica era ser caf\u00e9 com leite. Precisa do M\u00e1rio amante de sua gente e de sua terra, do poeta que desejou ser enterrado por toda a cidade que tanto amou.<\/p>\n<p>E por fim, precisa do M\u00e1rio inovador, que viu na inven\u00e7\u00e3o o princ\u00edpio e o fim, a solu\u00e7\u00e3o e a divers\u00e3o. Testemunhando a derrocada das culturas populares pelas cidades que cresciam, utilizou a tecnologia da \u00e9poca e registrou o que pode &#8211; como na Miss\u00e3o de Pesquisas Folcl\u00f3ricas. E ousou ir al\u00e9m ao projetar uma r\u00e1dio-escola.<\/p>\n<blockquote><p>Assim como reinventou o futebol e a m\u00fasica, o Brasil precisa reinventar o Brasil. Vamos aproveitar o ingresso da obra de M\u00e1rio de Andrade em dom\u00ednio p\u00fablico, vamos nos inspirar no homem multifacetado, vamos procurar n\u00e3o nos definir s\u00f3 por aquilo que produzimos profissionalmente.<\/p><\/blockquote>\n<p>Vamos conhecer nossas gentes e terras, quem sabe aprendemos a am\u00e1-las desvairada e intransitivamente? Sejamos trezentos, sejamos &#8220;trezentos-e-cincoenta&#8221;.<\/p>\n<p><strong>Marcio Yonamine<\/strong><\/p>\n","protected":false},"excerpt":{"rendered":"<p>Em 2002, quando sa\u00ed da Escola de Comunica\u00e7\u00f5es e Artes (ECA-USP), fui desenvolver uma Web R\u00e1dio no Centro Cultural S\u00e3o Paulo (CCSP). Tudo que tinha era uma pesquisa sobre streaming &#8211; por ser pr\u00f3ximo \u00e0 tecnologia, consegui ver de perto a internet virar o mundo do avesso &#8211; e um interesse sobre o Brasil profundo, [&hellip;]<\/p>\n","protected":false},"author":2,"featured_media":61079,"comment_status":"open","ping_status":"closed","sticky":false,"template":"","format":"standard","meta":{"_acf_changed":false,"footnotes":""},"categories":[25],"tags":[],"class_list":["post-61078","post","type-post","status-publish","format-standard","has-post-thumbnail","hentry","category-opina-ai"],"acf":[],"yoast_head":"<!-- This site is optimized with the Yoast SEO plugin v27.2 - https:\/\/yoast.com\/product\/yoast-seo-wordpress\/ -->\n<title>Brasil precisa de um novo M\u00e1rio de Andrade mais do que nunca pela criatividade - Notibras<\/title>\n<meta name=\"robots\" content=\"index, follow, max-snippet:-1, max-image-preview:large, max-video-preview:-1\" \/>\n<link rel=\"canonical\" href=\"https:\/\/www.notibras.com\/site\/brasil-precisa-de-um-novo-mario-de-andrade-mais-do-que-nunca\/\" \/>\n<meta property=\"og:locale\" content=\"pt_BR\" \/>\n<meta property=\"og:type\" content=\"article\" \/>\n<meta property=\"og:title\" content=\"Brasil precisa de um novo M\u00e1rio de Andrade mais do que nunca pela criatividade - Notibras\" \/>\n<meta property=\"og:description\" content=\"Em 2002, quando sa\u00ed da Escola de Comunica\u00e7\u00f5es e Artes (ECA-USP), fui desenvolver uma Web R\u00e1dio no Centro Cultural S\u00e3o Paulo (CCSP). Tudo que tinha era uma pesquisa sobre streaming &#8211; por ser pr\u00f3ximo \u00e0 tecnologia, consegui ver de perto a internet virar o mundo do avesso &#8211; e um interesse sobre o Brasil profundo, [&hellip;]\" \/>\n<meta property=\"og:url\" content=\"https:\/\/www.notibras.com\/site\/brasil-precisa-de-um-novo-mario-de-andrade-mais-do-que-nunca\/\" \/>\n<meta property=\"og:site_name\" content=\"Notibras\" \/>\n<meta property=\"article:publisher\" content=\"https:\/\/www.facebook.com\/notibras\/\" \/>\n<meta property=\"article:published_time\" content=\"2015-08-11T13:57:08+00:00\" \/>\n<meta property=\"article:modified_time\" content=\"2015-08-12T20:26:18+00:00\" \/>\n<meta property=\"og:image\" content=\"https:\/\/www.notibras.com\/site\/wp-content\/uploads\/2015\/08\/caricatura.jpg\" \/>\n\t<meta property=\"og:image:width\" content=\"869\" \/>\n\t<meta property=\"og:image:height\" content=\"502\" \/>\n\t<meta property=\"og:image:type\" content=\"image\/jpeg\" \/>\n<meta name=\"author\" content=\"Reda\u00e7\u00e3o\" \/>\n<meta name=\"twitter:card\" content=\"summary_large_image\" \/>\n<meta name=\"twitter:creator\" content=\"@Notibras\" \/>\n<meta name=\"twitter:site\" content=\"@Notibras\" \/>\n<meta name=\"twitter:label1\" content=\"Escrito por\" \/>\n\t<meta name=\"twitter:data1\" content=\"Reda\u00e7\u00e3o\" \/>\n\t<meta name=\"twitter:label2\" content=\"Est. tempo de leitura\" \/>\n\t<meta name=\"twitter:data2\" content=\"3 minutos\" \/>\n<script type=\"application\/ld+json\" class=\"yoast-schema-graph\">{\"@context\":\"https:\/\/schema.org\",\"@graph\":[{\"@type\":\"Article\",\"@id\":\"https:\/\/www.notibras.com\/site\/brasil-precisa-de-um-novo-mario-de-andrade-mais-do-que-nunca\/#article\",\"isPartOf\":{\"@id\":\"https:\/\/www.notibras.com\/site\/brasil-precisa-de-um-novo-mario-de-andrade-mais-do-que-nunca\/\"},\"author\":{\"name\":\"Reda\u00e7\u00e3o\",\"@id\":\"https:\/\/www.notibras.com\/site\/#\/schema\/person\/36ab0979449956132d3e5b517ea76ac8\"},\"headline\":\"Brasil precisa de um novo M\u00e1rio de Andrade mais do que nunca pela criatividade\",\"datePublished\":\"2015-08-11T13:57:08+00:00\",\"dateModified\":\"2015-08-12T20:26:18+00:00\",\"mainEntityOfPage\":{\"@id\":\"https:\/\/www.notibras.com\/site\/brasil-precisa-de-um-novo-mario-de-andrade-mais-do-que-nunca\/\"},\"wordCount\":516,\"commentCount\":0,\"publisher\":{\"@id\":\"https:\/\/www.notibras.com\/site\/#organization\"},\"image\":{\"@id\":\"https:\/\/www.notibras.com\/site\/brasil-precisa-de-um-novo-mario-de-andrade-mais-do-que-nunca\/#primaryimage\"},\"thumbnailUrl\":\"https:\/\/www.notibras.com\/site\/wp-content\/uploads\/2015\/08\/caricatura.jpg\",\"articleSection\":[\"Opina a\u00ed\"],\"inLanguage\":\"pt-BR\",\"potentialAction\":[{\"@type\":\"CommentAction\",\"name\":\"Comment\",\"target\":[\"https:\/\/www.notibras.com\/site\/brasil-precisa-de-um-novo-mario-de-andrade-mais-do-que-nunca\/#respond\"]}]},{\"@type\":\"WebPage\",\"@id\":\"https:\/\/www.notibras.com\/site\/brasil-precisa-de-um-novo-mario-de-andrade-mais-do-que-nunca\/\",\"url\":\"https:\/\/www.notibras.com\/site\/brasil-precisa-de-um-novo-mario-de-andrade-mais-do-que-nunca\/\",\"name\":\"Brasil precisa de um novo M\u00e1rio de Andrade mais do que nunca pela criatividade - Notibras\",\"isPartOf\":{\"@id\":\"https:\/\/www.notibras.com\/site\/#website\"},\"primaryImageOfPage\":{\"@id\":\"https:\/\/www.notibras.com\/site\/brasil-precisa-de-um-novo-mario-de-andrade-mais-do-que-nunca\/#primaryimage\"},\"image\":{\"@id\":\"https:\/\/www.notibras.com\/site\/brasil-precisa-de-um-novo-mario-de-andrade-mais-do-que-nunca\/#primaryimage\"},\"thumbnailUrl\":\"https:\/\/www.notibras.com\/site\/wp-content\/uploads\/2015\/08\/caricatura.jpg\",\"datePublished\":\"2015-08-11T13:57:08+00:00\",\"dateModified\":\"2015-08-12T20:26:18+00:00\",\"breadcrumb\":{\"@id\":\"https:\/\/www.notibras.com\/site\/brasil-precisa-de-um-novo-mario-de-andrade-mais-do-que-nunca\/#breadcrumb\"},\"inLanguage\":\"pt-BR\",\"potentialAction\":[{\"@type\":\"ReadAction\",\"target\":[\"https:\/\/www.notibras.com\/site\/brasil-precisa-de-um-novo-mario-de-andrade-mais-do-que-nunca\/\"]}]},{\"@type\":\"ImageObject\",\"inLanguage\":\"pt-BR\",\"@id\":\"https:\/\/www.notibras.com\/site\/brasil-precisa-de-um-novo-mario-de-andrade-mais-do-que-nunca\/#primaryimage\",\"url\":\"https:\/\/www.notibras.com\/site\/wp-content\/uploads\/2015\/08\/caricatura.jpg\",\"contentUrl\":\"https:\/\/www.notibras.com\/site\/wp-content\/uploads\/2015\/08\/caricatura.jpg\",\"width\":869,\"height\":502},{\"@type\":\"BreadcrumbList\",\"@id\":\"https:\/\/www.notibras.com\/site\/brasil-precisa-de-um-novo-mario-de-andrade-mais-do-que-nunca\/#breadcrumb\",\"itemListElement\":[{\"@type\":\"ListItem\",\"position\":1,\"name\":\"In\u00edcio\",\"item\":\"https:\/\/www.notibras.com\/site\/\"},{\"@type\":\"ListItem\",\"position\":2,\"name\":\"Brasil precisa de um novo M\u00e1rio de Andrade mais do que nunca pela criatividade\"}]},{\"@type\":\"WebSite\",\"@id\":\"https:\/\/www.notibras.com\/site\/#website\",\"url\":\"https:\/\/www.notibras.com\/site\/\",\"name\":\"Notibras\",\"description\":\"Not\u00edcias de Bras\u00edlia, do Brasil e do Mundo\",\"publisher\":{\"@id\":\"https:\/\/www.notibras.com\/site\/#organization\"},\"potentialAction\":[{\"@type\":\"SearchAction\",\"target\":{\"@type\":\"EntryPoint\",\"urlTemplate\":\"https:\/\/www.notibras.com\/site\/?s={search_term_string}\"},\"query-input\":{\"@type\":\"PropertyValueSpecification\",\"valueRequired\":true,\"valueName\":\"search_term_string\"}}],\"inLanguage\":\"pt-BR\"},{\"@type\":\"Organization\",\"@id\":\"https:\/\/www.notibras.com\/site\/#organization\",\"name\":\"Grupo Notibras de Comunica\u00e7\u00e3o\",\"url\":\"https:\/\/www.notibras.com\/site\/\",\"logo\":{\"@type\":\"ImageObject\",\"inLanguage\":\"pt-BR\",\"@id\":\"https:\/\/www.notibras.com\/site\/#\/schema\/logo\/image\/\",\"url\":\"https:\/\/www.notibras.com\/site\/wp-content\/uploads\/2023\/01\/notibras23.png\",\"contentUrl\":\"https:\/\/www.notibras.com\/site\/wp-content\/uploads\/2023\/01\/notibras23.png\",\"width\":350,\"height\":87,\"caption\":\"Grupo Notibras de Comunica\u00e7\u00e3o\"},\"image\":{\"@id\":\"https:\/\/www.notibras.com\/site\/#\/schema\/logo\/image\/\"},\"sameAs\":[\"https:\/\/www.facebook.com\/notibras\/\",\"https:\/\/x.com\/Notibras\",\"https:\/\/www.instagram.com\/notibras\/\"]},{\"@type\":\"Person\",\"@id\":\"https:\/\/www.notibras.com\/site\/#\/schema\/person\/36ab0979449956132d3e5b517ea76ac8\",\"name\":\"Reda\u00e7\u00e3o\",\"image\":{\"@type\":\"ImageObject\",\"inLanguage\":\"pt-BR\",\"@id\":\"https:\/\/secure.gravatar.com\/avatar\/e0a867bdedb85fd243eadf09663511f96fc81e0720a4a42581f334ad4303aa6b?s=96&d=mm&r=g\",\"url\":\"https:\/\/secure.gravatar.com\/avatar\/e0a867bdedb85fd243eadf09663511f96fc81e0720a4a42581f334ad4303aa6b?s=96&d=mm&r=g\",\"contentUrl\":\"https:\/\/secure.gravatar.com\/avatar\/e0a867bdedb85fd243eadf09663511f96fc81e0720a4a42581f334ad4303aa6b?s=96&d=mm&r=g\",\"caption\":\"Reda\u00e7\u00e3o\"}}]}<\/script>\n<!-- \/ Yoast SEO plugin. -->","yoast_head_json":{"title":"Brasil precisa de um novo M\u00e1rio de Andrade mais do que nunca pela criatividade - Notibras","robots":{"index":"index","follow":"follow","max-snippet":"max-snippet:-1","max-image-preview":"max-image-preview:large","max-video-preview":"max-video-preview:-1"},"canonical":"https:\/\/www.notibras.com\/site\/brasil-precisa-de-um-novo-mario-de-andrade-mais-do-que-nunca\/","og_locale":"pt_BR","og_type":"article","og_title":"Brasil precisa de um novo M\u00e1rio de Andrade mais do que nunca pela criatividade - Notibras","og_description":"Em 2002, quando sa\u00ed da Escola de Comunica\u00e7\u00f5es e Artes (ECA-USP), fui desenvolver uma Web R\u00e1dio no Centro Cultural S\u00e3o Paulo (CCSP). Tudo que tinha era uma pesquisa sobre streaming &#8211; por ser pr\u00f3ximo \u00e0 tecnologia, consegui ver de perto a internet virar o mundo do avesso &#8211; e um interesse sobre o Brasil profundo, [&hellip;]","og_url":"https:\/\/www.notibras.com\/site\/brasil-precisa-de-um-novo-mario-de-andrade-mais-do-que-nunca\/","og_site_name":"Notibras","article_publisher":"https:\/\/www.facebook.com\/notibras\/","article_published_time":"2015-08-11T13:57:08+00:00","article_modified_time":"2015-08-12T20:26:18+00:00","og_image":[{"width":869,"height":502,"url":"https:\/\/www.notibras.com\/site\/wp-content\/uploads\/2015\/08\/caricatura.jpg","type":"image\/jpeg"}],"author":"Reda\u00e7\u00e3o","twitter_card":"summary_large_image","twitter_creator":"@Notibras","twitter_site":"@Notibras","twitter_misc":{"Escrito por":"Reda\u00e7\u00e3o","Est. tempo de leitura":"3 minutos"},"schema":{"@context":"https:\/\/schema.org","@graph":[{"@type":"Article","@id":"https:\/\/www.notibras.com\/site\/brasil-precisa-de-um-novo-mario-de-andrade-mais-do-que-nunca\/#article","isPartOf":{"@id":"https:\/\/www.notibras.com\/site\/brasil-precisa-de-um-novo-mario-de-andrade-mais-do-que-nunca\/"},"author":{"name":"Reda\u00e7\u00e3o","@id":"https:\/\/www.notibras.com\/site\/#\/schema\/person\/36ab0979449956132d3e5b517ea76ac8"},"headline":"Brasil precisa de um novo M\u00e1rio de Andrade mais do que nunca pela criatividade","datePublished":"2015-08-11T13:57:08+00:00","dateModified":"2015-08-12T20:26:18+00:00","mainEntityOfPage":{"@id":"https:\/\/www.notibras.com\/site\/brasil-precisa-de-um-novo-mario-de-andrade-mais-do-que-nunca\/"},"wordCount":516,"commentCount":0,"publisher":{"@id":"https:\/\/www.notibras.com\/site\/#organization"},"image":{"@id":"https:\/\/www.notibras.com\/site\/brasil-precisa-de-um-novo-mario-de-andrade-mais-do-que-nunca\/#primaryimage"},"thumbnailUrl":"https:\/\/www.notibras.com\/site\/wp-content\/uploads\/2015\/08\/caricatura.jpg","articleSection":["Opina a\u00ed"],"inLanguage":"pt-BR","potentialAction":[{"@type":"CommentAction","name":"Comment","target":["https:\/\/www.notibras.com\/site\/brasil-precisa-de-um-novo-mario-de-andrade-mais-do-que-nunca\/#respond"]}]},{"@type":"WebPage","@id":"https:\/\/www.notibras.com\/site\/brasil-precisa-de-um-novo-mario-de-andrade-mais-do-que-nunca\/","url":"https:\/\/www.notibras.com\/site\/brasil-precisa-de-um-novo-mario-de-andrade-mais-do-que-nunca\/","name":"Brasil precisa de um novo M\u00e1rio de Andrade mais do que nunca pela criatividade - Notibras","isPartOf":{"@id":"https:\/\/www.notibras.com\/site\/#website"},"primaryImageOfPage":{"@id":"https:\/\/www.notibras.com\/site\/brasil-precisa-de-um-novo-mario-de-andrade-mais-do-que-nunca\/#primaryimage"},"image":{"@id":"https:\/\/www.notibras.com\/site\/brasil-precisa-de-um-novo-mario-de-andrade-mais-do-que-nunca\/#primaryimage"},"thumbnailUrl":"https:\/\/www.notibras.com\/site\/wp-content\/uploads\/2015\/08\/caricatura.jpg","datePublished":"2015-08-11T13:57:08+00:00","dateModified":"2015-08-12T20:26:18+00:00","breadcrumb":{"@id":"https:\/\/www.notibras.com\/site\/brasil-precisa-de-um-novo-mario-de-andrade-mais-do-que-nunca\/#breadcrumb"},"inLanguage":"pt-BR","potentialAction":[{"@type":"ReadAction","target":["https:\/\/www.notibras.com\/site\/brasil-precisa-de-um-novo-mario-de-andrade-mais-do-que-nunca\/"]}]},{"@type":"ImageObject","inLanguage":"pt-BR","@id":"https:\/\/www.notibras.com\/site\/brasil-precisa-de-um-novo-mario-de-andrade-mais-do-que-nunca\/#primaryimage","url":"https:\/\/www.notibras.com\/site\/wp-content\/uploads\/2015\/08\/caricatura.jpg","contentUrl":"https:\/\/www.notibras.com\/site\/wp-content\/uploads\/2015\/08\/caricatura.jpg","width":869,"height":502},{"@type":"BreadcrumbList","@id":"https:\/\/www.notibras.com\/site\/brasil-precisa-de-um-novo-mario-de-andrade-mais-do-que-nunca\/#breadcrumb","itemListElement":[{"@type":"ListItem","position":1,"name":"In\u00edcio","item":"https:\/\/www.notibras.com\/site\/"},{"@type":"ListItem","position":2,"name":"Brasil precisa de um novo M\u00e1rio de Andrade mais do que nunca pela criatividade"}]},{"@type":"WebSite","@id":"https:\/\/www.notibras.com\/site\/#website","url":"https:\/\/www.notibras.com\/site\/","name":"Notibras","description":"Not\u00edcias de Bras\u00edlia, do Brasil e do Mundo","publisher":{"@id":"https:\/\/www.notibras.com\/site\/#organization"},"potentialAction":[{"@type":"SearchAction","target":{"@type":"EntryPoint","urlTemplate":"https:\/\/www.notibras.com\/site\/?s={search_term_string}"},"query-input":{"@type":"PropertyValueSpecification","valueRequired":true,"valueName":"search_term_string"}}],"inLanguage":"pt-BR"},{"@type":"Organization","@id":"https:\/\/www.notibras.com\/site\/#organization","name":"Grupo Notibras de Comunica\u00e7\u00e3o","url":"https:\/\/www.notibras.com\/site\/","logo":{"@type":"ImageObject","inLanguage":"pt-BR","@id":"https:\/\/www.notibras.com\/site\/#\/schema\/logo\/image\/","url":"https:\/\/www.notibras.com\/site\/wp-content\/uploads\/2023\/01\/notibras23.png","contentUrl":"https:\/\/www.notibras.com\/site\/wp-content\/uploads\/2023\/01\/notibras23.png","width":350,"height":87,"caption":"Grupo Notibras de Comunica\u00e7\u00e3o"},"image":{"@id":"https:\/\/www.notibras.com\/site\/#\/schema\/logo\/image\/"},"sameAs":["https:\/\/www.facebook.com\/notibras\/","https:\/\/x.com\/Notibras","https:\/\/www.instagram.com\/notibras\/"]},{"@type":"Person","@id":"https:\/\/www.notibras.com\/site\/#\/schema\/person\/36ab0979449956132d3e5b517ea76ac8","name":"Reda\u00e7\u00e3o","image":{"@type":"ImageObject","inLanguage":"pt-BR","@id":"https:\/\/secure.gravatar.com\/avatar\/e0a867bdedb85fd243eadf09663511f96fc81e0720a4a42581f334ad4303aa6b?s=96&d=mm&r=g","url":"https:\/\/secure.gravatar.com\/avatar\/e0a867bdedb85fd243eadf09663511f96fc81e0720a4a42581f334ad4303aa6b?s=96&d=mm&r=g","contentUrl":"https:\/\/secure.gravatar.com\/avatar\/e0a867bdedb85fd243eadf09663511f96fc81e0720a4a42581f334ad4303aa6b?s=96&d=mm&r=g","caption":"Reda\u00e7\u00e3o"}}]}},"amp_enabled":true,"_links":{"self":[{"href":"https:\/\/www.notibras.com\/site\/wp-json\/wp\/v2\/posts\/61078","targetHints":{"allow":["GET"]}}],"collection":[{"href":"https:\/\/www.notibras.com\/site\/wp-json\/wp\/v2\/posts"}],"about":[{"href":"https:\/\/www.notibras.com\/site\/wp-json\/wp\/v2\/types\/post"}],"author":[{"embeddable":true,"href":"https:\/\/www.notibras.com\/site\/wp-json\/wp\/v2\/users\/2"}],"replies":[{"embeddable":true,"href":"https:\/\/www.notibras.com\/site\/wp-json\/wp\/v2\/comments?post=61078"}],"version-history":[{"count":1,"href":"https:\/\/www.notibras.com\/site\/wp-json\/wp\/v2\/posts\/61078\/revisions"}],"predecessor-version":[{"id":61580,"href":"https:\/\/www.notibras.com\/site\/wp-json\/wp\/v2\/posts\/61078\/revisions\/61580"}],"wp:featuredmedia":[{"embeddable":true,"href":"https:\/\/www.notibras.com\/site\/wp-json\/wp\/v2\/media\/61079"}],"wp:attachment":[{"href":"https:\/\/www.notibras.com\/site\/wp-json\/wp\/v2\/media?parent=61078"}],"wp:term":[{"taxonomy":"category","embeddable":true,"href":"https:\/\/www.notibras.com\/site\/wp-json\/wp\/v2\/categories?post=61078"},{"taxonomy":"post_tag","embeddable":true,"href":"https:\/\/www.notibras.com\/site\/wp-json\/wp\/v2\/tags?post=61078"}],"curies":[{"name":"wp","href":"https:\/\/api.w.org\/{rel}","templated":true}]}}