{"id":6110,"date":"2014-04-06T13:54:44","date_gmt":"2014-04-06T16:54:44","guid":{"rendered":"http:\/\/www.notibras.com\/site\/?p=6110"},"modified":"2014-05-07T21:41:30","modified_gmt":"2014-05-08T00:41:30","slug":"equipes-liberam-pilotos-e-bahrein-ve-a-volta-da-disputa-na-formula-um","status":"publish","type":"post","link":"https:\/\/www.notibras.com\/site\/equipes-liberam-pilotos-e-bahrein-ve-a-volta-da-disputa-na-formula-um\/","title":{"rendered":"Equipes liberam os pilotos e Bahrein v\u00ea volta da disputa na F1"},"content":{"rendered":"<p>H\u00e1 muito tempo n\u00e3o se via uma corrida de F\u00f3rmula Um como a deste domingo 6, no Grande Pr\u00eamio do Bahrein \u2013 o terceiro da temporada 2014. Liberados por suas equipes os pilotos deram um verdadeiro show de per\u00edcia e velocidade.<br \/>\nLewis Hamilton, da Mercedes, venceu a disputa com seu colega Nico Rosberg.\u00a0 Depois vieram os carros da Force \u00cdndia, seguidos dos da Red Bull, da Williams e, fechando o grupo dos dez primeiros, as Ferrari.<\/p>\n<p>Ainda n\u00e3o foi desta vez, por\u00e9m, que o piloto brasileiro voltou ao p\u00f3dio. Mas h\u00e1 de se desculpar.\u00a0 Afinal, Felipe Massa fez tr\u00eas trocas de pneus, contra apenas duas de todos os que estiveram \u00e0 sua frente. A pr\u00f3xima prova ser\u00e1 daqui a 15 dias, em Xangai, China.<\/p>\n<p>Massa havia conquistado o direito de sair da s\u00e9tima posi\u00e7\u00e3o do grid, mas realizou uma \u00f3tima largada e pulou para a terceira coloca\u00e7\u00e3o logo nos primeiros metros de Grande Pr\u00eamio. De uma s\u00f3 vez, o brasileiro superou Bottas, Sergio P\u00e9rez, Kimi Raikkonen e Jenson Button, para ficar atr\u00e1s apenas das Mercedes de Lewis Hamilton e Nico Rosberg.<\/p>\n<p>Enquanto os carros da equipe alem\u00e3 se desgarravam para uma briga particular pela vit\u00f3ria, Massa tentava sustentar o terceiro lugar \u2013 ele ficou 12 voltas na posi\u00e7\u00e3o, at\u00e9 ser ultrapassado por P\u00e9rez. A parada nos boxes na 13\u00aa volta n\u00e3o mudou muita coisa: ele voltou \u00e0 frente do mexicano da Force India, mas atr\u00e1s de Bottas.<\/p>\n<p>Muitos segundos \u00e0 frente, Hamilton e Rosberg faziam uma disputa incr\u00edvel pela primeira posi\u00e7\u00e3o, com manobras arrojadas e ultrapassagens perigosas. O ame\u00e3o, que havia largado na pole, at\u00e9 recuperou a lideran\u00e7a da corrida, mas n\u00e3o conseguiu ficar muito tempo \u00e0 frente do brit\u00e2nico.<\/p>\n<p>Massa recuperou o terceiro posto quando Bottas foi para os boxes, mas o desgaste dos pneus comprometeu o rendimento de sua Williams \u2013 ao parar, o brasileiro j\u00e1 ocupava a quinta posi\u00e7\u00e3o, tendo sido superado pelos dois carros da Force India: P\u00e9rez e Hulkenberg.<\/p>\n<p>Novamente as paradas nos boxes restabeleceram a ordem da corrida com as duas Williams na briga pela \u00faltima vaga no p\u00f3dio. Massa continuou atr\u00e1s do finland\u00eas no quarto lugar, at\u00e9 realizar o terceiro pit stop.<\/p>\n<p>No entanto, um acidente incr\u00edvel alterou o panorama do GP bareinita: o venezuelano Pastor Maldonado acertou em cheio a Sauber do mexicano Esteban Gutierrez, que capotou em uma curva e ficou um pouco zonzo at\u00e9 conseguir sair do carro. O safety car entrou na pista e embolou o pelot\u00e3o.<\/p>\n<p>Enquanto os carros faziam uma prociss\u00e3o na pista, Massa ocupava a oitava posi\u00e7\u00e3o &#8211; uma \u00e0 frente de Bottas. O ve\u00edculo de seguran\u00e7a deixou a pista na 50\u00aa volta, permitindo que v\u00e1rios pilotos &#8220;economizassem&#8221; pneus &#8211; incluindo os que estavam \u00e0 frente das Williams.<\/p>\n<p>O brasileiro conseguiu passar Jenson Button (que mais tarde abandonaria a prova) e brigou pelo sexto posto com Sebastian Vettel, mas n\u00e3o conseguiu ganhar a coloca\u00e7\u00e3o do alem\u00e3o da Red Bull.<\/p>\n","protected":false},"excerpt":{"rendered":"<p>H\u00e1 muito tempo n\u00e3o se via uma corrida de F\u00f3rmula Um como a deste domingo 6, no Grande Pr\u00eamio do Bahrein \u2013 o terceiro da temporada 2014. Liberados por suas equipes os pilotos deram um verdadeiro show de per\u00edcia e velocidade. Lewis Hamilton, da Mercedes, venceu a disputa com seu colega Nico Rosberg.\u00a0 Depois vieram [&hellip;]<\/p>\n","protected":false},"author":2,"featured_media":6111,"comment_status":"open","ping_status":"closed","sticky":false,"template":"","format":"standard","meta":{"_acf_changed":false,"footnotes":""},"categories":[27,19],"tags":[],"class_list":["post-6110","post","type-post","status-publish","format-standard","has-post-thumbnail","hentry","category-automobilismo","category-esportes"],"acf":[],"yoast_head":"<!-- This site is optimized with the Yoast SEO plugin v27.2 - https:\/\/yoast.com\/product\/yoast-seo-wordpress\/ -->\n<title>Equipes liberam os pilotos e Bahrein v\u00ea volta da disputa na F1 - Notibras<\/title>\n<meta name=\"robots\" content=\"index, follow, max-snippet:-1, max-image-preview:large, max-video-preview:-1\" \/>\n<link rel=\"canonical\" href=\"https:\/\/www.notibras.com\/site\/equipes-liberam-pilotos-e-bahrein-ve-a-volta-da-disputa-na-formula-um\/\" \/>\n<meta property=\"og:locale\" content=\"pt_BR\" \/>\n<meta property=\"og:type\" content=\"article\" \/>\n<meta property=\"og:title\" content=\"Equipes liberam os pilotos e Bahrein v\u00ea volta da disputa na F1 - Notibras\" \/>\n<meta property=\"og:description\" content=\"H\u00e1 muito tempo n\u00e3o se via uma corrida de F\u00f3rmula Um como a deste domingo 6, no Grande Pr\u00eamio do Bahrein \u2013 o terceiro da temporada 2014. Liberados por suas equipes os pilotos deram um verdadeiro show de per\u00edcia e velocidade. Lewis Hamilton, da Mercedes, venceu a disputa com seu colega Nico Rosberg.\u00a0 Depois vieram [&hellip;]\" \/>\n<meta property=\"og:url\" content=\"https:\/\/www.notibras.com\/site\/equipes-liberam-pilotos-e-bahrein-ve-a-volta-da-disputa-na-formula-um\/\" \/>\n<meta property=\"og:site_name\" content=\"Notibras\" \/>\n<meta property=\"article:publisher\" content=\"https:\/\/www.facebook.com\/notibras\/\" \/>\n<meta property=\"article:published_time\" content=\"2014-04-06T16:54:44+00:00\" \/>\n<meta property=\"article:modified_time\" content=\"2014-05-08T00:41:30+00:00\" \/>\n<meta property=\"og:image\" content=\"https:\/\/www.notibras.com\/site\/wp-content\/uploads\/2014\/04\/massa30604rt.jpg\" \/>\n\t<meta property=\"og:image:width\" content=\"667\" \/>\n\t<meta property=\"og:image:height\" content=\"500\" \/>\n\t<meta property=\"og:image:type\" content=\"image\/jpeg\" \/>\n<meta name=\"author\" content=\"Reda\u00e7\u00e3o\" \/>\n<meta name=\"twitter:card\" content=\"summary_large_image\" \/>\n<meta name=\"twitter:creator\" content=\"@Notibras\" \/>\n<meta name=\"twitter:site\" content=\"@Notibras\" \/>\n<meta name=\"twitter:label1\" content=\"Escrito por\" \/>\n\t<meta name=\"twitter:data1\" content=\"Reda\u00e7\u00e3o\" \/>\n\t<meta name=\"twitter:label2\" content=\"Est. tempo de leitura\" \/>\n\t<meta name=\"twitter:data2\" content=\"3 minutos\" \/>\n<script type=\"application\/ld+json\" class=\"yoast-schema-graph\">{\"@context\":\"https:\/\/schema.org\",\"@graph\":[{\"@type\":\"Article\",\"@id\":\"https:\/\/www.notibras.com\/site\/equipes-liberam-pilotos-e-bahrein-ve-a-volta-da-disputa-na-formula-um\/#article\",\"isPartOf\":{\"@id\":\"https:\/\/www.notibras.com\/site\/equipes-liberam-pilotos-e-bahrein-ve-a-volta-da-disputa-na-formula-um\/\"},\"author\":{\"name\":\"Reda\u00e7\u00e3o\",\"@id\":\"https:\/\/www.notibras.com\/site\/#\/schema\/person\/36ab0979449956132d3e5b517ea76ac8\"},\"headline\":\"Equipes liberam os pilotos e Bahrein v\u00ea volta da disputa na F1\",\"datePublished\":\"2014-04-06T16:54:44+00:00\",\"dateModified\":\"2014-05-08T00:41:30+00:00\",\"mainEntityOfPage\":{\"@id\":\"https:\/\/www.notibras.com\/site\/equipes-liberam-pilotos-e-bahrein-ve-a-volta-da-disputa-na-formula-um\/\"},\"wordCount\":521,\"commentCount\":0,\"publisher\":{\"@id\":\"https:\/\/www.notibras.com\/site\/#organization\"},\"image\":{\"@id\":\"https:\/\/www.notibras.com\/site\/equipes-liberam-pilotos-e-bahrein-ve-a-volta-da-disputa-na-formula-um\/#primaryimage\"},\"thumbnailUrl\":\"https:\/\/www.notibras.com\/site\/wp-content\/uploads\/2014\/04\/massa30604rt.jpg\",\"articleSection\":[\"Automobilismo\",\"Esportes\"],\"inLanguage\":\"pt-BR\",\"potentialAction\":[{\"@type\":\"CommentAction\",\"name\":\"Comment\",\"target\":[\"https:\/\/www.notibras.com\/site\/equipes-liberam-pilotos-e-bahrein-ve-a-volta-da-disputa-na-formula-um\/#respond\"]}]},{\"@type\":\"WebPage\",\"@id\":\"https:\/\/www.notibras.com\/site\/equipes-liberam-pilotos-e-bahrein-ve-a-volta-da-disputa-na-formula-um\/\",\"url\":\"https:\/\/www.notibras.com\/site\/equipes-liberam-pilotos-e-bahrein-ve-a-volta-da-disputa-na-formula-um\/\",\"name\":\"Equipes liberam os pilotos e Bahrein v\u00ea volta da disputa na F1 - Notibras\",\"isPartOf\":{\"@id\":\"https:\/\/www.notibras.com\/site\/#website\"},\"primaryImageOfPage\":{\"@id\":\"https:\/\/www.notibras.com\/site\/equipes-liberam-pilotos-e-bahrein-ve-a-volta-da-disputa-na-formula-um\/#primaryimage\"},\"image\":{\"@id\":\"https:\/\/www.notibras.com\/site\/equipes-liberam-pilotos-e-bahrein-ve-a-volta-da-disputa-na-formula-um\/#primaryimage\"},\"thumbnailUrl\":\"https:\/\/www.notibras.com\/site\/wp-content\/uploads\/2014\/04\/massa30604rt.jpg\",\"datePublished\":\"2014-04-06T16:54:44+00:00\",\"dateModified\":\"2014-05-08T00:41:30+00:00\",\"breadcrumb\":{\"@id\":\"https:\/\/www.notibras.com\/site\/equipes-liberam-pilotos-e-bahrein-ve-a-volta-da-disputa-na-formula-um\/#breadcrumb\"},\"inLanguage\":\"pt-BR\",\"potentialAction\":[{\"@type\":\"ReadAction\",\"target\":[\"https:\/\/www.notibras.com\/site\/equipes-liberam-pilotos-e-bahrein-ve-a-volta-da-disputa-na-formula-um\/\"]}]},{\"@type\":\"ImageObject\",\"inLanguage\":\"pt-BR\",\"@id\":\"https:\/\/www.notibras.com\/site\/equipes-liberam-pilotos-e-bahrein-ve-a-volta-da-disputa-na-formula-um\/#primaryimage\",\"url\":\"https:\/\/www.notibras.com\/site\/wp-content\/uploads\/2014\/04\/massa30604rt.jpg\",\"contentUrl\":\"https:\/\/www.notibras.com\/site\/wp-content\/uploads\/2014\/04\/massa30604rt.jpg\",\"width\":667,\"height\":500},{\"@type\":\"BreadcrumbList\",\"@id\":\"https:\/\/www.notibras.com\/site\/equipes-liberam-pilotos-e-bahrein-ve-a-volta-da-disputa-na-formula-um\/#breadcrumb\",\"itemListElement\":[{\"@type\":\"ListItem\",\"position\":1,\"name\":\"In\u00edcio\",\"item\":\"https:\/\/www.notibras.com\/site\/\"},{\"@type\":\"ListItem\",\"position\":2,\"name\":\"Equipes liberam os pilotos e Bahrein v\u00ea volta da disputa na F1\"}]},{\"@type\":\"WebSite\",\"@id\":\"https:\/\/www.notibras.com\/site\/#website\",\"url\":\"https:\/\/www.notibras.com\/site\/\",\"name\":\"Notibras\",\"description\":\"Not\u00edcias de Bras\u00edlia, do Brasil e do Mundo\",\"publisher\":{\"@id\":\"https:\/\/www.notibras.com\/site\/#organization\"},\"potentialAction\":[{\"@type\":\"SearchAction\",\"target\":{\"@type\":\"EntryPoint\",\"urlTemplate\":\"https:\/\/www.notibras.com\/site\/?s={search_term_string}\"},\"query-input\":{\"@type\":\"PropertyValueSpecification\",\"valueRequired\":true,\"valueName\":\"search_term_string\"}}],\"inLanguage\":\"pt-BR\"},{\"@type\":\"Organization\",\"@id\":\"https:\/\/www.notibras.com\/site\/#organization\",\"name\":\"Grupo Notibras de Comunica\u00e7\u00e3o\",\"url\":\"https:\/\/www.notibras.com\/site\/\",\"logo\":{\"@type\":\"ImageObject\",\"inLanguage\":\"pt-BR\",\"@id\":\"https:\/\/www.notibras.com\/site\/#\/schema\/logo\/image\/\",\"url\":\"https:\/\/www.notibras.com\/site\/wp-content\/uploads\/2023\/01\/notibras23.png\",\"contentUrl\":\"https:\/\/www.notibras.com\/site\/wp-content\/uploads\/2023\/01\/notibras23.png\",\"width\":350,\"height\":87,\"caption\":\"Grupo Notibras de Comunica\u00e7\u00e3o\"},\"image\":{\"@id\":\"https:\/\/www.notibras.com\/site\/#\/schema\/logo\/image\/\"},\"sameAs\":[\"https:\/\/www.facebook.com\/notibras\/\",\"https:\/\/x.com\/Notibras\",\"https:\/\/www.instagram.com\/notibras\/\"]},{\"@type\":\"Person\",\"@id\":\"https:\/\/www.notibras.com\/site\/#\/schema\/person\/36ab0979449956132d3e5b517ea76ac8\",\"name\":\"Reda\u00e7\u00e3o\",\"image\":{\"@type\":\"ImageObject\",\"inLanguage\":\"pt-BR\",\"@id\":\"https:\/\/secure.gravatar.com\/avatar\/e0a867bdedb85fd243eadf09663511f96fc81e0720a4a42581f334ad4303aa6b?s=96&d=mm&r=g\",\"url\":\"https:\/\/secure.gravatar.com\/avatar\/e0a867bdedb85fd243eadf09663511f96fc81e0720a4a42581f334ad4303aa6b?s=96&d=mm&r=g\",\"contentUrl\":\"https:\/\/secure.gravatar.com\/avatar\/e0a867bdedb85fd243eadf09663511f96fc81e0720a4a42581f334ad4303aa6b?s=96&d=mm&r=g\",\"caption\":\"Reda\u00e7\u00e3o\"}}]}<\/script>\n<!-- \/ Yoast SEO plugin. -->","yoast_head_json":{"title":"Equipes liberam os pilotos e Bahrein v\u00ea volta da disputa na F1 - Notibras","robots":{"index":"index","follow":"follow","max-snippet":"max-snippet:-1","max-image-preview":"max-image-preview:large","max-video-preview":"max-video-preview:-1"},"canonical":"https:\/\/www.notibras.com\/site\/equipes-liberam-pilotos-e-bahrein-ve-a-volta-da-disputa-na-formula-um\/","og_locale":"pt_BR","og_type":"article","og_title":"Equipes liberam os pilotos e Bahrein v\u00ea volta da disputa na F1 - Notibras","og_description":"H\u00e1 muito tempo n\u00e3o se via uma corrida de F\u00f3rmula Um como a deste domingo 6, no Grande Pr\u00eamio do Bahrein \u2013 o terceiro da temporada 2014. Liberados por suas equipes os pilotos deram um verdadeiro show de per\u00edcia e velocidade. Lewis Hamilton, da Mercedes, venceu a disputa com seu colega Nico Rosberg.\u00a0 Depois vieram [&hellip;]","og_url":"https:\/\/www.notibras.com\/site\/equipes-liberam-pilotos-e-bahrein-ve-a-volta-da-disputa-na-formula-um\/","og_site_name":"Notibras","article_publisher":"https:\/\/www.facebook.com\/notibras\/","article_published_time":"2014-04-06T16:54:44+00:00","article_modified_time":"2014-05-08T00:41:30+00:00","og_image":[{"width":667,"height":500,"url":"https:\/\/www.notibras.com\/site\/wp-content\/uploads\/2014\/04\/massa30604rt.jpg","type":"image\/jpeg"}],"author":"Reda\u00e7\u00e3o","twitter_card":"summary_large_image","twitter_creator":"@Notibras","twitter_site":"@Notibras","twitter_misc":{"Escrito por":"Reda\u00e7\u00e3o","Est. tempo de leitura":"3 minutos"},"schema":{"@context":"https:\/\/schema.org","@graph":[{"@type":"Article","@id":"https:\/\/www.notibras.com\/site\/equipes-liberam-pilotos-e-bahrein-ve-a-volta-da-disputa-na-formula-um\/#article","isPartOf":{"@id":"https:\/\/www.notibras.com\/site\/equipes-liberam-pilotos-e-bahrein-ve-a-volta-da-disputa-na-formula-um\/"},"author":{"name":"Reda\u00e7\u00e3o","@id":"https:\/\/www.notibras.com\/site\/#\/schema\/person\/36ab0979449956132d3e5b517ea76ac8"},"headline":"Equipes liberam os pilotos e Bahrein v\u00ea volta da disputa na F1","datePublished":"2014-04-06T16:54:44+00:00","dateModified":"2014-05-08T00:41:30+00:00","mainEntityOfPage":{"@id":"https:\/\/www.notibras.com\/site\/equipes-liberam-pilotos-e-bahrein-ve-a-volta-da-disputa-na-formula-um\/"},"wordCount":521,"commentCount":0,"publisher":{"@id":"https:\/\/www.notibras.com\/site\/#organization"},"image":{"@id":"https:\/\/www.notibras.com\/site\/equipes-liberam-pilotos-e-bahrein-ve-a-volta-da-disputa-na-formula-um\/#primaryimage"},"thumbnailUrl":"https:\/\/www.notibras.com\/site\/wp-content\/uploads\/2014\/04\/massa30604rt.jpg","articleSection":["Automobilismo","Esportes"],"inLanguage":"pt-BR","potentialAction":[{"@type":"CommentAction","name":"Comment","target":["https:\/\/www.notibras.com\/site\/equipes-liberam-pilotos-e-bahrein-ve-a-volta-da-disputa-na-formula-um\/#respond"]}]},{"@type":"WebPage","@id":"https:\/\/www.notibras.com\/site\/equipes-liberam-pilotos-e-bahrein-ve-a-volta-da-disputa-na-formula-um\/","url":"https:\/\/www.notibras.com\/site\/equipes-liberam-pilotos-e-bahrein-ve-a-volta-da-disputa-na-formula-um\/","name":"Equipes liberam os pilotos e Bahrein v\u00ea volta da disputa na F1 - Notibras","isPartOf":{"@id":"https:\/\/www.notibras.com\/site\/#website"},"primaryImageOfPage":{"@id":"https:\/\/www.notibras.com\/site\/equipes-liberam-pilotos-e-bahrein-ve-a-volta-da-disputa-na-formula-um\/#primaryimage"},"image":{"@id":"https:\/\/www.notibras.com\/site\/equipes-liberam-pilotos-e-bahrein-ve-a-volta-da-disputa-na-formula-um\/#primaryimage"},"thumbnailUrl":"https:\/\/www.notibras.com\/site\/wp-content\/uploads\/2014\/04\/massa30604rt.jpg","datePublished":"2014-04-06T16:54:44+00:00","dateModified":"2014-05-08T00:41:30+00:00","breadcrumb":{"@id":"https:\/\/www.notibras.com\/site\/equipes-liberam-pilotos-e-bahrein-ve-a-volta-da-disputa-na-formula-um\/#breadcrumb"},"inLanguage":"pt-BR","potentialAction":[{"@type":"ReadAction","target":["https:\/\/www.notibras.com\/site\/equipes-liberam-pilotos-e-bahrein-ve-a-volta-da-disputa-na-formula-um\/"]}]},{"@type":"ImageObject","inLanguage":"pt-BR","@id":"https:\/\/www.notibras.com\/site\/equipes-liberam-pilotos-e-bahrein-ve-a-volta-da-disputa-na-formula-um\/#primaryimage","url":"https:\/\/www.notibras.com\/site\/wp-content\/uploads\/2014\/04\/massa30604rt.jpg","contentUrl":"https:\/\/www.notibras.com\/site\/wp-content\/uploads\/2014\/04\/massa30604rt.jpg","width":667,"height":500},{"@type":"BreadcrumbList","@id":"https:\/\/www.notibras.com\/site\/equipes-liberam-pilotos-e-bahrein-ve-a-volta-da-disputa-na-formula-um\/#breadcrumb","itemListElement":[{"@type":"ListItem","position":1,"name":"In\u00edcio","item":"https:\/\/www.notibras.com\/site\/"},{"@type":"ListItem","position":2,"name":"Equipes liberam os pilotos e Bahrein v\u00ea volta da disputa na F1"}]},{"@type":"WebSite","@id":"https:\/\/www.notibras.com\/site\/#website","url":"https:\/\/www.notibras.com\/site\/","name":"Notibras","description":"Not\u00edcias de Bras\u00edlia, do Brasil e do Mundo","publisher":{"@id":"https:\/\/www.notibras.com\/site\/#organization"},"potentialAction":[{"@type":"SearchAction","target":{"@type":"EntryPoint","urlTemplate":"https:\/\/www.notibras.com\/site\/?s={search_term_string}"},"query-input":{"@type":"PropertyValueSpecification","valueRequired":true,"valueName":"search_term_string"}}],"inLanguage":"pt-BR"},{"@type":"Organization","@id":"https:\/\/www.notibras.com\/site\/#organization","name":"Grupo Notibras de Comunica\u00e7\u00e3o","url":"https:\/\/www.notibras.com\/site\/","logo":{"@type":"ImageObject","inLanguage":"pt-BR","@id":"https:\/\/www.notibras.com\/site\/#\/schema\/logo\/image\/","url":"https:\/\/www.notibras.com\/site\/wp-content\/uploads\/2023\/01\/notibras23.png","contentUrl":"https:\/\/www.notibras.com\/site\/wp-content\/uploads\/2023\/01\/notibras23.png","width":350,"height":87,"caption":"Grupo Notibras de Comunica\u00e7\u00e3o"},"image":{"@id":"https:\/\/www.notibras.com\/site\/#\/schema\/logo\/image\/"},"sameAs":["https:\/\/www.facebook.com\/notibras\/","https:\/\/x.com\/Notibras","https:\/\/www.instagram.com\/notibras\/"]},{"@type":"Person","@id":"https:\/\/www.notibras.com\/site\/#\/schema\/person\/36ab0979449956132d3e5b517ea76ac8","name":"Reda\u00e7\u00e3o","image":{"@type":"ImageObject","inLanguage":"pt-BR","@id":"https:\/\/secure.gravatar.com\/avatar\/e0a867bdedb85fd243eadf09663511f96fc81e0720a4a42581f334ad4303aa6b?s=96&d=mm&r=g","url":"https:\/\/secure.gravatar.com\/avatar\/e0a867bdedb85fd243eadf09663511f96fc81e0720a4a42581f334ad4303aa6b?s=96&d=mm&r=g","contentUrl":"https:\/\/secure.gravatar.com\/avatar\/e0a867bdedb85fd243eadf09663511f96fc81e0720a4a42581f334ad4303aa6b?s=96&d=mm&r=g","caption":"Reda\u00e7\u00e3o"}}]}},"amp_enabled":true,"_links":{"self":[{"href":"https:\/\/www.notibras.com\/site\/wp-json\/wp\/v2\/posts\/6110","targetHints":{"allow":["GET"]}}],"collection":[{"href":"https:\/\/www.notibras.com\/site\/wp-json\/wp\/v2\/posts"}],"about":[{"href":"https:\/\/www.notibras.com\/site\/wp-json\/wp\/v2\/types\/post"}],"author":[{"embeddable":true,"href":"https:\/\/www.notibras.com\/site\/wp-json\/wp\/v2\/users\/2"}],"replies":[{"embeddable":true,"href":"https:\/\/www.notibras.com\/site\/wp-json\/wp\/v2\/comments?post=6110"}],"version-history":[{"count":0,"href":"https:\/\/www.notibras.com\/site\/wp-json\/wp\/v2\/posts\/6110\/revisions"}],"wp:featuredmedia":[{"embeddable":true,"href":"https:\/\/www.notibras.com\/site\/wp-json\/wp\/v2\/media\/6111"}],"wp:attachment":[{"href":"https:\/\/www.notibras.com\/site\/wp-json\/wp\/v2\/media?parent=6110"}],"wp:term":[{"taxonomy":"category","embeddable":true,"href":"https:\/\/www.notibras.com\/site\/wp-json\/wp\/v2\/categories?post=6110"},{"taxonomy":"post_tag","embeddable":true,"href":"https:\/\/www.notibras.com\/site\/wp-json\/wp\/v2\/tags?post=6110"}],"curies":[{"name":"wp","href":"https:\/\/api.w.org\/{rel}","templated":true}]}}