{"id":61295,"date":"2015-08-12T11:45:07","date_gmt":"2015-08-12T14:45:07","guid":{"rendered":"http:\/\/www.notibras.com\/site\/?p=61295"},"modified":"2015-08-14T11:57:16","modified_gmt":"2015-08-14T14:57:16","slug":"traicao-de-marina-faz-historia-em-brasilia-na-vespera-da-renuncia","status":"publish","type":"post","link":"https:\/\/www.notibras.com\/site\/traicao-de-marina-faz-historia-em-brasilia-na-vespera-da-renuncia\/","title":{"rendered":"Trai\u00e7\u00e3o de Marina faz hist\u00f3ria em Bras\u00edlia e provoca at\u00e9 pris\u00e3o na v\u00e9spera da ren\u00fancia"},"content":{"rendered":"<p>Bras\u00edlia, 24 de agosto de 1961. Naquela manh\u00e3 a cidade amanheceu em polvorosa. Infla\u00e7\u00e3o alta, instabilidade econ\u00f4mica, alto \u00edndice de desemprego. Uma crise econ\u00f4mica estava levando o Pa\u00eds a uma crise pol\u00edtica s\u00e9ria.<\/p>\n<p>Alheio \u00e0s crises, Alberto era um empres\u00e1rio bem sucedido. Chegou a Bras\u00edlia ainda na d\u00e9cada de 50, como funcion\u00e1rio da Serveng\/Civilsan, empresa de constru\u00e7\u00e3o civil respons\u00e1vel por diversas obras na cidade.<\/p>\n<p>Com esp\u00edrito empreendedor agu\u00e7ado, Alberto logo pediu demiss\u00e3o e abriu uma lojinha de material de constru\u00e7\u00e3o, ferragens, utens\u00edlios e qualquer coisa que o cliente precisasse. N\u00e3o era raro um cliente rico encomendar um fog\u00e3o moderno para dar de presente \u00e0 filha que iria casar. Alberto trazia de S\u00e3o Paulo.<\/p>\n<p>Assim, a empresa de Alberto se tornou refer\u00eancia em Bras\u00edlia, situada na W-3 Sul. Com o tempo o empres\u00e1rio foi investindo suas economias em lotes, casas e caminh\u00f5es que eram alugados para as grandes empresas de constru\u00e7\u00e3o que ainda trabalhavam em ritmo fren\u00e9tico na cidade.<\/p>\n<p>Alberto era considerado um homem rico e feliz. Em uma das suas viagens ao seu estado de origem, Rio de Janeiro, ele conheceu Marina, uma bela jovem de classe m\u00e9dia carioca e se apaixonaram. O empres\u00e1rio brasiliense casou na tradicional igreja S\u00e3o Francisco na Penit\u00eancia, que fica no Largo da Carioca. O seu interior \u00e9 rico em imagens barrocas e o altar com a imagem de S\u00e3o Francisco, retrata um per\u00edodo de esplendor da constru\u00e7\u00e3o em arabescos e p\u00falpitos al\u00e9m do ch\u00e3o em mosaicos portugueses.<\/p>\n<p>Voltando para Bras\u00edlia com sua linda esposa, Alberto tratou de arranjar um emprego para Marina, n\u00e3o porque precisava do sal\u00e1rio, mas por insist\u00eancia dela que era formada em secretariado e tinha curso de datilografia.<\/p>\n<p>Utilizando de seus conhecimentos e influ\u00eancias na cidade, Alberto conseguiu uma indica\u00e7\u00e3o para sua esposa que foi trabalhar na C\u00e2mara com o Deputado Silveira da Costa, da UDN \u2013 partido do governo.<\/p>\n<p>Os meses se passaram e Marina transbordava felicidade. Os neg\u00f3cios de Alberto continuavam de vento em popa e, a princ\u00edpio, ele n\u00e3o percebia que Marina estava cada vez mais se distanciando dele. Incomodado com a situa\u00e7\u00e3o ele teve v\u00e1rias conversas com a sua esposa sobre o assunto e ela desconversava.<\/p>\n<p>&#8211; Nada, amor. S\u00f3 estou muito cansada. Muito trabalho no gabinete, voc\u00ea sabe, n\u00e9?<\/p>\n<p>Alberto deu um tempo e nada mudou no relacionamento. Desconfiado, ele contratou um detetive que passou a seguir a sua mulher. Dias a fio o Bareta do Cerrado seguia Marina e nada. Era de casa pra o trabalho e do trabalho para casa.<\/p>\n<p>Um certo, dia a casa caiu. O detetive Bareta entra na loja de Alberto esbaforido.<\/p>\n<p>&#8211; Dot\u00f4, descobri tudo. A sua mulher acabou de entrar no Hotel Souza, no N\u00facleo Bandeirante, disse o detetive.<\/p>\n<p>&#8211; Bem que eu desconfiava. Ela mudou muito. J\u00e1 n\u00e3o era mais aquela mulher carinhosa que eu conheci. Quem \u00e9 o safado?<\/p>\n<p>O Bareta ficou preocupado com a rea\u00e7\u00e3o de Alberto:<\/p>\n<p>&#8211; Dot\u00f4, se controle. O senhor n\u00e3o vai fazer uma besteira. O amante \u00e9 o chefe dela.<\/p>\n<p>&#8211; O qu\u00ea? ? ? O deputado Silveira da Costa? Vamos agora mesmo \u00e0 delegacia do N\u00facleo Bandeirante que eu quero levar a pol\u00edcia pra dar um flagrante naquela vagabunda. Se ela pensa que vai me trair e ainda pegar o meu dinheiro, est\u00e1 completamente enganada.<\/p>\n<p>Naquela \u00e9poca, a mulher que cometesse adult\u00e9rio, perdia o direito da partilha dos bens no processo de desquite.<\/p>\n<p>Em poucos minutos Alberto estava na delegacia de pol\u00edcia da Cidade Livre e contou o caso para o Delegado de plant\u00e3o. O Delegado Aderbal de pronto arranjou dois policiais e rumaram para o local do adult\u00e9rio.<\/p>\n<p>O Hotel Souza ficava na Avenida Central do N\u00facleo Bandeirante. Era uma constru\u00e7\u00e3o simples de madeira, com dois pavimentos e 13 quartos que serviam principalmente aos caixeiros viajantes que ficavam poucos dias na cidade em neg\u00f3cios e tamb\u00e9m um lugar tranquilo para os amantes.<\/p>\n<p>A comitiva do flagrante chegou ao hotel e foi direta para o segundo pavimento, num quarto no final do corredor.<\/p>\n<p>Ao entrar na alcova, Alberto se depara com uma cena que marido nenhum gostaria de presenciar. A linda Marina morena na cama com o deputado Silveirinha, n\u00e3o na situa\u00e7\u00e3o tradicional de papai-mam\u00e3e, mas galopando como na m\u00fasica de Roberto Carlos. Chocado com o que via, Alberto se descontrola e parte para agredir sua mulher aos gritos.<\/p>\n<p>O delegado Aderbal \u00e9 tomado de surpresa. Esquece o nome do marido tra\u00eddo e grita aos seus comandados:<\/p>\n<p>&#8211; SEGURA O CORNO!<\/p>\n<p>Alberto se sente ofendido.<\/p>\n<p>&#8211; Corno \u00e9 o seu pai. Me respeite.<\/p>\n<p>Fora de si, Alberto continua gritando com o delegado e parte para cima da autoridade para lavar a sua honra.<\/p>\n<p>Amea\u00e7ado, o delegado Aderbal manda prender Alberto por desacato a autoridade.<\/p>\n<p>Bras\u00edlia, 25 de agosto de 1961. O presidente J\u00e2nio Quadros renuncia e \u00e9 o come\u00e7o do fim da UDN.<\/p>\n","protected":false},"excerpt":{"rendered":"<p>Bras\u00edlia, 24 de agosto de 1961. Naquela manh\u00e3 a cidade amanheceu em polvorosa. Infla\u00e7\u00e3o alta, instabilidade econ\u00f4mica, alto \u00edndice de desemprego. Uma crise econ\u00f4mica estava levando o Pa\u00eds a uma crise pol\u00edtica s\u00e9ria. Alheio \u00e0s crises, Alberto era um empres\u00e1rio bem sucedido. Chegou a Bras\u00edlia ainda na d\u00e9cada de 50, como funcion\u00e1rio da Serveng\/Civilsan, empresa [&hellip;]<\/p>\n","protected":false},"author":2,"featured_media":61296,"comment_status":"open","ping_status":"closed","sticky":false,"template":"","format":"standard","meta":{"_acf_changed":false,"footnotes":""},"categories":[46],"tags":[],"class_list":["post-61295","post","type-post","status-publish","format-standard","has-post-thumbnail","hentry","category-maia"],"acf":[],"yoast_head":"<!-- This site is optimized with the Yoast SEO plugin v27.2 - https:\/\/yoast.com\/product\/yoast-seo-wordpress\/ -->\n<title>Trai\u00e7\u00e3o de Marina faz hist\u00f3ria em Bras\u00edlia e provoca at\u00e9 pris\u00e3o na v\u00e9spera da ren\u00fancia - Notibras<\/title>\n<meta name=\"robots\" content=\"index, follow, max-snippet:-1, max-image-preview:large, max-video-preview:-1\" \/>\n<link rel=\"canonical\" href=\"https:\/\/www.notibras.com\/site\/traicao-de-marina-faz-historia-em-brasilia-na-vespera-da-renuncia\/\" \/>\n<meta property=\"og:locale\" content=\"pt_BR\" \/>\n<meta property=\"og:type\" content=\"article\" \/>\n<meta property=\"og:title\" content=\"Trai\u00e7\u00e3o de Marina faz hist\u00f3ria em Bras\u00edlia e provoca at\u00e9 pris\u00e3o na v\u00e9spera da ren\u00fancia - Notibras\" \/>\n<meta property=\"og:description\" content=\"Bras\u00edlia, 24 de agosto de 1961. Naquela manh\u00e3 a cidade amanheceu em polvorosa. Infla\u00e7\u00e3o alta, instabilidade econ\u00f4mica, alto \u00edndice de desemprego. Uma crise econ\u00f4mica estava levando o Pa\u00eds a uma crise pol\u00edtica s\u00e9ria. Alheio \u00e0s crises, Alberto era um empres\u00e1rio bem sucedido. Chegou a Bras\u00edlia ainda na d\u00e9cada de 50, como funcion\u00e1rio da Serveng\/Civilsan, empresa [&hellip;]\" \/>\n<meta property=\"og:url\" content=\"https:\/\/www.notibras.com\/site\/traicao-de-marina-faz-historia-em-brasilia-na-vespera-da-renuncia\/\" \/>\n<meta property=\"og:site_name\" content=\"Notibras\" \/>\n<meta property=\"article:publisher\" content=\"https:\/\/www.facebook.com\/notibras\/\" \/>\n<meta property=\"article:published_time\" content=\"2015-08-12T14:45:07+00:00\" \/>\n<meta property=\"article:modified_time\" content=\"2015-08-14T14:57:16+00:00\" \/>\n<meta property=\"og:image\" content=\"https:\/\/www.notibras.com\/site\/wp-content\/uploads\/2015\/08\/mari..jpg\" \/>\n\t<meta property=\"og:image:width\" content=\"500\" \/>\n\t<meta property=\"og:image:height\" content=\"367\" \/>\n\t<meta property=\"og:image:type\" content=\"image\/jpeg\" \/>\n<meta name=\"author\" content=\"Reda\u00e7\u00e3o\" \/>\n<meta name=\"twitter:card\" content=\"summary_large_image\" \/>\n<meta name=\"twitter:creator\" content=\"@Notibras\" \/>\n<meta name=\"twitter:site\" content=\"@Notibras\" \/>\n<meta name=\"twitter:label1\" content=\"Escrito por\" \/>\n\t<meta name=\"twitter:data1\" content=\"Reda\u00e7\u00e3o\" \/>\n\t<meta name=\"twitter:label2\" content=\"Est. tempo de leitura\" \/>\n\t<meta name=\"twitter:data2\" content=\"4 minutos\" \/>\n<script type=\"application\/ld+json\" class=\"yoast-schema-graph\">{\"@context\":\"https:\/\/schema.org\",\"@graph\":[{\"@type\":\"Article\",\"@id\":\"https:\/\/www.notibras.com\/site\/traicao-de-marina-faz-historia-em-brasilia-na-vespera-da-renuncia\/#article\",\"isPartOf\":{\"@id\":\"https:\/\/www.notibras.com\/site\/traicao-de-marina-faz-historia-em-brasilia-na-vespera-da-renuncia\/\"},\"author\":{\"name\":\"Reda\u00e7\u00e3o\",\"@id\":\"https:\/\/www.notibras.com\/site\/#\/schema\/person\/36ab0979449956132d3e5b517ea76ac8\"},\"headline\":\"Trai\u00e7\u00e3o de Marina faz hist\u00f3ria em Bras\u00edlia e provoca at\u00e9 pris\u00e3o na v\u00e9spera da ren\u00fancia\",\"datePublished\":\"2015-08-12T14:45:07+00:00\",\"dateModified\":\"2015-08-14T14:57:16+00:00\",\"mainEntityOfPage\":{\"@id\":\"https:\/\/www.notibras.com\/site\/traicao-de-marina-faz-historia-em-brasilia-na-vespera-da-renuncia\/\"},\"wordCount\":879,\"commentCount\":0,\"publisher\":{\"@id\":\"https:\/\/www.notibras.com\/site\/#organization\"},\"image\":{\"@id\":\"https:\/\/www.notibras.com\/site\/traicao-de-marina-faz-historia-em-brasilia-na-vespera-da-renuncia\/#primaryimage\"},\"thumbnailUrl\":\"https:\/\/www.notibras.com\/site\/wp-content\/uploads\/2015\/08\/mari..jpg\",\"articleSection\":[\"Airton Maia\"],\"inLanguage\":\"pt-BR\",\"potentialAction\":[{\"@type\":\"CommentAction\",\"name\":\"Comment\",\"target\":[\"https:\/\/www.notibras.com\/site\/traicao-de-marina-faz-historia-em-brasilia-na-vespera-da-renuncia\/#respond\"]}]},{\"@type\":\"WebPage\",\"@id\":\"https:\/\/www.notibras.com\/site\/traicao-de-marina-faz-historia-em-brasilia-na-vespera-da-renuncia\/\",\"url\":\"https:\/\/www.notibras.com\/site\/traicao-de-marina-faz-historia-em-brasilia-na-vespera-da-renuncia\/\",\"name\":\"Trai\u00e7\u00e3o de Marina faz hist\u00f3ria em Bras\u00edlia e provoca at\u00e9 pris\u00e3o na v\u00e9spera da ren\u00fancia - Notibras\",\"isPartOf\":{\"@id\":\"https:\/\/www.notibras.com\/site\/#website\"},\"primaryImageOfPage\":{\"@id\":\"https:\/\/www.notibras.com\/site\/traicao-de-marina-faz-historia-em-brasilia-na-vespera-da-renuncia\/#primaryimage\"},\"image\":{\"@id\":\"https:\/\/www.notibras.com\/site\/traicao-de-marina-faz-historia-em-brasilia-na-vespera-da-renuncia\/#primaryimage\"},\"thumbnailUrl\":\"https:\/\/www.notibras.com\/site\/wp-content\/uploads\/2015\/08\/mari..jpg\",\"datePublished\":\"2015-08-12T14:45:07+00:00\",\"dateModified\":\"2015-08-14T14:57:16+00:00\",\"breadcrumb\":{\"@id\":\"https:\/\/www.notibras.com\/site\/traicao-de-marina-faz-historia-em-brasilia-na-vespera-da-renuncia\/#breadcrumb\"},\"inLanguage\":\"pt-BR\",\"potentialAction\":[{\"@type\":\"ReadAction\",\"target\":[\"https:\/\/www.notibras.com\/site\/traicao-de-marina-faz-historia-em-brasilia-na-vespera-da-renuncia\/\"]}]},{\"@type\":\"ImageObject\",\"inLanguage\":\"pt-BR\",\"@id\":\"https:\/\/www.notibras.com\/site\/traicao-de-marina-faz-historia-em-brasilia-na-vespera-da-renuncia\/#primaryimage\",\"url\":\"https:\/\/www.notibras.com\/site\/wp-content\/uploads\/2015\/08\/mari..jpg\",\"contentUrl\":\"https:\/\/www.notibras.com\/site\/wp-content\/uploads\/2015\/08\/mari..jpg\",\"width\":500,\"height\":367},{\"@type\":\"BreadcrumbList\",\"@id\":\"https:\/\/www.notibras.com\/site\/traicao-de-marina-faz-historia-em-brasilia-na-vespera-da-renuncia\/#breadcrumb\",\"itemListElement\":[{\"@type\":\"ListItem\",\"position\":1,\"name\":\"In\u00edcio\",\"item\":\"https:\/\/www.notibras.com\/site\/\"},{\"@type\":\"ListItem\",\"position\":2,\"name\":\"Trai\u00e7\u00e3o de Marina faz hist\u00f3ria em Bras\u00edlia e provoca at\u00e9 pris\u00e3o na v\u00e9spera da ren\u00fancia\"}]},{\"@type\":\"WebSite\",\"@id\":\"https:\/\/www.notibras.com\/site\/#website\",\"url\":\"https:\/\/www.notibras.com\/site\/\",\"name\":\"Notibras\",\"description\":\"Not\u00edcias de Bras\u00edlia, do Brasil e do Mundo\",\"publisher\":{\"@id\":\"https:\/\/www.notibras.com\/site\/#organization\"},\"potentialAction\":[{\"@type\":\"SearchAction\",\"target\":{\"@type\":\"EntryPoint\",\"urlTemplate\":\"https:\/\/www.notibras.com\/site\/?s={search_term_string}\"},\"query-input\":{\"@type\":\"PropertyValueSpecification\",\"valueRequired\":true,\"valueName\":\"search_term_string\"}}],\"inLanguage\":\"pt-BR\"},{\"@type\":\"Organization\",\"@id\":\"https:\/\/www.notibras.com\/site\/#organization\",\"name\":\"Grupo Notibras de Comunica\u00e7\u00e3o\",\"url\":\"https:\/\/www.notibras.com\/site\/\",\"logo\":{\"@type\":\"ImageObject\",\"inLanguage\":\"pt-BR\",\"@id\":\"https:\/\/www.notibras.com\/site\/#\/schema\/logo\/image\/\",\"url\":\"https:\/\/www.notibras.com\/site\/wp-content\/uploads\/2023\/01\/notibras23.png\",\"contentUrl\":\"https:\/\/www.notibras.com\/site\/wp-content\/uploads\/2023\/01\/notibras23.png\",\"width\":350,\"height\":87,\"caption\":\"Grupo Notibras de Comunica\u00e7\u00e3o\"},\"image\":{\"@id\":\"https:\/\/www.notibras.com\/site\/#\/schema\/logo\/image\/\"},\"sameAs\":[\"https:\/\/www.facebook.com\/notibras\/\",\"https:\/\/x.com\/Notibras\",\"https:\/\/www.instagram.com\/notibras\/\"]},{\"@type\":\"Person\",\"@id\":\"https:\/\/www.notibras.com\/site\/#\/schema\/person\/36ab0979449956132d3e5b517ea76ac8\",\"name\":\"Reda\u00e7\u00e3o\",\"image\":{\"@type\":\"ImageObject\",\"inLanguage\":\"pt-BR\",\"@id\":\"https:\/\/secure.gravatar.com\/avatar\/e0a867bdedb85fd243eadf09663511f96fc81e0720a4a42581f334ad4303aa6b?s=96&d=mm&r=g\",\"url\":\"https:\/\/secure.gravatar.com\/avatar\/e0a867bdedb85fd243eadf09663511f96fc81e0720a4a42581f334ad4303aa6b?s=96&d=mm&r=g\",\"contentUrl\":\"https:\/\/secure.gravatar.com\/avatar\/e0a867bdedb85fd243eadf09663511f96fc81e0720a4a42581f334ad4303aa6b?s=96&d=mm&r=g\",\"caption\":\"Reda\u00e7\u00e3o\"}}]}<\/script>\n<!-- \/ Yoast SEO plugin. -->","yoast_head_json":{"title":"Trai\u00e7\u00e3o de Marina faz hist\u00f3ria em Bras\u00edlia e provoca at\u00e9 pris\u00e3o na v\u00e9spera da ren\u00fancia - Notibras","robots":{"index":"index","follow":"follow","max-snippet":"max-snippet:-1","max-image-preview":"max-image-preview:large","max-video-preview":"max-video-preview:-1"},"canonical":"https:\/\/www.notibras.com\/site\/traicao-de-marina-faz-historia-em-brasilia-na-vespera-da-renuncia\/","og_locale":"pt_BR","og_type":"article","og_title":"Trai\u00e7\u00e3o de Marina faz hist\u00f3ria em Bras\u00edlia e provoca at\u00e9 pris\u00e3o na v\u00e9spera da ren\u00fancia - Notibras","og_description":"Bras\u00edlia, 24 de agosto de 1961. Naquela manh\u00e3 a cidade amanheceu em polvorosa. Infla\u00e7\u00e3o alta, instabilidade econ\u00f4mica, alto \u00edndice de desemprego. Uma crise econ\u00f4mica estava levando o Pa\u00eds a uma crise pol\u00edtica s\u00e9ria. Alheio \u00e0s crises, Alberto era um empres\u00e1rio bem sucedido. Chegou a Bras\u00edlia ainda na d\u00e9cada de 50, como funcion\u00e1rio da Serveng\/Civilsan, empresa [&hellip;]","og_url":"https:\/\/www.notibras.com\/site\/traicao-de-marina-faz-historia-em-brasilia-na-vespera-da-renuncia\/","og_site_name":"Notibras","article_publisher":"https:\/\/www.facebook.com\/notibras\/","article_published_time":"2015-08-12T14:45:07+00:00","article_modified_time":"2015-08-14T14:57:16+00:00","og_image":[{"width":500,"height":367,"url":"https:\/\/www.notibras.com\/site\/wp-content\/uploads\/2015\/08\/mari..jpg","type":"image\/jpeg"}],"author":"Reda\u00e7\u00e3o","twitter_card":"summary_large_image","twitter_creator":"@Notibras","twitter_site":"@Notibras","twitter_misc":{"Escrito por":"Reda\u00e7\u00e3o","Est. tempo de leitura":"4 minutos"},"schema":{"@context":"https:\/\/schema.org","@graph":[{"@type":"Article","@id":"https:\/\/www.notibras.com\/site\/traicao-de-marina-faz-historia-em-brasilia-na-vespera-da-renuncia\/#article","isPartOf":{"@id":"https:\/\/www.notibras.com\/site\/traicao-de-marina-faz-historia-em-brasilia-na-vespera-da-renuncia\/"},"author":{"name":"Reda\u00e7\u00e3o","@id":"https:\/\/www.notibras.com\/site\/#\/schema\/person\/36ab0979449956132d3e5b517ea76ac8"},"headline":"Trai\u00e7\u00e3o de Marina faz hist\u00f3ria em Bras\u00edlia e provoca at\u00e9 pris\u00e3o na v\u00e9spera da ren\u00fancia","datePublished":"2015-08-12T14:45:07+00:00","dateModified":"2015-08-14T14:57:16+00:00","mainEntityOfPage":{"@id":"https:\/\/www.notibras.com\/site\/traicao-de-marina-faz-historia-em-brasilia-na-vespera-da-renuncia\/"},"wordCount":879,"commentCount":0,"publisher":{"@id":"https:\/\/www.notibras.com\/site\/#organization"},"image":{"@id":"https:\/\/www.notibras.com\/site\/traicao-de-marina-faz-historia-em-brasilia-na-vespera-da-renuncia\/#primaryimage"},"thumbnailUrl":"https:\/\/www.notibras.com\/site\/wp-content\/uploads\/2015\/08\/mari..jpg","articleSection":["Airton Maia"],"inLanguage":"pt-BR","potentialAction":[{"@type":"CommentAction","name":"Comment","target":["https:\/\/www.notibras.com\/site\/traicao-de-marina-faz-historia-em-brasilia-na-vespera-da-renuncia\/#respond"]}]},{"@type":"WebPage","@id":"https:\/\/www.notibras.com\/site\/traicao-de-marina-faz-historia-em-brasilia-na-vespera-da-renuncia\/","url":"https:\/\/www.notibras.com\/site\/traicao-de-marina-faz-historia-em-brasilia-na-vespera-da-renuncia\/","name":"Trai\u00e7\u00e3o de Marina faz hist\u00f3ria em Bras\u00edlia e provoca at\u00e9 pris\u00e3o na v\u00e9spera da ren\u00fancia - Notibras","isPartOf":{"@id":"https:\/\/www.notibras.com\/site\/#website"},"primaryImageOfPage":{"@id":"https:\/\/www.notibras.com\/site\/traicao-de-marina-faz-historia-em-brasilia-na-vespera-da-renuncia\/#primaryimage"},"image":{"@id":"https:\/\/www.notibras.com\/site\/traicao-de-marina-faz-historia-em-brasilia-na-vespera-da-renuncia\/#primaryimage"},"thumbnailUrl":"https:\/\/www.notibras.com\/site\/wp-content\/uploads\/2015\/08\/mari..jpg","datePublished":"2015-08-12T14:45:07+00:00","dateModified":"2015-08-14T14:57:16+00:00","breadcrumb":{"@id":"https:\/\/www.notibras.com\/site\/traicao-de-marina-faz-historia-em-brasilia-na-vespera-da-renuncia\/#breadcrumb"},"inLanguage":"pt-BR","potentialAction":[{"@type":"ReadAction","target":["https:\/\/www.notibras.com\/site\/traicao-de-marina-faz-historia-em-brasilia-na-vespera-da-renuncia\/"]}]},{"@type":"ImageObject","inLanguage":"pt-BR","@id":"https:\/\/www.notibras.com\/site\/traicao-de-marina-faz-historia-em-brasilia-na-vespera-da-renuncia\/#primaryimage","url":"https:\/\/www.notibras.com\/site\/wp-content\/uploads\/2015\/08\/mari..jpg","contentUrl":"https:\/\/www.notibras.com\/site\/wp-content\/uploads\/2015\/08\/mari..jpg","width":500,"height":367},{"@type":"BreadcrumbList","@id":"https:\/\/www.notibras.com\/site\/traicao-de-marina-faz-historia-em-brasilia-na-vespera-da-renuncia\/#breadcrumb","itemListElement":[{"@type":"ListItem","position":1,"name":"In\u00edcio","item":"https:\/\/www.notibras.com\/site\/"},{"@type":"ListItem","position":2,"name":"Trai\u00e7\u00e3o de Marina faz hist\u00f3ria em Bras\u00edlia e provoca at\u00e9 pris\u00e3o na v\u00e9spera da ren\u00fancia"}]},{"@type":"WebSite","@id":"https:\/\/www.notibras.com\/site\/#website","url":"https:\/\/www.notibras.com\/site\/","name":"Notibras","description":"Not\u00edcias de Bras\u00edlia, do Brasil e do Mundo","publisher":{"@id":"https:\/\/www.notibras.com\/site\/#organization"},"potentialAction":[{"@type":"SearchAction","target":{"@type":"EntryPoint","urlTemplate":"https:\/\/www.notibras.com\/site\/?s={search_term_string}"},"query-input":{"@type":"PropertyValueSpecification","valueRequired":true,"valueName":"search_term_string"}}],"inLanguage":"pt-BR"},{"@type":"Organization","@id":"https:\/\/www.notibras.com\/site\/#organization","name":"Grupo Notibras de Comunica\u00e7\u00e3o","url":"https:\/\/www.notibras.com\/site\/","logo":{"@type":"ImageObject","inLanguage":"pt-BR","@id":"https:\/\/www.notibras.com\/site\/#\/schema\/logo\/image\/","url":"https:\/\/www.notibras.com\/site\/wp-content\/uploads\/2023\/01\/notibras23.png","contentUrl":"https:\/\/www.notibras.com\/site\/wp-content\/uploads\/2023\/01\/notibras23.png","width":350,"height":87,"caption":"Grupo Notibras de Comunica\u00e7\u00e3o"},"image":{"@id":"https:\/\/www.notibras.com\/site\/#\/schema\/logo\/image\/"},"sameAs":["https:\/\/www.facebook.com\/notibras\/","https:\/\/x.com\/Notibras","https:\/\/www.instagram.com\/notibras\/"]},{"@type":"Person","@id":"https:\/\/www.notibras.com\/site\/#\/schema\/person\/36ab0979449956132d3e5b517ea76ac8","name":"Reda\u00e7\u00e3o","image":{"@type":"ImageObject","inLanguage":"pt-BR","@id":"https:\/\/secure.gravatar.com\/avatar\/e0a867bdedb85fd243eadf09663511f96fc81e0720a4a42581f334ad4303aa6b?s=96&d=mm&r=g","url":"https:\/\/secure.gravatar.com\/avatar\/e0a867bdedb85fd243eadf09663511f96fc81e0720a4a42581f334ad4303aa6b?s=96&d=mm&r=g","contentUrl":"https:\/\/secure.gravatar.com\/avatar\/e0a867bdedb85fd243eadf09663511f96fc81e0720a4a42581f334ad4303aa6b?s=96&d=mm&r=g","caption":"Reda\u00e7\u00e3o"}}]}},"amp_enabled":true,"_links":{"self":[{"href":"https:\/\/www.notibras.com\/site\/wp-json\/wp\/v2\/posts\/61295","targetHints":{"allow":["GET"]}}],"collection":[{"href":"https:\/\/www.notibras.com\/site\/wp-json\/wp\/v2\/posts"}],"about":[{"href":"https:\/\/www.notibras.com\/site\/wp-json\/wp\/v2\/types\/post"}],"author":[{"embeddable":true,"href":"https:\/\/www.notibras.com\/site\/wp-json\/wp\/v2\/users\/2"}],"replies":[{"embeddable":true,"href":"https:\/\/www.notibras.com\/site\/wp-json\/wp\/v2\/comments?post=61295"}],"version-history":[{"count":3,"href":"https:\/\/www.notibras.com\/site\/wp-json\/wp\/v2\/posts\/61295\/revisions"}],"predecessor-version":[{"id":61479,"href":"https:\/\/www.notibras.com\/site\/wp-json\/wp\/v2\/posts\/61295\/revisions\/61479"}],"wp:featuredmedia":[{"embeddable":true,"href":"https:\/\/www.notibras.com\/site\/wp-json\/wp\/v2\/media\/61296"}],"wp:attachment":[{"href":"https:\/\/www.notibras.com\/site\/wp-json\/wp\/v2\/media?parent=61295"}],"wp:term":[{"taxonomy":"category","embeddable":true,"href":"https:\/\/www.notibras.com\/site\/wp-json\/wp\/v2\/categories?post=61295"},{"taxonomy":"post_tag","embeddable":true,"href":"https:\/\/www.notibras.com\/site\/wp-json\/wp\/v2\/tags?post=61295"}],"curies":[{"name":"wp","href":"https:\/\/api.w.org\/{rel}","templated":true}]}}