{"id":6135,"date":"2014-04-06T19:46:44","date_gmt":"2014-04-06T22:46:44","guid":{"rendered":"http:\/\/www.notibras.com\/site\/?p=6135"},"modified":"2014-04-06T23:12:09","modified_gmt":"2014-04-07T02:12:09","slug":"pastor-da-igreja-agua-viva-cai-em-ato-de-batismo-e-e-arrastado-pela-forca-do-rio","status":"publish","type":"post","link":"https:\/\/www.notibras.com\/site\/pastor-da-igreja-agua-viva-cai-em-ato-de-batismo-e-e-arrastado-pela-forca-do-rio\/","title":{"rendered":"Pastor da \u00c1gua Viva cai em ato de batismo e corpo \u00e9 levado pelo rio"},"content":{"rendered":"<p>O Corpo de Bombeiros vai retomar nesta segunda-feira 7\u00a0 as buscas pelo pastor Almir Marques de Carvalho, que est\u00e1 desaparecido desde s\u00e1bado ap\u00f3s cair no Rio Descoberto e ser levado pela correnteza. As buscas v\u00e3o ser retomadas nesta segunda, \u00e0s 6h.<\/p>\n<p>O pastor perdeu o equil\u00edbrio e caiu na \u00e1gua quando se preparava para batizar um grupo de fi\u00e9is ligados \u00e0 Igreja Po\u00e7o de \u00c1gua Viva, de Ceil\u00e2ndia.<\/p>\n<p>As buscas no s\u00e1bado e neste domingo envolveram mais de 30 homens, c\u00e3es farejadores e at\u00e9 um helic\u00f3ptero. Mergulhadores fazem buscas nas margens do rio, que tem vegeta\u00e7\u00e3o densa e muitos galhos.<\/p>\n<p>O local onde o pastor desapareceu \u00e9 sinalizado como perigoso para banhistas \u2013 o trecho do rio tem correnteza forte e muitas pedras submersas, que formam corredeiras. A dist\u00e2ncia entre uma margem e outra chega a 30 metros.<\/p>\n<p>O major Silva Neto, do Corpo de Bombeiros, disse que quando Carvalho caiu na \u00e1gua,\u00a0 um fiel ainda tentou segur\u00e1-lo, mas o pastor foi levado pela correnteza.<\/p>\n<p>Na tarde deste domingo 6, ao encerrar as buscas pelo pastor, bombeiros, parentes do religioso e amigos se uniram para uma ora\u00e7\u00e3o.<\/p>\n","protected":false},"excerpt":{"rendered":"<p>O Corpo de Bombeiros vai retomar nesta segunda-feira 7\u00a0 as buscas pelo pastor Almir Marques de Carvalho, que est\u00e1 desaparecido desde s\u00e1bado ap\u00f3s cair no Rio Descoberto e ser levado pela correnteza. As buscas v\u00e3o ser retomadas nesta segunda, \u00e0s 6h. O pastor perdeu o equil\u00edbrio e caiu na \u00e1gua quando se preparava para batizar [&hellip;]<\/p>\n","protected":false},"author":2,"featured_media":6136,"comment_status":"open","ping_status":"closed","sticky":false,"template":"","format":"standard","meta":{"_acf_changed":false,"footnotes":""},"categories":[1],"tags":[],"class_list":["post-6135","post","type-post","status-publish","format-standard","has-post-thumbnail","hentry","category-brasilia"],"acf":[],"yoast_head":"<!-- This site is optimized with the Yoast SEO plugin v27.2 - https:\/\/yoast.com\/product\/yoast-seo-wordpress\/ -->\n<title>Pastor da \u00c1gua Viva cai em ato de batismo e corpo \u00e9 levado pelo rio - Notibras<\/title>\n<meta name=\"robots\" content=\"index, follow, max-snippet:-1, max-image-preview:large, max-video-preview:-1\" \/>\n<link rel=\"canonical\" href=\"https:\/\/www.notibras.com\/site\/pastor-da-igreja-agua-viva-cai-em-ato-de-batismo-e-e-arrastado-pela-forca-do-rio\/\" \/>\n<meta property=\"og:locale\" content=\"pt_BR\" \/>\n<meta property=\"og:type\" content=\"article\" \/>\n<meta property=\"og:title\" content=\"Pastor da \u00c1gua Viva cai em ato de batismo e corpo \u00e9 levado pelo rio - Notibras\" \/>\n<meta property=\"og:description\" content=\"O Corpo de Bombeiros vai retomar nesta segunda-feira 7\u00a0 as buscas pelo pastor Almir Marques de Carvalho, que est\u00e1 desaparecido desde s\u00e1bado ap\u00f3s cair no Rio Descoberto e ser levado pela correnteza. As buscas v\u00e3o ser retomadas nesta segunda, \u00e0s 6h. O pastor perdeu o equil\u00edbrio e caiu na \u00e1gua quando se preparava para batizar [&hellip;]\" \/>\n<meta property=\"og:url\" content=\"https:\/\/www.notibras.com\/site\/pastor-da-igreja-agua-viva-cai-em-ato-de-batismo-e-e-arrastado-pela-forca-do-rio\/\" \/>\n<meta property=\"og:site_name\" content=\"Notibras\" \/>\n<meta property=\"article:publisher\" content=\"https:\/\/www.facebook.com\/notibras\/\" \/>\n<meta property=\"article:published_time\" content=\"2014-04-06T22:46:44+00:00\" \/>\n<meta property=\"article:modified_time\" content=\"2014-04-07T02:12:09+00:00\" \/>\n<meta property=\"og:image\" content=\"https:\/\/www.notibras.com\/site\/wp-content\/uploads\/2014\/04\/mergulhador-620.jpg\" \/>\n\t<meta property=\"og:image:width\" content=\"620\" \/>\n\t<meta property=\"og:image:height\" content=\"465\" \/>\n\t<meta property=\"og:image:type\" content=\"image\/jpeg\" \/>\n<meta name=\"author\" content=\"Reda\u00e7\u00e3o\" \/>\n<meta name=\"twitter:card\" content=\"summary_large_image\" \/>\n<meta name=\"twitter:creator\" content=\"@Notibras\" \/>\n<meta name=\"twitter:site\" content=\"@Notibras\" \/>\n<meta name=\"twitter:label1\" content=\"Escrito por\" \/>\n\t<meta name=\"twitter:data1\" content=\"Reda\u00e7\u00e3o\" \/>\n\t<meta name=\"twitter:label2\" content=\"Est. tempo de leitura\" \/>\n\t<meta name=\"twitter:data2\" content=\"1 minuto\" \/>\n<script type=\"application\/ld+json\" class=\"yoast-schema-graph\">{\"@context\":\"https:\/\/schema.org\",\"@graph\":[{\"@type\":\"Article\",\"@id\":\"https:\/\/www.notibras.com\/site\/pastor-da-igreja-agua-viva-cai-em-ato-de-batismo-e-e-arrastado-pela-forca-do-rio\/#article\",\"isPartOf\":{\"@id\":\"https:\/\/www.notibras.com\/site\/pastor-da-igreja-agua-viva-cai-em-ato-de-batismo-e-e-arrastado-pela-forca-do-rio\/\"},\"author\":{\"name\":\"Reda\u00e7\u00e3o\",\"@id\":\"https:\/\/www.notibras.com\/site\/#\/schema\/person\/36ab0979449956132d3e5b517ea76ac8\"},\"headline\":\"Pastor da \u00c1gua Viva cai em ato de batismo e corpo \u00e9 levado pelo rio\",\"datePublished\":\"2014-04-06T22:46:44+00:00\",\"dateModified\":\"2014-04-07T02:12:09+00:00\",\"mainEntityOfPage\":{\"@id\":\"https:\/\/www.notibras.com\/site\/pastor-da-igreja-agua-viva-cai-em-ato-de-batismo-e-e-arrastado-pela-forca-do-rio\/\"},\"wordCount\":208,\"commentCount\":0,\"publisher\":{\"@id\":\"https:\/\/www.notibras.com\/site\/#organization\"},\"image\":{\"@id\":\"https:\/\/www.notibras.com\/site\/pastor-da-igreja-agua-viva-cai-em-ato-de-batismo-e-e-arrastado-pela-forca-do-rio\/#primaryimage\"},\"thumbnailUrl\":\"https:\/\/www.notibras.com\/site\/wp-content\/uploads\/2014\/04\/mergulhador-620.jpg\",\"articleSection\":[\"Bras\u00edlia\"],\"inLanguage\":\"pt-BR\",\"potentialAction\":[{\"@type\":\"CommentAction\",\"name\":\"Comment\",\"target\":[\"https:\/\/www.notibras.com\/site\/pastor-da-igreja-agua-viva-cai-em-ato-de-batismo-e-e-arrastado-pela-forca-do-rio\/#respond\"]}]},{\"@type\":\"WebPage\",\"@id\":\"https:\/\/www.notibras.com\/site\/pastor-da-igreja-agua-viva-cai-em-ato-de-batismo-e-e-arrastado-pela-forca-do-rio\/\",\"url\":\"https:\/\/www.notibras.com\/site\/pastor-da-igreja-agua-viva-cai-em-ato-de-batismo-e-e-arrastado-pela-forca-do-rio\/\",\"name\":\"Pastor da \u00c1gua Viva cai em ato de batismo e corpo \u00e9 levado pelo rio - Notibras\",\"isPartOf\":{\"@id\":\"https:\/\/www.notibras.com\/site\/#website\"},\"primaryImageOfPage\":{\"@id\":\"https:\/\/www.notibras.com\/site\/pastor-da-igreja-agua-viva-cai-em-ato-de-batismo-e-e-arrastado-pela-forca-do-rio\/#primaryimage\"},\"image\":{\"@id\":\"https:\/\/www.notibras.com\/site\/pastor-da-igreja-agua-viva-cai-em-ato-de-batismo-e-e-arrastado-pela-forca-do-rio\/#primaryimage\"},\"thumbnailUrl\":\"https:\/\/www.notibras.com\/site\/wp-content\/uploads\/2014\/04\/mergulhador-620.jpg\",\"datePublished\":\"2014-04-06T22:46:44+00:00\",\"dateModified\":\"2014-04-07T02:12:09+00:00\",\"breadcrumb\":{\"@id\":\"https:\/\/www.notibras.com\/site\/pastor-da-igreja-agua-viva-cai-em-ato-de-batismo-e-e-arrastado-pela-forca-do-rio\/#breadcrumb\"},\"inLanguage\":\"pt-BR\",\"potentialAction\":[{\"@type\":\"ReadAction\",\"target\":[\"https:\/\/www.notibras.com\/site\/pastor-da-igreja-agua-viva-cai-em-ato-de-batismo-e-e-arrastado-pela-forca-do-rio\/\"]}]},{\"@type\":\"ImageObject\",\"inLanguage\":\"pt-BR\",\"@id\":\"https:\/\/www.notibras.com\/site\/pastor-da-igreja-agua-viva-cai-em-ato-de-batismo-e-e-arrastado-pela-forca-do-rio\/#primaryimage\",\"url\":\"https:\/\/www.notibras.com\/site\/wp-content\/uploads\/2014\/04\/mergulhador-620.jpg\",\"contentUrl\":\"https:\/\/www.notibras.com\/site\/wp-content\/uploads\/2014\/04\/mergulhador-620.jpg\",\"width\":620,\"height\":465},{\"@type\":\"BreadcrumbList\",\"@id\":\"https:\/\/www.notibras.com\/site\/pastor-da-igreja-agua-viva-cai-em-ato-de-batismo-e-e-arrastado-pela-forca-do-rio\/#breadcrumb\",\"itemListElement\":[{\"@type\":\"ListItem\",\"position\":1,\"name\":\"In\u00edcio\",\"item\":\"https:\/\/www.notibras.com\/site\/\"},{\"@type\":\"ListItem\",\"position\":2,\"name\":\"Pastor da \u00c1gua Viva cai em ato de batismo e corpo \u00e9 levado pelo rio\"}]},{\"@type\":\"WebSite\",\"@id\":\"https:\/\/www.notibras.com\/site\/#website\",\"url\":\"https:\/\/www.notibras.com\/site\/\",\"name\":\"Notibras\",\"description\":\"Not\u00edcias de Bras\u00edlia, do Brasil e do Mundo\",\"publisher\":{\"@id\":\"https:\/\/www.notibras.com\/site\/#organization\"},\"potentialAction\":[{\"@type\":\"SearchAction\",\"target\":{\"@type\":\"EntryPoint\",\"urlTemplate\":\"https:\/\/www.notibras.com\/site\/?s={search_term_string}\"},\"query-input\":{\"@type\":\"PropertyValueSpecification\",\"valueRequired\":true,\"valueName\":\"search_term_string\"}}],\"inLanguage\":\"pt-BR\"},{\"@type\":\"Organization\",\"@id\":\"https:\/\/www.notibras.com\/site\/#organization\",\"name\":\"Grupo Notibras de Comunica\u00e7\u00e3o\",\"url\":\"https:\/\/www.notibras.com\/site\/\",\"logo\":{\"@type\":\"ImageObject\",\"inLanguage\":\"pt-BR\",\"@id\":\"https:\/\/www.notibras.com\/site\/#\/schema\/logo\/image\/\",\"url\":\"https:\/\/www.notibras.com\/site\/wp-content\/uploads\/2023\/01\/notibras23.png\",\"contentUrl\":\"https:\/\/www.notibras.com\/site\/wp-content\/uploads\/2023\/01\/notibras23.png\",\"width\":350,\"height\":87,\"caption\":\"Grupo Notibras de Comunica\u00e7\u00e3o\"},\"image\":{\"@id\":\"https:\/\/www.notibras.com\/site\/#\/schema\/logo\/image\/\"},\"sameAs\":[\"https:\/\/www.facebook.com\/notibras\/\",\"https:\/\/x.com\/Notibras\",\"https:\/\/www.instagram.com\/notibras\/\"]},{\"@type\":\"Person\",\"@id\":\"https:\/\/www.notibras.com\/site\/#\/schema\/person\/36ab0979449956132d3e5b517ea76ac8\",\"name\":\"Reda\u00e7\u00e3o\",\"image\":{\"@type\":\"ImageObject\",\"inLanguage\":\"pt-BR\",\"@id\":\"https:\/\/secure.gravatar.com\/avatar\/e0a867bdedb85fd243eadf09663511f96fc81e0720a4a42581f334ad4303aa6b?s=96&d=mm&r=g\",\"url\":\"https:\/\/secure.gravatar.com\/avatar\/e0a867bdedb85fd243eadf09663511f96fc81e0720a4a42581f334ad4303aa6b?s=96&d=mm&r=g\",\"contentUrl\":\"https:\/\/secure.gravatar.com\/avatar\/e0a867bdedb85fd243eadf09663511f96fc81e0720a4a42581f334ad4303aa6b?s=96&d=mm&r=g\",\"caption\":\"Reda\u00e7\u00e3o\"}}]}<\/script>\n<!-- \/ Yoast SEO plugin. -->","yoast_head_json":{"title":"Pastor da \u00c1gua Viva cai em ato de batismo e corpo \u00e9 levado pelo rio - Notibras","robots":{"index":"index","follow":"follow","max-snippet":"max-snippet:-1","max-image-preview":"max-image-preview:large","max-video-preview":"max-video-preview:-1"},"canonical":"https:\/\/www.notibras.com\/site\/pastor-da-igreja-agua-viva-cai-em-ato-de-batismo-e-e-arrastado-pela-forca-do-rio\/","og_locale":"pt_BR","og_type":"article","og_title":"Pastor da \u00c1gua Viva cai em ato de batismo e corpo \u00e9 levado pelo rio - Notibras","og_description":"O Corpo de Bombeiros vai retomar nesta segunda-feira 7\u00a0 as buscas pelo pastor Almir Marques de Carvalho, que est\u00e1 desaparecido desde s\u00e1bado ap\u00f3s cair no Rio Descoberto e ser levado pela correnteza. As buscas v\u00e3o ser retomadas nesta segunda, \u00e0s 6h. O pastor perdeu o equil\u00edbrio e caiu na \u00e1gua quando se preparava para batizar [&hellip;]","og_url":"https:\/\/www.notibras.com\/site\/pastor-da-igreja-agua-viva-cai-em-ato-de-batismo-e-e-arrastado-pela-forca-do-rio\/","og_site_name":"Notibras","article_publisher":"https:\/\/www.facebook.com\/notibras\/","article_published_time":"2014-04-06T22:46:44+00:00","article_modified_time":"2014-04-07T02:12:09+00:00","og_image":[{"width":620,"height":465,"url":"https:\/\/www.notibras.com\/site\/wp-content\/uploads\/2014\/04\/mergulhador-620.jpg","type":"image\/jpeg"}],"author":"Reda\u00e7\u00e3o","twitter_card":"summary_large_image","twitter_creator":"@Notibras","twitter_site":"@Notibras","twitter_misc":{"Escrito por":"Reda\u00e7\u00e3o","Est. tempo de leitura":"1 minuto"},"schema":{"@context":"https:\/\/schema.org","@graph":[{"@type":"Article","@id":"https:\/\/www.notibras.com\/site\/pastor-da-igreja-agua-viva-cai-em-ato-de-batismo-e-e-arrastado-pela-forca-do-rio\/#article","isPartOf":{"@id":"https:\/\/www.notibras.com\/site\/pastor-da-igreja-agua-viva-cai-em-ato-de-batismo-e-e-arrastado-pela-forca-do-rio\/"},"author":{"name":"Reda\u00e7\u00e3o","@id":"https:\/\/www.notibras.com\/site\/#\/schema\/person\/36ab0979449956132d3e5b517ea76ac8"},"headline":"Pastor da \u00c1gua Viva cai em ato de batismo e corpo \u00e9 levado pelo rio","datePublished":"2014-04-06T22:46:44+00:00","dateModified":"2014-04-07T02:12:09+00:00","mainEntityOfPage":{"@id":"https:\/\/www.notibras.com\/site\/pastor-da-igreja-agua-viva-cai-em-ato-de-batismo-e-e-arrastado-pela-forca-do-rio\/"},"wordCount":208,"commentCount":0,"publisher":{"@id":"https:\/\/www.notibras.com\/site\/#organization"},"image":{"@id":"https:\/\/www.notibras.com\/site\/pastor-da-igreja-agua-viva-cai-em-ato-de-batismo-e-e-arrastado-pela-forca-do-rio\/#primaryimage"},"thumbnailUrl":"https:\/\/www.notibras.com\/site\/wp-content\/uploads\/2014\/04\/mergulhador-620.jpg","articleSection":["Bras\u00edlia"],"inLanguage":"pt-BR","potentialAction":[{"@type":"CommentAction","name":"Comment","target":["https:\/\/www.notibras.com\/site\/pastor-da-igreja-agua-viva-cai-em-ato-de-batismo-e-e-arrastado-pela-forca-do-rio\/#respond"]}]},{"@type":"WebPage","@id":"https:\/\/www.notibras.com\/site\/pastor-da-igreja-agua-viva-cai-em-ato-de-batismo-e-e-arrastado-pela-forca-do-rio\/","url":"https:\/\/www.notibras.com\/site\/pastor-da-igreja-agua-viva-cai-em-ato-de-batismo-e-e-arrastado-pela-forca-do-rio\/","name":"Pastor da \u00c1gua Viva cai em ato de batismo e corpo \u00e9 levado pelo rio - Notibras","isPartOf":{"@id":"https:\/\/www.notibras.com\/site\/#website"},"primaryImageOfPage":{"@id":"https:\/\/www.notibras.com\/site\/pastor-da-igreja-agua-viva-cai-em-ato-de-batismo-e-e-arrastado-pela-forca-do-rio\/#primaryimage"},"image":{"@id":"https:\/\/www.notibras.com\/site\/pastor-da-igreja-agua-viva-cai-em-ato-de-batismo-e-e-arrastado-pela-forca-do-rio\/#primaryimage"},"thumbnailUrl":"https:\/\/www.notibras.com\/site\/wp-content\/uploads\/2014\/04\/mergulhador-620.jpg","datePublished":"2014-04-06T22:46:44+00:00","dateModified":"2014-04-07T02:12:09+00:00","breadcrumb":{"@id":"https:\/\/www.notibras.com\/site\/pastor-da-igreja-agua-viva-cai-em-ato-de-batismo-e-e-arrastado-pela-forca-do-rio\/#breadcrumb"},"inLanguage":"pt-BR","potentialAction":[{"@type":"ReadAction","target":["https:\/\/www.notibras.com\/site\/pastor-da-igreja-agua-viva-cai-em-ato-de-batismo-e-e-arrastado-pela-forca-do-rio\/"]}]},{"@type":"ImageObject","inLanguage":"pt-BR","@id":"https:\/\/www.notibras.com\/site\/pastor-da-igreja-agua-viva-cai-em-ato-de-batismo-e-e-arrastado-pela-forca-do-rio\/#primaryimage","url":"https:\/\/www.notibras.com\/site\/wp-content\/uploads\/2014\/04\/mergulhador-620.jpg","contentUrl":"https:\/\/www.notibras.com\/site\/wp-content\/uploads\/2014\/04\/mergulhador-620.jpg","width":620,"height":465},{"@type":"BreadcrumbList","@id":"https:\/\/www.notibras.com\/site\/pastor-da-igreja-agua-viva-cai-em-ato-de-batismo-e-e-arrastado-pela-forca-do-rio\/#breadcrumb","itemListElement":[{"@type":"ListItem","position":1,"name":"In\u00edcio","item":"https:\/\/www.notibras.com\/site\/"},{"@type":"ListItem","position":2,"name":"Pastor da \u00c1gua Viva cai em ato de batismo e corpo \u00e9 levado pelo rio"}]},{"@type":"WebSite","@id":"https:\/\/www.notibras.com\/site\/#website","url":"https:\/\/www.notibras.com\/site\/","name":"Notibras","description":"Not\u00edcias de Bras\u00edlia, do Brasil e do Mundo","publisher":{"@id":"https:\/\/www.notibras.com\/site\/#organization"},"potentialAction":[{"@type":"SearchAction","target":{"@type":"EntryPoint","urlTemplate":"https:\/\/www.notibras.com\/site\/?s={search_term_string}"},"query-input":{"@type":"PropertyValueSpecification","valueRequired":true,"valueName":"search_term_string"}}],"inLanguage":"pt-BR"},{"@type":"Organization","@id":"https:\/\/www.notibras.com\/site\/#organization","name":"Grupo Notibras de Comunica\u00e7\u00e3o","url":"https:\/\/www.notibras.com\/site\/","logo":{"@type":"ImageObject","inLanguage":"pt-BR","@id":"https:\/\/www.notibras.com\/site\/#\/schema\/logo\/image\/","url":"https:\/\/www.notibras.com\/site\/wp-content\/uploads\/2023\/01\/notibras23.png","contentUrl":"https:\/\/www.notibras.com\/site\/wp-content\/uploads\/2023\/01\/notibras23.png","width":350,"height":87,"caption":"Grupo Notibras de Comunica\u00e7\u00e3o"},"image":{"@id":"https:\/\/www.notibras.com\/site\/#\/schema\/logo\/image\/"},"sameAs":["https:\/\/www.facebook.com\/notibras\/","https:\/\/x.com\/Notibras","https:\/\/www.instagram.com\/notibras\/"]},{"@type":"Person","@id":"https:\/\/www.notibras.com\/site\/#\/schema\/person\/36ab0979449956132d3e5b517ea76ac8","name":"Reda\u00e7\u00e3o","image":{"@type":"ImageObject","inLanguage":"pt-BR","@id":"https:\/\/secure.gravatar.com\/avatar\/e0a867bdedb85fd243eadf09663511f96fc81e0720a4a42581f334ad4303aa6b?s=96&d=mm&r=g","url":"https:\/\/secure.gravatar.com\/avatar\/e0a867bdedb85fd243eadf09663511f96fc81e0720a4a42581f334ad4303aa6b?s=96&d=mm&r=g","contentUrl":"https:\/\/secure.gravatar.com\/avatar\/e0a867bdedb85fd243eadf09663511f96fc81e0720a4a42581f334ad4303aa6b?s=96&d=mm&r=g","caption":"Reda\u00e7\u00e3o"}}]}},"amp_enabled":true,"_links":{"self":[{"href":"https:\/\/www.notibras.com\/site\/wp-json\/wp\/v2\/posts\/6135","targetHints":{"allow":["GET"]}}],"collection":[{"href":"https:\/\/www.notibras.com\/site\/wp-json\/wp\/v2\/posts"}],"about":[{"href":"https:\/\/www.notibras.com\/site\/wp-json\/wp\/v2\/types\/post"}],"author":[{"embeddable":true,"href":"https:\/\/www.notibras.com\/site\/wp-json\/wp\/v2\/users\/2"}],"replies":[{"embeddable":true,"href":"https:\/\/www.notibras.com\/site\/wp-json\/wp\/v2\/comments?post=6135"}],"version-history":[{"count":0,"href":"https:\/\/www.notibras.com\/site\/wp-json\/wp\/v2\/posts\/6135\/revisions"}],"wp:featuredmedia":[{"embeddable":true,"href":"https:\/\/www.notibras.com\/site\/wp-json\/wp\/v2\/media\/6136"}],"wp:attachment":[{"href":"https:\/\/www.notibras.com\/site\/wp-json\/wp\/v2\/media?parent=6135"}],"wp:term":[{"taxonomy":"category","embeddable":true,"href":"https:\/\/www.notibras.com\/site\/wp-json\/wp\/v2\/categories?post=6135"},{"taxonomy":"post_tag","embeddable":true,"href":"https:\/\/www.notibras.com\/site\/wp-json\/wp\/v2\/tags?post=6135"}],"curies":[{"name":"wp","href":"https:\/\/api.w.org\/{rel}","templated":true}]}}