{"id":61501,"date":"2015-08-12T13:05:18","date_gmt":"2015-08-12T16:05:18","guid":{"rendered":"http:\/\/www.notibras.com\/site\/?p=61501"},"modified":"2015-08-16T11:38:49","modified_gmt":"2015-08-16T14:38:49","slug":"oportunidades-podem-estar-na-crise-tudo-e-uma-questao-de-olhar","status":"publish","type":"post","link":"https:\/\/www.notibras.com\/site\/oportunidades-podem-estar-na-crise-tudo-e-uma-questao-de-olhar\/","title":{"rendered":"Oportunidade pode estar na crise. Tudo \u00e9 uma quest\u00e3o de olhar na dire\u00e7\u00e3o certa"},"content":{"rendered":"<p>As regi\u00f5es Nordeste e Centro-Oeste foram os grandes destaques no desempenho varejista de materiais de constru\u00e7\u00e3o em julho, segundo estudo divulgado pela Anamaco. Enquanto o Norte e Sul apresentaram retra\u00e7\u00e3o de 9% e 7%, respectivamente, e o Sudeste ligeira alta de 2%, as duas regi\u00f5es registraram alta expressiva de 7% e 8%, respectivamente, no per\u00edodo, na compara\u00e7\u00e3o com o mesmo m\u00eas do ano anterior.<\/p>\n<p>O desempenho em ambos foi respons\u00e1vel para manter um resultado est\u00e1vel em n\u00edvel nacional em julho, segundo a mesma pesquisa. No acumulado do ano e dos \u00faltimos 12 meses, o varejo brasileiro de constru\u00e7\u00e3o segue com estabilidade no faturamento, sem registrar crescimento ou queda.<\/p>\n<p>A not\u00edcia veio em boa hora, em um ano em que n\u00f3s, brasileiros, estamos saturados de ver not\u00edcias negativas. Ali\u00e1s, desde que o mundo \u00e9 mundo, a humanidade sempre oscilou entre altos e baixos. Mas o que torna o ser humano incr\u00edvel \u00e9 a sua capacidade de resignificar a sua realidade e dar a volta por cima. Eu acredito piamente nesta premissa e me pergunto diariamente o que posso fazer para alavancar os nossos neg\u00f3cios.<\/p>\n<p>Outro dia, li uma mat\u00e9ria sobre um dos mais recentes estudos publicados pela prestigiada Harvard Business Review, conduzido pelo Prof. Steve W. Martin, da University of Southern California \u2013 Marshall School of Business.<\/p>\n<p>O levantamento contou com a participa\u00e7\u00e3o de mais 800 profissionais de vendas e gravita em torno dos motivos que separam as equipes de alta performance das de baixo desempenho em vendas. Basicamente s\u00e3o quatro os principais pontos:<\/p>\n<p>1) Equipes de alta performance t\u00eam processos de vendas bem estruturados: 50% dos times e profissionais desse grupo indicaram que t\u00eam processos de vendas automatizados e monitorados o tempo todo. J\u00e1 nos times de baixa performance, apenas 28% t\u00eam sistema bem estruturado, e 48% tem processos informais ou sequer contam com procedimentos.<\/p>\n<p>2) Equipes de alta performance monitoram as metas o tempo todo: 29% dos times de alta performance concordam integralmente que suas metas s\u00e3o mensuradas constantemente, contra o baixo percentual de 13% das organiza\u00e7\u00f5es e times de baixa performance.<\/p>\n<p>3) Equipes de alta performance t\u00eam metas de crescimento definidas: 75% das equipes de alta performance obtiveram crescimento superior a 10% no \u00faltimo ano fiscal, contra \u00edndices significativamente inferiores das organiza\u00e7\u00f5es de m\u00e9dia e baixa performance.<\/p>\n<p>4) L\u00edderes de equipes de alta performance demitem rapidamente. Muitas das organiza\u00e7\u00f5es de alta performance em vendas demitem seus profissionais com baixas vendas apenas 1 trimestre depois dos resultados colhidos. Do outro lado, muitas das empresas de baixa performance o fazem somente depois de 8 ou 9 trimestres de baixo rendimento, sendo que nenhuma das organiza\u00e7\u00f5es de alta performance pesquisadas levaram tanto tempo para tomar estas t\u00e3o cruciais decis\u00f5es.<\/p>\n<p>Em resumo, o importante \u00e9 n\u00e3o perder o otimismo e a certeza de que a oportunidade pode estar na crise. Tudo \u00e9 uma quest\u00e3o de olhar!<\/p>\n<p><strong>Janine Brito, diretora executiva da Pinheiro Ferragens<\/strong><\/p>\n","protected":false},"excerpt":{"rendered":"<p>As regi\u00f5es Nordeste e Centro-Oeste foram os grandes destaques no desempenho varejista de materiais de constru\u00e7\u00e3o em julho, segundo estudo divulgado pela Anamaco. Enquanto o Norte e Sul apresentaram retra\u00e7\u00e3o de 9% e 7%, respectivamente, e o Sudeste ligeira alta de 2%, as duas regi\u00f5es registraram alta expressiva de 7% e 8%, respectivamente, no per\u00edodo, [&hellip;]<\/p>\n","protected":false},"author":2,"featured_media":61502,"comment_status":"open","ping_status":"closed","sticky":false,"template":"","format":"standard","meta":{"_acf_changed":false,"footnotes":""},"categories":[25],"tags":[],"class_list":["post-61501","post","type-post","status-publish","format-standard","has-post-thumbnail","hentry","category-opina-ai"],"acf":[],"yoast_head":"<!-- This site is optimized with the Yoast SEO plugin v27.2 - https:\/\/yoast.com\/product\/yoast-seo-wordpress\/ -->\n<title>Oportunidade pode estar na crise. Tudo \u00e9 uma quest\u00e3o de olhar na dire\u00e7\u00e3o certa - Notibras<\/title>\n<meta name=\"robots\" content=\"index, follow, max-snippet:-1, max-image-preview:large, max-video-preview:-1\" \/>\n<link rel=\"canonical\" href=\"https:\/\/www.notibras.com\/site\/oportunidades-podem-estar-na-crise-tudo-e-uma-questao-de-olhar\/\" \/>\n<meta property=\"og:locale\" content=\"pt_BR\" \/>\n<meta property=\"og:type\" content=\"article\" \/>\n<meta property=\"og:title\" content=\"Oportunidade pode estar na crise. Tudo \u00e9 uma quest\u00e3o de olhar na dire\u00e7\u00e3o certa - Notibras\" \/>\n<meta property=\"og:description\" content=\"As regi\u00f5es Nordeste e Centro-Oeste foram os grandes destaques no desempenho varejista de materiais de constru\u00e7\u00e3o em julho, segundo estudo divulgado pela Anamaco. Enquanto o Norte e Sul apresentaram retra\u00e7\u00e3o de 9% e 7%, respectivamente, e o Sudeste ligeira alta de 2%, as duas regi\u00f5es registraram alta expressiva de 7% e 8%, respectivamente, no per\u00edodo, [&hellip;]\" \/>\n<meta property=\"og:url\" content=\"https:\/\/www.notibras.com\/site\/oportunidades-podem-estar-na-crise-tudo-e-uma-questao-de-olhar\/\" \/>\n<meta property=\"og:site_name\" content=\"Notibras\" \/>\n<meta property=\"article:publisher\" content=\"https:\/\/www.facebook.com\/notibras\/\" \/>\n<meta property=\"article:published_time\" content=\"2015-08-12T16:05:18+00:00\" \/>\n<meta property=\"article:modified_time\" content=\"2015-08-16T14:38:49+00:00\" \/>\n<meta property=\"og:image\" content=\"https:\/\/www.notibras.com\/site\/wp-content\/uploads\/2015\/08\/20150510-dinheirama-vencer-crise.jpg\" \/>\n\t<meta property=\"og:image:width\" content=\"960\" \/>\n\t<meta property=\"og:image:height\" content=\"620\" \/>\n\t<meta property=\"og:image:type\" content=\"image\/jpeg\" \/>\n<meta name=\"author\" content=\"Reda\u00e7\u00e3o\" \/>\n<meta name=\"twitter:card\" content=\"summary_large_image\" \/>\n<meta name=\"twitter:creator\" content=\"@Notibras\" \/>\n<meta name=\"twitter:site\" content=\"@Notibras\" \/>\n<meta name=\"twitter:label1\" content=\"Escrito por\" \/>\n\t<meta name=\"twitter:data1\" content=\"Reda\u00e7\u00e3o\" \/>\n\t<meta name=\"twitter:label2\" content=\"Est. tempo de leitura\" \/>\n\t<meta name=\"twitter:data2\" content=\"2 minutos\" \/>\n<script type=\"application\/ld+json\" class=\"yoast-schema-graph\">{\"@context\":\"https:\/\/schema.org\",\"@graph\":[{\"@type\":\"Article\",\"@id\":\"https:\/\/www.notibras.com\/site\/oportunidades-podem-estar-na-crise-tudo-e-uma-questao-de-olhar\/#article\",\"isPartOf\":{\"@id\":\"https:\/\/www.notibras.com\/site\/oportunidades-podem-estar-na-crise-tudo-e-uma-questao-de-olhar\/\"},\"author\":{\"name\":\"Reda\u00e7\u00e3o\",\"@id\":\"https:\/\/www.notibras.com\/site\/#\/schema\/person\/36ab0979449956132d3e5b517ea76ac8\"},\"headline\":\"Oportunidade pode estar na crise. Tudo \u00e9 uma quest\u00e3o de olhar na dire\u00e7\u00e3o certa\",\"datePublished\":\"2015-08-12T16:05:18+00:00\",\"dateModified\":\"2015-08-16T14:38:49+00:00\",\"mainEntityOfPage\":{\"@id\":\"https:\/\/www.notibras.com\/site\/oportunidades-podem-estar-na-crise-tudo-e-uma-questao-de-olhar\/\"},\"wordCount\":505,\"commentCount\":0,\"publisher\":{\"@id\":\"https:\/\/www.notibras.com\/site\/#organization\"},\"image\":{\"@id\":\"https:\/\/www.notibras.com\/site\/oportunidades-podem-estar-na-crise-tudo-e-uma-questao-de-olhar\/#primaryimage\"},\"thumbnailUrl\":\"https:\/\/www.notibras.com\/site\/wp-content\/uploads\/2015\/08\/20150510-dinheirama-vencer-crise.jpg\",\"articleSection\":[\"Opina a\u00ed\"],\"inLanguage\":\"pt-BR\",\"potentialAction\":[{\"@type\":\"CommentAction\",\"name\":\"Comment\",\"target\":[\"https:\/\/www.notibras.com\/site\/oportunidades-podem-estar-na-crise-tudo-e-uma-questao-de-olhar\/#respond\"]}]},{\"@type\":\"WebPage\",\"@id\":\"https:\/\/www.notibras.com\/site\/oportunidades-podem-estar-na-crise-tudo-e-uma-questao-de-olhar\/\",\"url\":\"https:\/\/www.notibras.com\/site\/oportunidades-podem-estar-na-crise-tudo-e-uma-questao-de-olhar\/\",\"name\":\"Oportunidade pode estar na crise. Tudo \u00e9 uma quest\u00e3o de olhar na dire\u00e7\u00e3o certa - Notibras\",\"isPartOf\":{\"@id\":\"https:\/\/www.notibras.com\/site\/#website\"},\"primaryImageOfPage\":{\"@id\":\"https:\/\/www.notibras.com\/site\/oportunidades-podem-estar-na-crise-tudo-e-uma-questao-de-olhar\/#primaryimage\"},\"image\":{\"@id\":\"https:\/\/www.notibras.com\/site\/oportunidades-podem-estar-na-crise-tudo-e-uma-questao-de-olhar\/#primaryimage\"},\"thumbnailUrl\":\"https:\/\/www.notibras.com\/site\/wp-content\/uploads\/2015\/08\/20150510-dinheirama-vencer-crise.jpg\",\"datePublished\":\"2015-08-12T16:05:18+00:00\",\"dateModified\":\"2015-08-16T14:38:49+00:00\",\"breadcrumb\":{\"@id\":\"https:\/\/www.notibras.com\/site\/oportunidades-podem-estar-na-crise-tudo-e-uma-questao-de-olhar\/#breadcrumb\"},\"inLanguage\":\"pt-BR\",\"potentialAction\":[{\"@type\":\"ReadAction\",\"target\":[\"https:\/\/www.notibras.com\/site\/oportunidades-podem-estar-na-crise-tudo-e-uma-questao-de-olhar\/\"]}]},{\"@type\":\"ImageObject\",\"inLanguage\":\"pt-BR\",\"@id\":\"https:\/\/www.notibras.com\/site\/oportunidades-podem-estar-na-crise-tudo-e-uma-questao-de-olhar\/#primaryimage\",\"url\":\"https:\/\/www.notibras.com\/site\/wp-content\/uploads\/2015\/08\/20150510-dinheirama-vencer-crise.jpg\",\"contentUrl\":\"https:\/\/www.notibras.com\/site\/wp-content\/uploads\/2015\/08\/20150510-dinheirama-vencer-crise.jpg\",\"width\":960,\"height\":620},{\"@type\":\"BreadcrumbList\",\"@id\":\"https:\/\/www.notibras.com\/site\/oportunidades-podem-estar-na-crise-tudo-e-uma-questao-de-olhar\/#breadcrumb\",\"itemListElement\":[{\"@type\":\"ListItem\",\"position\":1,\"name\":\"In\u00edcio\",\"item\":\"https:\/\/www.notibras.com\/site\/\"},{\"@type\":\"ListItem\",\"position\":2,\"name\":\"Oportunidade pode estar na crise. Tudo \u00e9 uma quest\u00e3o de olhar na dire\u00e7\u00e3o certa\"}]},{\"@type\":\"WebSite\",\"@id\":\"https:\/\/www.notibras.com\/site\/#website\",\"url\":\"https:\/\/www.notibras.com\/site\/\",\"name\":\"Notibras\",\"description\":\"Not\u00edcias de Bras\u00edlia, do Brasil e do Mundo\",\"publisher\":{\"@id\":\"https:\/\/www.notibras.com\/site\/#organization\"},\"potentialAction\":[{\"@type\":\"SearchAction\",\"target\":{\"@type\":\"EntryPoint\",\"urlTemplate\":\"https:\/\/www.notibras.com\/site\/?s={search_term_string}\"},\"query-input\":{\"@type\":\"PropertyValueSpecification\",\"valueRequired\":true,\"valueName\":\"search_term_string\"}}],\"inLanguage\":\"pt-BR\"},{\"@type\":\"Organization\",\"@id\":\"https:\/\/www.notibras.com\/site\/#organization\",\"name\":\"Grupo Notibras de Comunica\u00e7\u00e3o\",\"url\":\"https:\/\/www.notibras.com\/site\/\",\"logo\":{\"@type\":\"ImageObject\",\"inLanguage\":\"pt-BR\",\"@id\":\"https:\/\/www.notibras.com\/site\/#\/schema\/logo\/image\/\",\"url\":\"https:\/\/www.notibras.com\/site\/wp-content\/uploads\/2023\/01\/notibras23.png\",\"contentUrl\":\"https:\/\/www.notibras.com\/site\/wp-content\/uploads\/2023\/01\/notibras23.png\",\"width\":350,\"height\":87,\"caption\":\"Grupo Notibras de Comunica\u00e7\u00e3o\"},\"image\":{\"@id\":\"https:\/\/www.notibras.com\/site\/#\/schema\/logo\/image\/\"},\"sameAs\":[\"https:\/\/www.facebook.com\/notibras\/\",\"https:\/\/x.com\/Notibras\",\"https:\/\/www.instagram.com\/notibras\/\"]},{\"@type\":\"Person\",\"@id\":\"https:\/\/www.notibras.com\/site\/#\/schema\/person\/36ab0979449956132d3e5b517ea76ac8\",\"name\":\"Reda\u00e7\u00e3o\",\"image\":{\"@type\":\"ImageObject\",\"inLanguage\":\"pt-BR\",\"@id\":\"https:\/\/secure.gravatar.com\/avatar\/e0a867bdedb85fd243eadf09663511f96fc81e0720a4a42581f334ad4303aa6b?s=96&d=mm&r=g\",\"url\":\"https:\/\/secure.gravatar.com\/avatar\/e0a867bdedb85fd243eadf09663511f96fc81e0720a4a42581f334ad4303aa6b?s=96&d=mm&r=g\",\"contentUrl\":\"https:\/\/secure.gravatar.com\/avatar\/e0a867bdedb85fd243eadf09663511f96fc81e0720a4a42581f334ad4303aa6b?s=96&d=mm&r=g\",\"caption\":\"Reda\u00e7\u00e3o\"}}]}<\/script>\n<!-- \/ Yoast SEO plugin. -->","yoast_head_json":{"title":"Oportunidade pode estar na crise. Tudo \u00e9 uma quest\u00e3o de olhar na dire\u00e7\u00e3o certa - Notibras","robots":{"index":"index","follow":"follow","max-snippet":"max-snippet:-1","max-image-preview":"max-image-preview:large","max-video-preview":"max-video-preview:-1"},"canonical":"https:\/\/www.notibras.com\/site\/oportunidades-podem-estar-na-crise-tudo-e-uma-questao-de-olhar\/","og_locale":"pt_BR","og_type":"article","og_title":"Oportunidade pode estar na crise. Tudo \u00e9 uma quest\u00e3o de olhar na dire\u00e7\u00e3o certa - Notibras","og_description":"As regi\u00f5es Nordeste e Centro-Oeste foram os grandes destaques no desempenho varejista de materiais de constru\u00e7\u00e3o em julho, segundo estudo divulgado pela Anamaco. Enquanto o Norte e Sul apresentaram retra\u00e7\u00e3o de 9% e 7%, respectivamente, e o Sudeste ligeira alta de 2%, as duas regi\u00f5es registraram alta expressiva de 7% e 8%, respectivamente, no per\u00edodo, [&hellip;]","og_url":"https:\/\/www.notibras.com\/site\/oportunidades-podem-estar-na-crise-tudo-e-uma-questao-de-olhar\/","og_site_name":"Notibras","article_publisher":"https:\/\/www.facebook.com\/notibras\/","article_published_time":"2015-08-12T16:05:18+00:00","article_modified_time":"2015-08-16T14:38:49+00:00","og_image":[{"width":960,"height":620,"url":"https:\/\/www.notibras.com\/site\/wp-content\/uploads\/2015\/08\/20150510-dinheirama-vencer-crise.jpg","type":"image\/jpeg"}],"author":"Reda\u00e7\u00e3o","twitter_card":"summary_large_image","twitter_creator":"@Notibras","twitter_site":"@Notibras","twitter_misc":{"Escrito por":"Reda\u00e7\u00e3o","Est. tempo de leitura":"2 minutos"},"schema":{"@context":"https:\/\/schema.org","@graph":[{"@type":"Article","@id":"https:\/\/www.notibras.com\/site\/oportunidades-podem-estar-na-crise-tudo-e-uma-questao-de-olhar\/#article","isPartOf":{"@id":"https:\/\/www.notibras.com\/site\/oportunidades-podem-estar-na-crise-tudo-e-uma-questao-de-olhar\/"},"author":{"name":"Reda\u00e7\u00e3o","@id":"https:\/\/www.notibras.com\/site\/#\/schema\/person\/36ab0979449956132d3e5b517ea76ac8"},"headline":"Oportunidade pode estar na crise. Tudo \u00e9 uma quest\u00e3o de olhar na dire\u00e7\u00e3o certa","datePublished":"2015-08-12T16:05:18+00:00","dateModified":"2015-08-16T14:38:49+00:00","mainEntityOfPage":{"@id":"https:\/\/www.notibras.com\/site\/oportunidades-podem-estar-na-crise-tudo-e-uma-questao-de-olhar\/"},"wordCount":505,"commentCount":0,"publisher":{"@id":"https:\/\/www.notibras.com\/site\/#organization"},"image":{"@id":"https:\/\/www.notibras.com\/site\/oportunidades-podem-estar-na-crise-tudo-e-uma-questao-de-olhar\/#primaryimage"},"thumbnailUrl":"https:\/\/www.notibras.com\/site\/wp-content\/uploads\/2015\/08\/20150510-dinheirama-vencer-crise.jpg","articleSection":["Opina a\u00ed"],"inLanguage":"pt-BR","potentialAction":[{"@type":"CommentAction","name":"Comment","target":["https:\/\/www.notibras.com\/site\/oportunidades-podem-estar-na-crise-tudo-e-uma-questao-de-olhar\/#respond"]}]},{"@type":"WebPage","@id":"https:\/\/www.notibras.com\/site\/oportunidades-podem-estar-na-crise-tudo-e-uma-questao-de-olhar\/","url":"https:\/\/www.notibras.com\/site\/oportunidades-podem-estar-na-crise-tudo-e-uma-questao-de-olhar\/","name":"Oportunidade pode estar na crise. Tudo \u00e9 uma quest\u00e3o de olhar na dire\u00e7\u00e3o certa - Notibras","isPartOf":{"@id":"https:\/\/www.notibras.com\/site\/#website"},"primaryImageOfPage":{"@id":"https:\/\/www.notibras.com\/site\/oportunidades-podem-estar-na-crise-tudo-e-uma-questao-de-olhar\/#primaryimage"},"image":{"@id":"https:\/\/www.notibras.com\/site\/oportunidades-podem-estar-na-crise-tudo-e-uma-questao-de-olhar\/#primaryimage"},"thumbnailUrl":"https:\/\/www.notibras.com\/site\/wp-content\/uploads\/2015\/08\/20150510-dinheirama-vencer-crise.jpg","datePublished":"2015-08-12T16:05:18+00:00","dateModified":"2015-08-16T14:38:49+00:00","breadcrumb":{"@id":"https:\/\/www.notibras.com\/site\/oportunidades-podem-estar-na-crise-tudo-e-uma-questao-de-olhar\/#breadcrumb"},"inLanguage":"pt-BR","potentialAction":[{"@type":"ReadAction","target":["https:\/\/www.notibras.com\/site\/oportunidades-podem-estar-na-crise-tudo-e-uma-questao-de-olhar\/"]}]},{"@type":"ImageObject","inLanguage":"pt-BR","@id":"https:\/\/www.notibras.com\/site\/oportunidades-podem-estar-na-crise-tudo-e-uma-questao-de-olhar\/#primaryimage","url":"https:\/\/www.notibras.com\/site\/wp-content\/uploads\/2015\/08\/20150510-dinheirama-vencer-crise.jpg","contentUrl":"https:\/\/www.notibras.com\/site\/wp-content\/uploads\/2015\/08\/20150510-dinheirama-vencer-crise.jpg","width":960,"height":620},{"@type":"BreadcrumbList","@id":"https:\/\/www.notibras.com\/site\/oportunidades-podem-estar-na-crise-tudo-e-uma-questao-de-olhar\/#breadcrumb","itemListElement":[{"@type":"ListItem","position":1,"name":"In\u00edcio","item":"https:\/\/www.notibras.com\/site\/"},{"@type":"ListItem","position":2,"name":"Oportunidade pode estar na crise. Tudo \u00e9 uma quest\u00e3o de olhar na dire\u00e7\u00e3o certa"}]},{"@type":"WebSite","@id":"https:\/\/www.notibras.com\/site\/#website","url":"https:\/\/www.notibras.com\/site\/","name":"Notibras","description":"Not\u00edcias de Bras\u00edlia, do Brasil e do Mundo","publisher":{"@id":"https:\/\/www.notibras.com\/site\/#organization"},"potentialAction":[{"@type":"SearchAction","target":{"@type":"EntryPoint","urlTemplate":"https:\/\/www.notibras.com\/site\/?s={search_term_string}"},"query-input":{"@type":"PropertyValueSpecification","valueRequired":true,"valueName":"search_term_string"}}],"inLanguage":"pt-BR"},{"@type":"Organization","@id":"https:\/\/www.notibras.com\/site\/#organization","name":"Grupo Notibras de Comunica\u00e7\u00e3o","url":"https:\/\/www.notibras.com\/site\/","logo":{"@type":"ImageObject","inLanguage":"pt-BR","@id":"https:\/\/www.notibras.com\/site\/#\/schema\/logo\/image\/","url":"https:\/\/www.notibras.com\/site\/wp-content\/uploads\/2023\/01\/notibras23.png","contentUrl":"https:\/\/www.notibras.com\/site\/wp-content\/uploads\/2023\/01\/notibras23.png","width":350,"height":87,"caption":"Grupo Notibras de Comunica\u00e7\u00e3o"},"image":{"@id":"https:\/\/www.notibras.com\/site\/#\/schema\/logo\/image\/"},"sameAs":["https:\/\/www.facebook.com\/notibras\/","https:\/\/x.com\/Notibras","https:\/\/www.instagram.com\/notibras\/"]},{"@type":"Person","@id":"https:\/\/www.notibras.com\/site\/#\/schema\/person\/36ab0979449956132d3e5b517ea76ac8","name":"Reda\u00e7\u00e3o","image":{"@type":"ImageObject","inLanguage":"pt-BR","@id":"https:\/\/secure.gravatar.com\/avatar\/e0a867bdedb85fd243eadf09663511f96fc81e0720a4a42581f334ad4303aa6b?s=96&d=mm&r=g","url":"https:\/\/secure.gravatar.com\/avatar\/e0a867bdedb85fd243eadf09663511f96fc81e0720a4a42581f334ad4303aa6b?s=96&d=mm&r=g","contentUrl":"https:\/\/secure.gravatar.com\/avatar\/e0a867bdedb85fd243eadf09663511f96fc81e0720a4a42581f334ad4303aa6b?s=96&d=mm&r=g","caption":"Reda\u00e7\u00e3o"}}]}},"amp_enabled":true,"_links":{"self":[{"href":"https:\/\/www.notibras.com\/site\/wp-json\/wp\/v2\/posts\/61501","targetHints":{"allow":["GET"]}}],"collection":[{"href":"https:\/\/www.notibras.com\/site\/wp-json\/wp\/v2\/posts"}],"about":[{"href":"https:\/\/www.notibras.com\/site\/wp-json\/wp\/v2\/types\/post"}],"author":[{"embeddable":true,"href":"https:\/\/www.notibras.com\/site\/wp-json\/wp\/v2\/users\/2"}],"replies":[{"embeddable":true,"href":"https:\/\/www.notibras.com\/site\/wp-json\/wp\/v2\/comments?post=61501"}],"version-history":[{"count":3,"href":"https:\/\/www.notibras.com\/site\/wp-json\/wp\/v2\/posts\/61501\/revisions"}],"predecessor-version":[{"id":62498,"href":"https:\/\/www.notibras.com\/site\/wp-json\/wp\/v2\/posts\/61501\/revisions\/62498"}],"wp:featuredmedia":[{"embeddable":true,"href":"https:\/\/www.notibras.com\/site\/wp-json\/wp\/v2\/media\/61502"}],"wp:attachment":[{"href":"https:\/\/www.notibras.com\/site\/wp-json\/wp\/v2\/media?parent=61501"}],"wp:term":[{"taxonomy":"category","embeddable":true,"href":"https:\/\/www.notibras.com\/site\/wp-json\/wp\/v2\/categories?post=61501"},{"taxonomy":"post_tag","embeddable":true,"href":"https:\/\/www.notibras.com\/site\/wp-json\/wp\/v2\/tags?post=61501"}],"curies":[{"name":"wp","href":"https:\/\/api.w.org\/{rel}","templated":true}]}}