{"id":61652,"date":"2015-08-12T22:16:02","date_gmt":"2015-08-13T01:16:02","guid":{"rendered":"http:\/\/www.notibras.com\/site\/?p=61652"},"modified":"2015-08-12T22:16:02","modified_gmt":"2015-08-13T01:16:02","slug":"coritiba-ganha-folego-em-cima-do-palmeiras-que-perde-a-terceira-seguida","status":"publish","type":"post","link":"https:\/\/www.notibras.com\/site\/coritiba-ganha-folego-em-cima-do-palmeiras-que-perde-a-terceira-seguida\/","title":{"rendered":"Coritiba ganha f\u00f4lego em cima do Palmeiras, que perde a terceira seguida"},"content":{"rendered":"<p>Ap\u00f3s 45 dias de agonia, o Coritiba finalmente reencontrou o caminho das vit\u00f3rias no Campeonato Brasileiro 2015 ao bater o Palmeiras por 2 a 1, no Est\u00e1dio Couto Pereira, renovando as esperan\u00e7as de rea\u00e7\u00e3o na competi\u00e7\u00e3o. Com o resultado, o Coxa chegou aos 15 pontos, permanecendo ainda dentro da zona de rebaixamento. J\u00e1 o Verd\u00e3o paulista, que perdeu a terceira seguida, segue estacionado nos 28 pontos, podendo ficar mais afastado ainda do G-4. Confira como foi a partida minuto a minuto.<\/p>\n<p>O Coritiba mais uma vez come\u00e7ou a partida com dificuldade mas, em um contra-ataque bem encaixado, aos 17 minutos, Juan cruzou para Henrique Almeida desviar para o fundo das redes. Depois do intervalo, os visitantes precisaram de menos de um minuto para deixar tudo igual, com Rafael Marques. Mas, aos 36 minutos, Henrique Almeida fez mais um para acabar com o jejum.<\/p>\n<p>Na pr\u00f3xima rodada, o Coritiba ter\u00e1 pela frente o Vasco da Gama, s\u00e1bado, no Est\u00e1dio do Maracan\u00e3, no Rio de Janeiro. J\u00e1 o Palmeiras recebe o Flamengo , na manh\u00e3 de domingo, no Allianz Parque, em S\u00e3o Paulo.<\/p>\n<p>Antes de a bola rolar a arbitragem, ao lado dos atletas, protestou contra o veto da presidenta Dilma Rousseff ao artigo do Profut que previa o recebimento de 0,5% do valor referente ao direito de arena. Sem cart\u00e3o amarelo para ningu\u00e9m \u2013 o que regularmente acontece quando algum atleta protesta \u2013 o apito inicial foi dado para uma partida que come\u00e7ou com muita marca\u00e7\u00e3o e pouca emo\u00e7\u00e3o.<\/p>\n<p>O Palmeiras tinha mais volume de jogo, esperando uma brecha para encaixar o ataque. Aos sete minutos, Dudu desceu pela esquerda e lan\u00e7ou Alecsandro, mas com muita for\u00e7a, nas m\u00e3os de Wilson. A primeira boa oportunidade veio aos 12 minutos, com Dudu, que desviou de cabe\u00e7a para Cleiton Xavier complementar pela linha de fundo, dentro da pequena \u00e1rea. A resposta, no entanto, foi fatal. Aos 17 minutos, Juan puxou o contra-ataque e cruzou rasteiro para Henrique Almeida tocar no cantinho e abrir o placar para o Coxa.<\/p>\n<p>Wilson apareceu bem para salvar o Coxa, aos 20 minutos parando chute cruzado de Rafael Marques. O t\u00e9cnico Ney Franco precisou queimar a primeira altera\u00e7\u00e3o aos 29 minutos, com Raphael Lucas saindo lesionado para a entrada de Negueba. Aos 34 minutos, Dudu lan\u00e7ou Rafael Marques, mas a bola correu demais, em mais um ataque desperdi\u00e7ado. Em mais um cruzamento na \u00e1rea coxa-branca, aos 40 minutos, Cleiton Xavier desviou de cabe\u00e7a e Wilson fez a defesa.<\/p>\n<p>Para a segunda etapa, o Palmeiras come\u00e7ou pressionado e, com menos de um minuto, Rafael Marques recebeu de Dudu e, no meio da zaga, fuzilou para as redes para deixar tudo igual. O gol deixou a partida novamente aberta, para desespero do torcedor local. Aos nove minutos, Leandro Almeida subiu no meio da defesa e testou em cima da defesa, ganhando nova cobran\u00e7a.<\/p>\n<p>Arriscando e longe, Dudu tentou surpreender Wilson, aos 14 minutos, e o goleir\u00e3o quase aceitou. O t\u00e9cnico Marcelo Oliveira fez a primeira modifica\u00e7\u00e3o com a entrada de Lucas Taylor no lugar de Nathan. Do outro lado a aposta foi a entrada de Evandro, que em suas \u00faltimas apari\u00e7\u00f5es salvou o time de resultados ainda piores. A partida n\u00e3o era o primor do futebol , com poucas chances criadas. Aos 27 minutos, Eg\u00eddio mandou para o meio da \u00e1rea e Wilson saiu para interceptar.<\/p>\n<p>Evandro apareceu pela primeira vez aos 30 minutos, cabeceando fraco no meio da \u00e1rea, f\u00e1cil para Fernando Prass. A virada palmeirense quase aconteceu aos 33 minutos, em cruzamento rasteiro de Dudu que Cristaldo se esticou para desviar, mas sem sucesso. Por\u00e9m, aos 36 minutos, Esquerdinha encontrou Henrique Almeida entrando no meio da defesa e o atacante s\u00f3 teve o trabalho de tocar na sa\u00edda de Prass para fazer o segundo do Coritiba , acabar com o jejum e complicar a vida do Palmeiras .<\/p>\n","protected":false},"excerpt":{"rendered":"<p>Ap\u00f3s 45 dias de agonia, o Coritiba finalmente reencontrou o caminho das vit\u00f3rias no Campeonato Brasileiro 2015 ao bater o Palmeiras por 2 a 1, no Est\u00e1dio Couto Pereira, renovando as esperan\u00e7as de rea\u00e7\u00e3o na competi\u00e7\u00e3o. Com o resultado, o Coxa chegou aos 15 pontos, permanecendo ainda dentro da zona de rebaixamento. J\u00e1 o Verd\u00e3o [&hellip;]<\/p>\n","protected":false},"author":2,"featured_media":61653,"comment_status":"open","ping_status":"closed","sticky":false,"template":"","format":"standard","meta":{"_acf_changed":false,"footnotes":""},"categories":[19,29],"tags":[],"class_list":["post-61652","post","type-post","status-publish","format-standard","has-post-thumbnail","hentry","category-esportes","category-futebol"],"acf":[],"yoast_head":"<!-- This site is optimized with the Yoast SEO plugin v27.2 - https:\/\/yoast.com\/product\/yoast-seo-wordpress\/ -->\n<title>Coritiba ganha f\u00f4lego em cima do Palmeiras, que perde a terceira seguida - Notibras<\/title>\n<meta name=\"robots\" content=\"index, follow, max-snippet:-1, max-image-preview:large, max-video-preview:-1\" \/>\n<link rel=\"canonical\" href=\"https:\/\/www.notibras.com\/site\/coritiba-ganha-folego-em-cima-do-palmeiras-que-perde-a-terceira-seguida\/\" \/>\n<meta property=\"og:locale\" content=\"pt_BR\" \/>\n<meta property=\"og:type\" content=\"article\" \/>\n<meta property=\"og:title\" content=\"Coritiba ganha f\u00f4lego em cima do Palmeiras, que perde a terceira seguida - Notibras\" \/>\n<meta property=\"og:description\" content=\"Ap\u00f3s 45 dias de agonia, o Coritiba finalmente reencontrou o caminho das vit\u00f3rias no Campeonato Brasileiro 2015 ao bater o Palmeiras por 2 a 1, no Est\u00e1dio Couto Pereira, renovando as esperan\u00e7as de rea\u00e7\u00e3o na competi\u00e7\u00e3o. Com o resultado, o Coxa chegou aos 15 pontos, permanecendo ainda dentro da zona de rebaixamento. J\u00e1 o Verd\u00e3o [&hellip;]\" \/>\n<meta property=\"og:url\" content=\"https:\/\/www.notibras.com\/site\/coritiba-ganha-folego-em-cima-do-palmeiras-que-perde-a-terceira-seguida\/\" \/>\n<meta property=\"og:site_name\" content=\"Notibras\" \/>\n<meta property=\"article:publisher\" content=\"https:\/\/www.facebook.com\/notibras\/\" \/>\n<meta property=\"article:published_time\" content=\"2015-08-13T01:16:02+00:00\" \/>\n<meta property=\"og:image\" content=\"https:\/\/www.notibras.com\/site\/wp-content\/uploads\/2015\/08\/henriquecoritibaxpalmeirasgeraldobubniakgazeta.jpg\" \/>\n\t<meta property=\"og:image:width\" content=\"940\" \/>\n\t<meta property=\"og:image:height\" content=\"627\" \/>\n\t<meta property=\"og:image:type\" content=\"image\/jpeg\" \/>\n<meta name=\"author\" content=\"Reda\u00e7\u00e3o\" \/>\n<meta name=\"twitter:card\" content=\"summary_large_image\" \/>\n<meta name=\"twitter:creator\" content=\"@Notibras\" \/>\n<meta name=\"twitter:site\" content=\"@Notibras\" \/>\n<meta name=\"twitter:label1\" content=\"Escrito por\" \/>\n\t<meta name=\"twitter:data1\" content=\"Reda\u00e7\u00e3o\" \/>\n\t<meta name=\"twitter:label2\" content=\"Est. tempo de leitura\" \/>\n\t<meta name=\"twitter:data2\" content=\"3 minutos\" \/>\n<script type=\"application\/ld+json\" class=\"yoast-schema-graph\">{\"@context\":\"https:\/\/schema.org\",\"@graph\":[{\"@type\":\"Article\",\"@id\":\"https:\/\/www.notibras.com\/site\/coritiba-ganha-folego-em-cima-do-palmeiras-que-perde-a-terceira-seguida\/#article\",\"isPartOf\":{\"@id\":\"https:\/\/www.notibras.com\/site\/coritiba-ganha-folego-em-cima-do-palmeiras-que-perde-a-terceira-seguida\/\"},\"author\":{\"name\":\"Reda\u00e7\u00e3o\",\"@id\":\"https:\/\/www.notibras.com\/site\/#\/schema\/person\/36ab0979449956132d3e5b517ea76ac8\"},\"headline\":\"Coritiba ganha f\u00f4lego em cima do Palmeiras, que perde a terceira seguida\",\"datePublished\":\"2015-08-13T01:16:02+00:00\",\"mainEntityOfPage\":{\"@id\":\"https:\/\/www.notibras.com\/site\/coritiba-ganha-folego-em-cima-do-palmeiras-que-perde-a-terceira-seguida\/\"},\"wordCount\":664,\"commentCount\":0,\"publisher\":{\"@id\":\"https:\/\/www.notibras.com\/site\/#organization\"},\"image\":{\"@id\":\"https:\/\/www.notibras.com\/site\/coritiba-ganha-folego-em-cima-do-palmeiras-que-perde-a-terceira-seguida\/#primaryimage\"},\"thumbnailUrl\":\"https:\/\/www.notibras.com\/site\/wp-content\/uploads\/2015\/08\/henriquecoritibaxpalmeirasgeraldobubniakgazeta.jpg\",\"articleSection\":[\"Esportes\",\"Futebol\"],\"inLanguage\":\"pt-BR\",\"potentialAction\":[{\"@type\":\"CommentAction\",\"name\":\"Comment\",\"target\":[\"https:\/\/www.notibras.com\/site\/coritiba-ganha-folego-em-cima-do-palmeiras-que-perde-a-terceira-seguida\/#respond\"]}]},{\"@type\":\"WebPage\",\"@id\":\"https:\/\/www.notibras.com\/site\/coritiba-ganha-folego-em-cima-do-palmeiras-que-perde-a-terceira-seguida\/\",\"url\":\"https:\/\/www.notibras.com\/site\/coritiba-ganha-folego-em-cima-do-palmeiras-que-perde-a-terceira-seguida\/\",\"name\":\"Coritiba ganha f\u00f4lego em cima do Palmeiras, que perde a terceira seguida - Notibras\",\"isPartOf\":{\"@id\":\"https:\/\/www.notibras.com\/site\/#website\"},\"primaryImageOfPage\":{\"@id\":\"https:\/\/www.notibras.com\/site\/coritiba-ganha-folego-em-cima-do-palmeiras-que-perde-a-terceira-seguida\/#primaryimage\"},\"image\":{\"@id\":\"https:\/\/www.notibras.com\/site\/coritiba-ganha-folego-em-cima-do-palmeiras-que-perde-a-terceira-seguida\/#primaryimage\"},\"thumbnailUrl\":\"https:\/\/www.notibras.com\/site\/wp-content\/uploads\/2015\/08\/henriquecoritibaxpalmeirasgeraldobubniakgazeta.jpg\",\"datePublished\":\"2015-08-13T01:16:02+00:00\",\"breadcrumb\":{\"@id\":\"https:\/\/www.notibras.com\/site\/coritiba-ganha-folego-em-cima-do-palmeiras-que-perde-a-terceira-seguida\/#breadcrumb\"},\"inLanguage\":\"pt-BR\",\"potentialAction\":[{\"@type\":\"ReadAction\",\"target\":[\"https:\/\/www.notibras.com\/site\/coritiba-ganha-folego-em-cima-do-palmeiras-que-perde-a-terceira-seguida\/\"]}]},{\"@type\":\"ImageObject\",\"inLanguage\":\"pt-BR\",\"@id\":\"https:\/\/www.notibras.com\/site\/coritiba-ganha-folego-em-cima-do-palmeiras-que-perde-a-terceira-seguida\/#primaryimage\",\"url\":\"https:\/\/www.notibras.com\/site\/wp-content\/uploads\/2015\/08\/henriquecoritibaxpalmeirasgeraldobubniakgazeta.jpg\",\"contentUrl\":\"https:\/\/www.notibras.com\/site\/wp-content\/uploads\/2015\/08\/henriquecoritibaxpalmeirasgeraldobubniakgazeta.jpg\",\"width\":940,\"height\":627},{\"@type\":\"BreadcrumbList\",\"@id\":\"https:\/\/www.notibras.com\/site\/coritiba-ganha-folego-em-cima-do-palmeiras-que-perde-a-terceira-seguida\/#breadcrumb\",\"itemListElement\":[{\"@type\":\"ListItem\",\"position\":1,\"name\":\"In\u00edcio\",\"item\":\"https:\/\/www.notibras.com\/site\/\"},{\"@type\":\"ListItem\",\"position\":2,\"name\":\"Coritiba ganha f\u00f4lego em cima do Palmeiras, que perde a terceira seguida\"}]},{\"@type\":\"WebSite\",\"@id\":\"https:\/\/www.notibras.com\/site\/#website\",\"url\":\"https:\/\/www.notibras.com\/site\/\",\"name\":\"Notibras\",\"description\":\"Not\u00edcias de Bras\u00edlia, do Brasil e do Mundo\",\"publisher\":{\"@id\":\"https:\/\/www.notibras.com\/site\/#organization\"},\"potentialAction\":[{\"@type\":\"SearchAction\",\"target\":{\"@type\":\"EntryPoint\",\"urlTemplate\":\"https:\/\/www.notibras.com\/site\/?s={search_term_string}\"},\"query-input\":{\"@type\":\"PropertyValueSpecification\",\"valueRequired\":true,\"valueName\":\"search_term_string\"}}],\"inLanguage\":\"pt-BR\"},{\"@type\":\"Organization\",\"@id\":\"https:\/\/www.notibras.com\/site\/#organization\",\"name\":\"Grupo Notibras de Comunica\u00e7\u00e3o\",\"url\":\"https:\/\/www.notibras.com\/site\/\",\"logo\":{\"@type\":\"ImageObject\",\"inLanguage\":\"pt-BR\",\"@id\":\"https:\/\/www.notibras.com\/site\/#\/schema\/logo\/image\/\",\"url\":\"https:\/\/www.notibras.com\/site\/wp-content\/uploads\/2023\/01\/notibras23.png\",\"contentUrl\":\"https:\/\/www.notibras.com\/site\/wp-content\/uploads\/2023\/01\/notibras23.png\",\"width\":350,\"height\":87,\"caption\":\"Grupo Notibras de Comunica\u00e7\u00e3o\"},\"image\":{\"@id\":\"https:\/\/www.notibras.com\/site\/#\/schema\/logo\/image\/\"},\"sameAs\":[\"https:\/\/www.facebook.com\/notibras\/\",\"https:\/\/x.com\/Notibras\",\"https:\/\/www.instagram.com\/notibras\/\"]},{\"@type\":\"Person\",\"@id\":\"https:\/\/www.notibras.com\/site\/#\/schema\/person\/36ab0979449956132d3e5b517ea76ac8\",\"name\":\"Reda\u00e7\u00e3o\",\"image\":{\"@type\":\"ImageObject\",\"inLanguage\":\"pt-BR\",\"@id\":\"https:\/\/secure.gravatar.com\/avatar\/e0a867bdedb85fd243eadf09663511f96fc81e0720a4a42581f334ad4303aa6b?s=96&d=mm&r=g\",\"url\":\"https:\/\/secure.gravatar.com\/avatar\/e0a867bdedb85fd243eadf09663511f96fc81e0720a4a42581f334ad4303aa6b?s=96&d=mm&r=g\",\"contentUrl\":\"https:\/\/secure.gravatar.com\/avatar\/e0a867bdedb85fd243eadf09663511f96fc81e0720a4a42581f334ad4303aa6b?s=96&d=mm&r=g\",\"caption\":\"Reda\u00e7\u00e3o\"}}]}<\/script>\n<!-- \/ Yoast SEO plugin. -->","yoast_head_json":{"title":"Coritiba ganha f\u00f4lego em cima do Palmeiras, que perde a terceira seguida - Notibras","robots":{"index":"index","follow":"follow","max-snippet":"max-snippet:-1","max-image-preview":"max-image-preview:large","max-video-preview":"max-video-preview:-1"},"canonical":"https:\/\/www.notibras.com\/site\/coritiba-ganha-folego-em-cima-do-palmeiras-que-perde-a-terceira-seguida\/","og_locale":"pt_BR","og_type":"article","og_title":"Coritiba ganha f\u00f4lego em cima do Palmeiras, que perde a terceira seguida - Notibras","og_description":"Ap\u00f3s 45 dias de agonia, o Coritiba finalmente reencontrou o caminho das vit\u00f3rias no Campeonato Brasileiro 2015 ao bater o Palmeiras por 2 a 1, no Est\u00e1dio Couto Pereira, renovando as esperan\u00e7as de rea\u00e7\u00e3o na competi\u00e7\u00e3o. Com o resultado, o Coxa chegou aos 15 pontos, permanecendo ainda dentro da zona de rebaixamento. J\u00e1 o Verd\u00e3o [&hellip;]","og_url":"https:\/\/www.notibras.com\/site\/coritiba-ganha-folego-em-cima-do-palmeiras-que-perde-a-terceira-seguida\/","og_site_name":"Notibras","article_publisher":"https:\/\/www.facebook.com\/notibras\/","article_published_time":"2015-08-13T01:16:02+00:00","og_image":[{"width":940,"height":627,"url":"https:\/\/www.notibras.com\/site\/wp-content\/uploads\/2015\/08\/henriquecoritibaxpalmeirasgeraldobubniakgazeta.jpg","type":"image\/jpeg"}],"author":"Reda\u00e7\u00e3o","twitter_card":"summary_large_image","twitter_creator":"@Notibras","twitter_site":"@Notibras","twitter_misc":{"Escrito por":"Reda\u00e7\u00e3o","Est. tempo de leitura":"3 minutos"},"schema":{"@context":"https:\/\/schema.org","@graph":[{"@type":"Article","@id":"https:\/\/www.notibras.com\/site\/coritiba-ganha-folego-em-cima-do-palmeiras-que-perde-a-terceira-seguida\/#article","isPartOf":{"@id":"https:\/\/www.notibras.com\/site\/coritiba-ganha-folego-em-cima-do-palmeiras-que-perde-a-terceira-seguida\/"},"author":{"name":"Reda\u00e7\u00e3o","@id":"https:\/\/www.notibras.com\/site\/#\/schema\/person\/36ab0979449956132d3e5b517ea76ac8"},"headline":"Coritiba ganha f\u00f4lego em cima do Palmeiras, que perde a terceira seguida","datePublished":"2015-08-13T01:16:02+00:00","mainEntityOfPage":{"@id":"https:\/\/www.notibras.com\/site\/coritiba-ganha-folego-em-cima-do-palmeiras-que-perde-a-terceira-seguida\/"},"wordCount":664,"commentCount":0,"publisher":{"@id":"https:\/\/www.notibras.com\/site\/#organization"},"image":{"@id":"https:\/\/www.notibras.com\/site\/coritiba-ganha-folego-em-cima-do-palmeiras-que-perde-a-terceira-seguida\/#primaryimage"},"thumbnailUrl":"https:\/\/www.notibras.com\/site\/wp-content\/uploads\/2015\/08\/henriquecoritibaxpalmeirasgeraldobubniakgazeta.jpg","articleSection":["Esportes","Futebol"],"inLanguage":"pt-BR","potentialAction":[{"@type":"CommentAction","name":"Comment","target":["https:\/\/www.notibras.com\/site\/coritiba-ganha-folego-em-cima-do-palmeiras-que-perde-a-terceira-seguida\/#respond"]}]},{"@type":"WebPage","@id":"https:\/\/www.notibras.com\/site\/coritiba-ganha-folego-em-cima-do-palmeiras-que-perde-a-terceira-seguida\/","url":"https:\/\/www.notibras.com\/site\/coritiba-ganha-folego-em-cima-do-palmeiras-que-perde-a-terceira-seguida\/","name":"Coritiba ganha f\u00f4lego em cima do Palmeiras, que perde a terceira seguida - Notibras","isPartOf":{"@id":"https:\/\/www.notibras.com\/site\/#website"},"primaryImageOfPage":{"@id":"https:\/\/www.notibras.com\/site\/coritiba-ganha-folego-em-cima-do-palmeiras-que-perde-a-terceira-seguida\/#primaryimage"},"image":{"@id":"https:\/\/www.notibras.com\/site\/coritiba-ganha-folego-em-cima-do-palmeiras-que-perde-a-terceira-seguida\/#primaryimage"},"thumbnailUrl":"https:\/\/www.notibras.com\/site\/wp-content\/uploads\/2015\/08\/henriquecoritibaxpalmeirasgeraldobubniakgazeta.jpg","datePublished":"2015-08-13T01:16:02+00:00","breadcrumb":{"@id":"https:\/\/www.notibras.com\/site\/coritiba-ganha-folego-em-cima-do-palmeiras-que-perde-a-terceira-seguida\/#breadcrumb"},"inLanguage":"pt-BR","potentialAction":[{"@type":"ReadAction","target":["https:\/\/www.notibras.com\/site\/coritiba-ganha-folego-em-cima-do-palmeiras-que-perde-a-terceira-seguida\/"]}]},{"@type":"ImageObject","inLanguage":"pt-BR","@id":"https:\/\/www.notibras.com\/site\/coritiba-ganha-folego-em-cima-do-palmeiras-que-perde-a-terceira-seguida\/#primaryimage","url":"https:\/\/www.notibras.com\/site\/wp-content\/uploads\/2015\/08\/henriquecoritibaxpalmeirasgeraldobubniakgazeta.jpg","contentUrl":"https:\/\/www.notibras.com\/site\/wp-content\/uploads\/2015\/08\/henriquecoritibaxpalmeirasgeraldobubniakgazeta.jpg","width":940,"height":627},{"@type":"BreadcrumbList","@id":"https:\/\/www.notibras.com\/site\/coritiba-ganha-folego-em-cima-do-palmeiras-que-perde-a-terceira-seguida\/#breadcrumb","itemListElement":[{"@type":"ListItem","position":1,"name":"In\u00edcio","item":"https:\/\/www.notibras.com\/site\/"},{"@type":"ListItem","position":2,"name":"Coritiba ganha f\u00f4lego em cima do Palmeiras, que perde a terceira seguida"}]},{"@type":"WebSite","@id":"https:\/\/www.notibras.com\/site\/#website","url":"https:\/\/www.notibras.com\/site\/","name":"Notibras","description":"Not\u00edcias de Bras\u00edlia, do Brasil e do Mundo","publisher":{"@id":"https:\/\/www.notibras.com\/site\/#organization"},"potentialAction":[{"@type":"SearchAction","target":{"@type":"EntryPoint","urlTemplate":"https:\/\/www.notibras.com\/site\/?s={search_term_string}"},"query-input":{"@type":"PropertyValueSpecification","valueRequired":true,"valueName":"search_term_string"}}],"inLanguage":"pt-BR"},{"@type":"Organization","@id":"https:\/\/www.notibras.com\/site\/#organization","name":"Grupo Notibras de Comunica\u00e7\u00e3o","url":"https:\/\/www.notibras.com\/site\/","logo":{"@type":"ImageObject","inLanguage":"pt-BR","@id":"https:\/\/www.notibras.com\/site\/#\/schema\/logo\/image\/","url":"https:\/\/www.notibras.com\/site\/wp-content\/uploads\/2023\/01\/notibras23.png","contentUrl":"https:\/\/www.notibras.com\/site\/wp-content\/uploads\/2023\/01\/notibras23.png","width":350,"height":87,"caption":"Grupo Notibras de Comunica\u00e7\u00e3o"},"image":{"@id":"https:\/\/www.notibras.com\/site\/#\/schema\/logo\/image\/"},"sameAs":["https:\/\/www.facebook.com\/notibras\/","https:\/\/x.com\/Notibras","https:\/\/www.instagram.com\/notibras\/"]},{"@type":"Person","@id":"https:\/\/www.notibras.com\/site\/#\/schema\/person\/36ab0979449956132d3e5b517ea76ac8","name":"Reda\u00e7\u00e3o","image":{"@type":"ImageObject","inLanguage":"pt-BR","@id":"https:\/\/secure.gravatar.com\/avatar\/e0a867bdedb85fd243eadf09663511f96fc81e0720a4a42581f334ad4303aa6b?s=96&d=mm&r=g","url":"https:\/\/secure.gravatar.com\/avatar\/e0a867bdedb85fd243eadf09663511f96fc81e0720a4a42581f334ad4303aa6b?s=96&d=mm&r=g","contentUrl":"https:\/\/secure.gravatar.com\/avatar\/e0a867bdedb85fd243eadf09663511f96fc81e0720a4a42581f334ad4303aa6b?s=96&d=mm&r=g","caption":"Reda\u00e7\u00e3o"}}]}},"amp_enabled":true,"_links":{"self":[{"href":"https:\/\/www.notibras.com\/site\/wp-json\/wp\/v2\/posts\/61652","targetHints":{"allow":["GET"]}}],"collection":[{"href":"https:\/\/www.notibras.com\/site\/wp-json\/wp\/v2\/posts"}],"about":[{"href":"https:\/\/www.notibras.com\/site\/wp-json\/wp\/v2\/types\/post"}],"author":[{"embeddable":true,"href":"https:\/\/www.notibras.com\/site\/wp-json\/wp\/v2\/users\/2"}],"replies":[{"embeddable":true,"href":"https:\/\/www.notibras.com\/site\/wp-json\/wp\/v2\/comments?post=61652"}],"version-history":[{"count":1,"href":"https:\/\/www.notibras.com\/site\/wp-json\/wp\/v2\/posts\/61652\/revisions"}],"predecessor-version":[{"id":61654,"href":"https:\/\/www.notibras.com\/site\/wp-json\/wp\/v2\/posts\/61652\/revisions\/61654"}],"wp:featuredmedia":[{"embeddable":true,"href":"https:\/\/www.notibras.com\/site\/wp-json\/wp\/v2\/media\/61653"}],"wp:attachment":[{"href":"https:\/\/www.notibras.com\/site\/wp-json\/wp\/v2\/media?parent=61652"}],"wp:term":[{"taxonomy":"category","embeddable":true,"href":"https:\/\/www.notibras.com\/site\/wp-json\/wp\/v2\/categories?post=61652"},{"taxonomy":"post_tag","embeddable":true,"href":"https:\/\/www.notibras.com\/site\/wp-json\/wp\/v2\/tags?post=61652"}],"curies":[{"name":"wp","href":"https:\/\/api.w.org\/{rel}","templated":true}]}}